{"id":94304,"date":"2016-02-02T15:52:45","date_gmt":"2016-02-02T14:52:45","guid":{"rendered":"http:\/\/www.visit-ulcinj.com\/blog\/?p=94304"},"modified":"2016-02-02T15:52:45","modified_gmt":"2016-02-02T14:52:45","slug":"nika-pervec-galebit-rrok-shpedi-vendos-edhe-per-transportin-urban","status":"publish","type":"post","link":"https:\/\/www.visit-ulcinj.com\/blog\/2016\/02\/02\/nika-pervec-galebit-rrok-shpedi-vendos-edhe-per-transportin-urban\/","title":{"rendered":"Nika: P\u00ebrve\u00e7 Galebit Rrok Shpedi vendos edhe p\u00ebr transportin urban&#8230;?!!"},"content":{"rendered":"<p><strong><em> <a href=\"http:\/\/www.visit-ulcinj.com\/blog\/wp-content\/uploads\/2014\/03\/muhamet-nika.jpg\"><img loading=\"lazy\" class=\"alignleft wp-image-81041 size-medium\" src=\"http:\/\/www.visit-ulcinj.com\/blog\/wp-content\/uploads\/2014\/03\/muhamet-nika-300x190.jpg\" alt=\"muhamet-nika\" width=\"300\" height=\"190\" srcset=\"https:\/\/www.visit-ulcinj.com\/blog\/wp-content\/uploads\/2014\/03\/muhamet-nika-300x190.jpg 300w, https:\/\/www.visit-ulcinj.com\/blog\/wp-content\/uploads\/2014\/03\/muhamet-nika.jpg 389w\" sizes=\"(max-width: 300px) 100vw, 300px\" \/><\/a>Shkruan Muhamet Nika<\/em><\/strong><\/p>\n<p><strong><em>Disa vite m\u00eb par\u00eb, kur isha m\u00eb i ri , m\u00eb q\u00eblloi t\u00eb m\u00eb ndaloj\u00eb hoxha i fshatit e duke m\u00eb pyetur ; n\u00ebse un\u00eb e di dometh\u00ebnien e sakt\u00eb t\u00eb fjal\u00ebs \u201c LLOBI&#8230;\u201d?! \u00c7\u2019 \u00ebsht\u00eb e v\u00ebrteta, pasi q\u00eb as vet\u00eb nuk e dija sakt\u00eb , i thash\u00eb q\u00eb p\u00ebrgjigjen do ta jap , pasi t\u00eb konsultoj fjalorin e Vujaklis\u00eb, \u00eb fjal\u00ebve t\u00eb huaja &#8230;., dhe aty pash se k\u00ebshtu quhej, ajo q\u00eb njihet si, \u201c Djevojka za mamac\u201d, thjesht\u00eb femrat e paradhomave t\u00eb kryetar\u00ebve , t\u00eb cilat t\u00eb kryenin pun\u00eb , m\u00eb shpejt se vet\u00eb institucionet p\u00ebrkat\u00ebse. <\/em><\/strong><\/p>\n<p><strong><em> N\u00eb rastin ton\u00eb , pasi t\u00eb lexoni shkrimin \u2013 at\u00eb t\u00eb kioskave, ju vet\u00eb duhet t\u00eb merrnin me mend se kush mund t\u00eb ket\u00eb qen\u00eb \u201cajo vajza , q\u00eb i kreu pun\u00ebt&#8230;\u201d- miku i Rrokut n\u00eb Ulqin. Ky jo vet\u00ebm q\u00eb pushtoi lokacionin e Galebit- p\u00ebr t\u00eb cilin ne tash disa her\u00eb po humbim edhe do procese gjyqsore , por po shohim q\u00eb pushtoi edhe politik\u00ebn e transportit urban e nd\u00ebr urban , e cila si materie \u00ebsht\u00eb ekskluzive pun\u00eb e parlamentit lokal..?!!!<\/em><\/strong><\/p>\n<p>N\u00ebse lexoni kontrat\u00ebn q\u00eb sjellim m\u00eb posht\u00eb , t\u00eb n\u00ebnshkruar nga G\u00ebzim Hajdinaga \u2013 si kryetar komune dhe drejtorit gjeneral i t\u00eb Rrrok Shpedit \u2013Ndue\u00a0\u00a0 Stanaj , n\u00eb nenin 3 t\u00eb kontrat\u00ebs, shohim q\u00eb kjo firm\u00eb g\u00ebzon t\u00eb drejt\u00ebn e vendosjes s\u00eb kioskave,\u00a0\u00a0 p\u00ebr shitje t\u00eb duhanit n\u00eb stacionet e autobus\u00ebve urban mbi baz\u00ebn e cila ishte \u201c <strong><em>caktuar sipas planit t\u00eb linjave urbane dhe nd\u00ebr urbane t\u00eb transportit t\u00eb udh\u00ebtar\u00ebve n\u00eb territorin e komun\u00ebs s\u00eb Ulqinit..\u201d?!!<\/em><\/strong><\/p>\n<p>Kurse sipas \u201cdemek\u201d planit t\u00eb qarkullimit t\u00eb autobus\u00ebve brenda qytetit , shohim q\u00eb autobus\u00ebt , t\u00eb ulen edhe n\u00eb Plazh t\u00eb Vog\u00ebl&#8230;?! Edhe pse n\u00eb Ulqin , as q\u00eb kemi fare transport t\u00eb organizuar urban dhe nd\u00ebr urban me vendim t\u00eb kuvendit edhe pse kjo \u00ebsht\u00eb e drejt\u00eb e pa tjet\u00ebrsueshme kushtetuese qytetare.<\/p>\n<p>Thjesht\u00eb , k\u00ebt\u00eb pun\u00eb t\u00eb parlamentit dhe qytetar\u00ebve del se e kryen vet\u00eb Nue Stanaj me ata t\u00eb cil\u00ebt \u201clobirasin..\u201d n\u00eb favor t\u00eb tij.<\/p>\n<p>Mbase logjika ta thot\u00eb se ai i cili ka me qira vendet e stacioneve t\u00eb autobus\u00ebve zot\u00ebron edhe politik\u00ebn e linjave t\u00eb autobus\u00ebve n\u00eb qytet dhe e kemi ashtu t\u00eb pa organizuar q\u00eb nga koha e Skender Hoxh\u00ebs&#8230;?!!!<\/p>\n<p>K\u00ebt\u00eb shkrim e b\u00ebra , sepse tep\u00ebr von\u00eb m\u00eb ra n\u00eb dor\u00eb kjo kontrat\u00eb , p\u00ebr t\u00eb cil\u00ebn nuk kisha njohuri si kryetar kuvendi n\u00eb koh\u00ebn kur u n\u00ebnshkrua.<\/p>\n<p>Kjo \u00ebsht\u00eb e r\u00ebnd\u00ebsishme t\u00eb ceket sepse , si duket ne jemi e vetmja komun\u00eb q\u00eb nuk e kemi t\u00eb organizuar si duhet \u00e7\u00ebshtjen e transportit urban e nd\u00ebr urban q\u00eb \u00ebsht\u00eb e drejt\u00eb kushtetuese &#8230;?!<\/p>\n<p><a href=\"http:\/\/www.visit-ulcinj.com\/blog\/wp-content\/uploads\/2016\/02\/Sherbimi-urban-ne-Ulqin-Transporti-kontrata.jpg\"><img loading=\"lazy\" class=\"alignleft wp-image-94305\" src=\"http:\/\/www.visit-ulcinj.com\/blog\/wp-content\/uploads\/2016\/02\/Sherbimi-urban-ne-Ulqin-Transporti-kontrata.jpg\" alt=\"Sherbimi urban ne Ulqin- Transporti-kontrata\" width=\"508\" height=\"704\" srcset=\"https:\/\/www.visit-ulcinj.com\/blog\/wp-content\/uploads\/2016\/02\/Sherbimi-urban-ne-Ulqin-Transporti-kontrata.jpg 626w, https:\/\/www.visit-ulcinj.com\/blog\/wp-content\/uploads\/2016\/02\/Sherbimi-urban-ne-Ulqin-Transporti-kontrata-216x300.jpg 216w\" sizes=\"(max-width: 508px) 100vw, 508px\" \/><\/a> <a href=\"http:\/\/www.visit-ulcinj.com\/blog\/wp-content\/uploads\/2016\/02\/Sherbimi-urban-ne-Ulqin-Transporti-kontrata-1.jpg\"><img loading=\"lazy\" class=\"alignleft wp-image-94306\" src=\"http:\/\/www.visit-ulcinj.com\/blog\/wp-content\/uploads\/2016\/02\/Sherbimi-urban-ne-Ulqin-Transporti-kontrata-1.jpg\" alt=\"Sherbimi urban ne Ulqin- Transporti-kontrata-1\" width=\"508\" height=\"660\" srcset=\"https:\/\/www.visit-ulcinj.com\/blog\/wp-content\/uploads\/2016\/02\/Sherbimi-urban-ne-Ulqin-Transporti-kontrata-1.jpg 628w, https:\/\/www.visit-ulcinj.com\/blog\/wp-content\/uploads\/2016\/02\/Sherbimi-urban-ne-Ulqin-Transporti-kontrata-1-231x300.jpg 231w\" sizes=\"(max-width: 508px) 100vw, 508px\" \/><\/a><\/p>\n<p><strong>Pik\u00ebpamjet e shprehura n\u00eb faqen \u201cOPINIONE\u201d nuk p\u00ebrfaq\u00ebsojn\u00eb domosdoshm\u00ebrisht politik\u00ebn redaksionale t\u00eb \u201eLajmeve nga Ulqini\u201e<\/strong><\/p>\n","protected":false},"excerpt":{"rendered":"<p>Shkruan Muhamet Nika Disa vite m\u00eb par\u00eb, kur isha m\u00eb i ri , m\u00eb q\u00eblloi t\u00eb m\u00eb ndaloj\u00eb hoxha i fshatit e duke m\u00eb pyetur ; n\u00ebse un\u00eb e di dometh\u00ebnien e sakt\u00eb t\u00eb fjal\u00ebs \u201c LLOBI&#8230;\u201d?! \u00c7\u2019 \u00ebsht\u00eb e v\u00ebrteta, pasi q\u00eb as vet\u00eb nuk e dija sakt\u00eb , i thash\u00eb q\u00eb p\u00ebrgjigjen do [&hellip;]<\/p>\n","protected":false},"author":1,"featured_media":0,"comment_status":"closed","ping_status":"closed","sticky":false,"template":"","format":"standard","meta":{"spay_email":"","jetpack_publicize_message":"","jetpack_is_tweetstorm":false,"jetpack_publicize_feature_enabled":true},"categories":[14249],"tags":[],"jetpack_publicize_connections":[],"yoast_head":"<!-- This site is optimized with the Yoast SEO plugin v19.1 - https:\/\/yoast.com\/wordpress\/plugins\/seo\/ -->\n<title>Nika: P\u00ebrve\u00e7 Galebit Rrok Shpedi vendos edhe p\u00ebr transportin urban...?!! - Lajme nga Ulqini<\/title>\n<meta name=\"description\" content=\"Shkruan Muhamet Nika Disa vite m\u00eb par\u00eb, kur isha m\u00eb i ri , m\u00eb q\u00eblloi t\u00eb m\u00eb ndaloj\u00eb hoxha i fshatit e duke m\u00eb pyetur ; n\u00ebse un\u00eb e di dometh\u00ebnien e sakt\u00eb t\u00eb\" \/>\n<meta name=\"robots\" content=\"index, follow, max-snippet:-1, max-image-preview:large, max-video-preview:-1\" \/>\n<link rel=\"canonical\" href=\"https:\/\/www.visit-ulcinj.com\/blog\/2016\/02\/02\/nika-pervec-galebit-rrok-shpedi-vendos-edhe-per-transportin-urban\/\" \/>\n<meta property=\"og:locale\" content=\"en_US\" \/>\n<meta property=\"og:type\" content=\"article\" \/>\n<meta property=\"og:title\" content=\"Nika: P\u00ebrve\u00e7 Galebit Rrok Shpedi vendos edhe p\u00ebr transportin urban...?!! - Lajme nga Ulqini\" \/>\n<meta property=\"og:description\" content=\"Shkruan Muhamet Nika Disa vite m\u00eb par\u00eb, kur isha m\u00eb i ri , m\u00eb q\u00eblloi t\u00eb m\u00eb ndaloj\u00eb hoxha i fshatit e duke m\u00eb pyetur ; n\u00ebse un\u00eb e di dometh\u00ebnien e sakt\u00eb t\u00eb\" \/>\n<meta property=\"og:url\" content=\"https:\/\/www.visit-ulcinj.com\/blog\/2016\/02\/02\/nika-pervec-galebit-rrok-shpedi-vendos-edhe-per-transportin-urban\/\" \/>\n<meta property=\"og:site_name\" content=\"Lajme nga Ulqini\" \/>\n<meta property=\"article:published_time\" content=\"2016-02-02T14:52:45+00:00\" \/>\n<meta property=\"og:image\" content=\"http:\/\/www.visit-ulcinj.com\/blog\/wp-content\/uploads\/2014\/03\/muhamet-nika-300x190.jpg\" \/>\n<meta name=\"twitter:label1\" content=\"Written by\" \/>\n\t<meta name=\"twitter:data1\" content=\"ulqini\" \/>\n\t<meta name=\"twitter:label2\" content=\"Est. reading time\" \/>\n\t<meta name=\"twitter:data2\" content=\"2 minutes\" \/>\n<script type=\"application\/ld+json\" class=\"yoast-schema-graph\">{\"@context\":\"https:\/\/schema.org\",\"@graph\":[{\"@type\":\"WebSite\",\"@id\":\"https:\/\/www.visit-ulcinj.com\/blog\/#website\",\"url\":\"https:\/\/www.visit-ulcinj.com\/blog\/\",\"name\":\"Lajme nga Ulqini\",\"description\":\"Lajme,Vijesti,Ulqini,Ulqin,Crna Gora,Mali i Zi\",\"potentialAction\":[{\"@type\":\"SearchAction\",\"target\":{\"@type\":\"EntryPoint\",\"urlTemplate\":\"https:\/\/www.visit-ulcinj.com\/blog\/?s={search_term_string}\"},\"query-input\":\"required name=search_term_string\"}],\"inLanguage\":\"en-US\"},{\"@type\":\"ImageObject\",\"inLanguage\":\"en-US\",\"@id\":\"https:\/\/www.visit-ulcinj.com\/blog\/2016\/02\/02\/nika-pervec-galebit-rrok-shpedi-vendos-edhe-per-transportin-urban\/#primaryimage\",\"url\":\"https:\/\/www.visit-ulcinj.com\/blog\/wp-content\/uploads\/2014\/03\/muhamet-nika.jpg\",\"contentUrl\":\"https:\/\/www.visit-ulcinj.com\/blog\/wp-content\/uploads\/2014\/03\/muhamet-nika.jpg\",\"width\":389,\"height\":247},{\"@type\":\"WebPage\",\"@id\":\"https:\/\/www.visit-ulcinj.com\/blog\/2016\/02\/02\/nika-pervec-galebit-rrok-shpedi-vendos-edhe-per-transportin-urban\/#webpage\",\"url\":\"https:\/\/www.visit-ulcinj.com\/blog\/2016\/02\/02\/nika-pervec-galebit-rrok-shpedi-vendos-edhe-per-transportin-urban\/\",\"name\":\"Nika: P\u00ebrve\u00e7 Galebit Rrok Shpedi vendos edhe p\u00ebr transportin urban...?!! - Lajme nga Ulqini\",\"isPartOf\":{\"@id\":\"https:\/\/www.visit-ulcinj.com\/blog\/#website\"},\"primaryImageOfPage\":{\"@id\":\"https:\/\/www.visit-ulcinj.com\/blog\/2016\/02\/02\/nika-pervec-galebit-rrok-shpedi-vendos-edhe-per-transportin-urban\/#primaryimage\"},\"datePublished\":\"2016-02-02T14:52:45+00:00\",\"dateModified\":\"2016-02-02T14:52:45+00:00\",\"author\":{\"@id\":\"https:\/\/www.visit-ulcinj.com\/blog\/#\/schema\/person\/dcab619c614d3038751c63bc2aadc06d\"},\"description\":\"Shkruan Muhamet Nika Disa vite m\u00eb par\u00eb, kur isha m\u00eb i ri , m\u00eb q\u00eblloi t\u00eb m\u00eb ndaloj\u00eb hoxha i fshatit e duke m\u00eb pyetur ; n\u00ebse un\u00eb e di dometh\u00ebnien e sakt\u00eb t\u00eb\",\"breadcrumb\":{\"@id\":\"https:\/\/www.visit-ulcinj.com\/blog\/2016\/02\/02\/nika-pervec-galebit-rrok-shpedi-vendos-edhe-per-transportin-urban\/#breadcrumb\"},\"inLanguage\":\"en-US\",\"potentialAction\":[{\"@type\":\"ReadAction\",\"target\":[\"https:\/\/www.visit-ulcinj.com\/blog\/2016\/02\/02\/nika-pervec-galebit-rrok-shpedi-vendos-edhe-per-transportin-urban\/\"]}]},{\"@type\":\"BreadcrumbList\",\"@id\":\"https:\/\/www.visit-ulcinj.com\/blog\/2016\/02\/02\/nika-pervec-galebit-rrok-shpedi-vendos-edhe-per-transportin-urban\/#breadcrumb\",\"itemListElement\":[{\"@type\":\"ListItem\",\"position\":1,\"name\":\"Nika: P\u00ebrve\u00e7 Galebit Rrok Shpedi vendos edhe p\u00ebr transportin urban&#8230;?!!\"}]},{\"@type\":\"Person\",\"@id\":\"https:\/\/www.visit-ulcinj.com\/blog\/#\/schema\/person\/dcab619c614d3038751c63bc2aadc06d\",\"name\":\"ulqini\",\"sameAs\":[\"http:\/\/www.visit-ulcinj.com\"],\"url\":\"https:\/\/www.visit-ulcinj.com\/blog\/author\/admin\/\"}]}<\/script>\n<!-- \/ Yoast SEO plugin. -->","yoast_head_json":{"title":"Nika: P\u00ebrve\u00e7 Galebit Rrok Shpedi vendos edhe p\u00ebr transportin urban...?!! - Lajme nga Ulqini","description":"Shkruan Muhamet Nika Disa vite m\u00eb par\u00eb, kur isha m\u00eb i ri , m\u00eb q\u00eblloi t\u00eb m\u00eb ndaloj\u00eb hoxha i fshatit e duke m\u00eb pyetur ; n\u00ebse un\u00eb e di dometh\u00ebnien e sakt\u00eb t\u00eb","robots":{"index":"index","follow":"follow","max-snippet":"max-snippet:-1","max-image-preview":"max-image-preview:large","max-video-preview":"max-video-preview:-1"},"canonical":"https:\/\/www.visit-ulcinj.com\/blog\/2016\/02\/02\/nika-pervec-galebit-rrok-shpedi-vendos-edhe-per-transportin-urban\/","og_locale":"en_US","og_type":"article","og_title":"Nika: P\u00ebrve\u00e7 Galebit Rrok Shpedi vendos edhe p\u00ebr transportin urban...?!! - Lajme nga Ulqini","og_description":"Shkruan Muhamet Nika Disa vite m\u00eb par\u00eb, kur isha m\u00eb i ri , m\u00eb q\u00eblloi t\u00eb m\u00eb ndaloj\u00eb hoxha i fshatit e duke m\u00eb pyetur ; n\u00ebse un\u00eb e di dometh\u00ebnien e sakt\u00eb t\u00eb","og_url":"https:\/\/www.visit-ulcinj.com\/blog\/2016\/02\/02\/nika-pervec-galebit-rrok-shpedi-vendos-edhe-per-transportin-urban\/","og_site_name":"Lajme nga Ulqini","article_published_time":"2016-02-02T14:52:45+00:00","og_image":[{"url":"http:\/\/www.visit-ulcinj.com\/blog\/wp-content\/uploads\/2014\/03\/muhamet-nika-300x190.jpg"}],"twitter_misc":{"Written by":"ulqini","Est. reading time":"2 minutes"},"schema":{"@context":"https:\/\/schema.org","@graph":[{"@type":"WebSite","@id":"https:\/\/www.visit-ulcinj.com\/blog\/#website","url":"https:\/\/www.visit-ulcinj.com\/blog\/","name":"Lajme nga Ulqini","description":"Lajme,Vijesti,Ulqini,Ulqin,Crna Gora,Mali i Zi","potentialAction":[{"@type":"SearchAction","target":{"@type":"EntryPoint","urlTemplate":"https:\/\/www.visit-ulcinj.com\/blog\/?s={search_term_string}"},"query-input":"required name=search_term_string"}],"inLanguage":"en-US"},{"@type":"ImageObject","inLanguage":"en-US","@id":"https:\/\/www.visit-ulcinj.com\/blog\/2016\/02\/02\/nika-pervec-galebit-rrok-shpedi-vendos-edhe-per-transportin-urban\/#primaryimage","url":"https:\/\/www.visit-ulcinj.com\/blog\/wp-content\/uploads\/2014\/03\/muhamet-nika.jpg","contentUrl":"https:\/\/www.visit-ulcinj.com\/blog\/wp-content\/uploads\/2014\/03\/muhamet-nika.jpg","width":389,"height":247},{"@type":"WebPage","@id":"https:\/\/www.visit-ulcinj.com\/blog\/2016\/02\/02\/nika-pervec-galebit-rrok-shpedi-vendos-edhe-per-transportin-urban\/#webpage","url":"https:\/\/www.visit-ulcinj.com\/blog\/2016\/02\/02\/nika-pervec-galebit-rrok-shpedi-vendos-edhe-per-transportin-urban\/","name":"Nika: P\u00ebrve\u00e7 Galebit Rrok Shpedi vendos edhe p\u00ebr transportin urban...?!! - Lajme nga Ulqini","isPartOf":{"@id":"https:\/\/www.visit-ulcinj.com\/blog\/#website"},"primaryImageOfPage":{"@id":"https:\/\/www.visit-ulcinj.com\/blog\/2016\/02\/02\/nika-pervec-galebit-rrok-shpedi-vendos-edhe-per-transportin-urban\/#primaryimage"},"datePublished":"2016-02-02T14:52:45+00:00","dateModified":"2016-02-02T14:52:45+00:00","author":{"@id":"https:\/\/www.visit-ulcinj.com\/blog\/#\/schema\/person\/dcab619c614d3038751c63bc2aadc06d"},"description":"Shkruan Muhamet Nika Disa vite m\u00eb par\u00eb, kur isha m\u00eb i ri , m\u00eb q\u00eblloi t\u00eb m\u00eb ndaloj\u00eb hoxha i fshatit e duke m\u00eb pyetur ; n\u00ebse un\u00eb e di dometh\u00ebnien e sakt\u00eb t\u00eb","breadcrumb":{"@id":"https:\/\/www.visit-ulcinj.com\/blog\/2016\/02\/02\/nika-pervec-galebit-rrok-shpedi-vendos-edhe-per-transportin-urban\/#breadcrumb"},"inLanguage":"en-US","potentialAction":[{"@type":"ReadAction","target":["https:\/\/www.visit-ulcinj.com\/blog\/2016\/02\/02\/nika-pervec-galebit-rrok-shpedi-vendos-edhe-per-transportin-urban\/"]}]},{"@type":"BreadcrumbList","@id":"https:\/\/www.visit-ulcinj.com\/blog\/2016\/02\/02\/nika-pervec-galebit-rrok-shpedi-vendos-edhe-per-transportin-urban\/#breadcrumb","itemListElement":[{"@type":"ListItem","position":1,"name":"Nika: P\u00ebrve\u00e7 Galebit Rrok Shpedi vendos edhe p\u00ebr transportin urban&#8230;?!!"}]},{"@type":"Person","@id":"https:\/\/www.visit-ulcinj.com\/blog\/#\/schema\/person\/dcab619c614d3038751c63bc2aadc06d","name":"ulqini","sameAs":["http:\/\/www.visit-ulcinj.com"],"url":"https:\/\/www.visit-ulcinj.com\/blog\/author\/admin\/"}]}},"jetpack_featured_media_url":"","jetpack_sharing_enabled":true,"jetpack_shortlink":"https:\/\/wp.me\/pe6lTn-ox2","_links":{"self":[{"href":"https:\/\/www.visit-ulcinj.com\/blog\/wp-json\/wp\/v2\/posts\/94304"}],"collection":[{"href":"https:\/\/www.visit-ulcinj.com\/blog\/wp-json\/wp\/v2\/posts"}],"about":[{"href":"https:\/\/www.visit-ulcinj.com\/blog\/wp-json\/wp\/v2\/types\/post"}],"author":[{"embeddable":true,"href":"https:\/\/www.visit-ulcinj.com\/blog\/wp-json\/wp\/v2\/users\/1"}],"replies":[{"embeddable":true,"href":"https:\/\/www.visit-ulcinj.com\/blog\/wp-json\/wp\/v2\/comments?post=94304"}],"version-history":[{"count":1,"href":"https:\/\/www.visit-ulcinj.com\/blog\/wp-json\/wp\/v2\/posts\/94304\/revisions"}],"predecessor-version":[{"id":94308,"href":"https:\/\/www.visit-ulcinj.com\/blog\/wp-json\/wp\/v2\/posts\/94304\/revisions\/94308"}],"wp:attachment":[{"href":"https:\/\/www.visit-ulcinj.com\/blog\/wp-json\/wp\/v2\/media?parent=94304"}],"wp:term":[{"taxonomy":"category","embeddable":true,"href":"https:\/\/www.visit-ulcinj.com\/blog\/wp-json\/wp\/v2\/categories?post=94304"},{"taxonomy":"post_tag","embeddable":true,"href":"https:\/\/www.visit-ulcinj.com\/blog\/wp-json\/wp\/v2\/tags?post=94304"}],"curies":[{"name":"wp","href":"https:\/\/api.w.org\/{rel}","templated":true}]}}