{"id":94309,"date":"2016-02-02T16:05:50","date_gmt":"2016-02-02T15:05:50","guid":{"rendered":"http:\/\/www.visit-ulcinj.com\/blog\/?p=94309"},"modified":"2016-02-04T16:50:43","modified_gmt":"2016-02-04T15:50:43","slug":"rreshqitja-e-dheut-ne-zenelaj-lendohet-puntori","status":"publish","type":"post","link":"https:\/\/www.visit-ulcinj.com\/blog\/2016\/02\/02\/rreshqitja-e-dheut-ne-zenelaj-lendohet-puntori\/","title":{"rendered":"Rr\u00ebshqitja e dheut n\u00eb Zenelaj, l\u00ebndohet puntori &#8211; Video"},"content":{"rendered":"<p><a href=\"http:\/\/www.visit-ulcinj.com\/blog\/wp-content\/uploads\/2016\/02\/Rr\u00ebshqitja-e-dheut-n\u00eb-Zenelaj-.jpg\"><img loading=\"lazy\" class=\"alignleft wp-image-94310\" src=\"http:\/\/www.visit-ulcinj.com\/blog\/wp-content\/uploads\/2016\/02\/Rr\u00ebshqitja-e-dheut-n\u00eb-Zenelaj-.jpg\" alt=\"Rr\u00ebshqitja e dheut n\u00eb Zenelaj-\" width=\"508\" height=\"381\" srcset=\"https:\/\/www.visit-ulcinj.com\/blog\/wp-content\/uploads\/2016\/02\/Rr\u00ebshqitja-e-dheut-n\u00eb-Zenelaj-.jpg 905w, https:\/\/www.visit-ulcinj.com\/blog\/wp-content\/uploads\/2016\/02\/Rr\u00ebshqitja-e-dheut-n\u00eb-Zenelaj--300x225.jpg 300w\" sizes=\"(max-width: 508px) 100vw, 508px\" \/><\/a>Sot n\u00eb An\u00eb t\u00eb Malit, n\u00eb vendin e quajtur Zenelaj, gati ndodhi nj\u00eb tragjedi, ku si pasoj\u00eb mund t\u00eb kishte humbur jet\u00ebn nj\u00eb person. Nj\u00eb pun\u00ebtor fizik u bllokua nga rr\u00ebshqitja e dheut, si dhe pllaka e r\u00ebnd\u00eb prej betoni e cila ishte shk\u00ebputur nga ura e po nd\u00ebrtohej. Aksioni i shp\u00ebtimit zgjati pothuajse 3 or\u00eb, njofton portali Lajme.me.<\/p>\n<p>M\u00ebsohet se pun\u00ebtori\u00a0 i l\u00ebnduar \u00ebsht\u00eb nga Puka e Shqip\u00ebris\u00eb, kurse punimet n\u00eb ur\u00eb i kryente kompania pronar i s\u00eb cil\u00ebs \u00ebsht\u00eb Shaip Fana.<\/p>\n<p>N\u00eb vendgjarje ishin edhe p\u00ebrfaqsues t\u00eb organeve hetimore, sh\u00ebrbimit t\u00eb mbrojtjes dhe shp\u00ebtimit, urgjenc\u00ebs dhe policis\u00eb.<\/p>\n<p>Nd\u00ebrtimi i ur\u00ebs financohet nga nj\u00eb emigrant vendas dhe ka vler\u00ebn e rreth 25.000 dollar\u00ebve.<\/p>\n<p><iframe loading=\"lazy\" src=\"\/\/www.dailymotion.com\/embed\/video\/x3q248i?autoPlay=1\" width=\"508\" height=\"315\" frameborder=\"0\" allowfullscreen=\"allowfullscreen\"><\/iframe><\/p>\n","protected":false},"excerpt":{"rendered":"<p>Sot n\u00eb An\u00eb t\u00eb Malit, n\u00eb vendin e quajtur Zenelaj, gati ndodhi nj\u00eb tragjedi, ku si pasoj\u00eb mund t\u00eb kishte humbur jet\u00ebn nj\u00eb person. Nj\u00eb pun\u00ebtor fizik u bllokua nga rr\u00ebshqitja e dheut, si dhe pllaka e r\u00ebnd\u00eb prej betoni e cila ishte shk\u00ebputur nga ura e po nd\u00ebrtohej. Aksioni i shp\u00ebtimit zgjati pothuajse 3 [&hellip;]<\/p>\n","protected":false},"author":1,"featured_media":0,"comment_status":"closed","ping_status":"closed","sticky":false,"template":"","format":"standard","meta":{"spay_email":"","jetpack_publicize_message":"","jetpack_is_tweetstorm":false,"jetpack_publicize_feature_enabled":true},"categories":[1,12],"tags":[],"jetpack_publicize_connections":[],"yoast_head":"<!-- This site is optimized with the Yoast SEO plugin v19.1 - https:\/\/yoast.com\/wordpress\/plugins\/seo\/ -->\n<title>Rr\u00ebshqitja e dheut n\u00eb Zenelaj, l\u00ebndohet puntori - Video - Lajme nga Ulqini<\/title>\n<meta name=\"description\" content=\"Sot n\u00eb An\u00eb t\u00eb Malit, n\u00eb vendin e quajtur Zenelaj, gati ndodhi nj\u00eb tragjedi, ku si pasoj\u00eb mund t\u00eb kishte humbur jet\u00ebn nj\u00eb person. Nj\u00eb pun\u00ebtor fizik u\" \/>\n<meta name=\"robots\" content=\"index, follow, max-snippet:-1, max-image-preview:large, max-video-preview:-1\" \/>\n<link rel=\"canonical\" href=\"https:\/\/www.visit-ulcinj.com\/blog\/2016\/02\/02\/rreshqitja-e-dheut-ne-zenelaj-lendohet-puntori\/\" \/>\n<meta property=\"og:locale\" content=\"en_US\" \/>\n<meta property=\"og:type\" content=\"article\" \/>\n<meta property=\"og:title\" content=\"Rr\u00ebshqitja e dheut n\u00eb Zenelaj, l\u00ebndohet puntori - Video - Lajme nga Ulqini\" \/>\n<meta property=\"og:description\" content=\"Sot n\u00eb An\u00eb t\u00eb Malit, n\u00eb vendin e quajtur Zenelaj, gati ndodhi nj\u00eb tragjedi, ku si pasoj\u00eb mund t\u00eb kishte humbur jet\u00ebn nj\u00eb person. Nj\u00eb pun\u00ebtor fizik u\" \/>\n<meta property=\"og:url\" content=\"https:\/\/www.visit-ulcinj.com\/blog\/2016\/02\/02\/rreshqitja-e-dheut-ne-zenelaj-lendohet-puntori\/\" \/>\n<meta property=\"og:site_name\" content=\"Lajme nga Ulqini\" \/>\n<meta property=\"article:published_time\" content=\"2016-02-02T15:05:50+00:00\" \/>\n<meta property=\"article:modified_time\" content=\"2016-02-04T15:50:43+00:00\" \/>\n<meta name=\"twitter:label1\" content=\"Written by\" \/>\n\t<meta name=\"twitter:data1\" content=\"ulqini\" \/>\n\t<meta name=\"twitter:label2\" content=\"Est. reading time\" \/>\n\t<meta name=\"twitter:data2\" content=\"1 minute\" \/>\n<script type=\"application\/ld+json\" class=\"yoast-schema-graph\">{\"@context\":\"https:\/\/schema.org\",\"@graph\":[{\"@type\":\"WebSite\",\"@id\":\"https:\/\/www.visit-ulcinj.com\/blog\/#website\",\"url\":\"https:\/\/www.visit-ulcinj.com\/blog\/\",\"name\":\"Lajme nga Ulqini\",\"description\":\"Lajme,Vijesti,Ulqini,Ulqin,Crna Gora,Mali i Zi\",\"potentialAction\":[{\"@type\":\"SearchAction\",\"target\":{\"@type\":\"EntryPoint\",\"urlTemplate\":\"https:\/\/www.visit-ulcinj.com\/blog\/?s={search_term_string}\"},\"query-input\":\"required name=search_term_string\"}],\"inLanguage\":\"en-US\"},{\"@type\":\"WebPage\",\"@id\":\"https:\/\/www.visit-ulcinj.com\/blog\/2016\/02\/02\/rreshqitja-e-dheut-ne-zenelaj-lendohet-puntori\/#webpage\",\"url\":\"https:\/\/www.visit-ulcinj.com\/blog\/2016\/02\/02\/rreshqitja-e-dheut-ne-zenelaj-lendohet-puntori\/\",\"name\":\"Rr\u00ebshqitja e dheut n\u00eb Zenelaj, l\u00ebndohet puntori - Video - Lajme nga Ulqini\",\"isPartOf\":{\"@id\":\"https:\/\/www.visit-ulcinj.com\/blog\/#website\"},\"datePublished\":\"2016-02-02T15:05:50+00:00\",\"dateModified\":\"2016-02-04T15:50:43+00:00\",\"author\":{\"@id\":\"https:\/\/www.visit-ulcinj.com\/blog\/#\/schema\/person\/dcab619c614d3038751c63bc2aadc06d\"},\"description\":\"Sot n\u00eb An\u00eb t\u00eb Malit, n\u00eb vendin e quajtur Zenelaj, gati ndodhi nj\u00eb tragjedi, ku si pasoj\u00eb mund t\u00eb kishte humbur jet\u00ebn nj\u00eb person. Nj\u00eb pun\u00ebtor fizik u\",\"breadcrumb\":{\"@id\":\"https:\/\/www.visit-ulcinj.com\/blog\/2016\/02\/02\/rreshqitja-e-dheut-ne-zenelaj-lendohet-puntori\/#breadcrumb\"},\"inLanguage\":\"en-US\",\"potentialAction\":[{\"@type\":\"ReadAction\",\"target\":[\"https:\/\/www.visit-ulcinj.com\/blog\/2016\/02\/02\/rreshqitja-e-dheut-ne-zenelaj-lendohet-puntori\/\"]}]},{\"@type\":\"BreadcrumbList\",\"@id\":\"https:\/\/www.visit-ulcinj.com\/blog\/2016\/02\/02\/rreshqitja-e-dheut-ne-zenelaj-lendohet-puntori\/#breadcrumb\",\"itemListElement\":[{\"@type\":\"ListItem\",\"position\":1,\"name\":\"Rr\u00ebshqitja e dheut n\u00eb Zenelaj, l\u00ebndohet puntori &#8211; Video\"}]},{\"@type\":\"Person\",\"@id\":\"https:\/\/www.visit-ulcinj.com\/blog\/#\/schema\/person\/dcab619c614d3038751c63bc2aadc06d\",\"name\":\"ulqini\",\"sameAs\":[\"http:\/\/www.visit-ulcinj.com\"],\"url\":\"https:\/\/www.visit-ulcinj.com\/blog\/author\/admin\/\"}]}<\/script>\n<!-- \/ Yoast SEO plugin. -->","yoast_head_json":{"title":"Rr\u00ebshqitja e dheut n\u00eb Zenelaj, l\u00ebndohet puntori - Video - Lajme nga Ulqini","description":"Sot n\u00eb An\u00eb t\u00eb Malit, n\u00eb vendin e quajtur Zenelaj, gati ndodhi nj\u00eb tragjedi, ku si pasoj\u00eb mund t\u00eb kishte humbur jet\u00ebn nj\u00eb person. Nj\u00eb pun\u00ebtor fizik u","robots":{"index":"index","follow":"follow","max-snippet":"max-snippet:-1","max-image-preview":"max-image-preview:large","max-video-preview":"max-video-preview:-1"},"canonical":"https:\/\/www.visit-ulcinj.com\/blog\/2016\/02\/02\/rreshqitja-e-dheut-ne-zenelaj-lendohet-puntori\/","og_locale":"en_US","og_type":"article","og_title":"Rr\u00ebshqitja e dheut n\u00eb Zenelaj, l\u00ebndohet puntori - Video - Lajme nga Ulqini","og_description":"Sot n\u00eb An\u00eb t\u00eb Malit, n\u00eb vendin e quajtur Zenelaj, gati ndodhi nj\u00eb tragjedi, ku si pasoj\u00eb mund t\u00eb kishte humbur jet\u00ebn nj\u00eb person. Nj\u00eb pun\u00ebtor fizik u","og_url":"https:\/\/www.visit-ulcinj.com\/blog\/2016\/02\/02\/rreshqitja-e-dheut-ne-zenelaj-lendohet-puntori\/","og_site_name":"Lajme nga Ulqini","article_published_time":"2016-02-02T15:05:50+00:00","article_modified_time":"2016-02-04T15:50:43+00:00","twitter_misc":{"Written by":"ulqini","Est. reading time":"1 minute"},"schema":{"@context":"https:\/\/schema.org","@graph":[{"@type":"WebSite","@id":"https:\/\/www.visit-ulcinj.com\/blog\/#website","url":"https:\/\/www.visit-ulcinj.com\/blog\/","name":"Lajme nga Ulqini","description":"Lajme,Vijesti,Ulqini,Ulqin,Crna Gora,Mali i Zi","potentialAction":[{"@type":"SearchAction","target":{"@type":"EntryPoint","urlTemplate":"https:\/\/www.visit-ulcinj.com\/blog\/?s={search_term_string}"},"query-input":"required name=search_term_string"}],"inLanguage":"en-US"},{"@type":"WebPage","@id":"https:\/\/www.visit-ulcinj.com\/blog\/2016\/02\/02\/rreshqitja-e-dheut-ne-zenelaj-lendohet-puntori\/#webpage","url":"https:\/\/www.visit-ulcinj.com\/blog\/2016\/02\/02\/rreshqitja-e-dheut-ne-zenelaj-lendohet-puntori\/","name":"Rr\u00ebshqitja e dheut n\u00eb Zenelaj, l\u00ebndohet puntori - Video - Lajme nga Ulqini","isPartOf":{"@id":"https:\/\/www.visit-ulcinj.com\/blog\/#website"},"datePublished":"2016-02-02T15:05:50+00:00","dateModified":"2016-02-04T15:50:43+00:00","author":{"@id":"https:\/\/www.visit-ulcinj.com\/blog\/#\/schema\/person\/dcab619c614d3038751c63bc2aadc06d"},"description":"Sot n\u00eb An\u00eb t\u00eb Malit, n\u00eb vendin e quajtur Zenelaj, gati ndodhi nj\u00eb tragjedi, ku si pasoj\u00eb mund t\u00eb kishte humbur jet\u00ebn nj\u00eb person. Nj\u00eb pun\u00ebtor fizik u","breadcrumb":{"@id":"https:\/\/www.visit-ulcinj.com\/blog\/2016\/02\/02\/rreshqitja-e-dheut-ne-zenelaj-lendohet-puntori\/#breadcrumb"},"inLanguage":"en-US","potentialAction":[{"@type":"ReadAction","target":["https:\/\/www.visit-ulcinj.com\/blog\/2016\/02\/02\/rreshqitja-e-dheut-ne-zenelaj-lendohet-puntori\/"]}]},{"@type":"BreadcrumbList","@id":"https:\/\/www.visit-ulcinj.com\/blog\/2016\/02\/02\/rreshqitja-e-dheut-ne-zenelaj-lendohet-puntori\/#breadcrumb","itemListElement":[{"@type":"ListItem","position":1,"name":"Rr\u00ebshqitja e dheut n\u00eb Zenelaj, l\u00ebndohet puntori &#8211; Video"}]},{"@type":"Person","@id":"https:\/\/www.visit-ulcinj.com\/blog\/#\/schema\/person\/dcab619c614d3038751c63bc2aadc06d","name":"ulqini","sameAs":["http:\/\/www.visit-ulcinj.com"],"url":"https:\/\/www.visit-ulcinj.com\/blog\/author\/admin\/"}]}},"jetpack_featured_media_url":"","jetpack_sharing_enabled":true,"jetpack_shortlink":"https:\/\/wp.me\/pe6lTn-ox7","_links":{"self":[{"href":"https:\/\/www.visit-ulcinj.com\/blog\/wp-json\/wp\/v2\/posts\/94309"}],"collection":[{"href":"https:\/\/www.visit-ulcinj.com\/blog\/wp-json\/wp\/v2\/posts"}],"about":[{"href":"https:\/\/www.visit-ulcinj.com\/blog\/wp-json\/wp\/v2\/types\/post"}],"author":[{"embeddable":true,"href":"https:\/\/www.visit-ulcinj.com\/blog\/wp-json\/wp\/v2\/users\/1"}],"replies":[{"embeddable":true,"href":"https:\/\/www.visit-ulcinj.com\/blog\/wp-json\/wp\/v2\/comments?post=94309"}],"version-history":[{"count":3,"href":"https:\/\/www.visit-ulcinj.com\/blog\/wp-json\/wp\/v2\/posts\/94309\/revisions"}],"predecessor-version":[{"id":94367,"href":"https:\/\/www.visit-ulcinj.com\/blog\/wp-json\/wp\/v2\/posts\/94309\/revisions\/94367"}],"wp:attachment":[{"href":"https:\/\/www.visit-ulcinj.com\/blog\/wp-json\/wp\/v2\/media?parent=94309"}],"wp:term":[{"taxonomy":"category","embeddable":true,"href":"https:\/\/www.visit-ulcinj.com\/blog\/wp-json\/wp\/v2\/categories?post=94309"},{"taxonomy":"post_tag","embeddable":true,"href":"https:\/\/www.visit-ulcinj.com\/blog\/wp-json\/wp\/v2\/tags?post=94309"}],"curies":[{"name":"wp","href":"https:\/\/api.w.org\/{rel}","templated":true}]}}