{"id":94317,"date":"2016-02-02T18:00:32","date_gmt":"2016-02-02T17:00:32","guid":{"rendered":"http:\/\/www.visit-ulcinj.com\/blog\/?p=94317"},"modified":"2016-02-02T18:07:04","modified_gmt":"2016-02-02T17:07:04","slug":"dps-preferira-siroku-koaliciju-u-ulcinj","status":"publish","type":"post","link":"https:\/\/www.visit-ulcinj.com\/blog\/2016\/02\/02\/dps-preferira-siroku-koaliciju-u-ulcinj\/","title":{"rendered":"DPS preferira \u0161iroku koaliciju u Ulcinj"},"content":{"rendered":"<p><a href=\"http:\/\/www.visit-ulcinj.com\/blog\/wp-content\/uploads\/2016\/02\/DPS-ULCINJ.jpg\"><img loading=\"lazy\" class=\"alignleft wp-image-94318\" src=\"http:\/\/www.visit-ulcinj.com\/blog\/wp-content\/uploads\/2016\/02\/DPS-ULCINJ.jpg\" alt=\"DPS-ULCINJ\" width=\"508\" height=\"339\" srcset=\"https:\/\/www.visit-ulcinj.com\/blog\/wp-content\/uploads\/2016\/02\/DPS-ULCINJ.jpg 900w, https:\/\/www.visit-ulcinj.com\/blog\/wp-content\/uploads\/2016\/02\/DPS-ULCINJ-300x200.jpg 300w\" sizes=\"(max-width: 508px) 100vw, 508px\" \/><\/a>Krajem ove sedmice bi\u0107e odr\u017eane sjednice Izvr\u0161nog i Op\u0161tinskog odbora Demokratrske partije socijalista u Ulcinju, na kojoj \u0107e biti razmatrana politi\u010dka situacija u ovoj op\u0161tini, saop\u0161teno je Portalu Ul-info iz ove stranke. Kako se navodi, do sada je DPS dobio samo jednu pisanu ponudu za prekompoziciju vlasti od Koalicije \u201eZajedno za budu\u0107nost Ulcinja\u201c koju prevodi gradona\u010delnik Ulcinja Fatmir \u0110eka.<\/p>\n<p>Druga, usmena ponuda je DPS-u saop\u0161tena iz Nove demokratske snage \u2013 Forca.<\/p>\n<p>U DPS-u isti\u010du da, nakon rasprada vladaju\u0107e koalicije u Ulcinju, ovoj stranci, koja ima najvi\u0161e mandata u lokalnom Parlamentu, pripada mjesto predsjednika Op\u0161tine ukoliko do\u0111e do prekompozicije, te da preferiraju \u0161iroku koaliciju.<\/p>\n<p>Statutom DPS-a predvi\u0111eno je da saglasnost na koalicije daje Predsjedni\u0161tvo partije.<\/p>\n","protected":false},"excerpt":{"rendered":"<p>Krajem ove sedmice bi\u0107e odr\u017eane sjednice Izvr\u0161nog i Op\u0161tinskog odbora Demokratrske partije socijalista u Ulcinju, na kojoj \u0107e biti razmatrana politi\u010dka situacija u ovoj op\u0161tini, saop\u0161teno je Portalu Ul-info iz ove stranke. Kako se navodi, do sada je DPS dobio samo jednu pisanu ponudu za prekompoziciju vlasti od Koalicije \u201eZajedno za budu\u0107nost Ulcinja\u201c koju prevodi [&hellip;]<\/p>\n","protected":false},"author":1,"featured_media":0,"comment_status":"closed","ping_status":"closed","sticky":false,"template":"","format":"standard","meta":{"spay_email":"","jetpack_publicize_message":"","jetpack_is_tweetstorm":false,"jetpack_publicize_feature_enabled":true},"categories":[8337],"tags":[],"jetpack_publicize_connections":[],"yoast_head":"<!-- This site is optimized with the Yoast SEO plugin v19.1 - https:\/\/yoast.com\/wordpress\/plugins\/seo\/ -->\n<title>DPS preferira \u0161iroku koaliciju u Ulcinj - Lajme nga Ulqini<\/title>\n<meta name=\"description\" content=\"Krajem ove sedmice bi\u0107e odr\u017eane sjednice Izvr\u0161nog i Op\u0161tinskog odbora Demokratrske partije socijalista u Ulcinju, na kojoj \u0107e biti razmatrana politi\u010dka\" \/>\n<meta name=\"robots\" content=\"index, follow, max-snippet:-1, max-image-preview:large, max-video-preview:-1\" \/>\n<link rel=\"canonical\" href=\"https:\/\/www.visit-ulcinj.com\/blog\/2016\/02\/02\/dps-preferira-siroku-koaliciju-u-ulcinj\/\" \/>\n<meta property=\"og:locale\" content=\"en_US\" \/>\n<meta property=\"og:type\" content=\"article\" \/>\n<meta property=\"og:title\" content=\"DPS preferira \u0161iroku koaliciju u Ulcinj - Lajme nga Ulqini\" \/>\n<meta property=\"og:description\" content=\"Krajem ove sedmice bi\u0107e odr\u017eane sjednice Izvr\u0161nog i Op\u0161tinskog odbora Demokratrske partije socijalista u Ulcinju, na kojoj \u0107e biti razmatrana politi\u010dka\" \/>\n<meta property=\"og:url\" content=\"https:\/\/www.visit-ulcinj.com\/blog\/2016\/02\/02\/dps-preferira-siroku-koaliciju-u-ulcinj\/\" \/>\n<meta property=\"og:site_name\" content=\"Lajme nga Ulqini\" \/>\n<meta property=\"article:published_time\" content=\"2016-02-02T17:00:32+00:00\" \/>\n<meta property=\"article:modified_time\" content=\"2016-02-02T17:07:04+00:00\" \/>\n<meta property=\"og:image\" content=\"http:\/\/www.visit-ulcinj.com\/blog\/wp-content\/uploads\/2016\/02\/DPS-ULCINJ.jpg\" \/>\n<meta name=\"twitter:label1\" content=\"Written by\" \/>\n\t<meta name=\"twitter:data1\" content=\"ulqini\" \/>\n\t<meta name=\"twitter:label2\" content=\"Est. reading time\" \/>\n\t<meta name=\"twitter:data2\" content=\"1 minute\" \/>\n<script type=\"application\/ld+json\" class=\"yoast-schema-graph\">{\"@context\":\"https:\/\/schema.org\",\"@graph\":[{\"@type\":\"WebSite\",\"@id\":\"https:\/\/www.visit-ulcinj.com\/blog\/#website\",\"url\":\"https:\/\/www.visit-ulcinj.com\/blog\/\",\"name\":\"Lajme nga Ulqini\",\"description\":\"Lajme,Vijesti,Ulqini,Ulqin,Crna Gora,Mali i Zi\",\"potentialAction\":[{\"@type\":\"SearchAction\",\"target\":{\"@type\":\"EntryPoint\",\"urlTemplate\":\"https:\/\/www.visit-ulcinj.com\/blog\/?s={search_term_string}\"},\"query-input\":\"required name=search_term_string\"}],\"inLanguage\":\"en-US\"},{\"@type\":\"ImageObject\",\"inLanguage\":\"en-US\",\"@id\":\"https:\/\/www.visit-ulcinj.com\/blog\/2016\/02\/02\/dps-preferira-siroku-koaliciju-u-ulcinj\/#primaryimage\",\"url\":\"https:\/\/www.visit-ulcinj.com\/blog\/wp-content\/uploads\/2016\/02\/DPS-ULCINJ.jpg\",\"contentUrl\":\"https:\/\/www.visit-ulcinj.com\/blog\/wp-content\/uploads\/2016\/02\/DPS-ULCINJ.jpg\",\"width\":900,\"height\":600},{\"@type\":\"WebPage\",\"@id\":\"https:\/\/www.visit-ulcinj.com\/blog\/2016\/02\/02\/dps-preferira-siroku-koaliciju-u-ulcinj\/#webpage\",\"url\":\"https:\/\/www.visit-ulcinj.com\/blog\/2016\/02\/02\/dps-preferira-siroku-koaliciju-u-ulcinj\/\",\"name\":\"DPS preferira \u0161iroku koaliciju u Ulcinj - Lajme nga Ulqini\",\"isPartOf\":{\"@id\":\"https:\/\/www.visit-ulcinj.com\/blog\/#website\"},\"primaryImageOfPage\":{\"@id\":\"https:\/\/www.visit-ulcinj.com\/blog\/2016\/02\/02\/dps-preferira-siroku-koaliciju-u-ulcinj\/#primaryimage\"},\"datePublished\":\"2016-02-02T17:00:32+00:00\",\"dateModified\":\"2016-02-02T17:07:04+00:00\",\"author\":{\"@id\":\"https:\/\/www.visit-ulcinj.com\/blog\/#\/schema\/person\/dcab619c614d3038751c63bc2aadc06d\"},\"description\":\"Krajem ove sedmice bi\u0107e odr\u017eane sjednice Izvr\u0161nog i Op\u0161tinskog odbora Demokratrske partije socijalista u Ulcinju, na kojoj \u0107e biti razmatrana politi\u010dka\",\"breadcrumb\":{\"@id\":\"https:\/\/www.visit-ulcinj.com\/blog\/2016\/02\/02\/dps-preferira-siroku-koaliciju-u-ulcinj\/#breadcrumb\"},\"inLanguage\":\"en-US\",\"potentialAction\":[{\"@type\":\"ReadAction\",\"target\":[\"https:\/\/www.visit-ulcinj.com\/blog\/2016\/02\/02\/dps-preferira-siroku-koaliciju-u-ulcinj\/\"]}]},{\"@type\":\"BreadcrumbList\",\"@id\":\"https:\/\/www.visit-ulcinj.com\/blog\/2016\/02\/02\/dps-preferira-siroku-koaliciju-u-ulcinj\/#breadcrumb\",\"itemListElement\":[{\"@type\":\"ListItem\",\"position\":1,\"name\":\"DPS preferira \u0161iroku koaliciju u Ulcinj\"}]},{\"@type\":\"Person\",\"@id\":\"https:\/\/www.visit-ulcinj.com\/blog\/#\/schema\/person\/dcab619c614d3038751c63bc2aadc06d\",\"name\":\"ulqini\",\"sameAs\":[\"http:\/\/www.visit-ulcinj.com\"],\"url\":\"https:\/\/www.visit-ulcinj.com\/blog\/author\/admin\/\"}]}<\/script>\n<!-- \/ Yoast SEO plugin. -->","yoast_head_json":{"title":"DPS preferira \u0161iroku koaliciju u Ulcinj - Lajme nga Ulqini","description":"Krajem ove sedmice bi\u0107e odr\u017eane sjednice Izvr\u0161nog i Op\u0161tinskog odbora Demokratrske partije socijalista u Ulcinju, na kojoj \u0107e biti razmatrana politi\u010dka","robots":{"index":"index","follow":"follow","max-snippet":"max-snippet:-1","max-image-preview":"max-image-preview:large","max-video-preview":"max-video-preview:-1"},"canonical":"https:\/\/www.visit-ulcinj.com\/blog\/2016\/02\/02\/dps-preferira-siroku-koaliciju-u-ulcinj\/","og_locale":"en_US","og_type":"article","og_title":"DPS preferira \u0161iroku koaliciju u Ulcinj - Lajme nga Ulqini","og_description":"Krajem ove sedmice bi\u0107e odr\u017eane sjednice Izvr\u0161nog i Op\u0161tinskog odbora Demokratrske partije socijalista u Ulcinju, na kojoj \u0107e biti razmatrana politi\u010dka","og_url":"https:\/\/www.visit-ulcinj.com\/blog\/2016\/02\/02\/dps-preferira-siroku-koaliciju-u-ulcinj\/","og_site_name":"Lajme nga Ulqini","article_published_time":"2016-02-02T17:00:32+00:00","article_modified_time":"2016-02-02T17:07:04+00:00","og_image":[{"url":"http:\/\/www.visit-ulcinj.com\/blog\/wp-content\/uploads\/2016\/02\/DPS-ULCINJ.jpg"}],"twitter_misc":{"Written by":"ulqini","Est. reading time":"1 minute"},"schema":{"@context":"https:\/\/schema.org","@graph":[{"@type":"WebSite","@id":"https:\/\/www.visit-ulcinj.com\/blog\/#website","url":"https:\/\/www.visit-ulcinj.com\/blog\/","name":"Lajme nga Ulqini","description":"Lajme,Vijesti,Ulqini,Ulqin,Crna Gora,Mali i Zi","potentialAction":[{"@type":"SearchAction","target":{"@type":"EntryPoint","urlTemplate":"https:\/\/www.visit-ulcinj.com\/blog\/?s={search_term_string}"},"query-input":"required name=search_term_string"}],"inLanguage":"en-US"},{"@type":"ImageObject","inLanguage":"en-US","@id":"https:\/\/www.visit-ulcinj.com\/blog\/2016\/02\/02\/dps-preferira-siroku-koaliciju-u-ulcinj\/#primaryimage","url":"https:\/\/www.visit-ulcinj.com\/blog\/wp-content\/uploads\/2016\/02\/DPS-ULCINJ.jpg","contentUrl":"https:\/\/www.visit-ulcinj.com\/blog\/wp-content\/uploads\/2016\/02\/DPS-ULCINJ.jpg","width":900,"height":600},{"@type":"WebPage","@id":"https:\/\/www.visit-ulcinj.com\/blog\/2016\/02\/02\/dps-preferira-siroku-koaliciju-u-ulcinj\/#webpage","url":"https:\/\/www.visit-ulcinj.com\/blog\/2016\/02\/02\/dps-preferira-siroku-koaliciju-u-ulcinj\/","name":"DPS preferira \u0161iroku koaliciju u Ulcinj - Lajme nga Ulqini","isPartOf":{"@id":"https:\/\/www.visit-ulcinj.com\/blog\/#website"},"primaryImageOfPage":{"@id":"https:\/\/www.visit-ulcinj.com\/blog\/2016\/02\/02\/dps-preferira-siroku-koaliciju-u-ulcinj\/#primaryimage"},"datePublished":"2016-02-02T17:00:32+00:00","dateModified":"2016-02-02T17:07:04+00:00","author":{"@id":"https:\/\/www.visit-ulcinj.com\/blog\/#\/schema\/person\/dcab619c614d3038751c63bc2aadc06d"},"description":"Krajem ove sedmice bi\u0107e odr\u017eane sjednice Izvr\u0161nog i Op\u0161tinskog odbora Demokratrske partije socijalista u Ulcinju, na kojoj \u0107e biti razmatrana politi\u010dka","breadcrumb":{"@id":"https:\/\/www.visit-ulcinj.com\/blog\/2016\/02\/02\/dps-preferira-siroku-koaliciju-u-ulcinj\/#breadcrumb"},"inLanguage":"en-US","potentialAction":[{"@type":"ReadAction","target":["https:\/\/www.visit-ulcinj.com\/blog\/2016\/02\/02\/dps-preferira-siroku-koaliciju-u-ulcinj\/"]}]},{"@type":"BreadcrumbList","@id":"https:\/\/www.visit-ulcinj.com\/blog\/2016\/02\/02\/dps-preferira-siroku-koaliciju-u-ulcinj\/#breadcrumb","itemListElement":[{"@type":"ListItem","position":1,"name":"DPS preferira \u0161iroku koaliciju u Ulcinj"}]},{"@type":"Person","@id":"https:\/\/www.visit-ulcinj.com\/blog\/#\/schema\/person\/dcab619c614d3038751c63bc2aadc06d","name":"ulqini","sameAs":["http:\/\/www.visit-ulcinj.com"],"url":"https:\/\/www.visit-ulcinj.com\/blog\/author\/admin\/"}]}},"jetpack_featured_media_url":"","jetpack_sharing_enabled":true,"jetpack_shortlink":"https:\/\/wp.me\/pe6lTn-oxf","_links":{"self":[{"href":"https:\/\/www.visit-ulcinj.com\/blog\/wp-json\/wp\/v2\/posts\/94317"}],"collection":[{"href":"https:\/\/www.visit-ulcinj.com\/blog\/wp-json\/wp\/v2\/posts"}],"about":[{"href":"https:\/\/www.visit-ulcinj.com\/blog\/wp-json\/wp\/v2\/types\/post"}],"author":[{"embeddable":true,"href":"https:\/\/www.visit-ulcinj.com\/blog\/wp-json\/wp\/v2\/users\/1"}],"replies":[{"embeddable":true,"href":"https:\/\/www.visit-ulcinj.com\/blog\/wp-json\/wp\/v2\/comments?post=94317"}],"version-history":[{"count":1,"href":"https:\/\/www.visit-ulcinj.com\/blog\/wp-json\/wp\/v2\/posts\/94317\/revisions"}],"predecessor-version":[{"id":94319,"href":"https:\/\/www.visit-ulcinj.com\/blog\/wp-json\/wp\/v2\/posts\/94317\/revisions\/94319"}],"wp:attachment":[{"href":"https:\/\/www.visit-ulcinj.com\/blog\/wp-json\/wp\/v2\/media?parent=94317"}],"wp:term":[{"taxonomy":"category","embeddable":true,"href":"https:\/\/www.visit-ulcinj.com\/blog\/wp-json\/wp\/v2\/categories?post=94317"},{"taxonomy":"post_tag","embeddable":true,"href":"https:\/\/www.visit-ulcinj.com\/blog\/wp-json\/wp\/v2\/tags?post=94317"}],"curies":[{"name":"wp","href":"https:\/\/api.w.org\/{rel}","templated":true}]}}