{"id":94320,"date":"2016-02-02T18:51:41","date_gmt":"2016-02-02T17:51:41","guid":{"rendered":"http:\/\/www.visit-ulcinj.com\/blog\/?p=94320"},"modified":"2016-02-02T18:51:41","modified_gmt":"2016-02-02T17:51:41","slug":"ministarstvo-preduzeli-smo-korake-za-zastitu-solane","status":"publish","type":"post","link":"https:\/\/www.visit-ulcinj.com\/blog\/2016\/02\/02\/ministarstvo-preduzeli-smo-korake-za-zastitu-solane\/","title":{"rendered":"Ministarstvo: &#8220;Preduzeli smo korake za za\u0161titu Solane&#8221;"},"content":{"rendered":"<p><strong><a href=\"http:\/\/www.fws.gov\/international\/wildlife-without-borders\/ramsar-wetlands-convention.html\" target=\"_blank\"><img loading=\"lazy\" class=\"alignleft wp-image-94321\" src=\"http:\/\/www.visit-ulcinj.com\/blog\/wp-content\/uploads\/2016\/02\/ramsar-wetlands-convention-.jpg\" alt=\"ramsar-wetlands-convention-\" width=\"508\" height=\"109\" \/><\/a>Ministarstvo odr\u017eivog razvoja i turizma preduzelo je po\u010detne korake u cilju za\u0161tite Solane na me\u0111unarodnom nivou, saop\u0161teno je iz tog resora povodom Svjetskog dana vla\u017enih stani\u0161ta koji se danas obilje\u017eava<\/strong>.<\/p>\n<p align=\"center\">Ove godine tema\u00a0 Ramsar sekretarijata\u00a0 \u201eVla\u017ena stani\u0161ta za na\u0161u budu\u0107nost \u2013 odr\u017eivo kori\u0161\u0107enje resursa\u201cje, kako navode iz Ministarstva, u skladu sa opredjeljenjem\u00a0 Crne Gore za odr\u017eivo kori\u0161\u0107enje ulcinjske Solane kao budu\u0107eg Ramsar podru\u010dja.<\/p>\n<p>\u201eU tom kontekstu, a u skladu sa\u00a0 me\u0111unarodnim obavezama, prije svega Konvencijom o vla\u017enim stani\u0161tima &#8211; Ramsar konvencijom, preduzeli smo inicijalne korake u cilju za\u0161tite Solane na\u00a0 me\u0111unarodnom nivou, vode\u0107i se time da odr\u017eivost mora biti jedini\u00a0 koncept razvoja u Crnoj Gori i jedini pristup za ulaganje u razvoj za\u0161ti\u0107enih podru\u010dja. Napominjemo da danas Ramsarska konvencija ima 169 zemalja potpisnica, dok se na Ramsar listi nalaze 2 224 vla\u017ena stani\u0161ta od me\u0111unarodnog zna\u010daja. Na teritoriji Crne Gore nalaze se dva podru\u010dja od me\u0111unarodnog zna\u010daja: Skadarsko jezero, upisano na Listu 15. decembra 1995. godine i Tivatska solila, upisana na listu 31. januara 2013.godine. Ukupna povr\u0161ina ovih podru\u010dja iznosi 20 150 hektara\u201c, navodi se u saop\u0161tenju Ministarstva.<\/p>\n<p>Podsje\u0107aju da je 2016-ta godina odr\u017eivog kori\u0161\u0107enja resursa.<\/p>\n<p>\u201eTo predstavlja priliku za sve nas da ozbiljno i odgovorno sagledamo sa kakvim se\u00a0 izazovima svijet susre\u0107e kada je u pitanju odr\u017eivo upravljanje istima. Ono \u0161to je izvjesno je da na\u0161a uloga u o\u010duvanju resursa treba da bude usmjerena na\u00a0 razvijanje mehanizama za\u0161tite i odr\u017eivog kori\u0161\u0107enja vla\u017enih stani\u0161ta, kroz zajedni\u010dku implementaciju aktivnosti svih subjekata\u00a0\u00a0\u00a0 na lokalnom, nacionalnom, regionalnom i me\u0111unarodnom nivou\u201c, zaklju\u010duje se u saop\u0161tenju.<\/p>\n<p>Izvor: RTCG<\/p>\n","protected":false},"excerpt":{"rendered":"<p>Ministarstvo odr\u017eivog razvoja i turizma preduzelo je po\u010detne korake u cilju za\u0161tite Solane na me\u0111unarodnom nivou, saop\u0161teno je iz tog resora povodom Svjetskog dana vla\u017enih stani\u0161ta koji se danas obilje\u017eava. Ove godine tema\u00a0 Ramsar sekretarijata\u00a0 \u201eVla\u017ena stani\u0161ta za na\u0161u budu\u0107nost \u2013 odr\u017eivo kori\u0161\u0107enje resursa\u201cje, kako navode iz Ministarstva, u skladu sa opredjeljenjem\u00a0 Crne Gore za [&hellip;]<\/p>\n","protected":false},"author":1,"featured_media":0,"comment_status":"closed","ping_status":"closed","sticky":false,"template":"","format":"standard","meta":{"spay_email":"","jetpack_publicize_message":"","jetpack_is_tweetstorm":false,"jetpack_publicize_feature_enabled":true},"categories":[6950],"tags":[],"jetpack_publicize_connections":[],"yoast_head":"<!-- This site is optimized with the Yoast SEO plugin v19.1 - https:\/\/yoast.com\/wordpress\/plugins\/seo\/ -->\n<title>Ministarstvo: &quot;Preduzeli smo korake za za\u0161titu Solane&quot; - Lajme nga Ulqini<\/title>\n<meta name=\"description\" content=\"Ministarstvo odr\u017eivog razvoja i turizma preduzelo je po\u010detne korake u cilju za\u0161tite Solane na me\u0111unarodnom nivou, saop\u0161teno je iz tog resora povodom\" \/>\n<meta name=\"robots\" content=\"index, follow, max-snippet:-1, max-image-preview:large, max-video-preview:-1\" \/>\n<link rel=\"canonical\" href=\"https:\/\/www.visit-ulcinj.com\/blog\/2016\/02\/02\/ministarstvo-preduzeli-smo-korake-za-zastitu-solane\/\" \/>\n<meta property=\"og:locale\" content=\"en_US\" \/>\n<meta property=\"og:type\" content=\"article\" \/>\n<meta property=\"og:title\" content=\"Ministarstvo: &quot;Preduzeli smo korake za za\u0161titu Solane&quot; - Lajme nga Ulqini\" \/>\n<meta property=\"og:description\" content=\"Ministarstvo odr\u017eivog razvoja i turizma preduzelo je po\u010detne korake u cilju za\u0161tite Solane na me\u0111unarodnom nivou, saop\u0161teno je iz tog resora povodom\" \/>\n<meta property=\"og:url\" content=\"https:\/\/www.visit-ulcinj.com\/blog\/2016\/02\/02\/ministarstvo-preduzeli-smo-korake-za-zastitu-solane\/\" \/>\n<meta property=\"og:site_name\" content=\"Lajme nga Ulqini\" \/>\n<meta property=\"article:published_time\" content=\"2016-02-02T17:51:41+00:00\" \/>\n<meta property=\"og:image\" content=\"http:\/\/www.visit-ulcinj.com\/blog\/wp-content\/uploads\/2016\/02\/ramsar-wetlands-convention-.jpg\" \/>\n<meta name=\"twitter:label1\" content=\"Written by\" \/>\n\t<meta name=\"twitter:data1\" content=\"ulqini\" \/>\n\t<meta name=\"twitter:label2\" content=\"Est. reading time\" \/>\n\t<meta name=\"twitter:data2\" content=\"1 minute\" \/>\n<script type=\"application\/ld+json\" class=\"yoast-schema-graph\">{\"@context\":\"https:\/\/schema.org\",\"@graph\":[{\"@type\":\"WebSite\",\"@id\":\"https:\/\/www.visit-ulcinj.com\/blog\/#website\",\"url\":\"https:\/\/www.visit-ulcinj.com\/blog\/\",\"name\":\"Lajme nga Ulqini\",\"description\":\"Lajme,Vijesti,Ulqini,Ulqin,Crna Gora,Mali i Zi\",\"potentialAction\":[{\"@type\":\"SearchAction\",\"target\":{\"@type\":\"EntryPoint\",\"urlTemplate\":\"https:\/\/www.visit-ulcinj.com\/blog\/?s={search_term_string}\"},\"query-input\":\"required name=search_term_string\"}],\"inLanguage\":\"en-US\"},{\"@type\":\"ImageObject\",\"inLanguage\":\"en-US\",\"@id\":\"https:\/\/www.visit-ulcinj.com\/blog\/2016\/02\/02\/ministarstvo-preduzeli-smo-korake-za-zastitu-solane\/#primaryimage\",\"url\":\"http:\/\/www.visit-ulcinj.com\/blog\/wp-content\/uploads\/2016\/02\/ramsar-wetlands-convention-.jpg\",\"contentUrl\":\"http:\/\/www.visit-ulcinj.com\/blog\/wp-content\/uploads\/2016\/02\/ramsar-wetlands-convention-.jpg\"},{\"@type\":\"WebPage\",\"@id\":\"https:\/\/www.visit-ulcinj.com\/blog\/2016\/02\/02\/ministarstvo-preduzeli-smo-korake-za-zastitu-solane\/#webpage\",\"url\":\"https:\/\/www.visit-ulcinj.com\/blog\/2016\/02\/02\/ministarstvo-preduzeli-smo-korake-za-zastitu-solane\/\",\"name\":\"Ministarstvo: \\\"Preduzeli smo korake za za\u0161titu Solane\\\" - Lajme nga Ulqini\",\"isPartOf\":{\"@id\":\"https:\/\/www.visit-ulcinj.com\/blog\/#website\"},\"primaryImageOfPage\":{\"@id\":\"https:\/\/www.visit-ulcinj.com\/blog\/2016\/02\/02\/ministarstvo-preduzeli-smo-korake-za-zastitu-solane\/#primaryimage\"},\"datePublished\":\"2016-02-02T17:51:41+00:00\",\"dateModified\":\"2016-02-02T17:51:41+00:00\",\"author\":{\"@id\":\"https:\/\/www.visit-ulcinj.com\/blog\/#\/schema\/person\/dcab619c614d3038751c63bc2aadc06d\"},\"description\":\"Ministarstvo odr\u017eivog razvoja i turizma preduzelo je po\u010detne korake u cilju za\u0161tite Solane na me\u0111unarodnom nivou, saop\u0161teno je iz tog resora povodom\",\"breadcrumb\":{\"@id\":\"https:\/\/www.visit-ulcinj.com\/blog\/2016\/02\/02\/ministarstvo-preduzeli-smo-korake-za-zastitu-solane\/#breadcrumb\"},\"inLanguage\":\"en-US\",\"potentialAction\":[{\"@type\":\"ReadAction\",\"target\":[\"https:\/\/www.visit-ulcinj.com\/blog\/2016\/02\/02\/ministarstvo-preduzeli-smo-korake-za-zastitu-solane\/\"]}]},{\"@type\":\"BreadcrumbList\",\"@id\":\"https:\/\/www.visit-ulcinj.com\/blog\/2016\/02\/02\/ministarstvo-preduzeli-smo-korake-za-zastitu-solane\/#breadcrumb\",\"itemListElement\":[{\"@type\":\"ListItem\",\"position\":1,\"name\":\"Ministarstvo: &#8220;Preduzeli smo korake za za\u0161titu Solane&#8221;\"}]},{\"@type\":\"Person\",\"@id\":\"https:\/\/www.visit-ulcinj.com\/blog\/#\/schema\/person\/dcab619c614d3038751c63bc2aadc06d\",\"name\":\"ulqini\",\"sameAs\":[\"http:\/\/www.visit-ulcinj.com\"],\"url\":\"https:\/\/www.visit-ulcinj.com\/blog\/author\/admin\/\"}]}<\/script>\n<!-- \/ Yoast SEO plugin. -->","yoast_head_json":{"title":"Ministarstvo: \"Preduzeli smo korake za za\u0161titu Solane\" - Lajme nga Ulqini","description":"Ministarstvo odr\u017eivog razvoja i turizma preduzelo je po\u010detne korake u cilju za\u0161tite Solane na me\u0111unarodnom nivou, saop\u0161teno je iz tog resora povodom","robots":{"index":"index","follow":"follow","max-snippet":"max-snippet:-1","max-image-preview":"max-image-preview:large","max-video-preview":"max-video-preview:-1"},"canonical":"https:\/\/www.visit-ulcinj.com\/blog\/2016\/02\/02\/ministarstvo-preduzeli-smo-korake-za-zastitu-solane\/","og_locale":"en_US","og_type":"article","og_title":"Ministarstvo: \"Preduzeli smo korake za za\u0161titu Solane\" - Lajme nga Ulqini","og_description":"Ministarstvo odr\u017eivog razvoja i turizma preduzelo je po\u010detne korake u cilju za\u0161tite Solane na me\u0111unarodnom nivou, saop\u0161teno je iz tog resora povodom","og_url":"https:\/\/www.visit-ulcinj.com\/blog\/2016\/02\/02\/ministarstvo-preduzeli-smo-korake-za-zastitu-solane\/","og_site_name":"Lajme nga Ulqini","article_published_time":"2016-02-02T17:51:41+00:00","og_image":[{"url":"http:\/\/www.visit-ulcinj.com\/blog\/wp-content\/uploads\/2016\/02\/ramsar-wetlands-convention-.jpg"}],"twitter_misc":{"Written by":"ulqini","Est. reading time":"1 minute"},"schema":{"@context":"https:\/\/schema.org","@graph":[{"@type":"WebSite","@id":"https:\/\/www.visit-ulcinj.com\/blog\/#website","url":"https:\/\/www.visit-ulcinj.com\/blog\/","name":"Lajme nga Ulqini","description":"Lajme,Vijesti,Ulqini,Ulqin,Crna Gora,Mali i Zi","potentialAction":[{"@type":"SearchAction","target":{"@type":"EntryPoint","urlTemplate":"https:\/\/www.visit-ulcinj.com\/blog\/?s={search_term_string}"},"query-input":"required name=search_term_string"}],"inLanguage":"en-US"},{"@type":"ImageObject","inLanguage":"en-US","@id":"https:\/\/www.visit-ulcinj.com\/blog\/2016\/02\/02\/ministarstvo-preduzeli-smo-korake-za-zastitu-solane\/#primaryimage","url":"http:\/\/www.visit-ulcinj.com\/blog\/wp-content\/uploads\/2016\/02\/ramsar-wetlands-convention-.jpg","contentUrl":"http:\/\/www.visit-ulcinj.com\/blog\/wp-content\/uploads\/2016\/02\/ramsar-wetlands-convention-.jpg"},{"@type":"WebPage","@id":"https:\/\/www.visit-ulcinj.com\/blog\/2016\/02\/02\/ministarstvo-preduzeli-smo-korake-za-zastitu-solane\/#webpage","url":"https:\/\/www.visit-ulcinj.com\/blog\/2016\/02\/02\/ministarstvo-preduzeli-smo-korake-za-zastitu-solane\/","name":"Ministarstvo: \"Preduzeli smo korake za za\u0161titu Solane\" - Lajme nga Ulqini","isPartOf":{"@id":"https:\/\/www.visit-ulcinj.com\/blog\/#website"},"primaryImageOfPage":{"@id":"https:\/\/www.visit-ulcinj.com\/blog\/2016\/02\/02\/ministarstvo-preduzeli-smo-korake-za-zastitu-solane\/#primaryimage"},"datePublished":"2016-02-02T17:51:41+00:00","dateModified":"2016-02-02T17:51:41+00:00","author":{"@id":"https:\/\/www.visit-ulcinj.com\/blog\/#\/schema\/person\/dcab619c614d3038751c63bc2aadc06d"},"description":"Ministarstvo odr\u017eivog razvoja i turizma preduzelo je po\u010detne korake u cilju za\u0161tite Solane na me\u0111unarodnom nivou, saop\u0161teno je iz tog resora povodom","breadcrumb":{"@id":"https:\/\/www.visit-ulcinj.com\/blog\/2016\/02\/02\/ministarstvo-preduzeli-smo-korake-za-zastitu-solane\/#breadcrumb"},"inLanguage":"en-US","potentialAction":[{"@type":"ReadAction","target":["https:\/\/www.visit-ulcinj.com\/blog\/2016\/02\/02\/ministarstvo-preduzeli-smo-korake-za-zastitu-solane\/"]}]},{"@type":"BreadcrumbList","@id":"https:\/\/www.visit-ulcinj.com\/blog\/2016\/02\/02\/ministarstvo-preduzeli-smo-korake-za-zastitu-solane\/#breadcrumb","itemListElement":[{"@type":"ListItem","position":1,"name":"Ministarstvo: &#8220;Preduzeli smo korake za za\u0161titu Solane&#8221;"}]},{"@type":"Person","@id":"https:\/\/www.visit-ulcinj.com\/blog\/#\/schema\/person\/dcab619c614d3038751c63bc2aadc06d","name":"ulqini","sameAs":["http:\/\/www.visit-ulcinj.com"],"url":"https:\/\/www.visit-ulcinj.com\/blog\/author\/admin\/"}]}},"jetpack_featured_media_url":"","jetpack_sharing_enabled":true,"jetpack_shortlink":"https:\/\/wp.me\/pe6lTn-oxi","_links":{"self":[{"href":"https:\/\/www.visit-ulcinj.com\/blog\/wp-json\/wp\/v2\/posts\/94320"}],"collection":[{"href":"https:\/\/www.visit-ulcinj.com\/blog\/wp-json\/wp\/v2\/posts"}],"about":[{"href":"https:\/\/www.visit-ulcinj.com\/blog\/wp-json\/wp\/v2\/types\/post"}],"author":[{"embeddable":true,"href":"https:\/\/www.visit-ulcinj.com\/blog\/wp-json\/wp\/v2\/users\/1"}],"replies":[{"embeddable":true,"href":"https:\/\/www.visit-ulcinj.com\/blog\/wp-json\/wp\/v2\/comments?post=94320"}],"version-history":[{"count":1,"href":"https:\/\/www.visit-ulcinj.com\/blog\/wp-json\/wp\/v2\/posts\/94320\/revisions"}],"predecessor-version":[{"id":94322,"href":"https:\/\/www.visit-ulcinj.com\/blog\/wp-json\/wp\/v2\/posts\/94320\/revisions\/94322"}],"wp:attachment":[{"href":"https:\/\/www.visit-ulcinj.com\/blog\/wp-json\/wp\/v2\/media?parent=94320"}],"wp:term":[{"taxonomy":"category","embeddable":true,"href":"https:\/\/www.visit-ulcinj.com\/blog\/wp-json\/wp\/v2\/categories?post=94320"},{"taxonomy":"post_tag","embeddable":true,"href":"https:\/\/www.visit-ulcinj.com\/blog\/wp-json\/wp\/v2\/tags?post=94320"}],"curies":[{"name":"wp","href":"https:\/\/api.w.org\/{rel}","templated":true}]}}