{"id":9433,"date":"2009-01-20T23:35:22","date_gmt":"2009-01-20T22:35:22","guid":{"rendered":"http:\/\/www.visit-ulcinj.com\/blog\/?p=9433"},"modified":"2010-09-01T13:27:11","modified_gmt":"2010-09-01T11:27:11","slug":"%e2%80%9cmu-thane-syte%e2%80%9d-aurela-gace-realizon-albumin-e-ri","status":"publish","type":"post","link":"https:\/\/www.visit-ulcinj.com\/blog\/2009\/01\/20\/%e2%80%9cmu-thane-syte%e2%80%9d-aurela-gace-realizon-albumin-e-ri\/","title":{"rendered":"\u201cMu than\u00eb syt\u00eb\u201d: Aurela Ga\u00e7e realizon albumin e ri"},"content":{"rendered":"<p><a rel=\"attachment wp-att-9435\" href=\"http:\/\/www.visit-ulcinj.com\/blog\/2009\/01\/20\/%e2%80%9cmu-thane-syte%e2%80%9d-aurela-gace-realizon-albumin-e-ri\/aurela-gace1\/\"><img loading=\"lazy\" class=\"alignleft size-full wp-image-9435\" title=\"aurela-gace1\" src=\"http:\/\/www.visit-ulcinj.com\/blog\/wp-content\/uploads\/2009\/01\/aurela-gace1.jpg\" alt=\"aurela-gace1\" width=\"299\" height=\"389\" \/><\/a>K\u00ebng\u00ebtarja e njohur nga Shqip\u00ebria, Aurela Ga\u00e7e, k\u00ebtyre dit\u00ebve ka publikuar albumin e ri.<br \/>\n\u201cMu than\u00eb syt\u00eb\u201d \u00ebsht\u00eb titulluar CD-ja e hedhur n\u00eb treg nga sht\u00ebpia disko-grafike, \u201cSupersonic\u201d.<br \/>\nN\u00eb mesin e k\u00ebng\u00ebve t\u00eb p\u00ebrfshira n\u00eb k\u00ebt\u00eb album, b\u00ebn\u00eb pjes\u00eb edhe k\u00ebnga fituese e festivalit \u201cK\u00ebnga Magjike 2007\u201d, \u201cHape veten\u201d si dhe nj\u00eb k\u00ebng\u00eb q\u00eb k\u00ebng\u00ebtarja e ka n\u00eb bashk\u00ebpunimin me grupin \u201cWest Side Family\u201d. Ndryshe, sing\u00ebllit \u201cMu than\u00eb syt\u00eb\u201d, k\u00ebng\u00ebtarja i ka realizuar edhe videoklipin, i cili tashm\u00eb ka filluar s\u00eb transmetuari n\u00eb televizionet e Shqip\u00ebris\u00eb.<br \/>\nKoh\u00ebt e fundit k\u00ebng\u00ebtarja ka qen\u00eb mjaft e pranishme n\u00eb Shqip\u00ebri, duke kujtuar k\u00ebtu pjes\u00ebmarrjen n\u00eb rolin e mysafires n\u00eb festivalin \u201cK\u00ebnga Magjike 2008\u201d dhe at\u00eb t\u00eb k\u00ebng\u00ebs n\u00eb Radio Televizionin Shqiptar.<br \/>\nAurela Ga\u00e7e, e ve\u00e7uar p\u00ebr vokalin dhe paraqitjet skenike, vazhdon t\u00eb jet\u00eb nj\u00eb nd\u00ebr k\u00ebng\u00ebtaret m\u00eb t\u00eb njohura n\u00eb sken\u00ebn muzikore mbar\u00eb shqiptare.<\/p>\n<p><strong>Koha Vizion<\/strong><\/p>\n<p><br \/>\n<!--YouTube Error: bad URL entered--><\/p>\n","protected":false},"excerpt":{"rendered":"<p>K\u00ebng\u00ebtarja e njohur nga Shqip\u00ebria, Aurela Ga\u00e7e, k\u00ebtyre dit\u00ebve ka publikuar albumin e ri. \u201cMu than\u00eb syt\u00eb\u201d \u00ebsht\u00eb titulluar CD-ja e hedhur n\u00eb treg nga sht\u00ebpia disko-grafike, \u201cSupersonic\u201d. N\u00eb mesin e k\u00ebng\u00ebve t\u00eb p\u00ebrfshira n\u00eb k\u00ebt\u00eb album, b\u00ebn\u00eb pjes\u00eb edhe k\u00ebnga fituese e festivalit \u201cK\u00ebnga Magjike 2007\u201d, \u201cHape veten\u201d si dhe nj\u00eb k\u00ebng\u00eb q\u00eb k\u00ebng\u00ebtarja [&hellip;]<\/p>\n","protected":false},"author":1,"featured_media":0,"comment_status":"open","ping_status":"closed","sticky":false,"template":"","format":"standard","meta":{"spay_email":"","jetpack_publicize_message":"","jetpack_is_tweetstorm":false,"jetpack_publicize_feature_enabled":true},"categories":[1],"tags":[5088,5948,5947],"jetpack_publicize_connections":[],"yoast_head":"<!-- This site is optimized with the Yoast SEO plugin v19.1 - https:\/\/yoast.com\/wordpress\/plugins\/seo\/ -->\n<title>\u201cMu than\u00eb syt\u00eb\u201d: Aurela Ga\u00e7e realizon albumin e ri - Lajme nga Ulqini<\/title>\n<meta name=\"description\" content=\"K\u00ebng\u00ebtarja e njohur nga Shqip\u00ebria, Aurela Ga\u00e7e, k\u00ebtyre dit\u00ebve ka publikuar albumin e ri. \u201cMu than\u00eb syt\u00eb\u201d \u00ebsht\u00eb titulluar CD-ja e hedhur n\u00eb treg nga\" \/>\n<meta name=\"robots\" content=\"index, follow, max-snippet:-1, max-image-preview:large, max-video-preview:-1\" \/>\n<link rel=\"canonical\" href=\"https:\/\/www.visit-ulcinj.com\/blog\/2009\/01\/20\/\u201cmu-thane-syte\u201d-aurela-gace-realizon-albumin-e-ri\/\" \/>\n<meta property=\"og:locale\" content=\"en_US\" \/>\n<meta property=\"og:type\" content=\"article\" \/>\n<meta property=\"og:title\" content=\"\u201cMu than\u00eb syt\u00eb\u201d: Aurela Ga\u00e7e realizon albumin e ri - Lajme nga Ulqini\" \/>\n<meta property=\"og:description\" content=\"K\u00ebng\u00ebtarja e njohur nga Shqip\u00ebria, Aurela Ga\u00e7e, k\u00ebtyre dit\u00ebve ka publikuar albumin e ri. \u201cMu than\u00eb syt\u00eb\u201d \u00ebsht\u00eb titulluar CD-ja e hedhur n\u00eb treg nga\" \/>\n<meta property=\"og:url\" content=\"https:\/\/www.visit-ulcinj.com\/blog\/2009\/01\/20\/\u201cmu-thane-syte\u201d-aurela-gace-realizon-albumin-e-ri\/\" \/>\n<meta property=\"og:site_name\" content=\"Lajme nga Ulqini\" \/>\n<meta property=\"article:published_time\" content=\"2009-01-20T22:35:22+00:00\" \/>\n<meta property=\"article:modified_time\" content=\"2010-09-01T11:27:11+00:00\" \/>\n<meta property=\"og:image\" content=\"https:\/\/www.visit-ulcinj.com\/blog\/wp-content\/uploads\/2009\/01\/aurela-gace-150x150.jpg\" \/>\n<meta name=\"twitter:label1\" content=\"Written by\" \/>\n\t<meta name=\"twitter:data1\" content=\"ulqini\" \/>\n\t<meta name=\"twitter:label2\" content=\"Est. reading time\" \/>\n\t<meta name=\"twitter:data2\" content=\"1 minute\" \/>\n<script type=\"application\/ld+json\" class=\"yoast-schema-graph\">{\"@context\":\"https:\/\/schema.org\",\"@graph\":[{\"@type\":\"WebSite\",\"@id\":\"https:\/\/www.visit-ulcinj.com\/blog\/#website\",\"url\":\"https:\/\/www.visit-ulcinj.com\/blog\/\",\"name\":\"Lajme nga Ulqini\",\"description\":\"Lajme,Vijesti,Ulqini,Ulqin,Crna Gora,Mali i Zi\",\"potentialAction\":[{\"@type\":\"SearchAction\",\"target\":{\"@type\":\"EntryPoint\",\"urlTemplate\":\"https:\/\/www.visit-ulcinj.com\/blog\/?s={search_term_string}\"},\"query-input\":\"required name=search_term_string\"}],\"inLanguage\":\"en-US\"},{\"@type\":\"ImageObject\",\"inLanguage\":\"en-US\",\"@id\":\"https:\/\/www.visit-ulcinj.com\/blog\/2009\/01\/20\/%e2%80%9cmu-thane-syte%e2%80%9d-aurela-gace-realizon-albumin-e-ri\/#primaryimage\",\"url\":\"http:\/\/www.visit-ulcinj.com\/blog\/wp-content\/uploads\/2009\/01\/aurela-gace1.jpg\",\"contentUrl\":\"http:\/\/www.visit-ulcinj.com\/blog\/wp-content\/uploads\/2009\/01\/aurela-gace1.jpg\"},{\"@type\":\"WebPage\",\"@id\":\"https:\/\/www.visit-ulcinj.com\/blog\/2009\/01\/20\/%e2%80%9cmu-thane-syte%e2%80%9d-aurela-gace-realizon-albumin-e-ri\/#webpage\",\"url\":\"https:\/\/www.visit-ulcinj.com\/blog\/2009\/01\/20\/%e2%80%9cmu-thane-syte%e2%80%9d-aurela-gace-realizon-albumin-e-ri\/\",\"name\":\"\u201cMu than\u00eb syt\u00eb\u201d: Aurela Ga\u00e7e realizon albumin e ri - Lajme nga Ulqini\",\"isPartOf\":{\"@id\":\"https:\/\/www.visit-ulcinj.com\/blog\/#website\"},\"primaryImageOfPage\":{\"@id\":\"https:\/\/www.visit-ulcinj.com\/blog\/2009\/01\/20\/%e2%80%9cmu-thane-syte%e2%80%9d-aurela-gace-realizon-albumin-e-ri\/#primaryimage\"},\"datePublished\":\"2009-01-20T22:35:22+00:00\",\"dateModified\":\"2010-09-01T11:27:11+00:00\",\"author\":{\"@id\":\"https:\/\/www.visit-ulcinj.com\/blog\/#\/schema\/person\/dcab619c614d3038751c63bc2aadc06d\"},\"description\":\"K\u00ebng\u00ebtarja e njohur nga Shqip\u00ebria, Aurela Ga\u00e7e, k\u00ebtyre dit\u00ebve ka publikuar albumin e ri. \u201cMu than\u00eb syt\u00eb\u201d \u00ebsht\u00eb titulluar CD-ja e hedhur n\u00eb treg nga\",\"breadcrumb\":{\"@id\":\"https:\/\/www.visit-ulcinj.com\/blog\/2009\/01\/20\/%e2%80%9cmu-thane-syte%e2%80%9d-aurela-gace-realizon-albumin-e-ri\/#breadcrumb\"},\"inLanguage\":\"en-US\",\"potentialAction\":[{\"@type\":\"ReadAction\",\"target\":[\"https:\/\/www.visit-ulcinj.com\/blog\/2009\/01\/20\/%e2%80%9cmu-thane-syte%e2%80%9d-aurela-gace-realizon-albumin-e-ri\/\"]}]},{\"@type\":\"BreadcrumbList\",\"@id\":\"https:\/\/www.visit-ulcinj.com\/blog\/2009\/01\/20\/%e2%80%9cmu-thane-syte%e2%80%9d-aurela-gace-realizon-albumin-e-ri\/#breadcrumb\",\"itemListElement\":[{\"@type\":\"ListItem\",\"position\":1,\"name\":\"\u201cMu than\u00eb syt\u00eb\u201d: Aurela Ga\u00e7e realizon albumin e ri\"}]},{\"@type\":\"Person\",\"@id\":\"https:\/\/www.visit-ulcinj.com\/blog\/#\/schema\/person\/dcab619c614d3038751c63bc2aadc06d\",\"name\":\"ulqini\",\"sameAs\":[\"http:\/\/www.visit-ulcinj.com\"],\"url\":\"https:\/\/www.visit-ulcinj.com\/blog\/author\/admin\/\"}]}<\/script>\n<!-- \/ Yoast SEO plugin. -->","yoast_head_json":{"title":"\u201cMu than\u00eb syt\u00eb\u201d: Aurela Ga\u00e7e realizon albumin e ri - Lajme nga Ulqini","description":"K\u00ebng\u00ebtarja e njohur nga Shqip\u00ebria, Aurela Ga\u00e7e, k\u00ebtyre dit\u00ebve ka publikuar albumin e ri. \u201cMu than\u00eb syt\u00eb\u201d \u00ebsht\u00eb titulluar CD-ja e hedhur n\u00eb treg nga","robots":{"index":"index","follow":"follow","max-snippet":"max-snippet:-1","max-image-preview":"max-image-preview:large","max-video-preview":"max-video-preview:-1"},"canonical":"https:\/\/www.visit-ulcinj.com\/blog\/2009\/01\/20\/\u201cmu-thane-syte\u201d-aurela-gace-realizon-albumin-e-ri\/","og_locale":"en_US","og_type":"article","og_title":"\u201cMu than\u00eb syt\u00eb\u201d: Aurela Ga\u00e7e realizon albumin e ri - Lajme nga Ulqini","og_description":"K\u00ebng\u00ebtarja e njohur nga Shqip\u00ebria, Aurela Ga\u00e7e, k\u00ebtyre dit\u00ebve ka publikuar albumin e ri. \u201cMu than\u00eb syt\u00eb\u201d \u00ebsht\u00eb titulluar CD-ja e hedhur n\u00eb treg nga","og_url":"https:\/\/www.visit-ulcinj.com\/blog\/2009\/01\/20\/\u201cmu-thane-syte\u201d-aurela-gace-realizon-albumin-e-ri\/","og_site_name":"Lajme nga Ulqini","article_published_time":"2009-01-20T22:35:22+00:00","article_modified_time":"2010-09-01T11:27:11+00:00","og_image":[{"url":"https:\/\/www.visit-ulcinj.com\/blog\/wp-content\/uploads\/2009\/01\/aurela-gace-150x150.jpg"}],"twitter_misc":{"Written by":"ulqini","Est. reading time":"1 minute"},"schema":{"@context":"https:\/\/schema.org","@graph":[{"@type":"WebSite","@id":"https:\/\/www.visit-ulcinj.com\/blog\/#website","url":"https:\/\/www.visit-ulcinj.com\/blog\/","name":"Lajme nga Ulqini","description":"Lajme,Vijesti,Ulqini,Ulqin,Crna Gora,Mali i Zi","potentialAction":[{"@type":"SearchAction","target":{"@type":"EntryPoint","urlTemplate":"https:\/\/www.visit-ulcinj.com\/blog\/?s={search_term_string}"},"query-input":"required name=search_term_string"}],"inLanguage":"en-US"},{"@type":"ImageObject","inLanguage":"en-US","@id":"https:\/\/www.visit-ulcinj.com\/blog\/2009\/01\/20\/%e2%80%9cmu-thane-syte%e2%80%9d-aurela-gace-realizon-albumin-e-ri\/#primaryimage","url":"http:\/\/www.visit-ulcinj.com\/blog\/wp-content\/uploads\/2009\/01\/aurela-gace1.jpg","contentUrl":"http:\/\/www.visit-ulcinj.com\/blog\/wp-content\/uploads\/2009\/01\/aurela-gace1.jpg"},{"@type":"WebPage","@id":"https:\/\/www.visit-ulcinj.com\/blog\/2009\/01\/20\/%e2%80%9cmu-thane-syte%e2%80%9d-aurela-gace-realizon-albumin-e-ri\/#webpage","url":"https:\/\/www.visit-ulcinj.com\/blog\/2009\/01\/20\/%e2%80%9cmu-thane-syte%e2%80%9d-aurela-gace-realizon-albumin-e-ri\/","name":"\u201cMu than\u00eb syt\u00eb\u201d: Aurela Ga\u00e7e realizon albumin e ri - Lajme nga Ulqini","isPartOf":{"@id":"https:\/\/www.visit-ulcinj.com\/blog\/#website"},"primaryImageOfPage":{"@id":"https:\/\/www.visit-ulcinj.com\/blog\/2009\/01\/20\/%e2%80%9cmu-thane-syte%e2%80%9d-aurela-gace-realizon-albumin-e-ri\/#primaryimage"},"datePublished":"2009-01-20T22:35:22+00:00","dateModified":"2010-09-01T11:27:11+00:00","author":{"@id":"https:\/\/www.visit-ulcinj.com\/blog\/#\/schema\/person\/dcab619c614d3038751c63bc2aadc06d"},"description":"K\u00ebng\u00ebtarja e njohur nga Shqip\u00ebria, Aurela Ga\u00e7e, k\u00ebtyre dit\u00ebve ka publikuar albumin e ri. \u201cMu than\u00eb syt\u00eb\u201d \u00ebsht\u00eb titulluar CD-ja e hedhur n\u00eb treg nga","breadcrumb":{"@id":"https:\/\/www.visit-ulcinj.com\/blog\/2009\/01\/20\/%e2%80%9cmu-thane-syte%e2%80%9d-aurela-gace-realizon-albumin-e-ri\/#breadcrumb"},"inLanguage":"en-US","potentialAction":[{"@type":"ReadAction","target":["https:\/\/www.visit-ulcinj.com\/blog\/2009\/01\/20\/%e2%80%9cmu-thane-syte%e2%80%9d-aurela-gace-realizon-albumin-e-ri\/"]}]},{"@type":"BreadcrumbList","@id":"https:\/\/www.visit-ulcinj.com\/blog\/2009\/01\/20\/%e2%80%9cmu-thane-syte%e2%80%9d-aurela-gace-realizon-albumin-e-ri\/#breadcrumb","itemListElement":[{"@type":"ListItem","position":1,"name":"\u201cMu than\u00eb syt\u00eb\u201d: Aurela Ga\u00e7e realizon albumin e ri"}]},{"@type":"Person","@id":"https:\/\/www.visit-ulcinj.com\/blog\/#\/schema\/person\/dcab619c614d3038751c63bc2aadc06d","name":"ulqini","sameAs":["http:\/\/www.visit-ulcinj.com"],"url":"https:\/\/www.visit-ulcinj.com\/blog\/author\/admin\/"}]}},"jetpack_featured_media_url":"","jetpack_sharing_enabled":true,"jetpack_shortlink":"https:\/\/wp.me\/pe6lTn-2s9","_links":{"self":[{"href":"https:\/\/www.visit-ulcinj.com\/blog\/wp-json\/wp\/v2\/posts\/9433"}],"collection":[{"href":"https:\/\/www.visit-ulcinj.com\/blog\/wp-json\/wp\/v2\/posts"}],"about":[{"href":"https:\/\/www.visit-ulcinj.com\/blog\/wp-json\/wp\/v2\/types\/post"}],"author":[{"embeddable":true,"href":"https:\/\/www.visit-ulcinj.com\/blog\/wp-json\/wp\/v2\/users\/1"}],"replies":[{"embeddable":true,"href":"https:\/\/www.visit-ulcinj.com\/blog\/wp-json\/wp\/v2\/comments?post=9433"}],"version-history":[{"count":0,"href":"https:\/\/www.visit-ulcinj.com\/blog\/wp-json\/wp\/v2\/posts\/9433\/revisions"}],"wp:attachment":[{"href":"https:\/\/www.visit-ulcinj.com\/blog\/wp-json\/wp\/v2\/media?parent=9433"}],"wp:term":[{"taxonomy":"category","embeddable":true,"href":"https:\/\/www.visit-ulcinj.com\/blog\/wp-json\/wp\/v2\/categories?post=9433"},{"taxonomy":"post_tag","embeddable":true,"href":"https:\/\/www.visit-ulcinj.com\/blog\/wp-json\/wp\/v2\/tags?post=9433"}],"curies":[{"name":"wp","href":"https:\/\/api.w.org\/{rel}","templated":true}]}}