{"id":94344,"date":"2016-02-03T18:17:08","date_gmt":"2016-02-03T17:17:08","guid":{"rendered":"http:\/\/www.visit-ulcinj.com\/blog\/?p=94344"},"modified":"2016-02-04T16:09:38","modified_gmt":"2016-02-04T15:09:38","slug":"partite-shqiptare-per-ndryshimin-e-ligjit-zgjedhor-ne-mal-te-zi","status":"publish","type":"post","link":"https:\/\/www.visit-ulcinj.com\/blog\/2016\/02\/03\/partite-shqiptare-per-ndryshimin-e-ligjit-zgjedhor-ne-mal-te-zi\/","title":{"rendered":"Partit\u00eb shqiptare p\u00ebr ndryshimin e ligjit zgjedhor n\u00eb Mal t\u00eb Zi"},"content":{"rendered":"<p><a href=\"http:\/\/www.visit-ulcinj.com\/blog\/wp-content\/uploads\/2016\/02\/Nazif-Cungu-Krivokapiq-Gjukanoviq.jpg\"><img loading=\"lazy\" class=\"alignleft wp-image-94346\" src=\"http:\/\/www.visit-ulcinj.com\/blog\/wp-content\/uploads\/2016\/02\/Nazif-Cungu-Krivokapiq-Gjukanoviq.jpg\" alt=\"Nazif-Cungu-Krivokapiq-Gjukanoviq\" width=\"508\" height=\"295\" srcset=\"https:\/\/www.visit-ulcinj.com\/blog\/wp-content\/uploads\/2016\/02\/Nazif-Cungu-Krivokapiq-Gjukanoviq.jpg 977w, https:\/\/www.visit-ulcinj.com\/blog\/wp-content\/uploads\/2016\/02\/Nazif-Cungu-Krivokapiq-Gjukanoviq-300x174.jpg 300w\" sizes=\"(max-width: 508px) 100vw, 508px\" \/><\/a><span class=\"credits__photo\"><strong>Foto:<\/strong> <strong>Savo Prelevi\u0107<\/strong><\/span><\/p>\n<p>Partit\u00eb shqiptare n\u00eb Mal t\u00eb Zi do t\u00eb vazhdojn\u00eb t\u00eb ngulin k\u00ebmb\u00eb n\u00eb ndryshimin e ligjit zgjedhor i cili \u00ebsht\u00eb tejet diskriminues ndaj partive shqiptare, m\u00ebson portali Lajm.me.<\/p>\n<p>N\u00eb takimin e liderave t\u00eb partive, i cili \u00ebsht\u00eb planifikuar t\u00eb premten, pritet q\u00eb partit\u00eb shqiptare t\u00eb dor\u00ebzojn\u00eb p\u00ebr diskutim iniciativ\u00ebn e tyre, p\u00ebr t\u00eb cil\u00ebn jan\u00eb marr\u00eb vesh t\u00eb gjitha partit\u00eb.<\/p>\n<p>Nevojen e ndryshimit t\u00eb k\u00ebtij ligji diskriminues, i cili mandatin e partive shqiptare\u00a0 e b\u00ebn dyfish m\u00eb t\u00eb shtrenjt\u00eb se at\u00eb t\u00eb partive qytetare, e kan\u00eb p\u00ebrkrahur deklarativisht kryeministri Gjukanoviq dhe p\u00ebrfaqsuesit e disa partive opozitare.<\/p>\n<p>Gjithsesi, p\u00ebr ndryshimin e k\u00ebtij ligji deri n\u00eb zgjedhjet e ardhshme parlamentare problem mund t\u00eb p\u00ebrfaqsoj\u00eb koha e kufizuar n\u00eb dispozicion.<\/p>\n<p><a href=\"http:\/\/www.visit-ulcinj.com\/blog\/wp-content\/uploads\/2016\/02\/Nazif-Cungu-Krivokapiq-Gjergj-Camaj-.jpg\"><img loading=\"lazy\" class=\"alignleft wp-image-94352\" src=\"http:\/\/www.visit-ulcinj.com\/blog\/wp-content\/uploads\/2016\/02\/Nazif-Cungu-Krivokapiq-Gjergj-Camaj-.jpg\" alt=\"Nazif-Cungu-Krivokapiq-Gjergj-Camaj-\" width=\"508\" height=\"300\" \/><\/a><\/p>\n<p><strong>Mbahet takimi i lider\u00ebve t\u00eb partive, Gjukanoviq s\u00ebrish sqaroi ofert\u00ebn p\u00ebr opozit\u00ebn<\/strong><\/p>\n<p>Lider\u00ebt e partive politike parlamentare mbajt\u00ebn sot takim n\u00eb kuad\u00ebr t\u00eb dialogut parlamentar p\u00ebr nd\u00ebrtimin e besimit n\u00eb procesin zgjedhor. N\u00eb takim nuk mor\u00ebn pjes\u00eb p\u00ebrfaq\u00ebsuesit e Frontit Demokratik, nd\u00ebrsa lideri i Demokrat\u00ebve, Aleksa Be\u00e7iq u largua nga kjo mbledhje, duke theksuar se tema e takimit \u00ebsht\u00eb ristrukturimi i qeveris\u00eb aktuale, kurse ata duan qeveri t\u00eb re. Kryeministri i Malit t\u00eb Zi Millo Gjukanoviq ka theksuar se n\u00eb mbledhjen e mbajtur n\u00eb kuad\u00ebr t\u00eb dialogut parlamentar p\u00ebr nd\u00ebrtimin e besimit n\u00eb procesin zgjedhor ka sqaruar s\u00ebrish ofert\u00ebn p\u00ebr opozit\u00ebn t\u00eb cil\u00ebn e ka kumtuar edhe n\u00eb seanc\u00ebn parlamentare. Pas takimit Gjukanoviq ka theksuar se p\u00ebrfaq\u00ebsuesit e partive tjera kan\u00eb pasur propozimet e veta t\u00eb cilat do t\u00eb shqyrtohen deri t\u00eb premten kur do t\u00eb mbahet mbledhja e radh\u00ebs. Ai ka vler\u00ebsuar se ky takim ishte i suksessh\u00ebm dhe se p\u00ebr ofertat tjera nuk mund t\u00eb deklarohet deri sa t\u00eb mos i lexoj\u00eb ato. M\u00eb par\u00eb kryeministri Millo Gjukanoviq i ftoi t\u00eb gjitha partit\u00eb opozitare n\u00eb parlament q\u00eb t\u00eb hyjn\u00eb n\u00eb qeveri dhe me marrjen e nj\u00eb pjese t\u00eb p\u00ebrgjegj\u00ebsis\u00eb, t\u00eb ndihmojn\u00eb q\u00eb shteti t\u00eb forcoj\u00eb stabilitetin dhe t\u00eb fitoj\u00eb pushtetin meritor pas zgjedhjeve. Kryeministri ka theksuar q\u00eb \u00ebsht\u00eb i gatsh\u00ebm q\u00eb n\u00eb ministrin\u00eb p\u00ebr pun\u00eb t\u00eb brendshme, t\u00eb financave, t\u00eb pun\u00ebs dhe kujdesit social dhe t\u00eb bujq\u00ebsis\u00eb, t\u00eb jap hap\u00ebsir\u00eb p\u00ebr opozit\u00ebn parlamentare q\u00eb t\u00eb hyj\u00eb n\u00eb qeveri. N\u00eb takimin e sot\u00ebm t\u00eb lider\u00ebve t\u00eb partive opozitare, L\u00ebvizja qytetare- URA, DEMOS-i dhe Partia SocialDemokratike kan\u00eb paraqitur platform\u00eb t\u00eb p\u00ebrbashk\u00ebt.<\/p>\n<p><strong>TVCG<\/strong><\/p>\n","protected":false},"excerpt":{"rendered":"<p>Foto: Savo Prelevi\u0107 Partit\u00eb shqiptare n\u00eb Mal t\u00eb Zi do t\u00eb vazhdojn\u00eb t\u00eb ngulin k\u00ebmb\u00eb n\u00eb ndryshimin e ligjit zgjedhor i cili \u00ebsht\u00eb tejet diskriminues ndaj partive shqiptare, m\u00ebson portali Lajm.me. N\u00eb takimin e liderave t\u00eb partive, i cili \u00ebsht\u00eb planifikuar t\u00eb premten, pritet q\u00eb partit\u00eb shqiptare t\u00eb dor\u00ebzojn\u00eb p\u00ebr diskutim iniciativ\u00ebn e tyre, p\u00ebr [&hellip;]<\/p>\n","protected":false},"author":1,"featured_media":0,"comment_status":"closed","ping_status":"closed","sticky":false,"template":"","format":"standard","meta":{"spay_email":"","jetpack_publicize_message":"","jetpack_is_tweetstorm":false,"jetpack_publicize_feature_enabled":true},"categories":[1,6],"tags":[],"jetpack_publicize_connections":[],"yoast_head":"<!-- This site is optimized with the Yoast SEO plugin v19.1 - https:\/\/yoast.com\/wordpress\/plugins\/seo\/ -->\n<title>Partit\u00eb shqiptare p\u00ebr ndryshimin e ligjit zgjedhor n\u00eb Mal t\u00eb Zi - Lajme nga Ulqini<\/title>\n<meta name=\"description\" content=\"Foto: Savo Prelevi\u0107 Partit\u00eb shqiptare n\u00eb Mal t\u00eb Zi do t\u00eb vazhdojn\u00eb t\u00eb ngulin k\u00ebmb\u00eb n\u00eb ndryshimin e ligjit zgjedhor i cili \u00ebsht\u00eb tejet diskriminues ndaj\" \/>\n<meta name=\"robots\" content=\"index, follow, max-snippet:-1, max-image-preview:large, max-video-preview:-1\" \/>\n<link rel=\"canonical\" href=\"https:\/\/www.visit-ulcinj.com\/blog\/2016\/02\/03\/partite-shqiptare-per-ndryshimin-e-ligjit-zgjedhor-ne-mal-te-zi\/\" \/>\n<meta property=\"og:locale\" content=\"en_US\" \/>\n<meta property=\"og:type\" content=\"article\" \/>\n<meta property=\"og:title\" content=\"Partit\u00eb shqiptare p\u00ebr ndryshimin e ligjit zgjedhor n\u00eb Mal t\u00eb Zi - Lajme nga Ulqini\" \/>\n<meta property=\"og:description\" content=\"Foto: Savo Prelevi\u0107 Partit\u00eb shqiptare n\u00eb Mal t\u00eb Zi do t\u00eb vazhdojn\u00eb t\u00eb ngulin k\u00ebmb\u00eb n\u00eb ndryshimin e ligjit zgjedhor i cili \u00ebsht\u00eb tejet diskriminues ndaj\" \/>\n<meta property=\"og:url\" content=\"https:\/\/www.visit-ulcinj.com\/blog\/2016\/02\/03\/partite-shqiptare-per-ndryshimin-e-ligjit-zgjedhor-ne-mal-te-zi\/\" \/>\n<meta property=\"og:site_name\" content=\"Lajme nga Ulqini\" \/>\n<meta property=\"article:published_time\" content=\"2016-02-03T17:17:08+00:00\" \/>\n<meta property=\"article:modified_time\" content=\"2016-02-04T15:09:38+00:00\" \/>\n<meta property=\"og:image\" content=\"http:\/\/www.visit-ulcinj.com\/blog\/wp-content\/uploads\/2016\/02\/Nazif-Cungu-Krivokapiq-Gjukanoviq.jpg\" \/>\n<meta name=\"twitter:label1\" content=\"Written by\" \/>\n\t<meta name=\"twitter:data1\" content=\"ulqini\" \/>\n\t<meta name=\"twitter:label2\" content=\"Est. reading time\" \/>\n\t<meta name=\"twitter:data2\" content=\"2 minutes\" \/>\n<script type=\"application\/ld+json\" class=\"yoast-schema-graph\">{\"@context\":\"https:\/\/schema.org\",\"@graph\":[{\"@type\":\"WebSite\",\"@id\":\"https:\/\/www.visit-ulcinj.com\/blog\/#website\",\"url\":\"https:\/\/www.visit-ulcinj.com\/blog\/\",\"name\":\"Lajme nga Ulqini\",\"description\":\"Lajme,Vijesti,Ulqini,Ulqin,Crna Gora,Mali i Zi\",\"potentialAction\":[{\"@type\":\"SearchAction\",\"target\":{\"@type\":\"EntryPoint\",\"urlTemplate\":\"https:\/\/www.visit-ulcinj.com\/blog\/?s={search_term_string}\"},\"query-input\":\"required name=search_term_string\"}],\"inLanguage\":\"en-US\"},{\"@type\":\"ImageObject\",\"inLanguage\":\"en-US\",\"@id\":\"https:\/\/www.visit-ulcinj.com\/blog\/2016\/02\/03\/partite-shqiptare-per-ndryshimin-e-ligjit-zgjedhor-ne-mal-te-zi\/#primaryimage\",\"url\":\"https:\/\/www.visit-ulcinj.com\/blog\/wp-content\/uploads\/2016\/02\/Nazif-Cungu-Krivokapiq-Gjukanoviq.jpg\",\"contentUrl\":\"https:\/\/www.visit-ulcinj.com\/blog\/wp-content\/uploads\/2016\/02\/Nazif-Cungu-Krivokapiq-Gjukanoviq.jpg\",\"width\":977,\"height\":568},{\"@type\":\"WebPage\",\"@id\":\"https:\/\/www.visit-ulcinj.com\/blog\/2016\/02\/03\/partite-shqiptare-per-ndryshimin-e-ligjit-zgjedhor-ne-mal-te-zi\/#webpage\",\"url\":\"https:\/\/www.visit-ulcinj.com\/blog\/2016\/02\/03\/partite-shqiptare-per-ndryshimin-e-ligjit-zgjedhor-ne-mal-te-zi\/\",\"name\":\"Partit\u00eb shqiptare p\u00ebr ndryshimin e ligjit zgjedhor n\u00eb Mal t\u00eb Zi - Lajme nga Ulqini\",\"isPartOf\":{\"@id\":\"https:\/\/www.visit-ulcinj.com\/blog\/#website\"},\"primaryImageOfPage\":{\"@id\":\"https:\/\/www.visit-ulcinj.com\/blog\/2016\/02\/03\/partite-shqiptare-per-ndryshimin-e-ligjit-zgjedhor-ne-mal-te-zi\/#primaryimage\"},\"datePublished\":\"2016-02-03T17:17:08+00:00\",\"dateModified\":\"2016-02-04T15:09:38+00:00\",\"author\":{\"@id\":\"https:\/\/www.visit-ulcinj.com\/blog\/#\/schema\/person\/dcab619c614d3038751c63bc2aadc06d\"},\"description\":\"Foto: Savo Prelevi\u0107 Partit\u00eb shqiptare n\u00eb Mal t\u00eb Zi do t\u00eb vazhdojn\u00eb t\u00eb ngulin k\u00ebmb\u00eb n\u00eb ndryshimin e ligjit zgjedhor i cili \u00ebsht\u00eb tejet diskriminues ndaj\",\"breadcrumb\":{\"@id\":\"https:\/\/www.visit-ulcinj.com\/blog\/2016\/02\/03\/partite-shqiptare-per-ndryshimin-e-ligjit-zgjedhor-ne-mal-te-zi\/#breadcrumb\"},\"inLanguage\":\"en-US\",\"potentialAction\":[{\"@type\":\"ReadAction\",\"target\":[\"https:\/\/www.visit-ulcinj.com\/blog\/2016\/02\/03\/partite-shqiptare-per-ndryshimin-e-ligjit-zgjedhor-ne-mal-te-zi\/\"]}]},{\"@type\":\"BreadcrumbList\",\"@id\":\"https:\/\/www.visit-ulcinj.com\/blog\/2016\/02\/03\/partite-shqiptare-per-ndryshimin-e-ligjit-zgjedhor-ne-mal-te-zi\/#breadcrumb\",\"itemListElement\":[{\"@type\":\"ListItem\",\"position\":1,\"name\":\"Partit\u00eb shqiptare p\u00ebr ndryshimin e ligjit zgjedhor n\u00eb Mal t\u00eb Zi\"}]},{\"@type\":\"Person\",\"@id\":\"https:\/\/www.visit-ulcinj.com\/blog\/#\/schema\/person\/dcab619c614d3038751c63bc2aadc06d\",\"name\":\"ulqini\",\"sameAs\":[\"http:\/\/www.visit-ulcinj.com\"],\"url\":\"https:\/\/www.visit-ulcinj.com\/blog\/author\/admin\/\"}]}<\/script>\n<!-- \/ Yoast SEO plugin. -->","yoast_head_json":{"title":"Partit\u00eb shqiptare p\u00ebr ndryshimin e ligjit zgjedhor n\u00eb Mal t\u00eb Zi - Lajme nga Ulqini","description":"Foto: Savo Prelevi\u0107 Partit\u00eb shqiptare n\u00eb Mal t\u00eb Zi do t\u00eb vazhdojn\u00eb t\u00eb ngulin k\u00ebmb\u00eb n\u00eb ndryshimin e ligjit zgjedhor i cili \u00ebsht\u00eb tejet diskriminues ndaj","robots":{"index":"index","follow":"follow","max-snippet":"max-snippet:-1","max-image-preview":"max-image-preview:large","max-video-preview":"max-video-preview:-1"},"canonical":"https:\/\/www.visit-ulcinj.com\/blog\/2016\/02\/03\/partite-shqiptare-per-ndryshimin-e-ligjit-zgjedhor-ne-mal-te-zi\/","og_locale":"en_US","og_type":"article","og_title":"Partit\u00eb shqiptare p\u00ebr ndryshimin e ligjit zgjedhor n\u00eb Mal t\u00eb Zi - Lajme nga Ulqini","og_description":"Foto: Savo Prelevi\u0107 Partit\u00eb shqiptare n\u00eb Mal t\u00eb Zi do t\u00eb vazhdojn\u00eb t\u00eb ngulin k\u00ebmb\u00eb n\u00eb ndryshimin e ligjit zgjedhor i cili \u00ebsht\u00eb tejet diskriminues ndaj","og_url":"https:\/\/www.visit-ulcinj.com\/blog\/2016\/02\/03\/partite-shqiptare-per-ndryshimin-e-ligjit-zgjedhor-ne-mal-te-zi\/","og_site_name":"Lajme nga Ulqini","article_published_time":"2016-02-03T17:17:08+00:00","article_modified_time":"2016-02-04T15:09:38+00:00","og_image":[{"url":"http:\/\/www.visit-ulcinj.com\/blog\/wp-content\/uploads\/2016\/02\/Nazif-Cungu-Krivokapiq-Gjukanoviq.jpg"}],"twitter_misc":{"Written by":"ulqini","Est. reading time":"2 minutes"},"schema":{"@context":"https:\/\/schema.org","@graph":[{"@type":"WebSite","@id":"https:\/\/www.visit-ulcinj.com\/blog\/#website","url":"https:\/\/www.visit-ulcinj.com\/blog\/","name":"Lajme nga Ulqini","description":"Lajme,Vijesti,Ulqini,Ulqin,Crna Gora,Mali i Zi","potentialAction":[{"@type":"SearchAction","target":{"@type":"EntryPoint","urlTemplate":"https:\/\/www.visit-ulcinj.com\/blog\/?s={search_term_string}"},"query-input":"required name=search_term_string"}],"inLanguage":"en-US"},{"@type":"ImageObject","inLanguage":"en-US","@id":"https:\/\/www.visit-ulcinj.com\/blog\/2016\/02\/03\/partite-shqiptare-per-ndryshimin-e-ligjit-zgjedhor-ne-mal-te-zi\/#primaryimage","url":"https:\/\/www.visit-ulcinj.com\/blog\/wp-content\/uploads\/2016\/02\/Nazif-Cungu-Krivokapiq-Gjukanoviq.jpg","contentUrl":"https:\/\/www.visit-ulcinj.com\/blog\/wp-content\/uploads\/2016\/02\/Nazif-Cungu-Krivokapiq-Gjukanoviq.jpg","width":977,"height":568},{"@type":"WebPage","@id":"https:\/\/www.visit-ulcinj.com\/blog\/2016\/02\/03\/partite-shqiptare-per-ndryshimin-e-ligjit-zgjedhor-ne-mal-te-zi\/#webpage","url":"https:\/\/www.visit-ulcinj.com\/blog\/2016\/02\/03\/partite-shqiptare-per-ndryshimin-e-ligjit-zgjedhor-ne-mal-te-zi\/","name":"Partit\u00eb shqiptare p\u00ebr ndryshimin e ligjit zgjedhor n\u00eb Mal t\u00eb Zi - Lajme nga Ulqini","isPartOf":{"@id":"https:\/\/www.visit-ulcinj.com\/blog\/#website"},"primaryImageOfPage":{"@id":"https:\/\/www.visit-ulcinj.com\/blog\/2016\/02\/03\/partite-shqiptare-per-ndryshimin-e-ligjit-zgjedhor-ne-mal-te-zi\/#primaryimage"},"datePublished":"2016-02-03T17:17:08+00:00","dateModified":"2016-02-04T15:09:38+00:00","author":{"@id":"https:\/\/www.visit-ulcinj.com\/blog\/#\/schema\/person\/dcab619c614d3038751c63bc2aadc06d"},"description":"Foto: Savo Prelevi\u0107 Partit\u00eb shqiptare n\u00eb Mal t\u00eb Zi do t\u00eb vazhdojn\u00eb t\u00eb ngulin k\u00ebmb\u00eb n\u00eb ndryshimin e ligjit zgjedhor i cili \u00ebsht\u00eb tejet diskriminues ndaj","breadcrumb":{"@id":"https:\/\/www.visit-ulcinj.com\/blog\/2016\/02\/03\/partite-shqiptare-per-ndryshimin-e-ligjit-zgjedhor-ne-mal-te-zi\/#breadcrumb"},"inLanguage":"en-US","potentialAction":[{"@type":"ReadAction","target":["https:\/\/www.visit-ulcinj.com\/blog\/2016\/02\/03\/partite-shqiptare-per-ndryshimin-e-ligjit-zgjedhor-ne-mal-te-zi\/"]}]},{"@type":"BreadcrumbList","@id":"https:\/\/www.visit-ulcinj.com\/blog\/2016\/02\/03\/partite-shqiptare-per-ndryshimin-e-ligjit-zgjedhor-ne-mal-te-zi\/#breadcrumb","itemListElement":[{"@type":"ListItem","position":1,"name":"Partit\u00eb shqiptare p\u00ebr ndryshimin e ligjit zgjedhor n\u00eb Mal t\u00eb Zi"}]},{"@type":"Person","@id":"https:\/\/www.visit-ulcinj.com\/blog\/#\/schema\/person\/dcab619c614d3038751c63bc2aadc06d","name":"ulqini","sameAs":["http:\/\/www.visit-ulcinj.com"],"url":"https:\/\/www.visit-ulcinj.com\/blog\/author\/admin\/"}]}},"jetpack_featured_media_url":"","jetpack_sharing_enabled":true,"jetpack_shortlink":"https:\/\/wp.me\/pe6lTn-oxG","_links":{"self":[{"href":"https:\/\/www.visit-ulcinj.com\/blog\/wp-json\/wp\/v2\/posts\/94344"}],"collection":[{"href":"https:\/\/www.visit-ulcinj.com\/blog\/wp-json\/wp\/v2\/posts"}],"about":[{"href":"https:\/\/www.visit-ulcinj.com\/blog\/wp-json\/wp\/v2\/types\/post"}],"author":[{"embeddable":true,"href":"https:\/\/www.visit-ulcinj.com\/blog\/wp-json\/wp\/v2\/users\/1"}],"replies":[{"embeddable":true,"href":"https:\/\/www.visit-ulcinj.com\/blog\/wp-json\/wp\/v2\/comments?post=94344"}],"version-history":[{"count":4,"href":"https:\/\/www.visit-ulcinj.com\/blog\/wp-json\/wp\/v2\/posts\/94344\/revisions"}],"predecessor-version":[{"id":94353,"href":"https:\/\/www.visit-ulcinj.com\/blog\/wp-json\/wp\/v2\/posts\/94344\/revisions\/94353"}],"wp:attachment":[{"href":"https:\/\/www.visit-ulcinj.com\/blog\/wp-json\/wp\/v2\/media?parent=94344"}],"wp:term":[{"taxonomy":"category","embeddable":true,"href":"https:\/\/www.visit-ulcinj.com\/blog\/wp-json\/wp\/v2\/categories?post=94344"},{"taxonomy":"post_tag","embeddable":true,"href":"https:\/\/www.visit-ulcinj.com\/blog\/wp-json\/wp\/v2\/tags?post=94344"}],"curies":[{"name":"wp","href":"https:\/\/api.w.org\/{rel}","templated":true}]}}