{"id":94360,"date":"2016-02-04T16:25:27","date_gmt":"2016-02-04T15:25:27","guid":{"rendered":"http:\/\/www.visit-ulcinj.com\/blog\/?p=94360"},"modified":"2016-02-04T19:01:49","modified_gmt":"2016-02-04T18:01:49","slug":"investitoret-nga-turqia-kthehen-perseri-ne-ulqin","status":"publish","type":"post","link":"https:\/\/www.visit-ulcinj.com\/blog\/2016\/02\/04\/investitoret-nga-turqia-kthehen-perseri-ne-ulqin\/","title":{"rendered":"Investitor\u00ebt nga Turqia kthehen p\u00ebrseri n\u00eb Ulqin"},"content":{"rendered":"<p><a href=\"http:\/\/www.visit-ulcinj.com\/blog\/wp-content\/uploads\/2016\/02\/Investitoret-turq-ulqin.jpg\"><img loading=\"lazy\" class=\"alignleft wp-image-94361\" src=\"http:\/\/www.visit-ulcinj.com\/blog\/wp-content\/uploads\/2016\/02\/Investitoret-turq-ulqin.jpg\" alt=\"Investitoret-turq-ulqin\" width=\"508\" height=\"406\" srcset=\"https:\/\/www.visit-ulcinj.com\/blog\/wp-content\/uploads\/2016\/02\/Investitoret-turq-ulqin.jpg 960w, https:\/\/www.visit-ulcinj.com\/blog\/wp-content\/uploads\/2016\/02\/Investitoret-turq-ulqin-300x240.jpg 300w\" sizes=\"(max-width: 508px) 100vw, 508px\" \/><\/a>Kryetari i Ulqinit Fatmir Gjeka dhe bashk\u00ebpunetor\u00ebt\u00a0 e tij prit\u00ebn n\u00eb nj\u00eb takim\u00a0 pune perfaq\u00ebsuesit e kompanis\u00eb turke,,Polin ,,t\u00eb cil\u00ebt \u00a0edhe m\u00ebtej\u00a0 insistojn\u00eb \u00a0q\u00eb t\u00eb realizojn\u00eb projektin e\u00a0 akva\u00a0 parkut n\u00eb Shtoj.<\/p>\n<p>Pas\u00a0 bisedimeve t\u00eb\u00a0 hapura dhe miq\u00ebsore\u00a0 pal\u00ebt\u00a0 u dakorduan\u00a0 p\u00ebr dislokimin e parcel\u00ebs\u00a0 me siperfaqe te nj\u00ebt\u00eb sa e para , pra rreth 25 mij\u00eb\u00a0 meter katrore\u00a0 q\u00eb kompanis\u00eb do\u00a0 ti ofrohet\u00a0 me qira.<\/p>\n<p>U tha q\u00eb komuna\u00a0 n\u00eb koh\u00eb\u00a0 rekorde\u00a0 do\u00a0\u00a0 t\u00eb kryj\u00eb obligimet e saja\u00a0 dhe p\u00eblqimi nga ana e Kuvendit do te jet\u00eb gati. Nga ana tjet\u00ebr investitori shprehu\u00a0 gadishm\u00ebri q\u00eb\u00a0 n\u00eb muajin mars t\u00eb fillohet\u00a0 me realizimin\u00a0 e ketij projekti.<\/p>\n<p>Kompania turke\u00a0 krahas\u00a0 k\u00ebtij investimi\u00a0 \u00ebsht\u00eb e interesuar q\u00eb\u00a0\u00a0 t\u00eb investoje edhe ne\u00a0 projekte te tjere\u00a0 n\u00eb Ulqin , vecmas\u00a0 ne fush\u00ebn e\u00a0 turizmit.<\/p>\n<p>Komuna Ulqinit<\/p>\n","protected":false},"excerpt":{"rendered":"<p>Kryetari i Ulqinit Fatmir Gjeka dhe bashk\u00ebpunetor\u00ebt\u00a0 e tij prit\u00ebn n\u00eb nj\u00eb takim\u00a0 pune perfaq\u00ebsuesit e kompanis\u00eb turke,,Polin ,,t\u00eb cil\u00ebt \u00a0edhe m\u00ebtej\u00a0 insistojn\u00eb \u00a0q\u00eb t\u00eb realizojn\u00eb projektin e\u00a0 akva\u00a0 parkut n\u00eb Shtoj. Pas\u00a0 bisedimeve t\u00eb\u00a0 hapura dhe miq\u00ebsore\u00a0 pal\u00ebt\u00a0 u dakorduan\u00a0 p\u00ebr dislokimin e parcel\u00ebs\u00a0 me siperfaqe te nj\u00ebt\u00eb sa e para , pra rreth [&hellip;]<\/p>\n","protected":false},"author":1,"featured_media":0,"comment_status":"closed","ping_status":"closed","sticky":false,"template":"","format":"standard","meta":{"spay_email":"","jetpack_publicize_message":"","jetpack_is_tweetstorm":false,"jetpack_publicize_feature_enabled":true},"categories":[10,1],"tags":[],"jetpack_publicize_connections":[],"yoast_head":"<!-- This site is optimized with the Yoast SEO plugin v19.1 - https:\/\/yoast.com\/wordpress\/plugins\/seo\/ -->\n<title>Investitor\u00ebt nga Turqia kthehen p\u00ebrseri n\u00eb Ulqin - Lajme nga Ulqini<\/title>\n<meta name=\"description\" content=\"Kryetari i Ulqinit Fatmir Gjeka dhe bashk\u00ebpunetor\u00ebt\u00a0 e tij prit\u00ebn n\u00eb nj\u00eb takim\u00a0 pune perfaq\u00ebsuesit e kompanis\u00eb turke,,Polin ,,t\u00eb cil\u00ebt \u00a0edhe m\u00ebtej\u00a0\" \/>\n<meta name=\"robots\" content=\"index, follow, max-snippet:-1, max-image-preview:large, max-video-preview:-1\" \/>\n<link rel=\"canonical\" href=\"https:\/\/www.visit-ulcinj.com\/blog\/2016\/02\/04\/investitoret-nga-turqia-kthehen-perseri-ne-ulqin\/\" \/>\n<meta property=\"og:locale\" content=\"en_US\" \/>\n<meta property=\"og:type\" content=\"article\" \/>\n<meta property=\"og:title\" content=\"Investitor\u00ebt nga Turqia kthehen p\u00ebrseri n\u00eb Ulqin - Lajme nga Ulqini\" \/>\n<meta property=\"og:description\" content=\"Kryetari i Ulqinit Fatmir Gjeka dhe bashk\u00ebpunetor\u00ebt\u00a0 e tij prit\u00ebn n\u00eb nj\u00eb takim\u00a0 pune perfaq\u00ebsuesit e kompanis\u00eb turke,,Polin ,,t\u00eb cil\u00ebt \u00a0edhe m\u00ebtej\u00a0\" \/>\n<meta property=\"og:url\" content=\"https:\/\/www.visit-ulcinj.com\/blog\/2016\/02\/04\/investitoret-nga-turqia-kthehen-perseri-ne-ulqin\/\" \/>\n<meta property=\"og:site_name\" content=\"Lajme nga Ulqini\" \/>\n<meta property=\"article:published_time\" content=\"2016-02-04T15:25:27+00:00\" \/>\n<meta property=\"article:modified_time\" content=\"2016-02-04T18:01:49+00:00\" \/>\n<meta property=\"og:image\" content=\"http:\/\/www.visit-ulcinj.com\/blog\/wp-content\/uploads\/2016\/02\/Investitoret-turq-ulqin.jpg\" \/>\n<meta name=\"twitter:label1\" content=\"Written by\" \/>\n\t<meta name=\"twitter:data1\" content=\"ulqini\" \/>\n\t<meta name=\"twitter:label2\" content=\"Est. reading time\" \/>\n\t<meta name=\"twitter:data2\" content=\"1 minute\" \/>\n<script type=\"application\/ld+json\" class=\"yoast-schema-graph\">{\"@context\":\"https:\/\/schema.org\",\"@graph\":[{\"@type\":\"WebSite\",\"@id\":\"https:\/\/www.visit-ulcinj.com\/blog\/#website\",\"url\":\"https:\/\/www.visit-ulcinj.com\/blog\/\",\"name\":\"Lajme nga Ulqini\",\"description\":\"Lajme,Vijesti,Ulqini,Ulqin,Crna Gora,Mali i Zi\",\"potentialAction\":[{\"@type\":\"SearchAction\",\"target\":{\"@type\":\"EntryPoint\",\"urlTemplate\":\"https:\/\/www.visit-ulcinj.com\/blog\/?s={search_term_string}\"},\"query-input\":\"required name=search_term_string\"}],\"inLanguage\":\"en-US\"},{\"@type\":\"ImageObject\",\"inLanguage\":\"en-US\",\"@id\":\"https:\/\/www.visit-ulcinj.com\/blog\/2016\/02\/04\/investitoret-nga-turqia-kthehen-perseri-ne-ulqin\/#primaryimage\",\"url\":\"https:\/\/www.visit-ulcinj.com\/blog\/wp-content\/uploads\/2016\/02\/Investitoret-turq-ulqin.jpg\",\"contentUrl\":\"https:\/\/www.visit-ulcinj.com\/blog\/wp-content\/uploads\/2016\/02\/Investitoret-turq-ulqin.jpg\",\"width\":960,\"height\":767},{\"@type\":\"WebPage\",\"@id\":\"https:\/\/www.visit-ulcinj.com\/blog\/2016\/02\/04\/investitoret-nga-turqia-kthehen-perseri-ne-ulqin\/#webpage\",\"url\":\"https:\/\/www.visit-ulcinj.com\/blog\/2016\/02\/04\/investitoret-nga-turqia-kthehen-perseri-ne-ulqin\/\",\"name\":\"Investitor\u00ebt nga Turqia kthehen p\u00ebrseri n\u00eb Ulqin - Lajme nga Ulqini\",\"isPartOf\":{\"@id\":\"https:\/\/www.visit-ulcinj.com\/blog\/#website\"},\"primaryImageOfPage\":{\"@id\":\"https:\/\/www.visit-ulcinj.com\/blog\/2016\/02\/04\/investitoret-nga-turqia-kthehen-perseri-ne-ulqin\/#primaryimage\"},\"datePublished\":\"2016-02-04T15:25:27+00:00\",\"dateModified\":\"2016-02-04T18:01:49+00:00\",\"author\":{\"@id\":\"https:\/\/www.visit-ulcinj.com\/blog\/#\/schema\/person\/dcab619c614d3038751c63bc2aadc06d\"},\"description\":\"Kryetari i Ulqinit Fatmir Gjeka dhe bashk\u00ebpunetor\u00ebt\u00a0 e tij prit\u00ebn n\u00eb nj\u00eb takim\u00a0 pune perfaq\u00ebsuesit e kompanis\u00eb turke,,Polin ,,t\u00eb cil\u00ebt \u00a0edhe m\u00ebtej\u00a0\",\"breadcrumb\":{\"@id\":\"https:\/\/www.visit-ulcinj.com\/blog\/2016\/02\/04\/investitoret-nga-turqia-kthehen-perseri-ne-ulqin\/#breadcrumb\"},\"inLanguage\":\"en-US\",\"potentialAction\":[{\"@type\":\"ReadAction\",\"target\":[\"https:\/\/www.visit-ulcinj.com\/blog\/2016\/02\/04\/investitoret-nga-turqia-kthehen-perseri-ne-ulqin\/\"]}]},{\"@type\":\"BreadcrumbList\",\"@id\":\"https:\/\/www.visit-ulcinj.com\/blog\/2016\/02\/04\/investitoret-nga-turqia-kthehen-perseri-ne-ulqin\/#breadcrumb\",\"itemListElement\":[{\"@type\":\"ListItem\",\"position\":1,\"name\":\"Investitor\u00ebt nga Turqia kthehen p\u00ebrseri n\u00eb Ulqin\"}]},{\"@type\":\"Person\",\"@id\":\"https:\/\/www.visit-ulcinj.com\/blog\/#\/schema\/person\/dcab619c614d3038751c63bc2aadc06d\",\"name\":\"ulqini\",\"sameAs\":[\"http:\/\/www.visit-ulcinj.com\"],\"url\":\"https:\/\/www.visit-ulcinj.com\/blog\/author\/admin\/\"}]}<\/script>\n<!-- \/ Yoast SEO plugin. -->","yoast_head_json":{"title":"Investitor\u00ebt nga Turqia kthehen p\u00ebrseri n\u00eb Ulqin - Lajme nga Ulqini","description":"Kryetari i Ulqinit Fatmir Gjeka dhe bashk\u00ebpunetor\u00ebt\u00a0 e tij prit\u00ebn n\u00eb nj\u00eb takim\u00a0 pune perfaq\u00ebsuesit e kompanis\u00eb turke,,Polin ,,t\u00eb cil\u00ebt \u00a0edhe m\u00ebtej\u00a0","robots":{"index":"index","follow":"follow","max-snippet":"max-snippet:-1","max-image-preview":"max-image-preview:large","max-video-preview":"max-video-preview:-1"},"canonical":"https:\/\/www.visit-ulcinj.com\/blog\/2016\/02\/04\/investitoret-nga-turqia-kthehen-perseri-ne-ulqin\/","og_locale":"en_US","og_type":"article","og_title":"Investitor\u00ebt nga Turqia kthehen p\u00ebrseri n\u00eb Ulqin - Lajme nga Ulqini","og_description":"Kryetari i Ulqinit Fatmir Gjeka dhe bashk\u00ebpunetor\u00ebt\u00a0 e tij prit\u00ebn n\u00eb nj\u00eb takim\u00a0 pune perfaq\u00ebsuesit e kompanis\u00eb turke,,Polin ,,t\u00eb cil\u00ebt \u00a0edhe m\u00ebtej\u00a0","og_url":"https:\/\/www.visit-ulcinj.com\/blog\/2016\/02\/04\/investitoret-nga-turqia-kthehen-perseri-ne-ulqin\/","og_site_name":"Lajme nga Ulqini","article_published_time":"2016-02-04T15:25:27+00:00","article_modified_time":"2016-02-04T18:01:49+00:00","og_image":[{"url":"http:\/\/www.visit-ulcinj.com\/blog\/wp-content\/uploads\/2016\/02\/Investitoret-turq-ulqin.jpg"}],"twitter_misc":{"Written by":"ulqini","Est. reading time":"1 minute"},"schema":{"@context":"https:\/\/schema.org","@graph":[{"@type":"WebSite","@id":"https:\/\/www.visit-ulcinj.com\/blog\/#website","url":"https:\/\/www.visit-ulcinj.com\/blog\/","name":"Lajme nga Ulqini","description":"Lajme,Vijesti,Ulqini,Ulqin,Crna Gora,Mali i Zi","potentialAction":[{"@type":"SearchAction","target":{"@type":"EntryPoint","urlTemplate":"https:\/\/www.visit-ulcinj.com\/blog\/?s={search_term_string}"},"query-input":"required name=search_term_string"}],"inLanguage":"en-US"},{"@type":"ImageObject","inLanguage":"en-US","@id":"https:\/\/www.visit-ulcinj.com\/blog\/2016\/02\/04\/investitoret-nga-turqia-kthehen-perseri-ne-ulqin\/#primaryimage","url":"https:\/\/www.visit-ulcinj.com\/blog\/wp-content\/uploads\/2016\/02\/Investitoret-turq-ulqin.jpg","contentUrl":"https:\/\/www.visit-ulcinj.com\/blog\/wp-content\/uploads\/2016\/02\/Investitoret-turq-ulqin.jpg","width":960,"height":767},{"@type":"WebPage","@id":"https:\/\/www.visit-ulcinj.com\/blog\/2016\/02\/04\/investitoret-nga-turqia-kthehen-perseri-ne-ulqin\/#webpage","url":"https:\/\/www.visit-ulcinj.com\/blog\/2016\/02\/04\/investitoret-nga-turqia-kthehen-perseri-ne-ulqin\/","name":"Investitor\u00ebt nga Turqia kthehen p\u00ebrseri n\u00eb Ulqin - Lajme nga Ulqini","isPartOf":{"@id":"https:\/\/www.visit-ulcinj.com\/blog\/#website"},"primaryImageOfPage":{"@id":"https:\/\/www.visit-ulcinj.com\/blog\/2016\/02\/04\/investitoret-nga-turqia-kthehen-perseri-ne-ulqin\/#primaryimage"},"datePublished":"2016-02-04T15:25:27+00:00","dateModified":"2016-02-04T18:01:49+00:00","author":{"@id":"https:\/\/www.visit-ulcinj.com\/blog\/#\/schema\/person\/dcab619c614d3038751c63bc2aadc06d"},"description":"Kryetari i Ulqinit Fatmir Gjeka dhe bashk\u00ebpunetor\u00ebt\u00a0 e tij prit\u00ebn n\u00eb nj\u00eb takim\u00a0 pune perfaq\u00ebsuesit e kompanis\u00eb turke,,Polin ,,t\u00eb cil\u00ebt \u00a0edhe m\u00ebtej\u00a0","breadcrumb":{"@id":"https:\/\/www.visit-ulcinj.com\/blog\/2016\/02\/04\/investitoret-nga-turqia-kthehen-perseri-ne-ulqin\/#breadcrumb"},"inLanguage":"en-US","potentialAction":[{"@type":"ReadAction","target":["https:\/\/www.visit-ulcinj.com\/blog\/2016\/02\/04\/investitoret-nga-turqia-kthehen-perseri-ne-ulqin\/"]}]},{"@type":"BreadcrumbList","@id":"https:\/\/www.visit-ulcinj.com\/blog\/2016\/02\/04\/investitoret-nga-turqia-kthehen-perseri-ne-ulqin\/#breadcrumb","itemListElement":[{"@type":"ListItem","position":1,"name":"Investitor\u00ebt nga Turqia kthehen p\u00ebrseri n\u00eb Ulqin"}]},{"@type":"Person","@id":"https:\/\/www.visit-ulcinj.com\/blog\/#\/schema\/person\/dcab619c614d3038751c63bc2aadc06d","name":"ulqini","sameAs":["http:\/\/www.visit-ulcinj.com"],"url":"https:\/\/www.visit-ulcinj.com\/blog\/author\/admin\/"}]}},"jetpack_featured_media_url":"","jetpack_sharing_enabled":true,"jetpack_shortlink":"https:\/\/wp.me\/pe6lTn-oxW","_links":{"self":[{"href":"https:\/\/www.visit-ulcinj.com\/blog\/wp-json\/wp\/v2\/posts\/94360"}],"collection":[{"href":"https:\/\/www.visit-ulcinj.com\/blog\/wp-json\/wp\/v2\/posts"}],"about":[{"href":"https:\/\/www.visit-ulcinj.com\/blog\/wp-json\/wp\/v2\/types\/post"}],"author":[{"embeddable":true,"href":"https:\/\/www.visit-ulcinj.com\/blog\/wp-json\/wp\/v2\/users\/1"}],"replies":[{"embeddable":true,"href":"https:\/\/www.visit-ulcinj.com\/blog\/wp-json\/wp\/v2\/comments?post=94360"}],"version-history":[{"count":1,"href":"https:\/\/www.visit-ulcinj.com\/blog\/wp-json\/wp\/v2\/posts\/94360\/revisions"}],"predecessor-version":[{"id":94362,"href":"https:\/\/www.visit-ulcinj.com\/blog\/wp-json\/wp\/v2\/posts\/94360\/revisions\/94362"}],"wp:attachment":[{"href":"https:\/\/www.visit-ulcinj.com\/blog\/wp-json\/wp\/v2\/media?parent=94360"}],"wp:term":[{"taxonomy":"category","embeddable":true,"href":"https:\/\/www.visit-ulcinj.com\/blog\/wp-json\/wp\/v2\/categories?post=94360"},{"taxonomy":"post_tag","embeddable":true,"href":"https:\/\/www.visit-ulcinj.com\/blog\/wp-json\/wp\/v2\/tags?post=94360"}],"curies":[{"name":"wp","href":"https:\/\/api.w.org\/{rel}","templated":true}]}}