{"id":94382,"date":"2016-02-05T14:14:40","date_gmt":"2016-02-05T13:14:40","guid":{"rendered":"http:\/\/www.visit-ulcinj.com\/blog\/?p=94382"},"modified":"2016-02-05T21:51:45","modified_gmt":"2016-02-05T20:51:45","slug":"nika-vizita-te-nishani-dhe-kthimi-ne-vitin-zero","status":"publish","type":"post","link":"https:\/\/www.visit-ulcinj.com\/blog\/2016\/02\/05\/nika-vizita-te-nishani-dhe-kthimi-ne-vitin-zero\/","title":{"rendered":"Nika: Vizita te Nishani dhe \u201ckthimi n\u00eb vitin zero&#8230;\u201d ?!!"},"content":{"rendered":"<p><strong><em><a href=\"http:\/\/www.visit-ulcinj.com\/blog\/wp-content\/uploads\/2016\/02\/Bujar-Nishani-me-drejtuesit-e-partive-shqiptare-n\u00eb-Mal-t\u00eb-Zi-Durres.jpg\"><img loading=\"lazy\" class=\"alignleft wp-image-94342\" src=\"http:\/\/www.visit-ulcinj.com\/blog\/wp-content\/uploads\/2016\/02\/Bujar-Nishani-me-drejtuesit-e-partive-shqiptare-n\u00eb-Mal-t\u00eb-Zi-Durres.jpg\" alt=\"Bujar-Nishani -me drejtuesit e partive shqiptare n\u00eb Mal t\u00eb Zi-Durres\" width=\"508\" height=\"337\" srcset=\"https:\/\/www.visit-ulcinj.com\/blog\/wp-content\/uploads\/2016\/02\/Bujar-Nishani-me-drejtuesit-e-partive-shqiptare-n\u00eb-Mal-t\u00eb-Zi-Durres.jpg 810w, https:\/\/www.visit-ulcinj.com\/blog\/wp-content\/uploads\/2016\/02\/Bujar-Nishani-me-drejtuesit-e-partive-shqiptare-n\u00eb-Mal-t\u00eb-Zi-Durres-300x199.jpg 300w\" sizes=\"(max-width: 508px) 100vw, 508px\" \/><\/a>Muhamet Nika<\/em><\/strong><\/p>\n<p>M\u00ebsuam se Presidenti i Shqip\u00ebris\u00eb Bujar Nishani organizoi k\u00ebtyre dit\u00ebve n\u00eb Durr\u00ebs drek\u00ebn e pun\u00ebs p\u00ebr drejtuesit e partive shqiptare dhe t\u00eb K\u00ebshillit Komb\u00ebtar t\u00eb Shqiptar\u00ebve n\u00eb Mal t\u00eb Zi, ku ai u interesua p\u00ebr problemet q\u00eb brengosin komunitetin shqiptar n\u00eb k\u00ebt\u00eb vend.<\/p>\n<p>Nd\u00ebrsa gjithashtu m\u00ebsohet se \u201cn\u00eb takim u fol edhe p\u00ebr nevoj\u00ebn e platform\u00ebs s\u00eb p\u00ebrbashk\u00ebt p\u00ebr pozit\u00ebn e Shqiptar\u00ebve, p\u00ebrpilimi i t\u00eb cil\u00ebs \u00ebsht\u00eb n\u00eb vijim\u2026\u201d<\/p>\n<p>Sipas neve , \u00ebsht\u00eb e v\u00ebrtet\u00eb e madhe q\u00eb shteti shqiptar edhe n\u00eb koh\u00ebn e krizave m\u00eb t\u00eb m\u00ebdha gjith\u00eb her\u00eb \u00ebsht\u00eb p\u00ebrkujdesur dhe p\u00ebrkujdes\u00ebt maksimalisht , p\u00ebr pozit\u00ebn e shqiptar\u00ebve n\u00eb Mal t\u00eb Zi, pa marr\u00eb parasysh vet\u00eb tradhtin\u00eb q\u00eb b\u00ebri politika shqiptare n\u00eb Mal t\u00eb Zi ndaj \u00c7\u00cbSHTJES S\u00cb VET . Merret vesh kur \u00ebsht\u00eb n\u00eb pyetje statusi politik i tyre n\u00eb k\u00ebt\u00eb shtet i cili varet edhe shum\u00eb nga angazhimi i qeveris\u00eb shqiptare . Dihet se ky status ka mundur t\u00eb jet\u00eb edhe m\u00eb i mire, por injorimi i tij u b\u00eb nga vet\u00eb politika shqiptare.<\/p>\n<p>&nbsp;<\/p>\n<p><strong><em>N\u00eb \u00e7ka e bazojm\u00eb konstatimin ton\u00eb p\u00ebr k\u00ebt\u00eb , n\u00eb k\u00ebto 20 vite..?!!!<\/em><\/strong><\/p>\n<p>&nbsp;<\/p>\n<ul>\n<li>Diku pas formimit t\u00eb qeveris\u00eb Rama , ai e nisi p\u00ebrfaq\u00ebsuesin e ministris\u00eb s\u00eb tij n\u00eb \u00a0Ulqin p\u00ebr tu takuar me politik\u00ebn shqiptare n\u00eb Mal t\u00eb Zi, me q\u00ebllim t\u00eb v\u00ebnies s\u00eb kontakteve t\u00eb nd\u00ebrsjella . Mbledhja p\u00ebr koh\u00ebn pam\u00eb se u mbajt n\u00eb hotelin \u201cDolqinio\u201d dhe p\u00ebr \u00e7udin\u00eb e t\u00eb gjith\u00ebve, politikan\u00ebt shqiptar\u00eb i than\u00eb p\u00ebrfaq\u00ebsuesit t\u00eb k\u00ebsaj ministrie, q\u00eb ata nuk jan\u00eb t\u00eb interesuar p\u00ebr bashk\u00ebpunim me qeverin\u00eb socialiste , dhe se ata le t\u00eb pajtohen m\u00eb par\u00eb me partin\u00eb demokratike- <strong><em>BERISH\u00cbN,<\/em><\/strong> e pastaj t\u00eb vijn\u00eb n\u00eb Ulqin<strong><em>&#8211; SEPSE K\u00cbTA \u201c TAN\u00cbT \u201c DILTE T\u00cb JEN\u00cb MOLL\u00cb E PA NDAR\u00cb&#8230;?!<\/em><\/strong><\/li>\n<\/ul>\n<p>Kuptohet se me k\u00ebt\u00eb potez , shqiptar\u00ebt e Malit t\u00eb Zi, e nxor\u00ebn veten jasht\u00eb agjend\u00ebs s\u00eb interesimit t\u00eb Qeveris\u00eb Rama, i cili nga ky moment e K\u00cbTEJ , e nd\u00ebrroi agjend\u00ebn e vet me shqiptar\u00ebt e trojeve dhe u detyrua t\u2019i anashkaloj\u00eb \u201culqinak\u00ebt..\u201d, duke organizuar mbledhje e takime t\u00eb p\u00ebrbashk\u00ebta ve\u00e7 me tjer\u00ebt, deri te ata te t\u00eb dy qeverive : Kosov\u00ebs &#8211; Shqip\u00ebri&#8230;?!<\/p>\n<ul>\n<li>Me k\u00ebt\u00eb politik\u00eb , politika jon\u00eb \u00a0u ul n\u00eb nj\u00eb sof\u00ebr m\u00eb posht\u00eb \u2013 sofr\u00ebn konsultative t\u00eb Nishanit e jo n\u00eb sofr\u00ebn ekzekutive t\u00eb Ram\u00ebs&#8230;?!<\/li>\n<\/ul>\n<p><strong>Shyqyr q\u00eb Rama nuk mban huq dhe me gjith\u00eb at\u00eb e pranoi ofert\u00ebn e Gjek\u00ebs , q\u00eb ta shpallim si qytetar- ulqinak nderi . Edhe pse gjat\u00eb\u00a0\u00a0 marrjes s\u00eb k\u00ebtij titulli, n\u00eb fjalimin e vet &#8211; me humor na e kujtoj se atij i p\u00eblqente ajo k\u00ebnga \u2013 m\u2019ka shku mendjame u feju&#8230;,si qefli grash q\u00eb \u00ebsht\u00eb e jena&#8230;? Por q\u00eb k\u00ebsaj radhe atij i intereson politika shqiptare e jo martesa e radh\u00ebs&#8230;?!<\/strong><\/p>\n<p><strong>Bile se \u00ebsht\u00eb k\u00ebshtu, nga portalet m\u00ebsuam se fal\u00eb interesimit t\u00eb tij dhe reagimit t\u00eb vet para institucioneve evropiane , madje dhe vet\u00eb superstrada Evrop\u00eb- Azi,\u00a0\u00a0 q\u00eb sipas Gjukanoviqit , do t\u00eb duhej me plan hapsinor t\u00eb kalonte kah Podgorica, pas ndikimit t\u00eb Ram\u00ebs, ajo tashti pritet t\u00eb kaloj\u00eb \u00a0kah Ulqini , para se t\u00eb hyj\u00eb n\u00eb Shqip\u00ebri&#8230;?!!! <\/strong><\/p>\n<p><strong>\u00a0<\/strong><\/p>\n<p><strong><em>( vazhdon)-\u00a0\u00a0 Fillet e platform\u00ebs s\u00eb p\u00ebrbashk\u00ebt shqiptare&#8230;?!!!<\/em><\/strong><\/p>\n<p><strong>Pik\u00ebpamjet e shprehura n\u00eb faqen \u201cOPINIONE\u201d nuk p\u00ebrfaq\u00ebsojn\u00eb domosdoshm\u00ebrisht politik\u00ebn redaksionale t\u00eb \u201eLajmeve nga Ulqini\u201e<\/strong><\/p>\n","protected":false},"excerpt":{"rendered":"<p>Muhamet Nika M\u00ebsuam se Presidenti i Shqip\u00ebris\u00eb Bujar Nishani organizoi k\u00ebtyre dit\u00ebve n\u00eb Durr\u00ebs drek\u00ebn e pun\u00ebs p\u00ebr drejtuesit e partive shqiptare dhe t\u00eb K\u00ebshillit Komb\u00ebtar t\u00eb Shqiptar\u00ebve n\u00eb Mal t\u00eb Zi, ku ai u interesua p\u00ebr problemet q\u00eb brengosin komunitetin shqiptar n\u00eb k\u00ebt\u00eb vend. Nd\u00ebrsa gjithashtu m\u00ebsohet se \u201cn\u00eb takim u fol edhe p\u00ebr [&hellip;]<\/p>\n","protected":false},"author":1,"featured_media":0,"comment_status":"closed","ping_status":"closed","sticky":false,"template":"","format":"standard","meta":{"spay_email":"","jetpack_publicize_message":"","jetpack_is_tweetstorm":false,"jetpack_publicize_feature_enabled":true},"categories":[1,14249],"tags":[],"jetpack_publicize_connections":[],"yoast_head":"<!-- This site is optimized with the Yoast SEO plugin v19.1 - https:\/\/yoast.com\/wordpress\/plugins\/seo\/ -->\n<title>Nika: Vizita te Nishani dhe \u201ckthimi n\u00eb vitin zero...\u201d ?!! - Lajme nga Ulqini<\/title>\n<meta name=\"description\" content=\"Muhamet Nika M\u00ebsuam se Presidenti i Shqip\u00ebris\u00eb Bujar Nishani organizoi k\u00ebtyre dit\u00ebve n\u00eb Durr\u00ebs drek\u00ebn e pun\u00ebs p\u00ebr drejtuesit e partive shqiptare dhe t\u00eb\" \/>\n<meta name=\"robots\" content=\"index, follow, max-snippet:-1, max-image-preview:large, max-video-preview:-1\" \/>\n<link rel=\"canonical\" href=\"https:\/\/www.visit-ulcinj.com\/blog\/2016\/02\/05\/nika-vizita-te-nishani-dhe-kthimi-ne-vitin-zero\/\" \/>\n<meta property=\"og:locale\" content=\"en_US\" \/>\n<meta property=\"og:type\" content=\"article\" \/>\n<meta property=\"og:title\" content=\"Nika: Vizita te Nishani dhe \u201ckthimi n\u00eb vitin zero...\u201d ?!! - Lajme nga Ulqini\" \/>\n<meta property=\"og:description\" content=\"Muhamet Nika M\u00ebsuam se Presidenti i Shqip\u00ebris\u00eb Bujar Nishani organizoi k\u00ebtyre dit\u00ebve n\u00eb Durr\u00ebs drek\u00ebn e pun\u00ebs p\u00ebr drejtuesit e partive shqiptare dhe t\u00eb\" \/>\n<meta property=\"og:url\" content=\"https:\/\/www.visit-ulcinj.com\/blog\/2016\/02\/05\/nika-vizita-te-nishani-dhe-kthimi-ne-vitin-zero\/\" \/>\n<meta property=\"og:site_name\" content=\"Lajme nga Ulqini\" \/>\n<meta property=\"article:published_time\" content=\"2016-02-05T13:14:40+00:00\" \/>\n<meta property=\"article:modified_time\" content=\"2016-02-05T20:51:45+00:00\" \/>\n<meta name=\"twitter:label1\" content=\"Written by\" \/>\n\t<meta name=\"twitter:data1\" content=\"ulqini\" \/>\n\t<meta name=\"twitter:label2\" content=\"Est. reading time\" \/>\n\t<meta name=\"twitter:data2\" content=\"3 minutes\" \/>\n<script type=\"application\/ld+json\" class=\"yoast-schema-graph\">{\"@context\":\"https:\/\/schema.org\",\"@graph\":[{\"@type\":\"WebSite\",\"@id\":\"https:\/\/www.visit-ulcinj.com\/blog\/#website\",\"url\":\"https:\/\/www.visit-ulcinj.com\/blog\/\",\"name\":\"Lajme nga Ulqini\",\"description\":\"Lajme,Vijesti,Ulqini,Ulqin,Crna Gora,Mali i Zi\",\"potentialAction\":[{\"@type\":\"SearchAction\",\"target\":{\"@type\":\"EntryPoint\",\"urlTemplate\":\"https:\/\/www.visit-ulcinj.com\/blog\/?s={search_term_string}\"},\"query-input\":\"required name=search_term_string\"}],\"inLanguage\":\"en-US\"},{\"@type\":\"WebPage\",\"@id\":\"https:\/\/www.visit-ulcinj.com\/blog\/2016\/02\/05\/nika-vizita-te-nishani-dhe-kthimi-ne-vitin-zero\/#webpage\",\"url\":\"https:\/\/www.visit-ulcinj.com\/blog\/2016\/02\/05\/nika-vizita-te-nishani-dhe-kthimi-ne-vitin-zero\/\",\"name\":\"Nika: Vizita te Nishani dhe \u201ckthimi n\u00eb vitin zero...\u201d ?!! - Lajme nga Ulqini\",\"isPartOf\":{\"@id\":\"https:\/\/www.visit-ulcinj.com\/blog\/#website\"},\"datePublished\":\"2016-02-05T13:14:40+00:00\",\"dateModified\":\"2016-02-05T20:51:45+00:00\",\"author\":{\"@id\":\"https:\/\/www.visit-ulcinj.com\/blog\/#\/schema\/person\/dcab619c614d3038751c63bc2aadc06d\"},\"description\":\"Muhamet Nika M\u00ebsuam se Presidenti i Shqip\u00ebris\u00eb Bujar Nishani organizoi k\u00ebtyre dit\u00ebve n\u00eb Durr\u00ebs drek\u00ebn e pun\u00ebs p\u00ebr drejtuesit e partive shqiptare dhe t\u00eb\",\"breadcrumb\":{\"@id\":\"https:\/\/www.visit-ulcinj.com\/blog\/2016\/02\/05\/nika-vizita-te-nishani-dhe-kthimi-ne-vitin-zero\/#breadcrumb\"},\"inLanguage\":\"en-US\",\"potentialAction\":[{\"@type\":\"ReadAction\",\"target\":[\"https:\/\/www.visit-ulcinj.com\/blog\/2016\/02\/05\/nika-vizita-te-nishani-dhe-kthimi-ne-vitin-zero\/\"]}]},{\"@type\":\"BreadcrumbList\",\"@id\":\"https:\/\/www.visit-ulcinj.com\/blog\/2016\/02\/05\/nika-vizita-te-nishani-dhe-kthimi-ne-vitin-zero\/#breadcrumb\",\"itemListElement\":[{\"@type\":\"ListItem\",\"position\":1,\"name\":\"Nika: Vizita te Nishani dhe \u201ckthimi n\u00eb vitin zero&#8230;\u201d ?!!\"}]},{\"@type\":\"Person\",\"@id\":\"https:\/\/www.visit-ulcinj.com\/blog\/#\/schema\/person\/dcab619c614d3038751c63bc2aadc06d\",\"name\":\"ulqini\",\"sameAs\":[\"http:\/\/www.visit-ulcinj.com\"],\"url\":\"https:\/\/www.visit-ulcinj.com\/blog\/author\/admin\/\"}]}<\/script>\n<!-- \/ Yoast SEO plugin. -->","yoast_head_json":{"title":"Nika: Vizita te Nishani dhe \u201ckthimi n\u00eb vitin zero...\u201d ?!! - Lajme nga Ulqini","description":"Muhamet Nika M\u00ebsuam se Presidenti i Shqip\u00ebris\u00eb Bujar Nishani organizoi k\u00ebtyre dit\u00ebve n\u00eb Durr\u00ebs drek\u00ebn e pun\u00ebs p\u00ebr drejtuesit e partive shqiptare dhe t\u00eb","robots":{"index":"index","follow":"follow","max-snippet":"max-snippet:-1","max-image-preview":"max-image-preview:large","max-video-preview":"max-video-preview:-1"},"canonical":"https:\/\/www.visit-ulcinj.com\/blog\/2016\/02\/05\/nika-vizita-te-nishani-dhe-kthimi-ne-vitin-zero\/","og_locale":"en_US","og_type":"article","og_title":"Nika: Vizita te Nishani dhe \u201ckthimi n\u00eb vitin zero...\u201d ?!! - Lajme nga Ulqini","og_description":"Muhamet Nika M\u00ebsuam se Presidenti i Shqip\u00ebris\u00eb Bujar Nishani organizoi k\u00ebtyre dit\u00ebve n\u00eb Durr\u00ebs drek\u00ebn e pun\u00ebs p\u00ebr drejtuesit e partive shqiptare dhe t\u00eb","og_url":"https:\/\/www.visit-ulcinj.com\/blog\/2016\/02\/05\/nika-vizita-te-nishani-dhe-kthimi-ne-vitin-zero\/","og_site_name":"Lajme nga Ulqini","article_published_time":"2016-02-05T13:14:40+00:00","article_modified_time":"2016-02-05T20:51:45+00:00","twitter_misc":{"Written by":"ulqini","Est. reading time":"3 minutes"},"schema":{"@context":"https:\/\/schema.org","@graph":[{"@type":"WebSite","@id":"https:\/\/www.visit-ulcinj.com\/blog\/#website","url":"https:\/\/www.visit-ulcinj.com\/blog\/","name":"Lajme nga Ulqini","description":"Lajme,Vijesti,Ulqini,Ulqin,Crna Gora,Mali i Zi","potentialAction":[{"@type":"SearchAction","target":{"@type":"EntryPoint","urlTemplate":"https:\/\/www.visit-ulcinj.com\/blog\/?s={search_term_string}"},"query-input":"required name=search_term_string"}],"inLanguage":"en-US"},{"@type":"WebPage","@id":"https:\/\/www.visit-ulcinj.com\/blog\/2016\/02\/05\/nika-vizita-te-nishani-dhe-kthimi-ne-vitin-zero\/#webpage","url":"https:\/\/www.visit-ulcinj.com\/blog\/2016\/02\/05\/nika-vizita-te-nishani-dhe-kthimi-ne-vitin-zero\/","name":"Nika: Vizita te Nishani dhe \u201ckthimi n\u00eb vitin zero...\u201d ?!! - Lajme nga Ulqini","isPartOf":{"@id":"https:\/\/www.visit-ulcinj.com\/blog\/#website"},"datePublished":"2016-02-05T13:14:40+00:00","dateModified":"2016-02-05T20:51:45+00:00","author":{"@id":"https:\/\/www.visit-ulcinj.com\/blog\/#\/schema\/person\/dcab619c614d3038751c63bc2aadc06d"},"description":"Muhamet Nika M\u00ebsuam se Presidenti i Shqip\u00ebris\u00eb Bujar Nishani organizoi k\u00ebtyre dit\u00ebve n\u00eb Durr\u00ebs drek\u00ebn e pun\u00ebs p\u00ebr drejtuesit e partive shqiptare dhe t\u00eb","breadcrumb":{"@id":"https:\/\/www.visit-ulcinj.com\/blog\/2016\/02\/05\/nika-vizita-te-nishani-dhe-kthimi-ne-vitin-zero\/#breadcrumb"},"inLanguage":"en-US","potentialAction":[{"@type":"ReadAction","target":["https:\/\/www.visit-ulcinj.com\/blog\/2016\/02\/05\/nika-vizita-te-nishani-dhe-kthimi-ne-vitin-zero\/"]}]},{"@type":"BreadcrumbList","@id":"https:\/\/www.visit-ulcinj.com\/blog\/2016\/02\/05\/nika-vizita-te-nishani-dhe-kthimi-ne-vitin-zero\/#breadcrumb","itemListElement":[{"@type":"ListItem","position":1,"name":"Nika: Vizita te Nishani dhe \u201ckthimi n\u00eb vitin zero&#8230;\u201d ?!!"}]},{"@type":"Person","@id":"https:\/\/www.visit-ulcinj.com\/blog\/#\/schema\/person\/dcab619c614d3038751c63bc2aadc06d","name":"ulqini","sameAs":["http:\/\/www.visit-ulcinj.com"],"url":"https:\/\/www.visit-ulcinj.com\/blog\/author\/admin\/"}]}},"jetpack_featured_media_url":"","jetpack_sharing_enabled":true,"jetpack_shortlink":"https:\/\/wp.me\/pe6lTn-oyi","_links":{"self":[{"href":"https:\/\/www.visit-ulcinj.com\/blog\/wp-json\/wp\/v2\/posts\/94382"}],"collection":[{"href":"https:\/\/www.visit-ulcinj.com\/blog\/wp-json\/wp\/v2\/posts"}],"about":[{"href":"https:\/\/www.visit-ulcinj.com\/blog\/wp-json\/wp\/v2\/types\/post"}],"author":[{"embeddable":true,"href":"https:\/\/www.visit-ulcinj.com\/blog\/wp-json\/wp\/v2\/users\/1"}],"replies":[{"embeddable":true,"href":"https:\/\/www.visit-ulcinj.com\/blog\/wp-json\/wp\/v2\/comments?post=94382"}],"version-history":[{"count":1,"href":"https:\/\/www.visit-ulcinj.com\/blog\/wp-json\/wp\/v2\/posts\/94382\/revisions"}],"predecessor-version":[{"id":94383,"href":"https:\/\/www.visit-ulcinj.com\/blog\/wp-json\/wp\/v2\/posts\/94382\/revisions\/94383"}],"wp:attachment":[{"href":"https:\/\/www.visit-ulcinj.com\/blog\/wp-json\/wp\/v2\/media?parent=94382"}],"wp:term":[{"taxonomy":"category","embeddable":true,"href":"https:\/\/www.visit-ulcinj.com\/blog\/wp-json\/wp\/v2\/categories?post=94382"},{"taxonomy":"post_tag","embeddable":true,"href":"https:\/\/www.visit-ulcinj.com\/blog\/wp-json\/wp\/v2\/tags?post=94382"}],"curies":[{"name":"wp","href":"https:\/\/api.w.org\/{rel}","templated":true}]}}