{"id":94390,"date":"2016-02-05T14:41:32","date_gmt":"2016-02-05T13:41:32","guid":{"rendered":"http:\/\/www.visit-ulcinj.com\/blog\/?p=94390"},"modified":"2016-02-05T14:41:32","modified_gmt":"2016-02-05T13:41:32","slug":"opstina-ulcinj-zbog-zemljista-spremna-da-tuzi-bivseg-potpredsjednika-video","status":"publish","type":"post","link":"https:\/\/www.visit-ulcinj.com\/blog\/2016\/02\/05\/opstina-ulcinj-zbog-zemljista-spremna-da-tuzi-bivseg-potpredsjednika-video\/","title":{"rendered":"Op\u0161tina Ulcinj zbog zemlji\u0161ta spremna da tu\u017ei biv\u0161eg potpredsjednika &#8211; Video"},"content":{"rendered":"<p><strong><a href=\"http:\/\/www.visit-ulcinj.com\/blog\/wp-content\/uploads\/2016\/02\/Dzaudet-Cakuli-Ulcinj.jpg\"><img loading=\"lazy\" class=\"alignleft wp-image-94391\" src=\"http:\/\/www.visit-ulcinj.com\/blog\/wp-content\/uploads\/2016\/02\/Dzaudet-Cakuli-Ulcinj.jpg\" alt=\"Dzaudet-Cakuli-Ulcinj\" width=\"508\" height=\"319\" srcset=\"https:\/\/www.visit-ulcinj.com\/blog\/wp-content\/uploads\/2016\/02\/Dzaudet-Cakuli-Ulcinj.jpg 560w, https:\/\/www.visit-ulcinj.com\/blog\/wp-content\/uploads\/2016\/02\/Dzaudet-Cakuli-Ulcinj-300x189.jpg 300w\" sizes=\"(max-width: 508px) 100vw, 508px\" \/><\/a>Cakuli je uplatio akontaciju od 150 hiljada eura jo\u0161 2008. godine, dok je ostatak trebao da isplati u pet rata u iznosu od 37.743 &#8211; na godi\u0161njem nivou, tokom pet godina<\/strong><\/p>\n<p><strong><span class=\"credits__author\"> Autor: Suzana Gani\u0107 <\/span><\/strong><\/p>\n<p>Op\u0161tina Ulcinj tu\u017eila je pred ulcinjskim Osnovnim sudom potpredsjednika FORCE D\u017eaudeta Cakulija jer nije izmirio ugovorene obaveze oko naknade za ure\u0111ivanje gra\u0111evinskog\u00a0zemlji\u0161ta\u00a0za iznos od 200 hiljada eura.<\/p>\n<p>Cakuli je uplatio akontaciju od 150 hiljada eura jo\u0161\u00a02008. godine, dok je ostatak trebao da isplati u pet rata u iznosu od 37.743 &#8211; na godi\u0161njem nivou, tokom pet godina.<\/p>\n<p>Prva rata je trebala biti upla\u0107ena u maju 2012. godine, ali kako to nije u\u010dinio Sekretarijat za za\u0161titu imovine je nakon skoro pet godina podnio tu\u017ebu protiv biv\u0161eg predsjednika Skup\u0161tine op\u0161tine Ulcinj i potpredsjednika Op\u0161tine.<\/p>\n<p>Prvi put Op\u0161tina Ulcinj odlu\u010dila je da presavije tabak i tu\u017ei nekog visokog \u00a0funkcionera, i to zbog duga od 200 hiljada eura. Visoki funkcioner FORCE Dzaudet Cakuli, duguje Op\u0161tini novac jo\u0161\u00a0iz perioda kada je bio potpredsjednik.<\/p>\n<p>&#8220;Dobili smo dopis od nadle\u017enog Sekretarijata da odre\u0111eno lice ne po\u0161tuje ugovorom utvr\u0111ene obaveze vezane za dinamiku isplate tih obaveza i podnijeli smo tu\u017ebu pred sudom za naplatu potra\u017eivanja, na \u0161ta nas zakon obavezuje&#8221;, ka\u017ee\u00a0Gezim Hadzibeti iz Sekratirajata za za\u0161titu imovine.<\/p>\n<p>Da bi Cakuli legalizovao svoj objekat od pet hiljada kvadrata, i dobio gra\u0111evinsku dozvolu, Sekretarijat za komunalne djelatnosti je dostavio Sekretarijatu za urbanizam dokument u kom stoji da su sve obaveze izmirene, i to jo\u0161\u00a02011.\u00a0godine. Pitali smo na koji na\u010din, kada je nakon skoro pet godina podignuta tu\u017eba zbog duga.<\/p>\n<p>&#8220;Akt koji sam potpisao odnosi se da je D\u017eaudet Cakuli regulisao odnose u pogledu placanja naknade za komunalno opremanje, to je u periodu kada je akt poslat, obaveze su bile regulisane ugovorom, koji je jo\u0161\u00a0ranije potpisan&#8221;, ka\u017ee za TV Vijesti\u00a0sekretar za komunalne djelatnosti\u00a0Avdo Dervisi.<\/p>\n<p>Dervisi, koji je tako\u0111e iz redova FORCE, tvrdi da u dokumentu ni\u0161ta nije sporno, te da su obaveze regulisane na na\u010din \u0161to je sklopljen ugovor.<\/p>\n<p>Iako u istom tom ugovoru stoji da je D\u017eaudet Cakuli izmirio obaveze, on tvrdi da je tu\u017eba upu\u0107ena na pogre\u0161nu adresu, te da on nema ni\u0161ta s tim.<\/p>\n<p>&#8220;Moram da naglasim da je tu\u017dba upu\u0106ena na pogre\u0161nu adresu. Investitor je firma Primus elektroniks, pravno lice od momenta izdavanja gra\u0111evinske dozvole. Tako da je Primus taj koji treba da izvr\u0161i obaveze iz ugovora. Op\u0161tina se ovom tuzbom izla\u017ee nepotrebnom tro\u0161ku&#8221;, kazao je Cakuli.<\/p>\n<p>A Primus elektroniks, \u010diji je Cakuli suvlasnik, je firma u ste\u010daju.\u00a0Ono \u0161to bode o\u010di i \u010dudi je to \u0161to se Op\u0161tina u ovom slu\u010daju na nijedan na\u010din nije obezbijedila, niti ugovorom o fiduciji, niti hipotekom.<\/p>\n<p>&#8220;Nije tra\u017eeno, jer se to radi kasnije, predvi\u0111eno je aneksom ugovora, ali nije trazeno i nije dato nikakvo obezbje\u0111enje&#8221;, ka\u017ee Cakuli.<\/p>\n<p>Cakuli tvrdi da 150 hiljada eura koje je avansno uplatio jo\u0161\u00a02008. godine pokrivaju sve tro\u0161kove, te da Op\u0161tina ne treba da dobije vi\u0161e ni cent, jer kako tvrdi nije ispo\u0161tovala ugovorene obaveze. Cakuli, koji je tada bio potpredsjednik ulcinjske op\u0161tine, legalizovao je svoj objekat, a kako saznajemo za ovaj slu\u010daj zainteresovalo se i Specijalno tu\u017eila\u0161tvo.<\/p>\n<p><strong>Izvor: Vijesti Online<\/strong><\/p>\n<!--YouTube Error: bad URL entered-->\n","protected":false},"excerpt":{"rendered":"<p>Cakuli je uplatio akontaciju od 150 hiljada eura jo\u0161 2008. godine, dok je ostatak trebao da isplati u pet rata u iznosu od 37.743 &#8211; na godi\u0161njem nivou, tokom pet godina Autor: Suzana Gani\u0107 Op\u0161tina Ulcinj tu\u017eila je pred ulcinjskim Osnovnim sudom potpredsjednika FORCE D\u017eaudeta Cakulija jer nije izmirio ugovorene obaveze oko naknade za ure\u0111ivanje [&hellip;]<\/p>\n","protected":false},"author":1,"featured_media":0,"comment_status":"closed","ping_status":"closed","sticky":false,"template":"","format":"standard","meta":{"spay_email":"","jetpack_publicize_message":"","jetpack_is_tweetstorm":false,"jetpack_publicize_feature_enabled":true},"categories":[8337],"tags":[],"jetpack_publicize_connections":[],"yoast_head":"<!-- This site is optimized with the Yoast SEO plugin v19.1 - https:\/\/yoast.com\/wordpress\/plugins\/seo\/ -->\n<title>Op\u0161tina Ulcinj zbog zemlji\u0161ta spremna da tu\u017ei biv\u0161eg potpredsjednika - Video - Lajme nga Ulqini<\/title>\n<meta name=\"description\" content=\"Cakuli je uplatio akontaciju od 150 hiljada eura jo\u0161 2008. godine, dok je ostatak trebao da isplati u pet rata u iznosu od 37.743 - na godi\u0161njem nivou,\" \/>\n<meta name=\"robots\" content=\"index, follow, max-snippet:-1, max-image-preview:large, max-video-preview:-1\" \/>\n<link rel=\"canonical\" href=\"https:\/\/www.visit-ulcinj.com\/blog\/2016\/02\/05\/opstina-ulcinj-zbog-zemljista-spremna-da-tuzi-bivseg-potpredsjednika-video\/\" \/>\n<meta property=\"og:locale\" content=\"en_US\" \/>\n<meta property=\"og:type\" content=\"article\" \/>\n<meta property=\"og:title\" content=\"Op\u0161tina Ulcinj zbog zemlji\u0161ta spremna da tu\u017ei biv\u0161eg potpredsjednika - Video - Lajme nga Ulqini\" \/>\n<meta property=\"og:description\" content=\"Cakuli je uplatio akontaciju od 150 hiljada eura jo\u0161 2008. godine, dok je ostatak trebao da isplati u pet rata u iznosu od 37.743 - na godi\u0161njem nivou,\" \/>\n<meta property=\"og:url\" content=\"https:\/\/www.visit-ulcinj.com\/blog\/2016\/02\/05\/opstina-ulcinj-zbog-zemljista-spremna-da-tuzi-bivseg-potpredsjednika-video\/\" \/>\n<meta property=\"og:site_name\" content=\"Lajme nga Ulqini\" \/>\n<meta property=\"article:published_time\" content=\"2016-02-05T13:41:32+00:00\" \/>\n<meta property=\"og:image\" content=\"http:\/\/www.visit-ulcinj.com\/blog\/wp-content\/uploads\/2016\/02\/Dzaudet-Cakuli-Ulcinj.jpg\" \/>\n<meta name=\"twitter:label1\" content=\"Written by\" \/>\n\t<meta name=\"twitter:data1\" content=\"ulqini\" \/>\n\t<meta name=\"twitter:label2\" content=\"Est. reading time\" \/>\n\t<meta name=\"twitter:data2\" content=\"3 minutes\" \/>\n<script type=\"application\/ld+json\" class=\"yoast-schema-graph\">{\"@context\":\"https:\/\/schema.org\",\"@graph\":[{\"@type\":\"WebSite\",\"@id\":\"https:\/\/www.visit-ulcinj.com\/blog\/#website\",\"url\":\"https:\/\/www.visit-ulcinj.com\/blog\/\",\"name\":\"Lajme nga Ulqini\",\"description\":\"Lajme,Vijesti,Ulqini,Ulqin,Crna Gora,Mali i Zi\",\"potentialAction\":[{\"@type\":\"SearchAction\",\"target\":{\"@type\":\"EntryPoint\",\"urlTemplate\":\"https:\/\/www.visit-ulcinj.com\/blog\/?s={search_term_string}\"},\"query-input\":\"required name=search_term_string\"}],\"inLanguage\":\"en-US\"},{\"@type\":\"ImageObject\",\"inLanguage\":\"en-US\",\"@id\":\"https:\/\/www.visit-ulcinj.com\/blog\/2016\/02\/05\/opstina-ulcinj-zbog-zemljista-spremna-da-tuzi-bivseg-potpredsjednika-video\/#primaryimage\",\"url\":\"https:\/\/www.visit-ulcinj.com\/blog\/wp-content\/uploads\/2016\/02\/Dzaudet-Cakuli-Ulcinj.jpg\",\"contentUrl\":\"https:\/\/www.visit-ulcinj.com\/blog\/wp-content\/uploads\/2016\/02\/Dzaudet-Cakuli-Ulcinj.jpg\",\"width\":560,\"height\":352},{\"@type\":\"WebPage\",\"@id\":\"https:\/\/www.visit-ulcinj.com\/blog\/2016\/02\/05\/opstina-ulcinj-zbog-zemljista-spremna-da-tuzi-bivseg-potpredsjednika-video\/#webpage\",\"url\":\"https:\/\/www.visit-ulcinj.com\/blog\/2016\/02\/05\/opstina-ulcinj-zbog-zemljista-spremna-da-tuzi-bivseg-potpredsjednika-video\/\",\"name\":\"Op\u0161tina Ulcinj zbog zemlji\u0161ta spremna da tu\u017ei biv\u0161eg potpredsjednika - Video - Lajme nga Ulqini\",\"isPartOf\":{\"@id\":\"https:\/\/www.visit-ulcinj.com\/blog\/#website\"},\"primaryImageOfPage\":{\"@id\":\"https:\/\/www.visit-ulcinj.com\/blog\/2016\/02\/05\/opstina-ulcinj-zbog-zemljista-spremna-da-tuzi-bivseg-potpredsjednika-video\/#primaryimage\"},\"datePublished\":\"2016-02-05T13:41:32+00:00\",\"dateModified\":\"2016-02-05T13:41:32+00:00\",\"author\":{\"@id\":\"https:\/\/www.visit-ulcinj.com\/blog\/#\/schema\/person\/dcab619c614d3038751c63bc2aadc06d\"},\"description\":\"Cakuli je uplatio akontaciju od 150 hiljada eura jo\u0161 2008. godine, dok je ostatak trebao da isplati u pet rata u iznosu od 37.743 - na godi\u0161njem nivou,\",\"breadcrumb\":{\"@id\":\"https:\/\/www.visit-ulcinj.com\/blog\/2016\/02\/05\/opstina-ulcinj-zbog-zemljista-spremna-da-tuzi-bivseg-potpredsjednika-video\/#breadcrumb\"},\"inLanguage\":\"en-US\",\"potentialAction\":[{\"@type\":\"ReadAction\",\"target\":[\"https:\/\/www.visit-ulcinj.com\/blog\/2016\/02\/05\/opstina-ulcinj-zbog-zemljista-spremna-da-tuzi-bivseg-potpredsjednika-video\/\"]}]},{\"@type\":\"BreadcrumbList\",\"@id\":\"https:\/\/www.visit-ulcinj.com\/blog\/2016\/02\/05\/opstina-ulcinj-zbog-zemljista-spremna-da-tuzi-bivseg-potpredsjednika-video\/#breadcrumb\",\"itemListElement\":[{\"@type\":\"ListItem\",\"position\":1,\"name\":\"Op\u0161tina Ulcinj zbog zemlji\u0161ta spremna da tu\u017ei biv\u0161eg potpredsjednika &#8211; Video\"}]},{\"@type\":\"Person\",\"@id\":\"https:\/\/www.visit-ulcinj.com\/blog\/#\/schema\/person\/dcab619c614d3038751c63bc2aadc06d\",\"name\":\"ulqini\",\"sameAs\":[\"http:\/\/www.visit-ulcinj.com\"],\"url\":\"https:\/\/www.visit-ulcinj.com\/blog\/author\/admin\/\"}]}<\/script>\n<!-- \/ Yoast SEO plugin. -->","yoast_head_json":{"title":"Op\u0161tina Ulcinj zbog zemlji\u0161ta spremna da tu\u017ei biv\u0161eg potpredsjednika - Video - Lajme nga Ulqini","description":"Cakuli je uplatio akontaciju od 150 hiljada eura jo\u0161 2008. godine, dok je ostatak trebao da isplati u pet rata u iznosu od 37.743 - na godi\u0161njem nivou,","robots":{"index":"index","follow":"follow","max-snippet":"max-snippet:-1","max-image-preview":"max-image-preview:large","max-video-preview":"max-video-preview:-1"},"canonical":"https:\/\/www.visit-ulcinj.com\/blog\/2016\/02\/05\/opstina-ulcinj-zbog-zemljista-spremna-da-tuzi-bivseg-potpredsjednika-video\/","og_locale":"en_US","og_type":"article","og_title":"Op\u0161tina Ulcinj zbog zemlji\u0161ta spremna da tu\u017ei biv\u0161eg potpredsjednika - Video - Lajme nga Ulqini","og_description":"Cakuli je uplatio akontaciju od 150 hiljada eura jo\u0161 2008. godine, dok je ostatak trebao da isplati u pet rata u iznosu od 37.743 - na godi\u0161njem nivou,","og_url":"https:\/\/www.visit-ulcinj.com\/blog\/2016\/02\/05\/opstina-ulcinj-zbog-zemljista-spremna-da-tuzi-bivseg-potpredsjednika-video\/","og_site_name":"Lajme nga Ulqini","article_published_time":"2016-02-05T13:41:32+00:00","og_image":[{"url":"http:\/\/www.visit-ulcinj.com\/blog\/wp-content\/uploads\/2016\/02\/Dzaudet-Cakuli-Ulcinj.jpg"}],"twitter_misc":{"Written by":"ulqini","Est. reading time":"3 minutes"},"schema":{"@context":"https:\/\/schema.org","@graph":[{"@type":"WebSite","@id":"https:\/\/www.visit-ulcinj.com\/blog\/#website","url":"https:\/\/www.visit-ulcinj.com\/blog\/","name":"Lajme nga Ulqini","description":"Lajme,Vijesti,Ulqini,Ulqin,Crna Gora,Mali i Zi","potentialAction":[{"@type":"SearchAction","target":{"@type":"EntryPoint","urlTemplate":"https:\/\/www.visit-ulcinj.com\/blog\/?s={search_term_string}"},"query-input":"required name=search_term_string"}],"inLanguage":"en-US"},{"@type":"ImageObject","inLanguage":"en-US","@id":"https:\/\/www.visit-ulcinj.com\/blog\/2016\/02\/05\/opstina-ulcinj-zbog-zemljista-spremna-da-tuzi-bivseg-potpredsjednika-video\/#primaryimage","url":"https:\/\/www.visit-ulcinj.com\/blog\/wp-content\/uploads\/2016\/02\/Dzaudet-Cakuli-Ulcinj.jpg","contentUrl":"https:\/\/www.visit-ulcinj.com\/blog\/wp-content\/uploads\/2016\/02\/Dzaudet-Cakuli-Ulcinj.jpg","width":560,"height":352},{"@type":"WebPage","@id":"https:\/\/www.visit-ulcinj.com\/blog\/2016\/02\/05\/opstina-ulcinj-zbog-zemljista-spremna-da-tuzi-bivseg-potpredsjednika-video\/#webpage","url":"https:\/\/www.visit-ulcinj.com\/blog\/2016\/02\/05\/opstina-ulcinj-zbog-zemljista-spremna-da-tuzi-bivseg-potpredsjednika-video\/","name":"Op\u0161tina Ulcinj zbog zemlji\u0161ta spremna da tu\u017ei biv\u0161eg potpredsjednika - Video - Lajme nga Ulqini","isPartOf":{"@id":"https:\/\/www.visit-ulcinj.com\/blog\/#website"},"primaryImageOfPage":{"@id":"https:\/\/www.visit-ulcinj.com\/blog\/2016\/02\/05\/opstina-ulcinj-zbog-zemljista-spremna-da-tuzi-bivseg-potpredsjednika-video\/#primaryimage"},"datePublished":"2016-02-05T13:41:32+00:00","dateModified":"2016-02-05T13:41:32+00:00","author":{"@id":"https:\/\/www.visit-ulcinj.com\/blog\/#\/schema\/person\/dcab619c614d3038751c63bc2aadc06d"},"description":"Cakuli je uplatio akontaciju od 150 hiljada eura jo\u0161 2008. godine, dok je ostatak trebao da isplati u pet rata u iznosu od 37.743 - na godi\u0161njem nivou,","breadcrumb":{"@id":"https:\/\/www.visit-ulcinj.com\/blog\/2016\/02\/05\/opstina-ulcinj-zbog-zemljista-spremna-da-tuzi-bivseg-potpredsjednika-video\/#breadcrumb"},"inLanguage":"en-US","potentialAction":[{"@type":"ReadAction","target":["https:\/\/www.visit-ulcinj.com\/blog\/2016\/02\/05\/opstina-ulcinj-zbog-zemljista-spremna-da-tuzi-bivseg-potpredsjednika-video\/"]}]},{"@type":"BreadcrumbList","@id":"https:\/\/www.visit-ulcinj.com\/blog\/2016\/02\/05\/opstina-ulcinj-zbog-zemljista-spremna-da-tuzi-bivseg-potpredsjednika-video\/#breadcrumb","itemListElement":[{"@type":"ListItem","position":1,"name":"Op\u0161tina Ulcinj zbog zemlji\u0161ta spremna da tu\u017ei biv\u0161eg potpredsjednika &#8211; Video"}]},{"@type":"Person","@id":"https:\/\/www.visit-ulcinj.com\/blog\/#\/schema\/person\/dcab619c614d3038751c63bc2aadc06d","name":"ulqini","sameAs":["http:\/\/www.visit-ulcinj.com"],"url":"https:\/\/www.visit-ulcinj.com\/blog\/author\/admin\/"}]}},"jetpack_featured_media_url":"","jetpack_sharing_enabled":true,"jetpack_shortlink":"https:\/\/wp.me\/pe6lTn-oyq","_links":{"self":[{"href":"https:\/\/www.visit-ulcinj.com\/blog\/wp-json\/wp\/v2\/posts\/94390"}],"collection":[{"href":"https:\/\/www.visit-ulcinj.com\/blog\/wp-json\/wp\/v2\/posts"}],"about":[{"href":"https:\/\/www.visit-ulcinj.com\/blog\/wp-json\/wp\/v2\/types\/post"}],"author":[{"embeddable":true,"href":"https:\/\/www.visit-ulcinj.com\/blog\/wp-json\/wp\/v2\/users\/1"}],"replies":[{"embeddable":true,"href":"https:\/\/www.visit-ulcinj.com\/blog\/wp-json\/wp\/v2\/comments?post=94390"}],"version-history":[{"count":1,"href":"https:\/\/www.visit-ulcinj.com\/blog\/wp-json\/wp\/v2\/posts\/94390\/revisions"}],"predecessor-version":[{"id":94392,"href":"https:\/\/www.visit-ulcinj.com\/blog\/wp-json\/wp\/v2\/posts\/94390\/revisions\/94392"}],"wp:attachment":[{"href":"https:\/\/www.visit-ulcinj.com\/blog\/wp-json\/wp\/v2\/media?parent=94390"}],"wp:term":[{"taxonomy":"category","embeddable":true,"href":"https:\/\/www.visit-ulcinj.com\/blog\/wp-json\/wp\/v2\/categories?post=94390"},{"taxonomy":"post_tag","embeddable":true,"href":"https:\/\/www.visit-ulcinj.com\/blog\/wp-json\/wp\/v2\/tags?post=94390"}],"curies":[{"name":"wp","href":"https:\/\/api.w.org\/{rel}","templated":true}]}}