{"id":94393,"date":"2016-02-05T14:46:51","date_gmt":"2016-02-05T13:46:51","guid":{"rendered":"http:\/\/www.visit-ulcinj.com\/blog\/?p=94393"},"modified":"2016-02-05T23:20:54","modified_gmt":"2016-02-05T22:20:54","slug":"komuna-ulqinit-padit-cakulin-per-borxhin-prej-200-000-eurosh-video","status":"publish","type":"post","link":"https:\/\/www.visit-ulcinj.com\/blog\/2016\/02\/05\/komuna-ulqinit-padit-cakulin-per-borxhin-prej-200-000-eurosh-video\/","title":{"rendered":"Komuna Ulqinit padit Cakulin p\u00ebr borxhin prej 200.000 eurosh &#8211; Video"},"content":{"rendered":"<p><a href=\"http:\/\/www.visit-ulcinj.com\/blog\/wp-content\/uploads\/2016\/02\/Dzaudet-Cakuli-Ulcinj.jpg\"><img loading=\"lazy\" class=\"alignleft wp-image-94391\" src=\"http:\/\/www.visit-ulcinj.com\/blog\/wp-content\/uploads\/2016\/02\/Dzaudet-Cakuli-Ulcinj.jpg\" alt=\"Dzaudet-Cakuli-Ulcinj\" width=\"508\" height=\"319\" srcset=\"https:\/\/www.visit-ulcinj.com\/blog\/wp-content\/uploads\/2016\/02\/Dzaudet-Cakuli-Ulcinj.jpg 560w, https:\/\/www.visit-ulcinj.com\/blog\/wp-content\/uploads\/2016\/02\/Dzaudet-Cakuli-Ulcinj-300x189.jpg 300w\" sizes=\"(max-width: 508px) 100vw, 508px\" \/><\/a>Komuna e Ulqinit ka paditur para Gjykat\u00ebs themelore n\u00ebnkryetarin e FORC\u00cbS Xhaudet Cakulin\u00eb sepse nuk ka paguar kompensimin p\u00ebr rregullimin e tok\u00ebs nd\u00ebrtimore me vler\u00eb prej 200 mij\u00eb eurosh. Cakuli ka paguar akontacionin prej 150 mij\u00eb euro q\u00eb n\u00eb vitin 2008, derisa pjes\u00ebn e mbetur duhej ta paguante n\u00eb pes\u00eb k\u00ebste me vler\u00eb prej 37.743 euro n\u00eb nivel vjetor, gjat\u00eb pes\u00eb viteve.<\/p>\n<p>K\u00ebsti i par\u00eb duhej t\u00eb paguhej n\u00eb maj t\u00eb vitit 2012, por meq\u00eb kjo gj\u00eb nuk ndodhi, Sekretariati p\u00ebr mbrojtje t\u00eb pasuris\u00eb mbas pes\u00eb viteve dor\u00ebzoj\u00eb padin\u00eb kund\u00ebr ish kryetarit t\u00eb Kuvendit komunal t\u00eb Ulqinit dhe n\u00ebnkryetarit t\u00eb Komun\u00ebs.<\/p>\n<p>Ul.info<\/p>\n<!--YouTube Error: bad URL entered-->\n","protected":false},"excerpt":{"rendered":"<p>Komuna e Ulqinit ka paditur para Gjykat\u00ebs themelore n\u00ebnkryetarin e FORC\u00cbS Xhaudet Cakulin\u00eb sepse nuk ka paguar kompensimin p\u00ebr rregullimin e tok\u00ebs nd\u00ebrtimore me vler\u00eb prej 200 mij\u00eb eurosh. Cakuli ka paguar akontacionin prej 150 mij\u00eb euro q\u00eb n\u00eb vitin 2008, derisa pjes\u00ebn e mbetur duhej ta paguante n\u00eb pes\u00eb k\u00ebste me vler\u00eb prej 37.743 [&hellip;]<\/p>\n","protected":false},"author":1,"featured_media":0,"comment_status":"closed","ping_status":"closed","sticky":false,"template":"","format":"standard","meta":{"spay_email":"","jetpack_publicize_message":"","jetpack_is_tweetstorm":false,"jetpack_publicize_feature_enabled":true},"categories":[2451,12],"tags":[],"jetpack_publicize_connections":[],"yoast_head":"<!-- This site is optimized with the Yoast SEO plugin v19.1 - https:\/\/yoast.com\/wordpress\/plugins\/seo\/ -->\n<title>Komuna Ulqinit padit Cakulin p\u00ebr borxhin prej 200.000 eurosh - Video - Lajme nga Ulqini<\/title>\n<meta name=\"description\" content=\"Komuna e Ulqinit ka paditur para Gjykat\u00ebs themelore n\u00ebnkryetarin e FORC\u00cbS Xhaudet Cakulin\u00eb sepse nuk ka paguar kompensimin p\u00ebr rregullimin e tok\u00ebs\" \/>\n<meta name=\"robots\" content=\"index, follow, max-snippet:-1, max-image-preview:large, max-video-preview:-1\" \/>\n<link rel=\"canonical\" href=\"https:\/\/www.visit-ulcinj.com\/blog\/2016\/02\/05\/komuna-ulqinit-padit-cakulin-per-borxhin-prej-200-000-eurosh-video\/\" \/>\n<meta property=\"og:locale\" content=\"en_US\" \/>\n<meta property=\"og:type\" content=\"article\" \/>\n<meta property=\"og:title\" content=\"Komuna Ulqinit padit Cakulin p\u00ebr borxhin prej 200.000 eurosh - Video - Lajme nga Ulqini\" \/>\n<meta property=\"og:description\" content=\"Komuna e Ulqinit ka paditur para Gjykat\u00ebs themelore n\u00ebnkryetarin e FORC\u00cbS Xhaudet Cakulin\u00eb sepse nuk ka paguar kompensimin p\u00ebr rregullimin e tok\u00ebs\" \/>\n<meta property=\"og:url\" content=\"https:\/\/www.visit-ulcinj.com\/blog\/2016\/02\/05\/komuna-ulqinit-padit-cakulin-per-borxhin-prej-200-000-eurosh-video\/\" \/>\n<meta property=\"og:site_name\" content=\"Lajme nga Ulqini\" \/>\n<meta property=\"article:published_time\" content=\"2016-02-05T13:46:51+00:00\" \/>\n<meta property=\"article:modified_time\" content=\"2016-02-05T22:20:54+00:00\" \/>\n<meta property=\"og:image\" content=\"http:\/\/www.visit-ulcinj.com\/blog\/wp-content\/uploads\/2016\/02\/Dzaudet-Cakuli-Ulcinj.jpg\" \/>\n<meta name=\"twitter:label1\" content=\"Written by\" \/>\n\t<meta name=\"twitter:data1\" content=\"ulqini\" \/>\n\t<meta name=\"twitter:label2\" content=\"Est. reading time\" \/>\n\t<meta name=\"twitter:data2\" content=\"1 minute\" \/>\n<script type=\"application\/ld+json\" class=\"yoast-schema-graph\">{\"@context\":\"https:\/\/schema.org\",\"@graph\":[{\"@type\":\"WebSite\",\"@id\":\"https:\/\/www.visit-ulcinj.com\/blog\/#website\",\"url\":\"https:\/\/www.visit-ulcinj.com\/blog\/\",\"name\":\"Lajme nga Ulqini\",\"description\":\"Lajme,Vijesti,Ulqini,Ulqin,Crna Gora,Mali i Zi\",\"potentialAction\":[{\"@type\":\"SearchAction\",\"target\":{\"@type\":\"EntryPoint\",\"urlTemplate\":\"https:\/\/www.visit-ulcinj.com\/blog\/?s={search_term_string}\"},\"query-input\":\"required name=search_term_string\"}],\"inLanguage\":\"en-US\"},{\"@type\":\"ImageObject\",\"inLanguage\":\"en-US\",\"@id\":\"https:\/\/www.visit-ulcinj.com\/blog\/2016\/02\/05\/komuna-ulqinit-padit-cakulin-per-borxhin-prej-200-000-eurosh-video\/#primaryimage\",\"url\":\"https:\/\/www.visit-ulcinj.com\/blog\/wp-content\/uploads\/2016\/02\/Dzaudet-Cakuli-Ulcinj.jpg\",\"contentUrl\":\"https:\/\/www.visit-ulcinj.com\/blog\/wp-content\/uploads\/2016\/02\/Dzaudet-Cakuli-Ulcinj.jpg\",\"width\":560,\"height\":352},{\"@type\":\"WebPage\",\"@id\":\"https:\/\/www.visit-ulcinj.com\/blog\/2016\/02\/05\/komuna-ulqinit-padit-cakulin-per-borxhin-prej-200-000-eurosh-video\/#webpage\",\"url\":\"https:\/\/www.visit-ulcinj.com\/blog\/2016\/02\/05\/komuna-ulqinit-padit-cakulin-per-borxhin-prej-200-000-eurosh-video\/\",\"name\":\"Komuna Ulqinit padit Cakulin p\u00ebr borxhin prej 200.000 eurosh - Video - Lajme nga Ulqini\",\"isPartOf\":{\"@id\":\"https:\/\/www.visit-ulcinj.com\/blog\/#website\"},\"primaryImageOfPage\":{\"@id\":\"https:\/\/www.visit-ulcinj.com\/blog\/2016\/02\/05\/komuna-ulqinit-padit-cakulin-per-borxhin-prej-200-000-eurosh-video\/#primaryimage\"},\"datePublished\":\"2016-02-05T13:46:51+00:00\",\"dateModified\":\"2016-02-05T22:20:54+00:00\",\"author\":{\"@id\":\"https:\/\/www.visit-ulcinj.com\/blog\/#\/schema\/person\/dcab619c614d3038751c63bc2aadc06d\"},\"description\":\"Komuna e Ulqinit ka paditur para Gjykat\u00ebs themelore n\u00ebnkryetarin e FORC\u00cbS Xhaudet Cakulin\u00eb sepse nuk ka paguar kompensimin p\u00ebr rregullimin e tok\u00ebs\",\"breadcrumb\":{\"@id\":\"https:\/\/www.visit-ulcinj.com\/blog\/2016\/02\/05\/komuna-ulqinit-padit-cakulin-per-borxhin-prej-200-000-eurosh-video\/#breadcrumb\"},\"inLanguage\":\"en-US\",\"potentialAction\":[{\"@type\":\"ReadAction\",\"target\":[\"https:\/\/www.visit-ulcinj.com\/blog\/2016\/02\/05\/komuna-ulqinit-padit-cakulin-per-borxhin-prej-200-000-eurosh-video\/\"]}]},{\"@type\":\"BreadcrumbList\",\"@id\":\"https:\/\/www.visit-ulcinj.com\/blog\/2016\/02\/05\/komuna-ulqinit-padit-cakulin-per-borxhin-prej-200-000-eurosh-video\/#breadcrumb\",\"itemListElement\":[{\"@type\":\"ListItem\",\"position\":1,\"name\":\"Komuna Ulqinit padit Cakulin p\u00ebr borxhin prej 200.000 eurosh &#8211; Video\"}]},{\"@type\":\"Person\",\"@id\":\"https:\/\/www.visit-ulcinj.com\/blog\/#\/schema\/person\/dcab619c614d3038751c63bc2aadc06d\",\"name\":\"ulqini\",\"sameAs\":[\"http:\/\/www.visit-ulcinj.com\"],\"url\":\"https:\/\/www.visit-ulcinj.com\/blog\/author\/admin\/\"}]}<\/script>\n<!-- \/ Yoast SEO plugin. -->","yoast_head_json":{"title":"Komuna Ulqinit padit Cakulin p\u00ebr borxhin prej 200.000 eurosh - Video - Lajme nga Ulqini","description":"Komuna e Ulqinit ka paditur para Gjykat\u00ebs themelore n\u00ebnkryetarin e FORC\u00cbS Xhaudet Cakulin\u00eb sepse nuk ka paguar kompensimin p\u00ebr rregullimin e tok\u00ebs","robots":{"index":"index","follow":"follow","max-snippet":"max-snippet:-1","max-image-preview":"max-image-preview:large","max-video-preview":"max-video-preview:-1"},"canonical":"https:\/\/www.visit-ulcinj.com\/blog\/2016\/02\/05\/komuna-ulqinit-padit-cakulin-per-borxhin-prej-200-000-eurosh-video\/","og_locale":"en_US","og_type":"article","og_title":"Komuna Ulqinit padit Cakulin p\u00ebr borxhin prej 200.000 eurosh - Video - Lajme nga Ulqini","og_description":"Komuna e Ulqinit ka paditur para Gjykat\u00ebs themelore n\u00ebnkryetarin e FORC\u00cbS Xhaudet Cakulin\u00eb sepse nuk ka paguar kompensimin p\u00ebr rregullimin e tok\u00ebs","og_url":"https:\/\/www.visit-ulcinj.com\/blog\/2016\/02\/05\/komuna-ulqinit-padit-cakulin-per-borxhin-prej-200-000-eurosh-video\/","og_site_name":"Lajme nga Ulqini","article_published_time":"2016-02-05T13:46:51+00:00","article_modified_time":"2016-02-05T22:20:54+00:00","og_image":[{"url":"http:\/\/www.visit-ulcinj.com\/blog\/wp-content\/uploads\/2016\/02\/Dzaudet-Cakuli-Ulcinj.jpg"}],"twitter_misc":{"Written by":"ulqini","Est. reading time":"1 minute"},"schema":{"@context":"https:\/\/schema.org","@graph":[{"@type":"WebSite","@id":"https:\/\/www.visit-ulcinj.com\/blog\/#website","url":"https:\/\/www.visit-ulcinj.com\/blog\/","name":"Lajme nga Ulqini","description":"Lajme,Vijesti,Ulqini,Ulqin,Crna Gora,Mali i Zi","potentialAction":[{"@type":"SearchAction","target":{"@type":"EntryPoint","urlTemplate":"https:\/\/www.visit-ulcinj.com\/blog\/?s={search_term_string}"},"query-input":"required name=search_term_string"}],"inLanguage":"en-US"},{"@type":"ImageObject","inLanguage":"en-US","@id":"https:\/\/www.visit-ulcinj.com\/blog\/2016\/02\/05\/komuna-ulqinit-padit-cakulin-per-borxhin-prej-200-000-eurosh-video\/#primaryimage","url":"https:\/\/www.visit-ulcinj.com\/blog\/wp-content\/uploads\/2016\/02\/Dzaudet-Cakuli-Ulcinj.jpg","contentUrl":"https:\/\/www.visit-ulcinj.com\/blog\/wp-content\/uploads\/2016\/02\/Dzaudet-Cakuli-Ulcinj.jpg","width":560,"height":352},{"@type":"WebPage","@id":"https:\/\/www.visit-ulcinj.com\/blog\/2016\/02\/05\/komuna-ulqinit-padit-cakulin-per-borxhin-prej-200-000-eurosh-video\/#webpage","url":"https:\/\/www.visit-ulcinj.com\/blog\/2016\/02\/05\/komuna-ulqinit-padit-cakulin-per-borxhin-prej-200-000-eurosh-video\/","name":"Komuna Ulqinit padit Cakulin p\u00ebr borxhin prej 200.000 eurosh - Video - Lajme nga Ulqini","isPartOf":{"@id":"https:\/\/www.visit-ulcinj.com\/blog\/#website"},"primaryImageOfPage":{"@id":"https:\/\/www.visit-ulcinj.com\/blog\/2016\/02\/05\/komuna-ulqinit-padit-cakulin-per-borxhin-prej-200-000-eurosh-video\/#primaryimage"},"datePublished":"2016-02-05T13:46:51+00:00","dateModified":"2016-02-05T22:20:54+00:00","author":{"@id":"https:\/\/www.visit-ulcinj.com\/blog\/#\/schema\/person\/dcab619c614d3038751c63bc2aadc06d"},"description":"Komuna e Ulqinit ka paditur para Gjykat\u00ebs themelore n\u00ebnkryetarin e FORC\u00cbS Xhaudet Cakulin\u00eb sepse nuk ka paguar kompensimin p\u00ebr rregullimin e tok\u00ebs","breadcrumb":{"@id":"https:\/\/www.visit-ulcinj.com\/blog\/2016\/02\/05\/komuna-ulqinit-padit-cakulin-per-borxhin-prej-200-000-eurosh-video\/#breadcrumb"},"inLanguage":"en-US","potentialAction":[{"@type":"ReadAction","target":["https:\/\/www.visit-ulcinj.com\/blog\/2016\/02\/05\/komuna-ulqinit-padit-cakulin-per-borxhin-prej-200-000-eurosh-video\/"]}]},{"@type":"BreadcrumbList","@id":"https:\/\/www.visit-ulcinj.com\/blog\/2016\/02\/05\/komuna-ulqinit-padit-cakulin-per-borxhin-prej-200-000-eurosh-video\/#breadcrumb","itemListElement":[{"@type":"ListItem","position":1,"name":"Komuna Ulqinit padit Cakulin p\u00ebr borxhin prej 200.000 eurosh &#8211; Video"}]},{"@type":"Person","@id":"https:\/\/www.visit-ulcinj.com\/blog\/#\/schema\/person\/dcab619c614d3038751c63bc2aadc06d","name":"ulqini","sameAs":["http:\/\/www.visit-ulcinj.com"],"url":"https:\/\/www.visit-ulcinj.com\/blog\/author\/admin\/"}]}},"jetpack_featured_media_url":"","jetpack_sharing_enabled":true,"jetpack_shortlink":"https:\/\/wp.me\/pe6lTn-oyt","_links":{"self":[{"href":"https:\/\/www.visit-ulcinj.com\/blog\/wp-json\/wp\/v2\/posts\/94393"}],"collection":[{"href":"https:\/\/www.visit-ulcinj.com\/blog\/wp-json\/wp\/v2\/posts"}],"about":[{"href":"https:\/\/www.visit-ulcinj.com\/blog\/wp-json\/wp\/v2\/types\/post"}],"author":[{"embeddable":true,"href":"https:\/\/www.visit-ulcinj.com\/blog\/wp-json\/wp\/v2\/users\/1"}],"replies":[{"embeddable":true,"href":"https:\/\/www.visit-ulcinj.com\/blog\/wp-json\/wp\/v2\/comments?post=94393"}],"version-history":[{"count":1,"href":"https:\/\/www.visit-ulcinj.com\/blog\/wp-json\/wp\/v2\/posts\/94393\/revisions"}],"predecessor-version":[{"id":94394,"href":"https:\/\/www.visit-ulcinj.com\/blog\/wp-json\/wp\/v2\/posts\/94393\/revisions\/94394"}],"wp:attachment":[{"href":"https:\/\/www.visit-ulcinj.com\/blog\/wp-json\/wp\/v2\/media?parent=94393"}],"wp:term":[{"taxonomy":"category","embeddable":true,"href":"https:\/\/www.visit-ulcinj.com\/blog\/wp-json\/wp\/v2\/categories?post=94393"},{"taxonomy":"post_tag","embeddable":true,"href":"https:\/\/www.visit-ulcinj.com\/blog\/wp-json\/wp\/v2\/tags?post=94393"}],"curies":[{"name":"wp","href":"https:\/\/api.w.org\/{rel}","templated":true}]}}