{"id":94401,"date":"2016-02-05T21:56:48","date_gmt":"2016-02-05T20:56:48","guid":{"rendered":"http:\/\/www.visit-ulcinj.com\/blog\/?p=94401"},"modified":"2016-02-05T21:59:04","modified_gmt":"2016-02-05T20:59:04","slug":"ulcinj-na-medunarodnom-sajmu-u-tirani-2016","status":"publish","type":"post","link":"https:\/\/www.visit-ulcinj.com\/blog\/2016\/02\/05\/ulcinj-na-medunarodnom-sajmu-u-tirani-2016\/","title":{"rendered":"TO Ulcinj na Me\u0111unarodnom sajmu u Tirani 2016"},"content":{"rendered":"<p><strong><a href=\"http:\/\/www.visit-ulcinj.com\/blog\/wp-content\/uploads\/2016\/02\/Panairi-Nderkombetar-i-Tiranes-2016-OT-ULQIN-TO-Ulcinj-2.jpg\"><img loading=\"lazy\" class=\"alignleft wp-image-94399\" src=\"http:\/\/www.visit-ulcinj.com\/blog\/wp-content\/uploads\/2016\/02\/Panairi-Nderkombetar-i-Tiranes-2016-OT-ULQIN-TO-Ulcinj-2.jpg\" alt=\"Panairi Nderkombetar i Tiranes 2016-OT-ULQIN-TO-Ulcinj-2\" width=\"508\" height=\"286\" srcset=\"https:\/\/www.visit-ulcinj.com\/blog\/wp-content\/uploads\/2016\/02\/Panairi-Nderkombetar-i-Tiranes-2016-OT-ULQIN-TO-Ulcinj-2.jpg 960w, https:\/\/www.visit-ulcinj.com\/blog\/wp-content\/uploads\/2016\/02\/Panairi-Nderkombetar-i-Tiranes-2016-OT-ULQIN-TO-Ulcinj-2-300x169.jpg 300w\" sizes=\"(max-width: 508px) 100vw, 508px\" \/><\/a>Tirana 2016<\/strong><\/p>\n<p>Turisti\u010dka Organizacija Ulcinj po drugi put nastupa na sajmu turizma u Tirani koji se odr\u017eava 5 i 6.februara. Ove godine TO Ulcinj je organizator sajma uz podr\u0161ku Nacionalne Turisti\u010dke Organizacije CG a zajedno sa nama prisutni su i kolege iz TO Budva, Bar, Podgorica, Kola\u0161in, \u017dabljak i Ro\u017eaje kao i privrednici i hotelijeri kao \u0161to su Ski centar Vucje, Avala i Bianca, The Queen of Montenegro, Budvanska Rivijera, Pallata Venezia, Giovanni Trade i Copacabana , Grand i dr.<\/p>\n<p>Sajam organizuje poznata firma u Albaniji za sajmove Albexpo Group u saradnji sa Albanskim Udru\u017eenjem turista i Nacionalnom Agencijom turizma a u\u010destvuje preko 100 turisti\u010dkih operatera sa svih podru\u010dja kako bi promovisali svoje turisti\u010dke ponude i usluge.<\/p>\n<p>Na otvaranju sajma pozdravnu rije\u010d je imala i direktorica TO ulcinj g.Zana Sarvan koja je izrazila zadovoljstvo nalaze\u0107i se na ovom sajmu, a nada se da \u0107e se dobri me\u0111usobni odnosi nastaviti i u budu\u0107e, Ona je rekla jda Ulcinj sprema dobru turisti\u010dku sezonu a tako\u0111e pozvala turiste iz Albanije da ove godine posjete Ulcinj i Crnu Goru. Tokom dana direktorica je dala brojne intervjue za najpoznatije albanske televizije, a novinari na \u0161tandu CG su imali priliku da degustiraju ulcinjske tradicionalne poslastice koje je TO napravila sa ovaj sajam i posjetioce sajma.<\/p>\n<p>\u0160tand Crne Gore je danas posjetio i ambassador CG u Albaniji g.Ferhat Dinosha sa njegovim saradnicima.<\/p>\n<p>Albanija je va\u017eno tr\u017ei\u0161te za Crnu Goru, jer zadnjih godina imamo sve ve\u0107i broj turista sa ovog podru\u010dja ali svakako da moramo vi\u0161e raditi na promociju turisti\u010dke ponude. Sajam \u0107e trajati jo\u0161 sjutra 6.februara i mo\u017eemo re\u0107i da je na\u0161a turisti\u010dka ponuda probudila veliko interesovanje.<\/p>\n<p>&nbsp;<\/p>\n<p><strong>Stru\u010dna slu\u017eba TO Ulcinj<\/strong><\/p>\n<p><a href=\"http:\/\/www.visit-ulcinj.com\/blog\/wp-content\/uploads\/2016\/02\/Panairi-Nderkombetar-i-Tiranes-2016-OT-ULQIN-TO-Ulcinj-3.jpg\"><img loading=\"lazy\" class=\"alignleft wp-image-94396\" src=\"http:\/\/www.visit-ulcinj.com\/blog\/wp-content\/uploads\/2016\/02\/Panairi-Nderkombetar-i-Tiranes-2016-OT-ULQIN-TO-Ulcinj-3.jpg\" alt=\"Panairi Nderkombetar i Tiranes 2016-OT-ULQIN-TO-Ulcinj-3\" width=\"508\" height=\"286\" srcset=\"https:\/\/www.visit-ulcinj.com\/blog\/wp-content\/uploads\/2016\/02\/Panairi-Nderkombetar-i-Tiranes-2016-OT-ULQIN-TO-Ulcinj-3.jpg 960w, https:\/\/www.visit-ulcinj.com\/blog\/wp-content\/uploads\/2016\/02\/Panairi-Nderkombetar-i-Tiranes-2016-OT-ULQIN-TO-Ulcinj-3-300x169.jpg 300w\" sizes=\"(max-width: 508px) 100vw, 508px\" \/><\/a><\/p>\n<p><a href=\"http:\/\/www.visit-ulcinj.com\/blog\/wp-content\/uploads\/2016\/02\/Panairi-Nderkombetar-i-Tiranes-2016-OT-ULQIN-TO-Ulcinj-1.jpg\"><img loading=\"lazy\" class=\"alignleft wp-image-94398\" src=\"http:\/\/www.visit-ulcinj.com\/blog\/wp-content\/uploads\/2016\/02\/Panairi-Nderkombetar-i-Tiranes-2016-OT-ULQIN-TO-Ulcinj-1.jpg\" alt=\"Panairi Nderkombetar i Tiranes 2016-OT-ULQIN-TO-Ulcinj-1\" width=\"508\" height=\"286\" srcset=\"https:\/\/www.visit-ulcinj.com\/blog\/wp-content\/uploads\/2016\/02\/Panairi-Nderkombetar-i-Tiranes-2016-OT-ULQIN-TO-Ulcinj-1.jpg 960w, https:\/\/www.visit-ulcinj.com\/blog\/wp-content\/uploads\/2016\/02\/Panairi-Nderkombetar-i-Tiranes-2016-OT-ULQIN-TO-Ulcinj-1-300x169.jpg 300w\" sizes=\"(max-width: 508px) 100vw, 508px\" \/><\/a><\/p>\n<p><a href=\"http:\/\/www.visit-ulcinj.com\/blog\/wp-content\/uploads\/2016\/02\/Panairi-Nderkombetar-i-Tiranes-2016-OT-ULQIN-TO-Ulcinj.jpg\"><img loading=\"lazy\" class=\"alignleft wp-image-94397\" src=\"http:\/\/www.visit-ulcinj.com\/blog\/wp-content\/uploads\/2016\/02\/Panairi-Nderkombetar-i-Tiranes-2016-OT-ULQIN-TO-Ulcinj.jpg\" alt=\"Panairi Nderkombetar i Tiranes 2016-OT-ULQIN-TO-Ulcinj\" width=\"508\" height=\"286\" srcset=\"https:\/\/www.visit-ulcinj.com\/blog\/wp-content\/uploads\/2016\/02\/Panairi-Nderkombetar-i-Tiranes-2016-OT-ULQIN-TO-Ulcinj.jpg 960w, https:\/\/www.visit-ulcinj.com\/blog\/wp-content\/uploads\/2016\/02\/Panairi-Nderkombetar-i-Tiranes-2016-OT-ULQIN-TO-Ulcinj-300x169.jpg 300w\" sizes=\"(max-width: 508px) 100vw, 508px\" \/><\/a><\/p>\n","protected":false},"excerpt":{"rendered":"<p>Tirana 2016 Turisti\u010dka Organizacija Ulcinj po drugi put nastupa na sajmu turizma u Tirani koji se odr\u017eava 5 i 6.februara. Ove godine TO Ulcinj je organizator sajma uz podr\u0161ku Nacionalne Turisti\u010dke Organizacije CG a zajedno sa nama prisutni su i kolege iz TO Budva, Bar, Podgorica, Kola\u0161in, \u017dabljak i Ro\u017eaje kao i privrednici i hotelijeri [&hellip;]<\/p>\n","protected":false},"author":1,"featured_media":0,"comment_status":"closed","ping_status":"closed","sticky":false,"template":"","format":"standard","meta":{"spay_email":"","jetpack_publicize_message":"","jetpack_is_tweetstorm":false,"jetpack_publicize_feature_enabled":true},"categories":[8337],"tags":[],"jetpack_publicize_connections":[],"yoast_head":"<!-- This site is optimized with the Yoast SEO plugin v19.1 - https:\/\/yoast.com\/wordpress\/plugins\/seo\/ -->\n<title>TO Ulcinj na Me\u0111unarodnom sajmu u Tirani 2016 - Lajme nga Ulqini<\/title>\n<meta name=\"description\" content=\"Tirana 2016 Turisti\u010dka Organizacija Ulcinj po drugi put nastupa na sajmu turizma u Tirani koji se odr\u017eava 5 i 6.februara. Ove godine TO Ulcinj je\" \/>\n<meta name=\"robots\" content=\"index, follow, max-snippet:-1, max-image-preview:large, max-video-preview:-1\" \/>\n<link rel=\"canonical\" href=\"https:\/\/www.visit-ulcinj.com\/blog\/2016\/02\/05\/ulcinj-na-medunarodnom-sajmu-u-tirani-2016\/\" \/>\n<meta property=\"og:locale\" content=\"en_US\" \/>\n<meta property=\"og:type\" content=\"article\" \/>\n<meta property=\"og:title\" content=\"TO Ulcinj na Me\u0111unarodnom sajmu u Tirani 2016 - Lajme nga Ulqini\" \/>\n<meta property=\"og:description\" content=\"Tirana 2016 Turisti\u010dka Organizacija Ulcinj po drugi put nastupa na sajmu turizma u Tirani koji se odr\u017eava 5 i 6.februara. Ove godine TO Ulcinj je\" \/>\n<meta property=\"og:url\" content=\"https:\/\/www.visit-ulcinj.com\/blog\/2016\/02\/05\/ulcinj-na-medunarodnom-sajmu-u-tirani-2016\/\" \/>\n<meta property=\"og:site_name\" content=\"Lajme nga Ulqini\" \/>\n<meta property=\"article:published_time\" content=\"2016-02-05T20:56:48+00:00\" \/>\n<meta property=\"article:modified_time\" content=\"2016-02-05T20:59:04+00:00\" \/>\n<meta property=\"og:image\" content=\"http:\/\/www.visit-ulcinj.com\/blog\/wp-content\/uploads\/2016\/02\/Panairi-Nderkombetar-i-Tiranes-2016-OT-ULQIN-TO-Ulcinj-2.jpg\" \/>\n<meta name=\"twitter:label1\" content=\"Written by\" \/>\n\t<meta name=\"twitter:data1\" content=\"ulqini\" \/>\n\t<meta name=\"twitter:label2\" content=\"Est. reading time\" \/>\n\t<meta name=\"twitter:data2\" content=\"2 minutes\" \/>\n<script type=\"application\/ld+json\" class=\"yoast-schema-graph\">{\"@context\":\"https:\/\/schema.org\",\"@graph\":[{\"@type\":\"WebSite\",\"@id\":\"https:\/\/www.visit-ulcinj.com\/blog\/#website\",\"url\":\"https:\/\/www.visit-ulcinj.com\/blog\/\",\"name\":\"Lajme nga Ulqini\",\"description\":\"Lajme,Vijesti,Ulqini,Ulqin,Crna Gora,Mali i Zi\",\"potentialAction\":[{\"@type\":\"SearchAction\",\"target\":{\"@type\":\"EntryPoint\",\"urlTemplate\":\"https:\/\/www.visit-ulcinj.com\/blog\/?s={search_term_string}\"},\"query-input\":\"required name=search_term_string\"}],\"inLanguage\":\"en-US\"},{\"@type\":\"ImageObject\",\"inLanguage\":\"en-US\",\"@id\":\"https:\/\/www.visit-ulcinj.com\/blog\/2016\/02\/05\/ulcinj-na-medunarodnom-sajmu-u-tirani-2016\/#primaryimage\",\"url\":\"https:\/\/www.visit-ulcinj.com\/blog\/wp-content\/uploads\/2016\/02\/Panairi-Nderkombetar-i-Tiranes-2016-OT-ULQIN-TO-Ulcinj-2.jpg\",\"contentUrl\":\"https:\/\/www.visit-ulcinj.com\/blog\/wp-content\/uploads\/2016\/02\/Panairi-Nderkombetar-i-Tiranes-2016-OT-ULQIN-TO-Ulcinj-2.jpg\",\"width\":960,\"height\":540},{\"@type\":\"WebPage\",\"@id\":\"https:\/\/www.visit-ulcinj.com\/blog\/2016\/02\/05\/ulcinj-na-medunarodnom-sajmu-u-tirani-2016\/#webpage\",\"url\":\"https:\/\/www.visit-ulcinj.com\/blog\/2016\/02\/05\/ulcinj-na-medunarodnom-sajmu-u-tirani-2016\/\",\"name\":\"TO Ulcinj na Me\u0111unarodnom sajmu u Tirani 2016 - Lajme nga Ulqini\",\"isPartOf\":{\"@id\":\"https:\/\/www.visit-ulcinj.com\/blog\/#website\"},\"primaryImageOfPage\":{\"@id\":\"https:\/\/www.visit-ulcinj.com\/blog\/2016\/02\/05\/ulcinj-na-medunarodnom-sajmu-u-tirani-2016\/#primaryimage\"},\"datePublished\":\"2016-02-05T20:56:48+00:00\",\"dateModified\":\"2016-02-05T20:59:04+00:00\",\"author\":{\"@id\":\"https:\/\/www.visit-ulcinj.com\/blog\/#\/schema\/person\/dcab619c614d3038751c63bc2aadc06d\"},\"description\":\"Tirana 2016 Turisti\u010dka Organizacija Ulcinj po drugi put nastupa na sajmu turizma u Tirani koji se odr\u017eava 5 i 6.februara. Ove godine TO Ulcinj je\",\"breadcrumb\":{\"@id\":\"https:\/\/www.visit-ulcinj.com\/blog\/2016\/02\/05\/ulcinj-na-medunarodnom-sajmu-u-tirani-2016\/#breadcrumb\"},\"inLanguage\":\"en-US\",\"potentialAction\":[{\"@type\":\"ReadAction\",\"target\":[\"https:\/\/www.visit-ulcinj.com\/blog\/2016\/02\/05\/ulcinj-na-medunarodnom-sajmu-u-tirani-2016\/\"]}]},{\"@type\":\"BreadcrumbList\",\"@id\":\"https:\/\/www.visit-ulcinj.com\/blog\/2016\/02\/05\/ulcinj-na-medunarodnom-sajmu-u-tirani-2016\/#breadcrumb\",\"itemListElement\":[{\"@type\":\"ListItem\",\"position\":1,\"name\":\"TO Ulcinj na Me\u0111unarodnom sajmu u Tirani 2016\"}]},{\"@type\":\"Person\",\"@id\":\"https:\/\/www.visit-ulcinj.com\/blog\/#\/schema\/person\/dcab619c614d3038751c63bc2aadc06d\",\"name\":\"ulqini\",\"sameAs\":[\"http:\/\/www.visit-ulcinj.com\"],\"url\":\"https:\/\/www.visit-ulcinj.com\/blog\/author\/admin\/\"}]}<\/script>\n<!-- \/ Yoast SEO plugin. -->","yoast_head_json":{"title":"TO Ulcinj na Me\u0111unarodnom sajmu u Tirani 2016 - Lajme nga Ulqini","description":"Tirana 2016 Turisti\u010dka Organizacija Ulcinj po drugi put nastupa na sajmu turizma u Tirani koji se odr\u017eava 5 i 6.februara. Ove godine TO Ulcinj je","robots":{"index":"index","follow":"follow","max-snippet":"max-snippet:-1","max-image-preview":"max-image-preview:large","max-video-preview":"max-video-preview:-1"},"canonical":"https:\/\/www.visit-ulcinj.com\/blog\/2016\/02\/05\/ulcinj-na-medunarodnom-sajmu-u-tirani-2016\/","og_locale":"en_US","og_type":"article","og_title":"TO Ulcinj na Me\u0111unarodnom sajmu u Tirani 2016 - Lajme nga Ulqini","og_description":"Tirana 2016 Turisti\u010dka Organizacija Ulcinj po drugi put nastupa na sajmu turizma u Tirani koji se odr\u017eava 5 i 6.februara. Ove godine TO Ulcinj je","og_url":"https:\/\/www.visit-ulcinj.com\/blog\/2016\/02\/05\/ulcinj-na-medunarodnom-sajmu-u-tirani-2016\/","og_site_name":"Lajme nga Ulqini","article_published_time":"2016-02-05T20:56:48+00:00","article_modified_time":"2016-02-05T20:59:04+00:00","og_image":[{"url":"http:\/\/www.visit-ulcinj.com\/blog\/wp-content\/uploads\/2016\/02\/Panairi-Nderkombetar-i-Tiranes-2016-OT-ULQIN-TO-Ulcinj-2.jpg"}],"twitter_misc":{"Written by":"ulqini","Est. reading time":"2 minutes"},"schema":{"@context":"https:\/\/schema.org","@graph":[{"@type":"WebSite","@id":"https:\/\/www.visit-ulcinj.com\/blog\/#website","url":"https:\/\/www.visit-ulcinj.com\/blog\/","name":"Lajme nga Ulqini","description":"Lajme,Vijesti,Ulqini,Ulqin,Crna Gora,Mali i Zi","potentialAction":[{"@type":"SearchAction","target":{"@type":"EntryPoint","urlTemplate":"https:\/\/www.visit-ulcinj.com\/blog\/?s={search_term_string}"},"query-input":"required name=search_term_string"}],"inLanguage":"en-US"},{"@type":"ImageObject","inLanguage":"en-US","@id":"https:\/\/www.visit-ulcinj.com\/blog\/2016\/02\/05\/ulcinj-na-medunarodnom-sajmu-u-tirani-2016\/#primaryimage","url":"https:\/\/www.visit-ulcinj.com\/blog\/wp-content\/uploads\/2016\/02\/Panairi-Nderkombetar-i-Tiranes-2016-OT-ULQIN-TO-Ulcinj-2.jpg","contentUrl":"https:\/\/www.visit-ulcinj.com\/blog\/wp-content\/uploads\/2016\/02\/Panairi-Nderkombetar-i-Tiranes-2016-OT-ULQIN-TO-Ulcinj-2.jpg","width":960,"height":540},{"@type":"WebPage","@id":"https:\/\/www.visit-ulcinj.com\/blog\/2016\/02\/05\/ulcinj-na-medunarodnom-sajmu-u-tirani-2016\/#webpage","url":"https:\/\/www.visit-ulcinj.com\/blog\/2016\/02\/05\/ulcinj-na-medunarodnom-sajmu-u-tirani-2016\/","name":"TO Ulcinj na Me\u0111unarodnom sajmu u Tirani 2016 - Lajme nga Ulqini","isPartOf":{"@id":"https:\/\/www.visit-ulcinj.com\/blog\/#website"},"primaryImageOfPage":{"@id":"https:\/\/www.visit-ulcinj.com\/blog\/2016\/02\/05\/ulcinj-na-medunarodnom-sajmu-u-tirani-2016\/#primaryimage"},"datePublished":"2016-02-05T20:56:48+00:00","dateModified":"2016-02-05T20:59:04+00:00","author":{"@id":"https:\/\/www.visit-ulcinj.com\/blog\/#\/schema\/person\/dcab619c614d3038751c63bc2aadc06d"},"description":"Tirana 2016 Turisti\u010dka Organizacija Ulcinj po drugi put nastupa na sajmu turizma u Tirani koji se odr\u017eava 5 i 6.februara. Ove godine TO Ulcinj je","breadcrumb":{"@id":"https:\/\/www.visit-ulcinj.com\/blog\/2016\/02\/05\/ulcinj-na-medunarodnom-sajmu-u-tirani-2016\/#breadcrumb"},"inLanguage":"en-US","potentialAction":[{"@type":"ReadAction","target":["https:\/\/www.visit-ulcinj.com\/blog\/2016\/02\/05\/ulcinj-na-medunarodnom-sajmu-u-tirani-2016\/"]}]},{"@type":"BreadcrumbList","@id":"https:\/\/www.visit-ulcinj.com\/blog\/2016\/02\/05\/ulcinj-na-medunarodnom-sajmu-u-tirani-2016\/#breadcrumb","itemListElement":[{"@type":"ListItem","position":1,"name":"TO Ulcinj na Me\u0111unarodnom sajmu u Tirani 2016"}]},{"@type":"Person","@id":"https:\/\/www.visit-ulcinj.com\/blog\/#\/schema\/person\/dcab619c614d3038751c63bc2aadc06d","name":"ulqini","sameAs":["http:\/\/www.visit-ulcinj.com"],"url":"https:\/\/www.visit-ulcinj.com\/blog\/author\/admin\/"}]}},"jetpack_featured_media_url":"","jetpack_sharing_enabled":true,"jetpack_shortlink":"https:\/\/wp.me\/pe6lTn-oyB","_links":{"self":[{"href":"https:\/\/www.visit-ulcinj.com\/blog\/wp-json\/wp\/v2\/posts\/94401"}],"collection":[{"href":"https:\/\/www.visit-ulcinj.com\/blog\/wp-json\/wp\/v2\/posts"}],"about":[{"href":"https:\/\/www.visit-ulcinj.com\/blog\/wp-json\/wp\/v2\/types\/post"}],"author":[{"embeddable":true,"href":"https:\/\/www.visit-ulcinj.com\/blog\/wp-json\/wp\/v2\/users\/1"}],"replies":[{"embeddable":true,"href":"https:\/\/www.visit-ulcinj.com\/blog\/wp-json\/wp\/v2\/comments?post=94401"}],"version-history":[{"count":1,"href":"https:\/\/www.visit-ulcinj.com\/blog\/wp-json\/wp\/v2\/posts\/94401\/revisions"}],"predecessor-version":[{"id":94402,"href":"https:\/\/www.visit-ulcinj.com\/blog\/wp-json\/wp\/v2\/posts\/94401\/revisions\/94402"}],"wp:attachment":[{"href":"https:\/\/www.visit-ulcinj.com\/blog\/wp-json\/wp\/v2\/media?parent=94401"}],"wp:term":[{"taxonomy":"category","embeddable":true,"href":"https:\/\/www.visit-ulcinj.com\/blog\/wp-json\/wp\/v2\/categories?post=94401"},{"taxonomy":"post_tag","embeddable":true,"href":"https:\/\/www.visit-ulcinj.com\/blog\/wp-json\/wp\/v2\/tags?post=94401"}],"curies":[{"name":"wp","href":"https:\/\/api.w.org\/{rel}","templated":true}]}}