{"id":94413,"date":"2016-02-05T23:19:12","date_gmt":"2016-02-05T22:19:12","guid":{"rendered":"http:\/\/www.visit-ulcinj.com\/blog\/?p=94413"},"modified":"2016-02-05T23:19:12","modified_gmt":"2016-02-05T22:19:12","slug":"pas-vendimit-te-gjykates-kushtetuese-mbi-kriporen-vlojne-reagimet-ne-ulqin","status":"publish","type":"post","link":"https:\/\/www.visit-ulcinj.com\/blog\/2016\/02\/05\/pas-vendimit-te-gjykates-kushtetuese-mbi-kriporen-vlojne-reagimet-ne-ulqin\/","title":{"rendered":"Pas vendimit t\u00eb Gjykat\u00ebs Kushtetuese mbi Kriporen, \u201cvlojn\u00eb\u201d reagimet n\u00eb Ulqin"},"content":{"rendered":"<p class=\"entry-title\"><strong><a href=\"http:\/\/www.visit-ulcinj.com\/blog\/wp-content\/uploads\/2010\/09\/solana-Ulcinj_picnik.jpg\"><img loading=\"lazy\" class=\"alignleft wp-image-37749\" src=\"http:\/\/www.visit-ulcinj.com\/blog\/wp-content\/uploads\/2010\/09\/solana-Ulcinj_picnik.jpg\" alt=\"solana Ulcinj_picnik\" width=\"508\" height=\"302\" srcset=\"https:\/\/www.visit-ulcinj.com\/blog\/wp-content\/uploads\/2010\/09\/solana-Ulcinj_picnik.jpg 1064w, https:\/\/www.visit-ulcinj.com\/blog\/wp-content\/uploads\/2010\/09\/solana-Ulcinj_picnik-300x178.jpg 300w, https:\/\/www.visit-ulcinj.com\/blog\/wp-content\/uploads\/2010\/09\/solana-Ulcinj_picnik-1024x609.jpg 1024w\" sizes=\"(max-width: 508px) 100vw, 508px\" \/><\/a>Gjykata Kushtetuese hedh posht\u00eb mbrojtjen e Kripores<\/strong><\/p>\n<p>Gjykata Kushtetuese ka hedhur posht\u00eb vendimin e Kuvendit t\u00eb Malit t\u00eb Zi n\u00eb vitin 2012, me t\u00eb cilin Kriporja u shpall zon\u00eb e mbrojtur.<br \/>\nKy vendim p\u00ebr mbrojtjen e Kripores at\u00ebher\u00eb u votua nga opozita, PSD dhe deputet\u00ebt shqiptar\u00eb n\u00eb Kuvend, kurse PSD (DPS) ishte kund\u00ebr.<br \/>\nSic shkruan gazeta \u201cVijesti\u201d, ky vendim \u00ebsht\u00eb sjellur para 3 muajve, por \u00ebsht\u00eb b\u00ebr\u00eb i ditur me 3 shkurt.<br \/>\nPas k\u00ebtij vendimi, pronari Eurofond ka t\u00eb drejt\u00eb q\u00eb sipas planeve urbanistike t\u00eb filloj\u00eb nd\u00ebrtimin e objekteve n\u00eb zon\u00ebn e Kripores.<br \/>\nPasuria e Kripores ndodhet n\u00ebn hipotek\u00eb te Prva Banka p\u00ebr shkak t\u00eb kredive t\u00eb marra, dhe n\u00ebse K\u00ebshilli i Privatizimit sjell vendim q\u00eb toka e Kripores i takon kompanis\u00eb n\u00eb fjal\u00eb , at\u00ebher\u00eb kjo bank\u00eb do t\u00eb mund t\u00eb aktivizoj\u00eb garancit\u00eb dhe t\u00eb b\u00ebhet pronare e Kripores.<br \/>\nPronar i Prva Bank\u00ebs \u00ebsht\u00eb Aco Gjukanoviq, v\u00ebllau i kryeministrit Gjukanoviq, i cili \u00ebsht\u00eb edhe kryetar i K\u00ebshillit t\u00eb Privatizimit.<br \/>\nAmbasadorja e Gjermanis\u00eb Gudrun Shtajnaker ka paralajm\u00ebruar disa her\u00eb se n\u00ebse Kriporja nuk shpallet zon\u00eb e mbrojtur rrezikohet rruga e Malit t\u00eb Zi drejt Bashkimit Europian.<\/p>\n<p>Lajm.me<\/p>\n<p><a href=\"http:\/\/www.visit-ulcinj.com\/blog\/wp-content\/uploads\/2015\/10\/Genci-Nimanbegu-Ulcinj.jpg\"><img loading=\"lazy\" class=\"alignleft wp-image-92861\" src=\"http:\/\/www.visit-ulcinj.com\/blog\/wp-content\/uploads\/2015\/10\/Genci-Nimanbegu-Ulcinj.jpg\" alt=\"Genci Nimanbegu-Ulcinj\" width=\"508\" height=\"506\" srcset=\"https:\/\/www.visit-ulcinj.com\/blog\/wp-content\/uploads\/2015\/10\/Genci-Nimanbegu-Ulcinj.jpg 751w, https:\/\/www.visit-ulcinj.com\/blog\/wp-content\/uploads\/2015\/10\/Genci-Nimanbegu-Ulcinj-150x150.jpg 150w, https:\/\/www.visit-ulcinj.com\/blog\/wp-content\/uploads\/2015\/10\/Genci-Nimanbegu-Ulcinj-300x300.jpg 300w\" sizes=\"(max-width: 508px) 100vw, 508px\" \/><\/a><\/p>\n<p>Deputeti i Forc\u00ebs n\u00eb Kuvendin e Malit t\u00eb Zi Genci Nimanbegu, deklaroi p\u00ebr Radio Europa e Lir\u00eb se vendimi i Gjykat\u00ebs Kushtetuese p\u00ebr t\u00eb rr\u00ebzuar vendimin e Kuvendit t\u00eb Malit t\u00eb Zi p\u00ebr mbrojtjen e Kripores, si akt kund\u00ebr qytetar\u00ebve t\u00eb Ulqinit dhe gjith\u00eb Malit t\u00eb Zi.<br \/>\nNimanbegu ishte nj\u00ebri nga deputet\u00ebt i cili n\u00ebnshkroi propozimin p\u00ebr mbrojtjen e Kripores n\u00eb vitin 2012.<br \/>\nNimanbegu nuk pajtohet me arsyetimin e gjykat\u00ebs se vendimi p\u00ebr mbrojtjen e Kripores \u00ebsht\u00eb b\u00ebr\u00eb pa shqyrtim publik, pasi n\u00eb k\u00ebt\u00eb proces ishin haptas t\u00eb kycur si subjektet politike ashtu edhe organizatat joqeveritare dhe ekologjike, dhe t\u00eb gjith\u00eb ishin p\u00ebr mbrojtjen e saj.<br \/>\nVendimi p\u00ebr mbrojtjen e Kripores u miratua nga Kuvendi i Malit t\u00eb Zi n\u00eb vitin 2012 me vota t\u00eb opozit\u00ebs, Partis\u00eb Socialdemokrate dhe deputet\u00ebve shqiptar.<\/p>\n<p><strong>Lajm.me<\/strong><\/p>\n","protected":false},"excerpt":{"rendered":"<p>Gjykata Kushtetuese hedh posht\u00eb mbrojtjen e Kripores Gjykata Kushtetuese ka hedhur posht\u00eb vendimin e Kuvendit t\u00eb Malit t\u00eb Zi n\u00eb vitin 2012, me t\u00eb cilin Kriporja u shpall zon\u00eb e mbrojtur. Ky vendim p\u00ebr mbrojtjen e Kripores at\u00ebher\u00eb u votua nga opozita, PSD dhe deputet\u00ebt shqiptar\u00eb n\u00eb Kuvend, kurse PSD (DPS) ishte kund\u00ebr. Sic shkruan [&hellip;]<\/p>\n","protected":false},"author":1,"featured_media":0,"comment_status":"closed","ping_status":"closed","sticky":false,"template":"","format":"standard","meta":{"spay_email":"","jetpack_publicize_message":"","jetpack_is_tweetstorm":false,"jetpack_publicize_feature_enabled":true},"categories":[12],"tags":[],"jetpack_publicize_connections":[],"yoast_head":"<!-- This site is optimized with the Yoast SEO plugin v19.1 - https:\/\/yoast.com\/wordpress\/plugins\/seo\/ -->\n<title>Pas vendimit t\u00eb Gjykat\u00ebs Kushtetuese mbi Kriporen, \u201cvlojn\u00eb\u201d reagimet n\u00eb Ulqin - Lajme nga Ulqini<\/title>\n<meta name=\"description\" content=\"Gjykata Kushtetuese hedh posht\u00eb mbrojtjen e Kripores Gjykata Kushtetuese ka hedhur posht\u00eb vendimin e Kuvendit t\u00eb Malit t\u00eb Zi n\u00eb vitin 2012, me t\u00eb cilin\" \/>\n<meta name=\"robots\" content=\"index, follow, max-snippet:-1, max-image-preview:large, max-video-preview:-1\" \/>\n<link rel=\"canonical\" href=\"https:\/\/www.visit-ulcinj.com\/blog\/2016\/02\/05\/pas-vendimit-te-gjykates-kushtetuese-mbi-kriporen-vlojne-reagimet-ne-ulqin\/\" \/>\n<meta property=\"og:locale\" content=\"en_US\" \/>\n<meta property=\"og:type\" content=\"article\" \/>\n<meta property=\"og:title\" content=\"Pas vendimit t\u00eb Gjykat\u00ebs Kushtetuese mbi Kriporen, \u201cvlojn\u00eb\u201d reagimet n\u00eb Ulqin - Lajme nga Ulqini\" \/>\n<meta property=\"og:description\" content=\"Gjykata Kushtetuese hedh posht\u00eb mbrojtjen e Kripores Gjykata Kushtetuese ka hedhur posht\u00eb vendimin e Kuvendit t\u00eb Malit t\u00eb Zi n\u00eb vitin 2012, me t\u00eb cilin\" \/>\n<meta property=\"og:url\" content=\"https:\/\/www.visit-ulcinj.com\/blog\/2016\/02\/05\/pas-vendimit-te-gjykates-kushtetuese-mbi-kriporen-vlojne-reagimet-ne-ulqin\/\" \/>\n<meta property=\"og:site_name\" content=\"Lajme nga Ulqini\" \/>\n<meta property=\"article:published_time\" content=\"2016-02-05T22:19:12+00:00\" \/>\n<meta property=\"og:image\" content=\"http:\/\/www.visit-ulcinj.com\/blog\/wp-content\/uploads\/2010\/09\/solana-Ulcinj_picnik.jpg\" \/>\n<meta name=\"twitter:label1\" content=\"Written by\" \/>\n\t<meta name=\"twitter:data1\" content=\"ulqini\" \/>\n\t<meta name=\"twitter:label2\" content=\"Est. reading time\" \/>\n\t<meta name=\"twitter:data2\" content=\"2 minutes\" \/>\n<script type=\"application\/ld+json\" class=\"yoast-schema-graph\">{\"@context\":\"https:\/\/schema.org\",\"@graph\":[{\"@type\":\"WebSite\",\"@id\":\"https:\/\/www.visit-ulcinj.com\/blog\/#website\",\"url\":\"https:\/\/www.visit-ulcinj.com\/blog\/\",\"name\":\"Lajme nga Ulqini\",\"description\":\"Lajme,Vijesti,Ulqini,Ulqin,Crna Gora,Mali i Zi\",\"potentialAction\":[{\"@type\":\"SearchAction\",\"target\":{\"@type\":\"EntryPoint\",\"urlTemplate\":\"https:\/\/www.visit-ulcinj.com\/blog\/?s={search_term_string}\"},\"query-input\":\"required name=search_term_string\"}],\"inLanguage\":\"en-US\"},{\"@type\":\"ImageObject\",\"inLanguage\":\"en-US\",\"@id\":\"https:\/\/www.visit-ulcinj.com\/blog\/2016\/02\/05\/pas-vendimit-te-gjykates-kushtetuese-mbi-kriporen-vlojne-reagimet-ne-ulqin\/#primaryimage\",\"url\":\"https:\/\/www.visit-ulcinj.com\/blog\/wp-content\/uploads\/2010\/09\/solana-Ulcinj_picnik.jpg\",\"contentUrl\":\"https:\/\/www.visit-ulcinj.com\/blog\/wp-content\/uploads\/2010\/09\/solana-Ulcinj_picnik.jpg\",\"width\":\"1064\",\"height\":\"633\"},{\"@type\":\"WebPage\",\"@id\":\"https:\/\/www.visit-ulcinj.com\/blog\/2016\/02\/05\/pas-vendimit-te-gjykates-kushtetuese-mbi-kriporen-vlojne-reagimet-ne-ulqin\/#webpage\",\"url\":\"https:\/\/www.visit-ulcinj.com\/blog\/2016\/02\/05\/pas-vendimit-te-gjykates-kushtetuese-mbi-kriporen-vlojne-reagimet-ne-ulqin\/\",\"name\":\"Pas vendimit t\u00eb Gjykat\u00ebs Kushtetuese mbi Kriporen, \u201cvlojn\u00eb\u201d reagimet n\u00eb Ulqin - Lajme nga Ulqini\",\"isPartOf\":{\"@id\":\"https:\/\/www.visit-ulcinj.com\/blog\/#website\"},\"primaryImageOfPage\":{\"@id\":\"https:\/\/www.visit-ulcinj.com\/blog\/2016\/02\/05\/pas-vendimit-te-gjykates-kushtetuese-mbi-kriporen-vlojne-reagimet-ne-ulqin\/#primaryimage\"},\"datePublished\":\"2016-02-05T22:19:12+00:00\",\"dateModified\":\"2016-02-05T22:19:12+00:00\",\"author\":{\"@id\":\"https:\/\/www.visit-ulcinj.com\/blog\/#\/schema\/person\/dcab619c614d3038751c63bc2aadc06d\"},\"description\":\"Gjykata Kushtetuese hedh posht\u00eb mbrojtjen e Kripores Gjykata Kushtetuese ka hedhur posht\u00eb vendimin e Kuvendit t\u00eb Malit t\u00eb Zi n\u00eb vitin 2012, me t\u00eb cilin\",\"breadcrumb\":{\"@id\":\"https:\/\/www.visit-ulcinj.com\/blog\/2016\/02\/05\/pas-vendimit-te-gjykates-kushtetuese-mbi-kriporen-vlojne-reagimet-ne-ulqin\/#breadcrumb\"},\"inLanguage\":\"en-US\",\"potentialAction\":[{\"@type\":\"ReadAction\",\"target\":[\"https:\/\/www.visit-ulcinj.com\/blog\/2016\/02\/05\/pas-vendimit-te-gjykates-kushtetuese-mbi-kriporen-vlojne-reagimet-ne-ulqin\/\"]}]},{\"@type\":\"BreadcrumbList\",\"@id\":\"https:\/\/www.visit-ulcinj.com\/blog\/2016\/02\/05\/pas-vendimit-te-gjykates-kushtetuese-mbi-kriporen-vlojne-reagimet-ne-ulqin\/#breadcrumb\",\"itemListElement\":[{\"@type\":\"ListItem\",\"position\":1,\"name\":\"Pas vendimit t\u00eb Gjykat\u00ebs Kushtetuese mbi Kriporen, \u201cvlojn\u00eb\u201d reagimet n\u00eb Ulqin\"}]},{\"@type\":\"Person\",\"@id\":\"https:\/\/www.visit-ulcinj.com\/blog\/#\/schema\/person\/dcab619c614d3038751c63bc2aadc06d\",\"name\":\"ulqini\",\"sameAs\":[\"http:\/\/www.visit-ulcinj.com\"],\"url\":\"https:\/\/www.visit-ulcinj.com\/blog\/author\/admin\/\"}]}<\/script>\n<!-- \/ Yoast SEO plugin. -->","yoast_head_json":{"title":"Pas vendimit t\u00eb Gjykat\u00ebs Kushtetuese mbi Kriporen, \u201cvlojn\u00eb\u201d reagimet n\u00eb Ulqin - Lajme nga Ulqini","description":"Gjykata Kushtetuese hedh posht\u00eb mbrojtjen e Kripores Gjykata Kushtetuese ka hedhur posht\u00eb vendimin e Kuvendit t\u00eb Malit t\u00eb Zi n\u00eb vitin 2012, me t\u00eb cilin","robots":{"index":"index","follow":"follow","max-snippet":"max-snippet:-1","max-image-preview":"max-image-preview:large","max-video-preview":"max-video-preview:-1"},"canonical":"https:\/\/www.visit-ulcinj.com\/blog\/2016\/02\/05\/pas-vendimit-te-gjykates-kushtetuese-mbi-kriporen-vlojne-reagimet-ne-ulqin\/","og_locale":"en_US","og_type":"article","og_title":"Pas vendimit t\u00eb Gjykat\u00ebs Kushtetuese mbi Kriporen, \u201cvlojn\u00eb\u201d reagimet n\u00eb Ulqin - Lajme nga Ulqini","og_description":"Gjykata Kushtetuese hedh posht\u00eb mbrojtjen e Kripores Gjykata Kushtetuese ka hedhur posht\u00eb vendimin e Kuvendit t\u00eb Malit t\u00eb Zi n\u00eb vitin 2012, me t\u00eb cilin","og_url":"https:\/\/www.visit-ulcinj.com\/blog\/2016\/02\/05\/pas-vendimit-te-gjykates-kushtetuese-mbi-kriporen-vlojne-reagimet-ne-ulqin\/","og_site_name":"Lajme nga Ulqini","article_published_time":"2016-02-05T22:19:12+00:00","og_image":[{"url":"http:\/\/www.visit-ulcinj.com\/blog\/wp-content\/uploads\/2010\/09\/solana-Ulcinj_picnik.jpg"}],"twitter_misc":{"Written by":"ulqini","Est. reading time":"2 minutes"},"schema":{"@context":"https:\/\/schema.org","@graph":[{"@type":"WebSite","@id":"https:\/\/www.visit-ulcinj.com\/blog\/#website","url":"https:\/\/www.visit-ulcinj.com\/blog\/","name":"Lajme nga Ulqini","description":"Lajme,Vijesti,Ulqini,Ulqin,Crna Gora,Mali i Zi","potentialAction":[{"@type":"SearchAction","target":{"@type":"EntryPoint","urlTemplate":"https:\/\/www.visit-ulcinj.com\/blog\/?s={search_term_string}"},"query-input":"required name=search_term_string"}],"inLanguage":"en-US"},{"@type":"ImageObject","inLanguage":"en-US","@id":"https:\/\/www.visit-ulcinj.com\/blog\/2016\/02\/05\/pas-vendimit-te-gjykates-kushtetuese-mbi-kriporen-vlojne-reagimet-ne-ulqin\/#primaryimage","url":"https:\/\/www.visit-ulcinj.com\/blog\/wp-content\/uploads\/2010\/09\/solana-Ulcinj_picnik.jpg","contentUrl":"https:\/\/www.visit-ulcinj.com\/blog\/wp-content\/uploads\/2010\/09\/solana-Ulcinj_picnik.jpg","width":"1064","height":"633"},{"@type":"WebPage","@id":"https:\/\/www.visit-ulcinj.com\/blog\/2016\/02\/05\/pas-vendimit-te-gjykates-kushtetuese-mbi-kriporen-vlojne-reagimet-ne-ulqin\/#webpage","url":"https:\/\/www.visit-ulcinj.com\/blog\/2016\/02\/05\/pas-vendimit-te-gjykates-kushtetuese-mbi-kriporen-vlojne-reagimet-ne-ulqin\/","name":"Pas vendimit t\u00eb Gjykat\u00ebs Kushtetuese mbi Kriporen, \u201cvlojn\u00eb\u201d reagimet n\u00eb Ulqin - Lajme nga Ulqini","isPartOf":{"@id":"https:\/\/www.visit-ulcinj.com\/blog\/#website"},"primaryImageOfPage":{"@id":"https:\/\/www.visit-ulcinj.com\/blog\/2016\/02\/05\/pas-vendimit-te-gjykates-kushtetuese-mbi-kriporen-vlojne-reagimet-ne-ulqin\/#primaryimage"},"datePublished":"2016-02-05T22:19:12+00:00","dateModified":"2016-02-05T22:19:12+00:00","author":{"@id":"https:\/\/www.visit-ulcinj.com\/blog\/#\/schema\/person\/dcab619c614d3038751c63bc2aadc06d"},"description":"Gjykata Kushtetuese hedh posht\u00eb mbrojtjen e Kripores Gjykata Kushtetuese ka hedhur posht\u00eb vendimin e Kuvendit t\u00eb Malit t\u00eb Zi n\u00eb vitin 2012, me t\u00eb cilin","breadcrumb":{"@id":"https:\/\/www.visit-ulcinj.com\/blog\/2016\/02\/05\/pas-vendimit-te-gjykates-kushtetuese-mbi-kriporen-vlojne-reagimet-ne-ulqin\/#breadcrumb"},"inLanguage":"en-US","potentialAction":[{"@type":"ReadAction","target":["https:\/\/www.visit-ulcinj.com\/blog\/2016\/02\/05\/pas-vendimit-te-gjykates-kushtetuese-mbi-kriporen-vlojne-reagimet-ne-ulqin\/"]}]},{"@type":"BreadcrumbList","@id":"https:\/\/www.visit-ulcinj.com\/blog\/2016\/02\/05\/pas-vendimit-te-gjykates-kushtetuese-mbi-kriporen-vlojne-reagimet-ne-ulqin\/#breadcrumb","itemListElement":[{"@type":"ListItem","position":1,"name":"Pas vendimit t\u00eb Gjykat\u00ebs Kushtetuese mbi Kriporen, \u201cvlojn\u00eb\u201d reagimet n\u00eb Ulqin"}]},{"@type":"Person","@id":"https:\/\/www.visit-ulcinj.com\/blog\/#\/schema\/person\/dcab619c614d3038751c63bc2aadc06d","name":"ulqini","sameAs":["http:\/\/www.visit-ulcinj.com"],"url":"https:\/\/www.visit-ulcinj.com\/blog\/author\/admin\/"}]}},"jetpack_featured_media_url":"","jetpack_sharing_enabled":true,"jetpack_shortlink":"https:\/\/wp.me\/pe6lTn-oyN","_links":{"self":[{"href":"https:\/\/www.visit-ulcinj.com\/blog\/wp-json\/wp\/v2\/posts\/94413"}],"collection":[{"href":"https:\/\/www.visit-ulcinj.com\/blog\/wp-json\/wp\/v2\/posts"}],"about":[{"href":"https:\/\/www.visit-ulcinj.com\/blog\/wp-json\/wp\/v2\/types\/post"}],"author":[{"embeddable":true,"href":"https:\/\/www.visit-ulcinj.com\/blog\/wp-json\/wp\/v2\/users\/1"}],"replies":[{"embeddable":true,"href":"https:\/\/www.visit-ulcinj.com\/blog\/wp-json\/wp\/v2\/comments?post=94413"}],"version-history":[{"count":1,"href":"https:\/\/www.visit-ulcinj.com\/blog\/wp-json\/wp\/v2\/posts\/94413\/revisions"}],"predecessor-version":[{"id":94414,"href":"https:\/\/www.visit-ulcinj.com\/blog\/wp-json\/wp\/v2\/posts\/94413\/revisions\/94414"}],"wp:attachment":[{"href":"https:\/\/www.visit-ulcinj.com\/blog\/wp-json\/wp\/v2\/media?parent=94413"}],"wp:term":[{"taxonomy":"category","embeddable":true,"href":"https:\/\/www.visit-ulcinj.com\/blog\/wp-json\/wp\/v2\/categories?post=94413"},{"taxonomy":"post_tag","embeddable":true,"href":"https:\/\/www.visit-ulcinj.com\/blog\/wp-json\/wp\/v2\/tags?post=94413"}],"curies":[{"name":"wp","href":"https:\/\/api.w.org\/{rel}","templated":true}]}}