{"id":94415,"date":"2016-02-05T23:28:16","date_gmt":"2016-02-05T22:28:16","guid":{"rendered":"http:\/\/www.visit-ulcinj.com\/blog\/?p=94415"},"modified":"2016-02-05T23:28:16","modified_gmt":"2016-02-05T22:28:16","slug":"czip-sudbina-ulcinjske-solane-u-rukama-evropske-komisije","status":"publish","type":"post","link":"https:\/\/www.visit-ulcinj.com\/blog\/2016\/02\/05\/czip-sudbina-ulcinjske-solane-u-rukama-evropske-komisije\/","title":{"rendered":"CZIP: Sudbina Ulcinjske Solane u rukama Evropske komisije"},"content":{"rendered":"<p><a href=\"http:\/\/www.visit-ulcinj.com\/blog\/wp-content\/uploads\/2014\/06\/ulcinjska-solana-raj-za-ptice-3.jpg\"><img loading=\"lazy\" class=\"alignleft wp-image-83004\" src=\"http:\/\/www.visit-ulcinj.com\/blog\/wp-content\/uploads\/2014\/06\/ulcinjska-solana-raj-za-ptice-3.jpg\" alt=\"ulcinjska-solana-raj-za-ptice-3\" width=\"508\" height=\"381\" srcset=\"https:\/\/www.visit-ulcinj.com\/blog\/wp-content\/uploads\/2014\/06\/ulcinjska-solana-raj-za-ptice-3.jpg 960w, https:\/\/www.visit-ulcinj.com\/blog\/wp-content\/uploads\/2014\/06\/ulcinjska-solana-raj-za-ptice-3-300x225.jpg 300w\" sizes=\"(max-width: 508px) 100vw, 508px\" \/><\/a>Odlukom Ustavnog suda da proglasi neustavnim izmjene i dopune va\u017ee\u0107eg Prostornog plana iz 2012. godine, namjena zemlji\u0161ta Ulcinjske solane koje je prepoznato kao za\u0161ti\u0107eno podru\u010dje sa proizvodnjom soli, i\u0107i \u0107e u prolog prvobitnoj viziji dr\u017eave tj. investitora da na ovom podru\u010dju gradi. Na\u017ealost na udaru ovakve odluke suda ne\u0107e se na\u0107i samo Ulcinjska solana ve\u0107 i druga podru\u010dja koja su tako\u0111e prepoznata kao za\u0161ti\u0107ena. Naime kao spomenici prirode i predjeli posebnih prirodnih oblika spornom odlukom prepoznate su: <em><strong>Platije, kanjon rijeke Cijevne i kanjon Male Rijeke, kanjon Mrtvice, Tivatska Solila, Lu\u0161tica, Morinjski zaliv, \u0160asko jezero, Ulcinjska solana sa knetama i Ada Bojana.<\/strong><\/em><\/p>\n<p>Konkretne posljedice poni\u0161tenja odluke parlamenta, pretrpje\u0107e procesi u poodmakloj fazi za\u0161tite Ulcinjske solane i kanjona rijeke Cijevne (izra\u0111ene studije za\u0161tite i sprovedene javne rasprave).<\/p>\n<p>Obzirom da je novonastala situacija bacila sjenu na napore svih aktera u procesu progla\u0161enja Ulcinjske solane za\u0161ti\u0107enim podru\u010djem, predstavnici Centra za za\u0161titu i prou\u010davanje ptica su preduzeli sve mjere obavje\u0161tavanja relevantnih me\u0111unarodnih institucija i organizacija po\u010dev od Evropske komisije i parlamenta do sekretarijata konvencija (Bern, Bon i Ramsar) kao i organizacija koje se ve\u0107 vi\u0161e od decenije bave za\u0161titom ovog podru\u010dja (Euronatur, BirdLife International, MAVA fondacija).<\/p>\n<p><em><strong>CZIP smatra da \u010dak ni ovako negativan razvoj situacije ne mora biti poguban po za\u0161titu Ulcinjske solane dok god Evropska komisija za\u0161titu ovog prostora dr\u017ei kao preduslov za otvaranje poglavlja 27 u pregovorima o pristupanju Crne Gore.<\/strong><\/em><\/p>\n<p>Pored podr\u0161ke Evropske komisije vjerujemo da \u0107e i Ministarstvo spremnije u\u0107i u dalje napore za za\u0161titu Ulcinjske solane, te da \u0107e kona\u010dno sa deklarativnih izjava pre\u0107i na konkretna djela. Napominjemo da je sada od presudnog zna\u010daja slanje formulara <em><strong>Ramsar Sekretarijatu<\/strong><\/em> kako bi se Solana za\u0161titila na me\u0111unarodnom nivou te da se pripreme oko slanja formulara ne mogu vi\u0161e odlagati u beskona\u010dnost. Upravo usljed ovakvog razvoja doga\u0111aja na nacionalnom nivou Ministarstvo je vi\u0161e nego ikad obavezno obavijestiti gra\u0111ane Crne Gore u kojoj fazi su upisa Solane na listu mo\u010dvarnih stani\u0161ta od me\u0111unarodnog zna\u010daja budu\u0107i da su te radnje pompezno najavili na Dan mo\u010dvarnih stani\u0161ta, ne trude\u0107i se da obavijeste javnost o pojedinostima poduzetih koraka.<\/p>\n<p>Tako\u0111e smatramo da uprkos sudskom poni\u0161tenju odluke parlamenta stav resornog Ministarstva mo\u017ee i mora pru\u017eiti dovoljnu institucionalnu podr\u0161ku procesu za\u0161tite solane kroz nacrt <em><strong>Prostornog plana posebne namjene za obalno podru\u010dje<\/strong><\/em>. Podsje\u0107amo javnost da i ovaj plan predvi\u0111a turisti\u010dku valorizaciju solane kroz izgradnju smje\u0161tajnih kapaciteta za 1500 kreveta, kao i da Ministarstvo donosi ovaj plan te da se isti mo\u017ee jo\u0161 uvjek u fazi nacrta mijenjati u korist za\u0161tite prirode i proizvodnje soli.<\/p>\n<p><a href=\"http:\/\/czip.me\/\" target=\"_blank\"><strong>Izvor: http:\/\/czip.me\/<\/strong><\/a><\/p>\n","protected":false},"excerpt":{"rendered":"<p>Odlukom Ustavnog suda da proglasi neustavnim izmjene i dopune va\u017ee\u0107eg Prostornog plana iz 2012. godine, namjena zemlji\u0161ta Ulcinjske solane koje je prepoznato kao za\u0161ti\u0107eno podru\u010dje sa proizvodnjom soli, i\u0107i \u0107e u prolog prvobitnoj viziji dr\u017eave tj. investitora da na ovom podru\u010dju gradi. Na\u017ealost na udaru ovakve odluke suda ne\u0107e se na\u0107i samo Ulcinjska solana ve\u0107 [&hellip;]<\/p>\n","protected":false},"author":1,"featured_media":0,"comment_status":"closed","ping_status":"closed","sticky":false,"template":"","format":"standard","meta":{"spay_email":"","jetpack_publicize_message":"","jetpack_is_tweetstorm":false,"jetpack_publicize_feature_enabled":true},"categories":[6950],"tags":[],"jetpack_publicize_connections":[],"yoast_head":"<!-- This site is optimized with the Yoast SEO plugin v19.1 - https:\/\/yoast.com\/wordpress\/plugins\/seo\/ -->\n<title>CZIP: Sudbina Ulcinjske Solane u rukama Evropske komisije - Lajme nga Ulqini<\/title>\n<meta name=\"description\" content=\"Odlukom Ustavnog suda da proglasi neustavnim izmjene i dopune va\u017ee\u0107eg Prostornog plana iz 2012. godine, namjena zemlji\u0161ta Ulcinjske solane koje je\" \/>\n<meta name=\"robots\" content=\"index, follow, max-snippet:-1, max-image-preview:large, max-video-preview:-1\" \/>\n<link rel=\"canonical\" href=\"https:\/\/www.visit-ulcinj.com\/blog\/2016\/02\/05\/czip-sudbina-ulcinjske-solane-u-rukama-evropske-komisije\/\" \/>\n<meta property=\"og:locale\" content=\"en_US\" \/>\n<meta property=\"og:type\" content=\"article\" \/>\n<meta property=\"og:title\" content=\"CZIP: Sudbina Ulcinjske Solane u rukama Evropske komisije - Lajme nga Ulqini\" \/>\n<meta property=\"og:description\" content=\"Odlukom Ustavnog suda da proglasi neustavnim izmjene i dopune va\u017ee\u0107eg Prostornog plana iz 2012. godine, namjena zemlji\u0161ta Ulcinjske solane koje je\" \/>\n<meta property=\"og:url\" content=\"https:\/\/www.visit-ulcinj.com\/blog\/2016\/02\/05\/czip-sudbina-ulcinjske-solane-u-rukama-evropske-komisije\/\" \/>\n<meta property=\"og:site_name\" content=\"Lajme nga Ulqini\" \/>\n<meta property=\"article:published_time\" content=\"2016-02-05T22:28:16+00:00\" \/>\n<meta property=\"og:image\" content=\"http:\/\/www.visit-ulcinj.com\/blog\/wp-content\/uploads\/2014\/06\/ulcinjska-solana-raj-za-ptice-3.jpg\" \/>\n<meta name=\"twitter:label1\" content=\"Written by\" \/>\n\t<meta name=\"twitter:data1\" content=\"ulqini\" \/>\n\t<meta name=\"twitter:label2\" content=\"Est. reading time\" \/>\n\t<meta name=\"twitter:data2\" content=\"2 minutes\" \/>\n<script type=\"application\/ld+json\" class=\"yoast-schema-graph\">{\"@context\":\"https:\/\/schema.org\",\"@graph\":[{\"@type\":\"WebSite\",\"@id\":\"https:\/\/www.visit-ulcinj.com\/blog\/#website\",\"url\":\"https:\/\/www.visit-ulcinj.com\/blog\/\",\"name\":\"Lajme nga Ulqini\",\"description\":\"Lajme,Vijesti,Ulqini,Ulqin,Crna Gora,Mali i Zi\",\"potentialAction\":[{\"@type\":\"SearchAction\",\"target\":{\"@type\":\"EntryPoint\",\"urlTemplate\":\"https:\/\/www.visit-ulcinj.com\/blog\/?s={search_term_string}\"},\"query-input\":\"required name=search_term_string\"}],\"inLanguage\":\"en-US\"},{\"@type\":\"ImageObject\",\"inLanguage\":\"en-US\",\"@id\":\"https:\/\/www.visit-ulcinj.com\/blog\/2016\/02\/05\/czip-sudbina-ulcinjske-solane-u-rukama-evropske-komisije\/#primaryimage\",\"url\":\"https:\/\/www.visit-ulcinj.com\/blog\/wp-content\/uploads\/2014\/06\/ulcinjska-solana-raj-za-ptice-3.jpg\",\"contentUrl\":\"https:\/\/www.visit-ulcinj.com\/blog\/wp-content\/uploads\/2014\/06\/ulcinjska-solana-raj-za-ptice-3.jpg\",\"width\":960,\"height\":720},{\"@type\":\"WebPage\",\"@id\":\"https:\/\/www.visit-ulcinj.com\/blog\/2016\/02\/05\/czip-sudbina-ulcinjske-solane-u-rukama-evropske-komisije\/#webpage\",\"url\":\"https:\/\/www.visit-ulcinj.com\/blog\/2016\/02\/05\/czip-sudbina-ulcinjske-solane-u-rukama-evropske-komisije\/\",\"name\":\"CZIP: Sudbina Ulcinjske Solane u rukama Evropske komisije - Lajme nga Ulqini\",\"isPartOf\":{\"@id\":\"https:\/\/www.visit-ulcinj.com\/blog\/#website\"},\"primaryImageOfPage\":{\"@id\":\"https:\/\/www.visit-ulcinj.com\/blog\/2016\/02\/05\/czip-sudbina-ulcinjske-solane-u-rukama-evropske-komisije\/#primaryimage\"},\"datePublished\":\"2016-02-05T22:28:16+00:00\",\"dateModified\":\"2016-02-05T22:28:16+00:00\",\"author\":{\"@id\":\"https:\/\/www.visit-ulcinj.com\/blog\/#\/schema\/person\/dcab619c614d3038751c63bc2aadc06d\"},\"description\":\"Odlukom Ustavnog suda da proglasi neustavnim izmjene i dopune va\u017ee\u0107eg Prostornog plana iz 2012. godine, namjena zemlji\u0161ta Ulcinjske solane koje je\",\"breadcrumb\":{\"@id\":\"https:\/\/www.visit-ulcinj.com\/blog\/2016\/02\/05\/czip-sudbina-ulcinjske-solane-u-rukama-evropske-komisije\/#breadcrumb\"},\"inLanguage\":\"en-US\",\"potentialAction\":[{\"@type\":\"ReadAction\",\"target\":[\"https:\/\/www.visit-ulcinj.com\/blog\/2016\/02\/05\/czip-sudbina-ulcinjske-solane-u-rukama-evropske-komisije\/\"]}]},{\"@type\":\"BreadcrumbList\",\"@id\":\"https:\/\/www.visit-ulcinj.com\/blog\/2016\/02\/05\/czip-sudbina-ulcinjske-solane-u-rukama-evropske-komisije\/#breadcrumb\",\"itemListElement\":[{\"@type\":\"ListItem\",\"position\":1,\"name\":\"CZIP: Sudbina Ulcinjske Solane u rukama Evropske komisije\"}]},{\"@type\":\"Person\",\"@id\":\"https:\/\/www.visit-ulcinj.com\/blog\/#\/schema\/person\/dcab619c614d3038751c63bc2aadc06d\",\"name\":\"ulqini\",\"sameAs\":[\"http:\/\/www.visit-ulcinj.com\"],\"url\":\"https:\/\/www.visit-ulcinj.com\/blog\/author\/admin\/\"}]}<\/script>\n<!-- \/ Yoast SEO plugin. -->","yoast_head_json":{"title":"CZIP: Sudbina Ulcinjske Solane u rukama Evropske komisije - Lajme nga Ulqini","description":"Odlukom Ustavnog suda da proglasi neustavnim izmjene i dopune va\u017ee\u0107eg Prostornog plana iz 2012. godine, namjena zemlji\u0161ta Ulcinjske solane koje je","robots":{"index":"index","follow":"follow","max-snippet":"max-snippet:-1","max-image-preview":"max-image-preview:large","max-video-preview":"max-video-preview:-1"},"canonical":"https:\/\/www.visit-ulcinj.com\/blog\/2016\/02\/05\/czip-sudbina-ulcinjske-solane-u-rukama-evropske-komisije\/","og_locale":"en_US","og_type":"article","og_title":"CZIP: Sudbina Ulcinjske Solane u rukama Evropske komisije - Lajme nga Ulqini","og_description":"Odlukom Ustavnog suda da proglasi neustavnim izmjene i dopune va\u017ee\u0107eg Prostornog plana iz 2012. godine, namjena zemlji\u0161ta Ulcinjske solane koje je","og_url":"https:\/\/www.visit-ulcinj.com\/blog\/2016\/02\/05\/czip-sudbina-ulcinjske-solane-u-rukama-evropske-komisije\/","og_site_name":"Lajme nga Ulqini","article_published_time":"2016-02-05T22:28:16+00:00","og_image":[{"url":"http:\/\/www.visit-ulcinj.com\/blog\/wp-content\/uploads\/2014\/06\/ulcinjska-solana-raj-za-ptice-3.jpg"}],"twitter_misc":{"Written by":"ulqini","Est. reading time":"2 minutes"},"schema":{"@context":"https:\/\/schema.org","@graph":[{"@type":"WebSite","@id":"https:\/\/www.visit-ulcinj.com\/blog\/#website","url":"https:\/\/www.visit-ulcinj.com\/blog\/","name":"Lajme nga Ulqini","description":"Lajme,Vijesti,Ulqini,Ulqin,Crna Gora,Mali i Zi","potentialAction":[{"@type":"SearchAction","target":{"@type":"EntryPoint","urlTemplate":"https:\/\/www.visit-ulcinj.com\/blog\/?s={search_term_string}"},"query-input":"required name=search_term_string"}],"inLanguage":"en-US"},{"@type":"ImageObject","inLanguage":"en-US","@id":"https:\/\/www.visit-ulcinj.com\/blog\/2016\/02\/05\/czip-sudbina-ulcinjske-solane-u-rukama-evropske-komisije\/#primaryimage","url":"https:\/\/www.visit-ulcinj.com\/blog\/wp-content\/uploads\/2014\/06\/ulcinjska-solana-raj-za-ptice-3.jpg","contentUrl":"https:\/\/www.visit-ulcinj.com\/blog\/wp-content\/uploads\/2014\/06\/ulcinjska-solana-raj-za-ptice-3.jpg","width":960,"height":720},{"@type":"WebPage","@id":"https:\/\/www.visit-ulcinj.com\/blog\/2016\/02\/05\/czip-sudbina-ulcinjske-solane-u-rukama-evropske-komisije\/#webpage","url":"https:\/\/www.visit-ulcinj.com\/blog\/2016\/02\/05\/czip-sudbina-ulcinjske-solane-u-rukama-evropske-komisije\/","name":"CZIP: Sudbina Ulcinjske Solane u rukama Evropske komisije - Lajme nga Ulqini","isPartOf":{"@id":"https:\/\/www.visit-ulcinj.com\/blog\/#website"},"primaryImageOfPage":{"@id":"https:\/\/www.visit-ulcinj.com\/blog\/2016\/02\/05\/czip-sudbina-ulcinjske-solane-u-rukama-evropske-komisije\/#primaryimage"},"datePublished":"2016-02-05T22:28:16+00:00","dateModified":"2016-02-05T22:28:16+00:00","author":{"@id":"https:\/\/www.visit-ulcinj.com\/blog\/#\/schema\/person\/dcab619c614d3038751c63bc2aadc06d"},"description":"Odlukom Ustavnog suda da proglasi neustavnim izmjene i dopune va\u017ee\u0107eg Prostornog plana iz 2012. godine, namjena zemlji\u0161ta Ulcinjske solane koje je","breadcrumb":{"@id":"https:\/\/www.visit-ulcinj.com\/blog\/2016\/02\/05\/czip-sudbina-ulcinjske-solane-u-rukama-evropske-komisije\/#breadcrumb"},"inLanguage":"en-US","potentialAction":[{"@type":"ReadAction","target":["https:\/\/www.visit-ulcinj.com\/blog\/2016\/02\/05\/czip-sudbina-ulcinjske-solane-u-rukama-evropske-komisije\/"]}]},{"@type":"BreadcrumbList","@id":"https:\/\/www.visit-ulcinj.com\/blog\/2016\/02\/05\/czip-sudbina-ulcinjske-solane-u-rukama-evropske-komisije\/#breadcrumb","itemListElement":[{"@type":"ListItem","position":1,"name":"CZIP: Sudbina Ulcinjske Solane u rukama Evropske komisije"}]},{"@type":"Person","@id":"https:\/\/www.visit-ulcinj.com\/blog\/#\/schema\/person\/dcab619c614d3038751c63bc2aadc06d","name":"ulqini","sameAs":["http:\/\/www.visit-ulcinj.com"],"url":"https:\/\/www.visit-ulcinj.com\/blog\/author\/admin\/"}]}},"jetpack_featured_media_url":"","jetpack_sharing_enabled":true,"jetpack_shortlink":"https:\/\/wp.me\/pe6lTn-oyP","_links":{"self":[{"href":"https:\/\/www.visit-ulcinj.com\/blog\/wp-json\/wp\/v2\/posts\/94415"}],"collection":[{"href":"https:\/\/www.visit-ulcinj.com\/blog\/wp-json\/wp\/v2\/posts"}],"about":[{"href":"https:\/\/www.visit-ulcinj.com\/blog\/wp-json\/wp\/v2\/types\/post"}],"author":[{"embeddable":true,"href":"https:\/\/www.visit-ulcinj.com\/blog\/wp-json\/wp\/v2\/users\/1"}],"replies":[{"embeddable":true,"href":"https:\/\/www.visit-ulcinj.com\/blog\/wp-json\/wp\/v2\/comments?post=94415"}],"version-history":[{"count":1,"href":"https:\/\/www.visit-ulcinj.com\/blog\/wp-json\/wp\/v2\/posts\/94415\/revisions"}],"predecessor-version":[{"id":94416,"href":"https:\/\/www.visit-ulcinj.com\/blog\/wp-json\/wp\/v2\/posts\/94415\/revisions\/94416"}],"wp:attachment":[{"href":"https:\/\/www.visit-ulcinj.com\/blog\/wp-json\/wp\/v2\/media?parent=94415"}],"wp:term":[{"taxonomy":"category","embeddable":true,"href":"https:\/\/www.visit-ulcinj.com\/blog\/wp-json\/wp\/v2\/categories?post=94415"},{"taxonomy":"post_tag","embeddable":true,"href":"https:\/\/www.visit-ulcinj.com\/blog\/wp-json\/wp\/v2\/tags?post=94415"}],"curies":[{"name":"wp","href":"https:\/\/api.w.org\/{rel}","templated":true}]}}