{"id":94417,"date":"2016-02-05T23:34:10","date_gmt":"2016-02-05T22:34:10","guid":{"rendered":"http:\/\/www.visit-ulcinj.com\/blog\/?p=94417"},"modified":"2016-02-07T16:15:42","modified_gmt":"2016-02-07T15:15:42","slug":"ilir-harasani-qeveria-e-malit-te-zi-ka-privatizuar-per-vete-90-te-pasurise-se-shtetit","status":"publish","type":"post","link":"https:\/\/www.visit-ulcinj.com\/blog\/2016\/02\/05\/ilir-harasani-qeveria-e-malit-te-zi-ka-privatizuar-per-vete-90-te-pasurise-se-shtetit\/","title":{"rendered":"Ilir Harasani: Qeveria e Malit t\u00eb Zi ka privatizuar p\u00ebr vete 90% t\u00eb pasuris\u00eb s\u00eb shtetit"},"content":{"rendered":"<p><a href=\"http:\/\/www.visit-ulcinj.com\/blog\/wp-content\/uploads\/2016\/02\/Ilir-Harasani-ulqin-1.jpg\"><img loading=\"lazy\" class=\"alignleft wp-image-94420\" src=\"http:\/\/www.visit-ulcinj.com\/blog\/wp-content\/uploads\/2016\/02\/Ilir-Harasani-ulqin-1.jpg\" alt=\"Ilir-Harasani-ulqin-1\" width=\"508\" height=\"398\" srcset=\"https:\/\/www.visit-ulcinj.com\/blog\/wp-content\/uploads\/2016\/02\/Ilir-Harasani-ulqin-1.jpg 930w, https:\/\/www.visit-ulcinj.com\/blog\/wp-content\/uploads\/2016\/02\/Ilir-Harasani-ulqin-1-300x235.jpg 300w\" sizes=\"(max-width: 508px) 100vw, 508px\" \/><\/a>P\u00ebr gjendjen e Shqiptar\u00ebve n\u00eb Mal t\u00eb Zi dhe Ulqin, p\u00ebr Gazet\u00ebn Liria prononcohet z. Ilir Harasani p\u00ebrfaq\u00ebsues i levizjes qytetare URA ne Ulqin.<\/p>\n<ul>\n<li><strong>Mund\u00eb t\u00eb na thoni se cili \u00ebsht\u00eb misioni i L\u00ebvizjes URA n\u00eb Mal t\u00eb Zi, cila \u00ebsht\u00eb shtrirja q\u00eb ju si subjekt e keni dhe cfar\u00eb synoni?<\/strong><\/li>\n<\/ul>\n<p>L\u00ebvizja URA\u00a0 \u00ebsht\u00eb l\u00ebvizje qytetare jo formale, e hapur p\u00ebr t\u00eb gjith\u00eb qytetaret e Malit t\u00eb Zi. Synimi yn\u00eb kryesor\u00eb \u00ebsht\u00eb bashkimi i qytetar\u00ebve n\u00eb Mal t\u00eb Zi pa marr\u00eb parasysh\u00eb p\u00ebrkat\u00ebsin e tyre komb\u00ebtare, etnike, fetare q\u00eb proklamojn\u00eb vlera morale politike, drejt misionit ton\u00eb t\u00eb nd\u00ebrrimit pushtetit dhe \u00a0rrug\u00ebs drejt\u00a0 integrimit euro-atlantik.<\/p>\n<ul>\n<li><strong>Nga Kosova, por dhe nga Shqipria, ka kritika ndaj lider\u00ebve t\u00eb Shqiptar\u00ebve t\u00eb Malit t\u00eb Zi lidhur me p\u00ebr\u00e7arjet eventuale t\u00eb tyre. A mendoni se politikan\u00ebt shqiptar\u00eb n\u00eb Mal t\u00eb zi jan\u00eb t\u00eb p\u00ebr\u00e7ar\u00eb, dhe n\u00ebse po, si do t\u00eb duhej t\u2019i menjanonin k\u00ebto diferenca? <\/strong><\/li>\n<\/ul>\n<p>Kritika m\u00eb se me vend. Ne shqiptpar\u00ebt n\u00eb Mal t\u00eb Zi shikuar proporcionalisht me komb\u00ebsit tjera q\u00eb jetojn\u00eb n\u00eb Mal t\u00eb Zi sa i p\u00ebrket partive politike e nx\u00ebjm\u00eb vendin e par\u00eb, kemi m\u00eb s\u00eb shum\u00ebti parti politike se sa komb\u00ebsit tjera q\u00eb kan\u00eb, edhe pse me num\u00ebr jemi m\u00eb pak. Paradoks i paspjeguesh\u00ebm i p\u00ebr\u00e7arjeve mbase i infektuar n\u00eb t\u00eb gjith\u00eb trojet ku jetojn\u00eb shqiptar\u00ebt n\u00eb Balkan. Se si mund t\u00eb menjanohet ky infeksion p\u00ebr mendimin tim ka vet\u00ebm nj\u00eb zgjidhje t\u00eb pakten k\u00ebtu p\u00ebr shqiptar\u00ebt n\u00eb Mal t\u00eb Zi, e ajo \u00ebsht\u00eb q\u00eb intresi i ngusht\u00eb t\u00eb z\u00ebvend\u00ebsohet me at\u00eb t\u00eb p\u00ebrgjithsh\u00ebm, dhe q\u00eb m\u00eb shum\u00eb t\u00eb kemi \u201cushtar\u00eb\u201d se sa \u201cgjeneral\u00eb\u201d.<\/p>\n<ul>\n<li><strong>Cili \u00ebsht\u00eb rasporti juaj me lider\u00ebt politik shqiptar\u00eb t\u00eb Malit t\u00eb zi?<\/strong><\/li>\n<\/ul>\n<p>T\u00eb them t\u00eb drejten nuk \u00ebsht\u00eb nj\u00eb raport n\u00eb nivel. Nuk \u00ebsht\u00eb arsyeja q\u00eb konceptet tona politike nuk jan\u00eb t\u00eb ngjajshme sepse ne jemi l\u00ebvizje qytetare kurse ato jan\u00eb parti nacionale. Por dallimi kryesor \u00ebsht\u00eb q\u00eb ato si parti nacionale t\u00eb vogla me ndjenj\u00eb infreoriteti mb\u00ebshteten \u00e7do her\u00eb t\u00ebk partia m\u00eb e fuqishme ne k\u00ebt\u00eb rast tek PDS-ja partija e Milo Gjukanoviqit. Vlen\u00eb t\u00eb ceket p\u00ebr opinioni Kosovar sa i p\u00ebrket raportit me partit\u00eb nacionale, edhe pse pak a shum\u00eb i njohur dhe atje, ne para dy viteve jemi \u201cfliuar\u201d n\u00ebse mund t\u00eb shprehem \u00a0ashtu p\u00ebr partit\u00eb nacionale shqiptare sakt\u00ebsisht \u201cForcen\u201d dhe \u201c kualicionin p\u00ebr t\u00eb ardhmen e Ulqinit\u201d duke i krijuar shumicen n\u00eb kuvendin komunal Ulqin, dhe at\u00eb pa kushte ve\u00e7se me t\u00eb vetmin q\u00ebllim q\u00eb PDS mos ta arrij\u00eb pushtetin n\u00eb Ulqin dhe q\u00eb kryetari t\u00eb jet\u00eb nga partit\u00eb shqiptare. Si m\u00eb keq para ca muajve pa p\u00ebrfunduar mandatin q\u00eb t\u00eb dyjat partit\u00eb ve\u00e7mas kan\u00eb nisur inicijativ\u00ebn e bisedimeve me PSD\u00a0 pa dijen ton\u00eb q\u00eb ajo t\u00eb vij\u00eb n\u00eb pushtet, dhe si rezultat i k\u00ebsaj kemi japur dorheqje nga qeverisja lokale ne Ulqin.<\/p>\n<ul>\n<li><strong>Si jan\u00eb raportet tuaja me qeverit\u00eb shqiptare (Shqipri, Kosov\u00eb dhe faktorin politik shqiptar\u00eb n\u00eb Maqedoni)?<\/strong><\/li>\n<\/ul>\n<p>Raportet tona me qeverit\u00eb shqip\u00ebtare jan\u00eb n\u00eb nivel, edhe pse si l\u00ebvizje e re nuk kemi pasur edhe shum\u00eb mundsi t\u00eb krijom\u00eb lidhje t\u00eb shpeshta, por gjithesi kemi pasur takime zyrtare dhe jozyrtare m\u00eb t\u00eb tre vendet e lart\u00ebp\u00ebrmendura. Keni parasysh q\u00eb themeluesi dhe n\u00ebnkryetari i l\u00ebvizjes URA Dritan Abazoviqi \u00ebsht\u00eb i komb\u00ebsis\u00eb shqiptare ne\u00a0 kemi fituar mb\u00ebshtetje dhe p\u00ebrkrahje p\u00ebr pun\u00ebn ton\u00eb nga qeverit\u00eb shqiptare.<\/p>\n<ul>\n<li><strong>Si q\u00ebndron raporti juaj me qeverin\u00eb e Malit t\u00eb zi?<\/strong><\/li>\n<\/ul>\n<p>Raporti me qeverin\u00eb p\u00ebr fat t\u00eb keq \u00ebsht\u00eb p\u00ebr tu d\u00ebshiruar. V\u00ebshtire t\u00eb keni nj\u00eb raport\u00eb t\u00eb mir\u00ebfillt dhe korrekt me nje qeveri q\u00eb \u00ebsht\u00eb n\u00eb pushtet q\u00eb 25 vite rresht! P\u00ebr m\u00eb keq gjat\u00eb gjith\u00eb k\u00ebtyre viteve qeverisjeje diktatoriale, ka\u00a0 privatizuar n\u00eb m\u00ebnyren m\u00eb t\u00eb eger po thuajse t\u00eb gjith\u00eb resurset shtetrore, ku pjestar\u00ebt e qeveris\u00eb dhe rrethi i tyre i ngusht\u00eb kan\u00eb m\u00eb shum\u00eb se 90% t\u00eb pasuris\u00eb s\u00eb shtetit, vota e lir\u00eb e qytetar\u00ebve \u00ebsht\u00eb e cunguar dhe e kusht\u00ebzuar, migrimi dhe papunsia \u00e7do dit\u00eb n\u00eb rritje, e kjo e \u00ebsht\u00eb shkas p\u00ebr nj\u00eb raport q\u00eb thash\u00eb m\u00eb lart.<\/p>\n<ul>\n<li><strong>Cila \u00ebsht\u00eb trajtesa q\u00eb kjo qeveri ju b\u00ebn\u00eb shqiptar\u00ebve t\u00eb Malit t\u00eb zi, dhe si e spjegoni votimin e qeveris\u00eb s\u00eb MZ nga deputet\u00ebt e partive politike Shqiptare ?<\/strong><\/li>\n<\/ul>\n<p>Trajtesa jo e duhur q\u00eb b\u00ebn\u00eb qeveria p\u00ebr shqiptar\u00ebt \u00ebsht\u00eb m\u00eb se e dukshme, theksoj ve\u00e7 disa elemente kryesore , shqiptar\u00ebt \u00e7do dit\u00eb dhe m\u00eb shum\u00eb emigrojn\u00eb, nuk rrespektohen t\u00eb drejtat tona si pakic\u00eb, nuk kemi arsimin t\u00eb lart\u00eb n\u00eb gjuhen shqipe etj. P\u00ebrkunder asaj q\u00eb thash partit\u00eb shqip\u00ebtare si \u201cp\u00ebrfaqsues\u201d t\u00eb shqiptarve,\u00a0 i ftojn\u00eb \u00a0shqiptar\u00ebt para zgjedhjeve q\u00eb t\u00eb votojn ve\u00e7se shqip mos ta harrojn\u00eb flamurin etj. kurse pas zgjedhjeve b\u00ebjn gara kush ti bashkangjitet i pari partis se Gjukanoviqit. Theksoj q\u00eb tash\u00eb e sa vite \u00a0jan\u00eb pjes\u00eb e kualicionit qeveris\u00ebs, dhe at\u00eb pa kushte. Serioziteti i partive nacionale shqiptare tregon fakti q\u00eb dy partit\u00eb shqiptare dhe t\u00eb vetmet n\u00eb kuvendin e Malt t\u00eb Zi\u00a0 jan\u00eb n\u00eb kualicion qevereis\u00ebs por nuk kan\u00eb as edhe nj\u00eb funksion eksekutiv n\u00eb qevrei! Por kjo p\u00ebr ta nuk do thot asgj\u00eb p\u00ebr ti dh\u00ebn\u00eb besimin qeveris\u00eb q\u00eb nuk jan\u00eb pjes\u00eb e saj! Keni parasysh q\u00eb qeveria ka fituar besimin n\u00eb Kuvend ve\u00e7se p\u00ebr nj\u00eb vot\u00eb m\u00eb shum\u00eb , k\u00ebshtu q\u00eb pa voten e dy shqip\u00ebtareve qeveria do bie, ky ishte rast ideal p\u00ebr partit\u00eb shqiptare p\u00ebr ta kusht\u00ebzuar qeverin\u00eb, nj\u00eb gj\u00eb t\u00eb till\u00eb nuk e b\u00ebn\u00eb, por e mb\u00ebshteten pa kushte.<\/p>\n<ul>\n<li><strong>Cfar\u00eb po ndodh\u00eb me Kriporen e Ulqinit dhe cili \u00ebsht\u00eb roli juaj n\u00eb k\u00ebt\u00eb mes?<\/strong><\/li>\n<\/ul>\n<p>Fabrika e kripor\u00ebs \u00ebsht\u00eb nj\u00ebra nd\u00ebr privatizimet e egra q\u00eb qeveria e Gjukanoviqit ka b\u00ebr\u00eb, duke e shitur shokut t\u00eb tij me q\u00ebllim q\u00eb gjith\u00eb k\u00ebt\u00eb territor reth\u00eb 14 kilometra katror\u00eb e q\u00eb i bije afro 10% e teritorit t\u00eb Komunes s\u00eb Ulqinit ta kthej n\u00eb tok\u00eb nd\u00ebrtimore. Si fabrika m\u00eb e vjet\u00ebr \u00a0n\u00eb Ulqin \u00ebsht\u00eb shitur me m\u00eb pak se nj\u00eb milion euro. Fabika tashi m\u00eb nuk funksionon, por e mira e s\u00eb keq\u00ebs \u00ebsht\u00eb q\u00eb Kriporja do b\u00ebhet zon\u00eb e mbrojtuar, vlen t\u00eb ceket se Kriporen e vizitojn\u00eb m\u00eb se 50% e shpendeve q\u00eb posedon i gjith\u00eb kontinenti Evropian. Ne si L\u00ebvizje kemi insistuar disa her\u00eb kryesisht me OJQ-\u00ebt, me Qendren e ruajtjes\u00a0 se shpez\u00ebve ne Mal t\u00eb Zi, po ashtu kemi dh\u00ebn\u00eb propozime n\u00eb Kuvendin e Malit t\u00eb Zi, pastasj p\u00ebrmes nd\u00ebrkomb\u00ebtar\u00ebve me theks t\u00eb va\u00e7ant\u00eb me ambasadoren e Gjermanis\u00eb zonj\u00ebn Shtajnaker e cila ka insistuar fuqish\u00ebm q\u00eb Kriporja t\u00eb b\u00ebhet zon\u00eb e mbrojtur. Gjithashtu dua t\u00eb theksoj satisfaksionin q\u00eb Kriporja \u00ebsht\u00eb kusht kryesor\u00eb p\u00ebr hapjen e kapitujve drejt negociatave me BE-n\u00eb tek \u00e7eshtja e ekologjis\u00eb, dhe kjo na b\u00ebn disi t\u00eb besojm\u00eb q\u00eb qeveria nuk do ta degjeneroj\u00eb k\u00ebt\u00eb pjes\u00eb aq t\u00eb bukur natyrore.<\/p>\n<ul>\n<li><strong>Flitet q\u00eb Prokuroria Speciale do t\u00eb hetoj\u00eb Komun\u00ebn e Ulqinit, a mund t\u00eb na thoni se p\u00ebr cfar\u00eb b\u00ebhet fjal\u00eb konkretisht?<\/strong><\/li>\n<\/ul>\n<p>Keni t\u00eb drejt\u00eb, Prokurorija speciale ve\u00e7\u00ebse ka nisur hetimet dhe at\u00eb me kryetarin e Komun\u00ebs Fatmir Gjeken p\u00ebr momentin \u00e7\u00ebshtja \u00ebsht\u00eb n\u00eb procedur\u00eb e sip\u00ebr, t\u00eb shohim si ka p\u00ebr tu p\u00ebrfunduar. Fakti relevant q\u00eb ka pasur manipulime, dhe n\u00ebse hetimet kryhen si\u00e7 duhet p\u00ebr mendimin tim Prokuroria nuk do dali me duar bosh\u00eb.<\/p>\n<ul>\n<li><strong>Cfar mendoni, sa \u00ebsht\u00eb e p\u00ebrgatitur L\u00ebvizja qytetare URA p\u00ebr zgjedhjet e ardhshme komunale n\u00eb Ulqin dhe Mal t\u00eb zi?<\/strong><\/li>\n<\/ul>\n<p>P\u00ebr Uren k\u00ebto do jen\u00eb zgjedhjet e para, dhe si e till\u00eb sipas sondazheve q\u00ebndrojm mir\u00eb n\u00eb nivelin shtetror me 9%. \u00c7do dit\u00eb dhe m\u00eb tep\u00ebr kemi antarsim kryesisht t\u00eb t\u00eb rinj\u00ebve pa prapavij\u00eb politike, q\u00eb d\u00ebshirojn ndryshime.<\/p>\n<ul>\n<li><strong>Cili \u00ebsht\u00eb mesazhi apo edhe k\u00ebrkesa juaj p\u00ebr lider\u00ebt shqiptar\u00eb (Shqipri, Kosov\u00eb, Maqedoni dhe Kosov\u00eb Lindore)? <\/strong><\/li>\n<\/ul>\n<p>Mesazhi im edhe pse jo shum\u00eb kompetet, do ishte stabiletet politik me an\u00eb t\u00eb dialogut, dialog n\u00eb Shqip\u00ebri p\u00ebr konfliktet pozit\u00eb-opzit q\u00eb \u00e7do dit\u00eb dhe m\u00eb shum\u00eb jan\u00eb t\u00eb theksuara. N\u00eb Kosov\u00eb dialog p\u00ebr \u00e7\u00ebshtjet \u201czajednica\u201d dhe demarkacioni, (p\u00ebr mendimin tim nuk zgjidhen problemet ne rrug\u00eb si pretendon opozita, sidomos ne kohen e sotme). N\u00eb Maqedoni dialog p\u00ebr unitet t\u00eb shqip\u00ebtar\u00ebve sidomos q\u00eb tani\u00a0 n\u00eb k\u00ebt\u00eb \u00a0kaos atje kan\u00eb shansin t\u00eb arrijn\u00eb shum\u00eb kur kemi parasysh\u00eb p\u00ebrqindje shqiptare.\/gazetaliria.com\/<\/p>\n","protected":false},"excerpt":{"rendered":"<p>P\u00ebr gjendjen e Shqiptar\u00ebve n\u00eb Mal t\u00eb Zi dhe Ulqin, p\u00ebr Gazet\u00ebn Liria prononcohet z. Ilir Harasani p\u00ebrfaq\u00ebsues i levizjes qytetare URA ne Ulqin. Mund\u00eb t\u00eb na thoni se cili \u00ebsht\u00eb misioni i L\u00ebvizjes URA n\u00eb Mal t\u00eb Zi, cila \u00ebsht\u00eb shtrirja q\u00eb ju si subjekt e keni dhe cfar\u00eb synoni? L\u00ebvizja URA\u00a0 \u00ebsht\u00eb l\u00ebvizje [&hellip;]<\/p>\n","protected":false},"author":1,"featured_media":0,"comment_status":"closed","ping_status":"closed","sticky":false,"template":"","format":"standard","meta":{"spay_email":"","jetpack_publicize_message":"","jetpack_is_tweetstorm":false,"jetpack_publicize_feature_enabled":true},"categories":[7,1],"tags":[],"jetpack_publicize_connections":[],"yoast_head":"<!-- This site is optimized with the Yoast SEO plugin v19.1 - https:\/\/yoast.com\/wordpress\/plugins\/seo\/ -->\n<title>Ilir Harasani: Qeveria e Malit t\u00eb Zi ka privatizuar p\u00ebr vete 90% t\u00eb pasuris\u00eb s\u00eb shtetit - Lajme nga Ulqini<\/title>\n<meta name=\"description\" content=\"P\u00ebr gjendjen e Shqiptar\u00ebve n\u00eb Mal t\u00eb Zi dhe Ulqin, p\u00ebr Gazet\u00ebn Liria prononcohet z. Ilir Harasani p\u00ebrfaq\u00ebsues i levizjes qytetare URA ne Ulqin. Mund\u00eb t\u00eb\" \/>\n<meta name=\"robots\" content=\"index, follow, max-snippet:-1, max-image-preview:large, max-video-preview:-1\" \/>\n<link rel=\"canonical\" href=\"https:\/\/www.visit-ulcinj.com\/blog\/2016\/02\/05\/ilir-harasani-qeveria-e-malit-te-zi-ka-privatizuar-per-vete-90-te-pasurise-se-shtetit\/\" \/>\n<meta property=\"og:locale\" content=\"en_US\" \/>\n<meta property=\"og:type\" content=\"article\" \/>\n<meta property=\"og:title\" content=\"Ilir Harasani: Qeveria e Malit t\u00eb Zi ka privatizuar p\u00ebr vete 90% t\u00eb pasuris\u00eb s\u00eb shtetit - Lajme nga Ulqini\" \/>\n<meta property=\"og:description\" content=\"P\u00ebr gjendjen e Shqiptar\u00ebve n\u00eb Mal t\u00eb Zi dhe Ulqin, p\u00ebr Gazet\u00ebn Liria prononcohet z. Ilir Harasani p\u00ebrfaq\u00ebsues i levizjes qytetare URA ne Ulqin. Mund\u00eb t\u00eb\" \/>\n<meta property=\"og:url\" content=\"https:\/\/www.visit-ulcinj.com\/blog\/2016\/02\/05\/ilir-harasani-qeveria-e-malit-te-zi-ka-privatizuar-per-vete-90-te-pasurise-se-shtetit\/\" \/>\n<meta property=\"og:site_name\" content=\"Lajme nga Ulqini\" \/>\n<meta property=\"article:published_time\" content=\"2016-02-05T22:34:10+00:00\" \/>\n<meta property=\"article:modified_time\" content=\"2016-02-07T15:15:42+00:00\" \/>\n<meta property=\"og:image\" content=\"http:\/\/www.visit-ulcinj.com\/blog\/wp-content\/uploads\/2016\/02\/Ilir-Harasani-ulqin-1.jpg\" \/>\n<meta name=\"twitter:label1\" content=\"Written by\" \/>\n\t<meta name=\"twitter:data1\" content=\"ulqini\" \/>\n\t<meta name=\"twitter:label2\" content=\"Est. reading time\" \/>\n\t<meta name=\"twitter:data2\" content=\"7 minutes\" \/>\n<script type=\"application\/ld+json\" class=\"yoast-schema-graph\">{\"@context\":\"https:\/\/schema.org\",\"@graph\":[{\"@type\":\"WebSite\",\"@id\":\"https:\/\/www.visit-ulcinj.com\/blog\/#website\",\"url\":\"https:\/\/www.visit-ulcinj.com\/blog\/\",\"name\":\"Lajme nga Ulqini\",\"description\":\"Lajme,Vijesti,Ulqini,Ulqin,Crna Gora,Mali i Zi\",\"potentialAction\":[{\"@type\":\"SearchAction\",\"target\":{\"@type\":\"EntryPoint\",\"urlTemplate\":\"https:\/\/www.visit-ulcinj.com\/blog\/?s={search_term_string}\"},\"query-input\":\"required name=search_term_string\"}],\"inLanguage\":\"en-US\"},{\"@type\":\"ImageObject\",\"inLanguage\":\"en-US\",\"@id\":\"https:\/\/www.visit-ulcinj.com\/blog\/2016\/02\/05\/ilir-harasani-qeveria-e-malit-te-zi-ka-privatizuar-per-vete-90-te-pasurise-se-shtetit\/#primaryimage\",\"url\":\"https:\/\/www.visit-ulcinj.com\/blog\/wp-content\/uploads\/2016\/02\/Ilir-Harasani-ulqin-1.jpg\",\"contentUrl\":\"https:\/\/www.visit-ulcinj.com\/blog\/wp-content\/uploads\/2016\/02\/Ilir-Harasani-ulqin-1.jpg\",\"width\":930,\"height\":729},{\"@type\":\"WebPage\",\"@id\":\"https:\/\/www.visit-ulcinj.com\/blog\/2016\/02\/05\/ilir-harasani-qeveria-e-malit-te-zi-ka-privatizuar-per-vete-90-te-pasurise-se-shtetit\/#webpage\",\"url\":\"https:\/\/www.visit-ulcinj.com\/blog\/2016\/02\/05\/ilir-harasani-qeveria-e-malit-te-zi-ka-privatizuar-per-vete-90-te-pasurise-se-shtetit\/\",\"name\":\"Ilir Harasani: Qeveria e Malit t\u00eb Zi ka privatizuar p\u00ebr vete 90% t\u00eb pasuris\u00eb s\u00eb shtetit - Lajme nga Ulqini\",\"isPartOf\":{\"@id\":\"https:\/\/www.visit-ulcinj.com\/blog\/#website\"},\"primaryImageOfPage\":{\"@id\":\"https:\/\/www.visit-ulcinj.com\/blog\/2016\/02\/05\/ilir-harasani-qeveria-e-malit-te-zi-ka-privatizuar-per-vete-90-te-pasurise-se-shtetit\/#primaryimage\"},\"datePublished\":\"2016-02-05T22:34:10+00:00\",\"dateModified\":\"2016-02-07T15:15:42+00:00\",\"author\":{\"@id\":\"https:\/\/www.visit-ulcinj.com\/blog\/#\/schema\/person\/dcab619c614d3038751c63bc2aadc06d\"},\"description\":\"P\u00ebr gjendjen e Shqiptar\u00ebve n\u00eb Mal t\u00eb Zi dhe Ulqin, p\u00ebr Gazet\u00ebn Liria prononcohet z. Ilir Harasani p\u00ebrfaq\u00ebsues i levizjes qytetare URA ne Ulqin. Mund\u00eb t\u00eb\",\"breadcrumb\":{\"@id\":\"https:\/\/www.visit-ulcinj.com\/blog\/2016\/02\/05\/ilir-harasani-qeveria-e-malit-te-zi-ka-privatizuar-per-vete-90-te-pasurise-se-shtetit\/#breadcrumb\"},\"inLanguage\":\"en-US\",\"potentialAction\":[{\"@type\":\"ReadAction\",\"target\":[\"https:\/\/www.visit-ulcinj.com\/blog\/2016\/02\/05\/ilir-harasani-qeveria-e-malit-te-zi-ka-privatizuar-per-vete-90-te-pasurise-se-shtetit\/\"]}]},{\"@type\":\"BreadcrumbList\",\"@id\":\"https:\/\/www.visit-ulcinj.com\/blog\/2016\/02\/05\/ilir-harasani-qeveria-e-malit-te-zi-ka-privatizuar-per-vete-90-te-pasurise-se-shtetit\/#breadcrumb\",\"itemListElement\":[{\"@type\":\"ListItem\",\"position\":1,\"name\":\"Ilir Harasani: Qeveria e Malit t\u00eb Zi ka privatizuar p\u00ebr vete 90% t\u00eb pasuris\u00eb s\u00eb shtetit\"}]},{\"@type\":\"Person\",\"@id\":\"https:\/\/www.visit-ulcinj.com\/blog\/#\/schema\/person\/dcab619c614d3038751c63bc2aadc06d\",\"name\":\"ulqini\",\"sameAs\":[\"http:\/\/www.visit-ulcinj.com\"],\"url\":\"https:\/\/www.visit-ulcinj.com\/blog\/author\/admin\/\"}]}<\/script>\n<!-- \/ Yoast SEO plugin. -->","yoast_head_json":{"title":"Ilir Harasani: Qeveria e Malit t\u00eb Zi ka privatizuar p\u00ebr vete 90% t\u00eb pasuris\u00eb s\u00eb shtetit - Lajme nga Ulqini","description":"P\u00ebr gjendjen e Shqiptar\u00ebve n\u00eb Mal t\u00eb Zi dhe Ulqin, p\u00ebr Gazet\u00ebn Liria prononcohet z. Ilir Harasani p\u00ebrfaq\u00ebsues i levizjes qytetare URA ne Ulqin. Mund\u00eb t\u00eb","robots":{"index":"index","follow":"follow","max-snippet":"max-snippet:-1","max-image-preview":"max-image-preview:large","max-video-preview":"max-video-preview:-1"},"canonical":"https:\/\/www.visit-ulcinj.com\/blog\/2016\/02\/05\/ilir-harasani-qeveria-e-malit-te-zi-ka-privatizuar-per-vete-90-te-pasurise-se-shtetit\/","og_locale":"en_US","og_type":"article","og_title":"Ilir Harasani: Qeveria e Malit t\u00eb Zi ka privatizuar p\u00ebr vete 90% t\u00eb pasuris\u00eb s\u00eb shtetit - Lajme nga Ulqini","og_description":"P\u00ebr gjendjen e Shqiptar\u00ebve n\u00eb Mal t\u00eb Zi dhe Ulqin, p\u00ebr Gazet\u00ebn Liria prononcohet z. Ilir Harasani p\u00ebrfaq\u00ebsues i levizjes qytetare URA ne Ulqin. Mund\u00eb t\u00eb","og_url":"https:\/\/www.visit-ulcinj.com\/blog\/2016\/02\/05\/ilir-harasani-qeveria-e-malit-te-zi-ka-privatizuar-per-vete-90-te-pasurise-se-shtetit\/","og_site_name":"Lajme nga Ulqini","article_published_time":"2016-02-05T22:34:10+00:00","article_modified_time":"2016-02-07T15:15:42+00:00","og_image":[{"url":"http:\/\/www.visit-ulcinj.com\/blog\/wp-content\/uploads\/2016\/02\/Ilir-Harasani-ulqin-1.jpg"}],"twitter_misc":{"Written by":"ulqini","Est. reading time":"7 minutes"},"schema":{"@context":"https:\/\/schema.org","@graph":[{"@type":"WebSite","@id":"https:\/\/www.visit-ulcinj.com\/blog\/#website","url":"https:\/\/www.visit-ulcinj.com\/blog\/","name":"Lajme nga Ulqini","description":"Lajme,Vijesti,Ulqini,Ulqin,Crna Gora,Mali i Zi","potentialAction":[{"@type":"SearchAction","target":{"@type":"EntryPoint","urlTemplate":"https:\/\/www.visit-ulcinj.com\/blog\/?s={search_term_string}"},"query-input":"required name=search_term_string"}],"inLanguage":"en-US"},{"@type":"ImageObject","inLanguage":"en-US","@id":"https:\/\/www.visit-ulcinj.com\/blog\/2016\/02\/05\/ilir-harasani-qeveria-e-malit-te-zi-ka-privatizuar-per-vete-90-te-pasurise-se-shtetit\/#primaryimage","url":"https:\/\/www.visit-ulcinj.com\/blog\/wp-content\/uploads\/2016\/02\/Ilir-Harasani-ulqin-1.jpg","contentUrl":"https:\/\/www.visit-ulcinj.com\/blog\/wp-content\/uploads\/2016\/02\/Ilir-Harasani-ulqin-1.jpg","width":930,"height":729},{"@type":"WebPage","@id":"https:\/\/www.visit-ulcinj.com\/blog\/2016\/02\/05\/ilir-harasani-qeveria-e-malit-te-zi-ka-privatizuar-per-vete-90-te-pasurise-se-shtetit\/#webpage","url":"https:\/\/www.visit-ulcinj.com\/blog\/2016\/02\/05\/ilir-harasani-qeveria-e-malit-te-zi-ka-privatizuar-per-vete-90-te-pasurise-se-shtetit\/","name":"Ilir Harasani: Qeveria e Malit t\u00eb Zi ka privatizuar p\u00ebr vete 90% t\u00eb pasuris\u00eb s\u00eb shtetit - Lajme nga Ulqini","isPartOf":{"@id":"https:\/\/www.visit-ulcinj.com\/blog\/#website"},"primaryImageOfPage":{"@id":"https:\/\/www.visit-ulcinj.com\/blog\/2016\/02\/05\/ilir-harasani-qeveria-e-malit-te-zi-ka-privatizuar-per-vete-90-te-pasurise-se-shtetit\/#primaryimage"},"datePublished":"2016-02-05T22:34:10+00:00","dateModified":"2016-02-07T15:15:42+00:00","author":{"@id":"https:\/\/www.visit-ulcinj.com\/blog\/#\/schema\/person\/dcab619c614d3038751c63bc2aadc06d"},"description":"P\u00ebr gjendjen e Shqiptar\u00ebve n\u00eb Mal t\u00eb Zi dhe Ulqin, p\u00ebr Gazet\u00ebn Liria prononcohet z. Ilir Harasani p\u00ebrfaq\u00ebsues i levizjes qytetare URA ne Ulqin. Mund\u00eb t\u00eb","breadcrumb":{"@id":"https:\/\/www.visit-ulcinj.com\/blog\/2016\/02\/05\/ilir-harasani-qeveria-e-malit-te-zi-ka-privatizuar-per-vete-90-te-pasurise-se-shtetit\/#breadcrumb"},"inLanguage":"en-US","potentialAction":[{"@type":"ReadAction","target":["https:\/\/www.visit-ulcinj.com\/blog\/2016\/02\/05\/ilir-harasani-qeveria-e-malit-te-zi-ka-privatizuar-per-vete-90-te-pasurise-se-shtetit\/"]}]},{"@type":"BreadcrumbList","@id":"https:\/\/www.visit-ulcinj.com\/blog\/2016\/02\/05\/ilir-harasani-qeveria-e-malit-te-zi-ka-privatizuar-per-vete-90-te-pasurise-se-shtetit\/#breadcrumb","itemListElement":[{"@type":"ListItem","position":1,"name":"Ilir Harasani: Qeveria e Malit t\u00eb Zi ka privatizuar p\u00ebr vete 90% t\u00eb pasuris\u00eb s\u00eb shtetit"}]},{"@type":"Person","@id":"https:\/\/www.visit-ulcinj.com\/blog\/#\/schema\/person\/dcab619c614d3038751c63bc2aadc06d","name":"ulqini","sameAs":["http:\/\/www.visit-ulcinj.com"],"url":"https:\/\/www.visit-ulcinj.com\/blog\/author\/admin\/"}]}},"jetpack_featured_media_url":"","jetpack_sharing_enabled":true,"jetpack_shortlink":"https:\/\/wp.me\/pe6lTn-oyR","_links":{"self":[{"href":"https:\/\/www.visit-ulcinj.com\/blog\/wp-json\/wp\/v2\/posts\/94417"}],"collection":[{"href":"https:\/\/www.visit-ulcinj.com\/blog\/wp-json\/wp\/v2\/posts"}],"about":[{"href":"https:\/\/www.visit-ulcinj.com\/blog\/wp-json\/wp\/v2\/types\/post"}],"author":[{"embeddable":true,"href":"https:\/\/www.visit-ulcinj.com\/blog\/wp-json\/wp\/v2\/users\/1"}],"replies":[{"embeddable":true,"href":"https:\/\/www.visit-ulcinj.com\/blog\/wp-json\/wp\/v2\/comments?post=94417"}],"version-history":[{"count":3,"href":"https:\/\/www.visit-ulcinj.com\/blog\/wp-json\/wp\/v2\/posts\/94417\/revisions"}],"predecessor-version":[{"id":94422,"href":"https:\/\/www.visit-ulcinj.com\/blog\/wp-json\/wp\/v2\/posts\/94417\/revisions\/94422"}],"wp:attachment":[{"href":"https:\/\/www.visit-ulcinj.com\/blog\/wp-json\/wp\/v2\/media?parent=94417"}],"wp:term":[{"taxonomy":"category","embeddable":true,"href":"https:\/\/www.visit-ulcinj.com\/blog\/wp-json\/wp\/v2\/categories?post=94417"},{"taxonomy":"post_tag","embeddable":true,"href":"https:\/\/www.visit-ulcinj.com\/blog\/wp-json\/wp\/v2\/tags?post=94417"}],"curies":[{"name":"wp","href":"https:\/\/api.w.org\/{rel}","templated":true}]}}