{"id":94451,"date":"2016-02-08T18:30:23","date_gmt":"2016-02-08T17:30:23","guid":{"rendered":"http:\/\/www.visit-ulcinj.com\/blog\/?p=94451"},"modified":"2016-02-08T18:30:23","modified_gmt":"2016-02-08T17:30:23","slug":"ne-tv-boin-te-ftuar-ishin-nik-gjeloshaj-dhe-dritan-abazoviq","status":"publish","type":"post","link":"https:\/\/www.visit-ulcinj.com\/blog\/2016\/02\/08\/ne-tv-boin-te-ftuar-ishin-nik-gjeloshaj-dhe-dritan-abazoviq\/","title":{"rendered":"N\u00eb TV Boin t\u00eb ftuar ishin Nik Gjeloshaj dhe Dritan Abazoviq"},"content":{"rendered":"<div class=\"post-content description \">\n<p><strong><a href=\"http:\/\/www.visit-ulcinj.com\/blog\/wp-content\/uploads\/2016\/02\/TV-BOIN-Dritan-Abazoviq-Nik-Gjeloshaj-.jpg\"><img loading=\"lazy\" class=\"alignleft wp-image-94452\" src=\"http:\/\/www.visit-ulcinj.com\/blog\/wp-content\/uploads\/2016\/02\/TV-BOIN-Dritan-Abazoviq-Nik-Gjeloshaj-.jpg\" alt=\"TV-BOIN-Dritan-Abazoviq-Nik-Gjeloshaj-\" width=\"508\" height=\"284\" srcset=\"https:\/\/www.visit-ulcinj.com\/blog\/wp-content\/uploads\/2016\/02\/TV-BOIN-Dritan-Abazoviq-Nik-Gjeloshaj-.jpg 907w, https:\/\/www.visit-ulcinj.com\/blog\/wp-content\/uploads\/2016\/02\/TV-BOIN-Dritan-Abazoviq-Nik-Gjeloshaj--300x168.jpg 300w\" sizes=\"(max-width: 508px) 100vw, 508px\" \/><\/a>Mbr\u00ebm\u00eb n\u00eb TV Boin t\u00eb ftuar ishin dy deputet\u00eb shqiptar\u00eb n\u00eb Parlamentin e Malit t\u00eb Zi, z.Nik Gjeloshja nga Alternativa Shqiptare dhe z.Dritan Abazoviq Levizja qytetare URA, raporton portali Mal\u00ebsia.ME.<\/strong><\/p>\n<p>Nik Gjeloshaj theksoi se vota p\u00ebr besimin e Qeveris\u00eb nuk ka q\u00ebn vendim i tij personal, por vendim i kryesis\u00eb s\u00eb Alternativ\u00ebs Shqiptare dhe n\u00eb konsultim me q\u00ebndrim t\u00eb partnerit t\u00eb koalicionit PD-s\u00eb t\u00eb Fatmir Gjek\u00ebs.<\/p>\n<p>Ne si Alternativ\u00eb Shqiptare dhe un\u00eb personalisht\u00eb n\u00eb fillim i kam pasur disa dilema, jam k\u00ebn shum af\u00ebr vendimit q\u00eb mos t\u00eb votoj pro Qeveris\u00eb, por mbas konsultimeve me partnerin e koalicionit t\u00eb cilin kishim nj\u00eb detyrim moral me ndegjua mendimin e tyre, pasi q\u00eb \u00ebsht\u00eb partia\u00a0m\u00eb e\u00a0madhe e koalicionit dhe un\u00eb k\u00ebt\u00eb koalicion e p\u00ebrfaq\u00ebsoj\u00a0n\u00eb parlament.N\u00eb fund n\u00eb kryesi t\u00eb ASH e kemi analizuar situat\u00ebn politike n\u00eb t\u00eb cil\u00ebn kemi ardhur dhe kemi sjell\u00eb nj\u00eb vendim politik duke matur cilat jan\u00eb avantazhet dhe disavantazhet e k\u00ebtij vendim, dhe m\u00ebs\u00eb paku kemi menduar q\u00eb t\u00eb p\u00ebrfitojm\u00eb poena politik para zgjedhjeve parlamentare.<\/p>\n<p>Kur ne kemi marr\u00eb vendimin shumica e partive politike jan\u00eb k\u00ebn deklaruar se do p\u00ebrkrahin Qeverin\u00eb, si Partia Boshnjake,Forca,Iniciativa Qytetare Kroate,Social Demokrat\u00ebt dhe e kishin b\u00ebr\u00eb nj\u00eb num\u00ebr 38 dhe me deputet\u00ebt e Malit t\u00eb Zi pozitiv q\u00eb \u00ebsht\u00eb pritur q\u00eb do votojn\u00eb pro, \u00ebsht\u00eb par\u00eb s\u00eb vot\u00ebbesimi \u00ebsht\u00eb \u00e7\u00ebshtje e kryer.<\/p>\n<p>Duke par\u00eb q\u00eb shumica \u00ebsht\u00eb siguruar un\u00eb jam munduar ti potencioj tri \u00e7\u00ebshtje: \u00a0Zgjedhjet e reja lokale n\u00eb Tuz deri n\u00eb fund t\u00eb vitit,p\u00ebrkrahje nga shumica e re p\u00ebr ndryshimin e ligjit p\u00ebr zgjedhjen e deputet\u00ebve dhe k\u00ebshilltar\u00ebve, q\u00eb shqiptar\u00ebve t\u2019ju kthehen t\u00eb drejtat nga ligji i kaluar dhe Qeveria e re t\u00eb ket\u00eb ministrin\u00eb nga partit\u00eb shqiptare.Un\u00eb nuk kam k\u00ebrkuar ministrin p\u00ebr veten si\u00e7 jan\u00eb duke u munduar t\u00eb manipulojn\u00eb disa, por e kam k\u00ebrkuar p\u00ebr Partit\u00eb Shqiptare- tha Gjeloshaj.<\/p>\n<p>Dritan Abazoviq tha se kjo q\u00eb po ndodh\u00eb n\u00eb Mal t\u00eb Zi \u00ebsht\u00eb korrupsion politik i pa par\u00eb, kjo qeveri nuk ka b\u00ebr\u00eb asgj\u00eb pozitive p\u00ebr shqiptar\u00ebt dhe ska as nj\u00eb shqiptar q\u00eb \u00ebsht\u00eb i k\u00ebnaqur me gj\u00ebndjen aktuale n\u00eb Mal t\u00eb Zi dhe kjo qeveri nuk ka merituar p\u00ebrkrahjen.Mashtrimi i PDS me Komun\u00eb t\u00eb Tuzit \u00ebsht\u00eb nj\u00eb nd\u00ebr mashtrimet historike dhe un\u00eb do t\u00eb marr\u00eb masa dhe do e \u00e7oj n\u00eb gjykat\u00ebn kushtetuese, kjo q\u00eb kan b\u00ebr\u00eb \u00ebsht\u00eb jasht\u00eb kushtetut\u00ebs.Derisa ne flasim p\u00ebr komun\u00eb njer\u00ebzit shpr\u00ebngulen dhe ska me pas kush me q\u00ebndrua n\u00eb Komun\u00eb t\u00eb Tuzit as n\u00eb Komun\u00eb t\u00eb Ulqin dhe as n\u00eb Plav\u00eb e Guci, njerzit po shpr\u00ebngulen nga 2001 deri n\u00eb 2010 p\u00ebrqindja e shqiptarve ka r\u00ebnie prej 7% n\u00eb 5%.Tani Komuna nuk ka t\u00eb nj\u00ebjtin kuptim q\u00eb do kishte para 10 apo 15 vit\u00ebve pasi q\u00eb ka ardhur deri te ndryshimi drastik i struktur\u00ebs s\u00eb popullsis\u00eb n\u00eb Mal\u00ebsi.<\/p>\n<p>Abazoviq deklaroi se ai dhe Gjeloshaj ishin t\u00eb vetmit deputet n\u00eb Parlament q\u00eb votuan kund\u00ebr Komun\u00ebs n\u00eb kuad\u00ebr t\u00eb Kryeqytetit.<\/p>\n<p>Gjeloshaj tha se ASH nuk ka b\u00ebr\u00eb kurr\u00eb asnj\u00eb marrveshje me PDS-n\u00eb.Dit\u00ebn e votbesimit n\u00eb parlament e kam cekur se asnj\u00eb k\u00ebrkes\u00eb e shqiptarve tash 25 vite nuk \u00ebsht\u00eb zgjidhur dhe me asnj\u00eb fjal\u00eb se kam p\u00ebrkrah\u00eb qeverin\u00eb.Un\u00eb mundem me i leviz\u00eb \u00e7\u00ebshtjet politike dhe k\u00ebrkesat e shqiptarve aq sa kam forc\u00eb politike. N\u00eb k\u00ebt\u00eb rast\u00eb t\u00eb kishte pasur kordinim politik\u00eb mes shqiptarve, ndoshta ishte mundur shum leht\u00eb me leviz\u00eb shum \u00e7\u00ebshtje, por me 7 janar\u00eb dikush deklarohet (Nimanbegu) se do e p\u00ebrkrahi Qeverin\u00eb pa ardhur iniciativa n\u00eb Parlament, at\u00ebher\u00eb rrug\u00ebt p\u00ebr veprim t\u00eb p\u00ebrbashk\u00ebt jan\u00eb mbyllur.Un\u00eb kisha dy mund\u00ebsi t\u00eb mbet\u00ebm vet\u00ebm ose t\u00eb jap\u00eb shansen q\u00eb t\u00eb zgjidhen disa \u00e7eshtje t\u00eb r\u00ebnd\u00ebsishme p\u00ebr shqiptar\u00ebt.<\/p>\n<p>N\u00eb qoft\u00eb se shqiptar\u00ebt do kishin vepruar ndryshe kishte q\u00ebn rrezik politik, q\u00eb 6 muaj para zgjedhjeve me hy n\u00eb nj\u00eb koalicon t\u00eb ri politik me PSD, URA dhe me struktura qe k\u00ebto dit\u00eb \u00e7ojn\u00eb mesazhe nga Rusia se do t\u00eb t\u00ebrheqin njohjen e Kosov\u00ebs.<\/p>\n<blockquote class=\"modern-quote full\"><p><strong><em>Mbas vot\u00ebbesimi t\u00eb qeveris po shohim q\u00eb t\u00eb gjitha subjektet politike jan\u00eb n\u00eb tryez\u00eb dhe jan\u00eb t\u00eb gatshme p\u00ebr t\u00eb hyr\u00eb n\u00eb Qeveri. \u201dUn\u00eb kam k\u00ebrkua q\u00eb pjes e asaj t\u00eb jen\u00eb edhe shqiptar\u00ebt dhe vota ime ishte kusht p\u00ebr qeverin e cila po formohet dhe u kam caktuar edhe afatet p\u00ebr realizimin e k\u00ebrkesave p\u00ebr t\u00eb cilat kam garanci nga p\u00ebrfaq\u00ebsuesit diplomatik\u201d.<\/em><\/strong><\/p><\/blockquote>\n<p>N\u00eb moment kur vota ime nuk ishte vendimtare edhe k\u00ebrkesat e mija p\u00ebr kusht\u00ebzim ishin zvogluar,kjo ishte nj\u00eb levizje e vogel politike q\u00eb do t\u00eb mundohem me realizua p\u00ebr 6 muaj q\u00eb kan\u00eb mbetur.<\/p>\n<p>N\u00eb programet e partive shqiptare nuk ka ndryshime shum t\u00eb madh\u00eb, dhe tash 25 vjet, 5 \u00e7\u00ebshtje p\u00ebr t\u00eb cilat luftojn\u00eb shqiptar\u00ebt nuk mund t\u00eb zgjidhen, p\u00ebr arsye se kemi shum\u00eb parti shqiptare,\u00a0tani nj\u00ebra \u00ebsht\u00eb zgjidh\u00eb gjysm\u00eb Komuna e Tuzit.Programet jan\u00eb t\u00eb nj\u00ebjta e marrveshje nd\u00ebrmjet tyre nuk ka.N\u00eb qoft\u00eb se duhet t\u00eb jem moderator i pajtimit mes jush edhe k\u00ebt\u00eb e pr\u00ebnoj n\u00ebse mund t\u00eb ndihmoj\u00eb n\u00eb k\u00ebt\u00eb drejtim \u2013 tha Abazoviq.\/Mal\u00ebsia.ME\/<\/p>\n<\/div>\n","protected":false},"excerpt":{"rendered":"<p>Mbr\u00ebm\u00eb n\u00eb TV Boin t\u00eb ftuar ishin dy deputet\u00eb shqiptar\u00eb n\u00eb Parlamentin e Malit t\u00eb Zi, z.Nik Gjeloshja nga Alternativa Shqiptare dhe z.Dritan Abazoviq Levizja qytetare URA, raporton portali Mal\u00ebsia.ME. Nik Gjeloshaj theksoi se vota p\u00ebr besimin e Qeveris\u00eb nuk ka q\u00ebn vendim i tij personal, por vendim i kryesis\u00eb s\u00eb Alternativ\u00ebs Shqiptare dhe n\u00eb [&hellip;]<\/p>\n","protected":false},"author":1,"featured_media":0,"comment_status":"closed","ping_status":"closed","sticky":false,"template":"","format":"standard","meta":{"spay_email":"","jetpack_publicize_message":"","jetpack_is_tweetstorm":false,"jetpack_publicize_feature_enabled":true},"categories":[6],"tags":[],"jetpack_publicize_connections":[],"yoast_head":"<!-- This site is optimized with the Yoast SEO plugin v19.1 - https:\/\/yoast.com\/wordpress\/plugins\/seo\/ -->\n<title>N\u00eb TV Boin t\u00eb ftuar ishin Nik Gjeloshaj dhe Dritan Abazoviq - Lajme nga Ulqini<\/title>\n<meta name=\"description\" content=\"Mbr\u00ebm\u00eb n\u00eb TV Boin t\u00eb ftuar ishin dy deputet\u00eb shqiptar\u00eb n\u00eb Parlamentin e Malit t\u00eb Zi, z.Nik Gjeloshja nga Alternativa Shqiptare dhe z.Dritan Abazoviq\" \/>\n<meta name=\"robots\" content=\"index, follow, max-snippet:-1, max-image-preview:large, max-video-preview:-1\" \/>\n<link rel=\"canonical\" href=\"https:\/\/www.visit-ulcinj.com\/blog\/2016\/02\/08\/ne-tv-boin-te-ftuar-ishin-nik-gjeloshaj-dhe-dritan-abazoviq\/\" \/>\n<meta property=\"og:locale\" content=\"en_US\" \/>\n<meta property=\"og:type\" content=\"article\" \/>\n<meta property=\"og:title\" content=\"N\u00eb TV Boin t\u00eb ftuar ishin Nik Gjeloshaj dhe Dritan Abazoviq - Lajme nga Ulqini\" \/>\n<meta property=\"og:description\" content=\"Mbr\u00ebm\u00eb n\u00eb TV Boin t\u00eb ftuar ishin dy deputet\u00eb shqiptar\u00eb n\u00eb Parlamentin e Malit t\u00eb Zi, z.Nik Gjeloshja nga Alternativa Shqiptare dhe z.Dritan Abazoviq\" \/>\n<meta property=\"og:url\" content=\"https:\/\/www.visit-ulcinj.com\/blog\/2016\/02\/08\/ne-tv-boin-te-ftuar-ishin-nik-gjeloshaj-dhe-dritan-abazoviq\/\" \/>\n<meta property=\"og:site_name\" content=\"Lajme nga Ulqini\" \/>\n<meta property=\"article:published_time\" content=\"2016-02-08T17:30:23+00:00\" \/>\n<meta property=\"og:image\" content=\"http:\/\/www.visit-ulcinj.com\/blog\/wp-content\/uploads\/2016\/02\/TV-BOIN-Dritan-Abazoviq-Nik-Gjeloshaj-.jpg\" \/>\n<meta name=\"twitter:label1\" content=\"Written by\" \/>\n\t<meta name=\"twitter:data1\" content=\"ulqini\" \/>\n\t<meta name=\"twitter:label2\" content=\"Est. reading time\" \/>\n\t<meta name=\"twitter:data2\" content=\"5 minutes\" \/>\n<script type=\"application\/ld+json\" class=\"yoast-schema-graph\">{\"@context\":\"https:\/\/schema.org\",\"@graph\":[{\"@type\":\"WebSite\",\"@id\":\"https:\/\/www.visit-ulcinj.com\/blog\/#website\",\"url\":\"https:\/\/www.visit-ulcinj.com\/blog\/\",\"name\":\"Lajme nga Ulqini\",\"description\":\"Lajme,Vijesti,Ulqini,Ulqin,Crna Gora,Mali i Zi\",\"potentialAction\":[{\"@type\":\"SearchAction\",\"target\":{\"@type\":\"EntryPoint\",\"urlTemplate\":\"https:\/\/www.visit-ulcinj.com\/blog\/?s={search_term_string}\"},\"query-input\":\"required name=search_term_string\"}],\"inLanguage\":\"en-US\"},{\"@type\":\"ImageObject\",\"inLanguage\":\"en-US\",\"@id\":\"https:\/\/www.visit-ulcinj.com\/blog\/2016\/02\/08\/ne-tv-boin-te-ftuar-ishin-nik-gjeloshaj-dhe-dritan-abazoviq\/#primaryimage\",\"url\":\"https:\/\/www.visit-ulcinj.com\/blog\/wp-content\/uploads\/2016\/02\/TV-BOIN-Dritan-Abazoviq-Nik-Gjeloshaj-.jpg\",\"contentUrl\":\"https:\/\/www.visit-ulcinj.com\/blog\/wp-content\/uploads\/2016\/02\/TV-BOIN-Dritan-Abazoviq-Nik-Gjeloshaj-.jpg\",\"width\":907,\"height\":507},{\"@type\":\"WebPage\",\"@id\":\"https:\/\/www.visit-ulcinj.com\/blog\/2016\/02\/08\/ne-tv-boin-te-ftuar-ishin-nik-gjeloshaj-dhe-dritan-abazoviq\/#webpage\",\"url\":\"https:\/\/www.visit-ulcinj.com\/blog\/2016\/02\/08\/ne-tv-boin-te-ftuar-ishin-nik-gjeloshaj-dhe-dritan-abazoviq\/\",\"name\":\"N\u00eb TV Boin t\u00eb ftuar ishin Nik Gjeloshaj dhe Dritan Abazoviq - Lajme nga Ulqini\",\"isPartOf\":{\"@id\":\"https:\/\/www.visit-ulcinj.com\/blog\/#website\"},\"primaryImageOfPage\":{\"@id\":\"https:\/\/www.visit-ulcinj.com\/blog\/2016\/02\/08\/ne-tv-boin-te-ftuar-ishin-nik-gjeloshaj-dhe-dritan-abazoviq\/#primaryimage\"},\"datePublished\":\"2016-02-08T17:30:23+00:00\",\"dateModified\":\"2016-02-08T17:30:23+00:00\",\"author\":{\"@id\":\"https:\/\/www.visit-ulcinj.com\/blog\/#\/schema\/person\/dcab619c614d3038751c63bc2aadc06d\"},\"description\":\"Mbr\u00ebm\u00eb n\u00eb TV Boin t\u00eb ftuar ishin dy deputet\u00eb shqiptar\u00eb n\u00eb Parlamentin e Malit t\u00eb Zi, z.Nik Gjeloshja nga Alternativa Shqiptare dhe z.Dritan Abazoviq\",\"breadcrumb\":{\"@id\":\"https:\/\/www.visit-ulcinj.com\/blog\/2016\/02\/08\/ne-tv-boin-te-ftuar-ishin-nik-gjeloshaj-dhe-dritan-abazoviq\/#breadcrumb\"},\"inLanguage\":\"en-US\",\"potentialAction\":[{\"@type\":\"ReadAction\",\"target\":[\"https:\/\/www.visit-ulcinj.com\/blog\/2016\/02\/08\/ne-tv-boin-te-ftuar-ishin-nik-gjeloshaj-dhe-dritan-abazoviq\/\"]}]},{\"@type\":\"BreadcrumbList\",\"@id\":\"https:\/\/www.visit-ulcinj.com\/blog\/2016\/02\/08\/ne-tv-boin-te-ftuar-ishin-nik-gjeloshaj-dhe-dritan-abazoviq\/#breadcrumb\",\"itemListElement\":[{\"@type\":\"ListItem\",\"position\":1,\"name\":\"N\u00eb TV Boin t\u00eb ftuar ishin Nik Gjeloshaj dhe Dritan Abazoviq\"}]},{\"@type\":\"Person\",\"@id\":\"https:\/\/www.visit-ulcinj.com\/blog\/#\/schema\/person\/dcab619c614d3038751c63bc2aadc06d\",\"name\":\"ulqini\",\"sameAs\":[\"http:\/\/www.visit-ulcinj.com\"],\"url\":\"https:\/\/www.visit-ulcinj.com\/blog\/author\/admin\/\"}]}<\/script>\n<!-- \/ Yoast SEO plugin. -->","yoast_head_json":{"title":"N\u00eb TV Boin t\u00eb ftuar ishin Nik Gjeloshaj dhe Dritan Abazoviq - Lajme nga Ulqini","description":"Mbr\u00ebm\u00eb n\u00eb TV Boin t\u00eb ftuar ishin dy deputet\u00eb shqiptar\u00eb n\u00eb Parlamentin e Malit t\u00eb Zi, z.Nik Gjeloshja nga Alternativa Shqiptare dhe z.Dritan Abazoviq","robots":{"index":"index","follow":"follow","max-snippet":"max-snippet:-1","max-image-preview":"max-image-preview:large","max-video-preview":"max-video-preview:-1"},"canonical":"https:\/\/www.visit-ulcinj.com\/blog\/2016\/02\/08\/ne-tv-boin-te-ftuar-ishin-nik-gjeloshaj-dhe-dritan-abazoviq\/","og_locale":"en_US","og_type":"article","og_title":"N\u00eb TV Boin t\u00eb ftuar ishin Nik Gjeloshaj dhe Dritan Abazoviq - Lajme nga Ulqini","og_description":"Mbr\u00ebm\u00eb n\u00eb TV Boin t\u00eb ftuar ishin dy deputet\u00eb shqiptar\u00eb n\u00eb Parlamentin e Malit t\u00eb Zi, z.Nik Gjeloshja nga Alternativa Shqiptare dhe z.Dritan Abazoviq","og_url":"https:\/\/www.visit-ulcinj.com\/blog\/2016\/02\/08\/ne-tv-boin-te-ftuar-ishin-nik-gjeloshaj-dhe-dritan-abazoviq\/","og_site_name":"Lajme nga Ulqini","article_published_time":"2016-02-08T17:30:23+00:00","og_image":[{"url":"http:\/\/www.visit-ulcinj.com\/blog\/wp-content\/uploads\/2016\/02\/TV-BOIN-Dritan-Abazoviq-Nik-Gjeloshaj-.jpg"}],"twitter_misc":{"Written by":"ulqini","Est. reading time":"5 minutes"},"schema":{"@context":"https:\/\/schema.org","@graph":[{"@type":"WebSite","@id":"https:\/\/www.visit-ulcinj.com\/blog\/#website","url":"https:\/\/www.visit-ulcinj.com\/blog\/","name":"Lajme nga Ulqini","description":"Lajme,Vijesti,Ulqini,Ulqin,Crna Gora,Mali i Zi","potentialAction":[{"@type":"SearchAction","target":{"@type":"EntryPoint","urlTemplate":"https:\/\/www.visit-ulcinj.com\/blog\/?s={search_term_string}"},"query-input":"required name=search_term_string"}],"inLanguage":"en-US"},{"@type":"ImageObject","inLanguage":"en-US","@id":"https:\/\/www.visit-ulcinj.com\/blog\/2016\/02\/08\/ne-tv-boin-te-ftuar-ishin-nik-gjeloshaj-dhe-dritan-abazoviq\/#primaryimage","url":"https:\/\/www.visit-ulcinj.com\/blog\/wp-content\/uploads\/2016\/02\/TV-BOIN-Dritan-Abazoviq-Nik-Gjeloshaj-.jpg","contentUrl":"https:\/\/www.visit-ulcinj.com\/blog\/wp-content\/uploads\/2016\/02\/TV-BOIN-Dritan-Abazoviq-Nik-Gjeloshaj-.jpg","width":907,"height":507},{"@type":"WebPage","@id":"https:\/\/www.visit-ulcinj.com\/blog\/2016\/02\/08\/ne-tv-boin-te-ftuar-ishin-nik-gjeloshaj-dhe-dritan-abazoviq\/#webpage","url":"https:\/\/www.visit-ulcinj.com\/blog\/2016\/02\/08\/ne-tv-boin-te-ftuar-ishin-nik-gjeloshaj-dhe-dritan-abazoviq\/","name":"N\u00eb TV Boin t\u00eb ftuar ishin Nik Gjeloshaj dhe Dritan Abazoviq - Lajme nga Ulqini","isPartOf":{"@id":"https:\/\/www.visit-ulcinj.com\/blog\/#website"},"primaryImageOfPage":{"@id":"https:\/\/www.visit-ulcinj.com\/blog\/2016\/02\/08\/ne-tv-boin-te-ftuar-ishin-nik-gjeloshaj-dhe-dritan-abazoviq\/#primaryimage"},"datePublished":"2016-02-08T17:30:23+00:00","dateModified":"2016-02-08T17:30:23+00:00","author":{"@id":"https:\/\/www.visit-ulcinj.com\/blog\/#\/schema\/person\/dcab619c614d3038751c63bc2aadc06d"},"description":"Mbr\u00ebm\u00eb n\u00eb TV Boin t\u00eb ftuar ishin dy deputet\u00eb shqiptar\u00eb n\u00eb Parlamentin e Malit t\u00eb Zi, z.Nik Gjeloshja nga Alternativa Shqiptare dhe z.Dritan Abazoviq","breadcrumb":{"@id":"https:\/\/www.visit-ulcinj.com\/blog\/2016\/02\/08\/ne-tv-boin-te-ftuar-ishin-nik-gjeloshaj-dhe-dritan-abazoviq\/#breadcrumb"},"inLanguage":"en-US","potentialAction":[{"@type":"ReadAction","target":["https:\/\/www.visit-ulcinj.com\/blog\/2016\/02\/08\/ne-tv-boin-te-ftuar-ishin-nik-gjeloshaj-dhe-dritan-abazoviq\/"]}]},{"@type":"BreadcrumbList","@id":"https:\/\/www.visit-ulcinj.com\/blog\/2016\/02\/08\/ne-tv-boin-te-ftuar-ishin-nik-gjeloshaj-dhe-dritan-abazoviq\/#breadcrumb","itemListElement":[{"@type":"ListItem","position":1,"name":"N\u00eb TV Boin t\u00eb ftuar ishin Nik Gjeloshaj dhe Dritan Abazoviq"}]},{"@type":"Person","@id":"https:\/\/www.visit-ulcinj.com\/blog\/#\/schema\/person\/dcab619c614d3038751c63bc2aadc06d","name":"ulqini","sameAs":["http:\/\/www.visit-ulcinj.com"],"url":"https:\/\/www.visit-ulcinj.com\/blog\/author\/admin\/"}]}},"jetpack_featured_media_url":"","jetpack_sharing_enabled":true,"jetpack_shortlink":"https:\/\/wp.me\/pe6lTn-ozp","_links":{"self":[{"href":"https:\/\/www.visit-ulcinj.com\/blog\/wp-json\/wp\/v2\/posts\/94451"}],"collection":[{"href":"https:\/\/www.visit-ulcinj.com\/blog\/wp-json\/wp\/v2\/posts"}],"about":[{"href":"https:\/\/www.visit-ulcinj.com\/blog\/wp-json\/wp\/v2\/types\/post"}],"author":[{"embeddable":true,"href":"https:\/\/www.visit-ulcinj.com\/blog\/wp-json\/wp\/v2\/users\/1"}],"replies":[{"embeddable":true,"href":"https:\/\/www.visit-ulcinj.com\/blog\/wp-json\/wp\/v2\/comments?post=94451"}],"version-history":[{"count":1,"href":"https:\/\/www.visit-ulcinj.com\/blog\/wp-json\/wp\/v2\/posts\/94451\/revisions"}],"predecessor-version":[{"id":94453,"href":"https:\/\/www.visit-ulcinj.com\/blog\/wp-json\/wp\/v2\/posts\/94451\/revisions\/94453"}],"wp:attachment":[{"href":"https:\/\/www.visit-ulcinj.com\/blog\/wp-json\/wp\/v2\/media?parent=94451"}],"wp:term":[{"taxonomy":"category","embeddable":true,"href":"https:\/\/www.visit-ulcinj.com\/blog\/wp-json\/wp\/v2\/categories?post=94451"},{"taxonomy":"post_tag","embeddable":true,"href":"https:\/\/www.visit-ulcinj.com\/blog\/wp-json\/wp\/v2\/tags?post=94451"}],"curies":[{"name":"wp","href":"https:\/\/api.w.org\/{rel}","templated":true}]}}