{"id":94468,"date":"2016-02-09T17:26:31","date_gmt":"2016-02-09T16:26:31","guid":{"rendered":"http:\/\/www.visit-ulcinj.com\/blog\/?p=94468"},"modified":"2016-02-10T19:48:16","modified_gmt":"2016-02-10T18:48:16","slug":"nderroi-jete-jusuf-cufo-karamanaga-koki","status":"publish","type":"post","link":"https:\/\/www.visit-ulcinj.com\/blog\/2016\/02\/09\/nderroi-jete-jusuf-cufo-karamanaga-koki\/","title":{"rendered":"Nd\u00ebrroi jet\u00eb Jusuf Cufo Karamanaga ( Koki )"},"content":{"rendered":"<p><a href=\"http:\/\/www.visit-ulcinj.com\/blog\/wp-content\/uploads\/2016\/02\/Jusuf-Cufo-Karamanaga-Koki-Ismet-Karamanaga-Ulqin.jpg\"><img loading=\"lazy\" class=\"alignleft wp-image-94469\" src=\"http:\/\/www.visit-ulcinj.com\/blog\/wp-content\/uploads\/2016\/02\/Jusuf-Cufo-Karamanaga-Koki-Ismet-Karamanaga-Ulqin.jpg\" alt=\"Jusuf Cufo Karamanaga - Koki -Ismet-Karamanaga-Ulqin\" width=\"508\" height=\"371\" srcset=\"https:\/\/www.visit-ulcinj.com\/blog\/wp-content\/uploads\/2016\/02\/Jusuf-Cufo-Karamanaga-Koki-Ismet-Karamanaga-Ulqin.jpg 616w, https:\/\/www.visit-ulcinj.com\/blog\/wp-content\/uploads\/2016\/02\/Jusuf-Cufo-Karamanaga-Koki-Ismet-Karamanaga-Ulqin-300x219.jpg 300w\" sizes=\"(max-width: 508px) 100vw, 508px\" \/><\/a>M\u00eb nj\u00eb dhimbje t\u00eb madhe dhe m\u00eb nj\u00eb pietet t\u00eb posa\u00e7\u00ebm po informoi opininionin dhe miq\u00ebt e mij an\u00eb e mbar\u00eb bot\u00ebs se sot, n\u00eb mosh\u00ebn 51 vje\u00e7are ndroi jet\u00eb Jusufi &#8211; Cufi &#8220;Koki&#8221; Karamanaga.<\/p>\n<p>Cufi &#8211; Koki, k\u00ebshtu e quanin t\u00eb gjith\u00eb, ka qen\u00eb nj\u00eb nj\u00ebri modest dhe i but si\u00e7 thot\u00eb populli yn\u00eb. M\u00eb duket se kurr\u00eb nuk e ka ngritur z\u00ebrin. Gjithmon\u00eb ka qen\u00eb i qeshur dhe gjithmon\u00eb ka pasur fjal\u00ebn e \u00ebmb\u00ebl dhe t\u00eb mir\u00eb p\u00ebr ne, t\u00eb cil\u00ebt kemi pir\u00eb kafen e par\u00eb t\u00eb mengjesit n\u00eb lokalin e tij n\u00eb Ra<span class=\"text_exposed_show\">n\u00eb. <\/span><\/p>\n<p><span class=\"text_exposed_show\">Cufi ka pasur edhe p\u00ebr mysafir\u00eb t\u00eb cil\u00ebt i ka sh\u00ebrbyer n\u00eb lokalin e tij gjithmon\u00eb nj\u00eb buz\u00ebqeshje, e cila ka pasur burimin n\u00eb zemr\u00ebn e madhe e tij. Cufi ka qen\u00eb dhe ka me mbet\u00eb nj\u00eb \u00ebmblem\u00eb i Ran\u00ebs ton\u00eb t\u00eb bukur. Jeta vazhdon pasi q\u00eb ky \u00ebsht\u00eb nj\u00eb pro\u00e7es i cili nuk ndalet, mir\u00ebpo, m\u00eb duket se Cufi ka me i mungu shum\u00eb Ran\u00ebs dhe t\u00eb gjith\u00eb atyre t\u00eb cil\u00ebt kan\u00eb pasur privilegj\u00eb ta njohin dhe t\u00eb shoq\u00ebrohen me te. <\/span><\/p>\n<p><span class=\"text_exposed_show\">Inshalla spirti i tij \u00ebsht\u00eb n\u00eb Xhehnet. Past rahmet.<\/span><\/p>\n<p id=\"js_t\" class=\"_5pbw\" data-ft=\"{&quot;tn&quot;:&quot;C&quot;}\"><strong><span class=\"fwn fcg\"><span class=\"fcg\"><span class=\"fwb\"><a id=\"js_1i\" class=\"profileLink\" href=\"https:\/\/www.facebook.com\/ismet.karamanaga\" data-ft=\"{&quot;tn&quot;:&quot;l&quot;}\" data-hovercard=\"\/ajax\/hovercard\/user.php?id=1359492972\">Ismet Karamanaga Facebook<\/a><\/span> <\/span><\/span><\/strong><\/p>\n<p><strong>\u00a0In Memoriam: Jusuf-Cufo Karamanaga Koki<\/strong><\/p>\n<p>Ulqini \u00ebsht\u00eb sot m\u00eb i varf\u00ebr p\u00ebr nj\u00eb njeri t\u00eb madh. Befasisht, n\u00eb mosh\u00ebn 51 vje\u00e7are, nd\u00ebrroi jet\u00eb Jusuf-Cufo Karamanaga, i njohur si Koki, raporton portali Ul.info.<\/p>\n<p>Gjithmon\u00eb i gatsh\u00ebm t\u00eb ndihmoj\u00eb, shpirtmir\u00eb, ishte reprezent i mir\u00eb i k\u00ebtij Qyteti. Kjo m\u00eb s\u00eb miri \u00ebsht\u00eb v\u00ebrejt n\u00eb Ad\u00eb, ku p\u00ebr vite t\u00eb t\u00ebra punoi dhe ku turist\u00ebt k\u00ebnaqeshin n\u00eb biseda me te.<\/p>\n<p>Koki kishte fytyr\u00eb t\u00eb mrekullueshme, t\u00eb buz\u00ebqeshur, p\u00ebrkushtimin dhe guximin. Ishte njeri me q\u00ebndrim, i cili asnj\u00ebher\u00eb nuk \u00ebsht\u00eb p\u00ebrkulur para \u00e7far\u00ebdo lloj fuqie apo pushteti. I qet\u00eb, pionier i demokracis\u00eb.<\/p>\n<p>Do t\u00eb na mungoj\u00eb Koki jon\u00eb, m\u00eb s\u00eb shumti familjes s\u00eb vet t\u00eb mrekullueshme, por edhe t\u00eb gjith\u00eb neve q\u00eb kishim privilegjin t\u00eb shoq\u00ebrohemi me te.<\/p>\n<p>Lusim Zotin e plotfuqish\u00ebm q\u00eb njeriut t\u00eb ndersh\u00ebm, Jusuf Karamanag\u00ebs, t\u2019i dhuroj\u00eb mir\u00ebsit\u00eb q\u00eb i p\u00ebrgatiti p\u00ebr rob\u00ebrit e tij t\u00eb mir\u00eb.<\/p>\n","protected":false},"excerpt":{"rendered":"<p>M\u00eb nj\u00eb dhimbje t\u00eb madhe dhe m\u00eb nj\u00eb pietet t\u00eb posa\u00e7\u00ebm po informoi opininionin dhe miq\u00ebt e mij an\u00eb e mbar\u00eb bot\u00ebs se sot, n\u00eb mosh\u00ebn 51 vje\u00e7are ndroi jet\u00eb Jusufi &#8211; Cufi &#8220;Koki&#8221; Karamanaga. Cufi &#8211; Koki, k\u00ebshtu e quanin t\u00eb gjith\u00eb, ka qen\u00eb nj\u00eb nj\u00ebri modest dhe i but si\u00e7 thot\u00eb populli yn\u00eb. [&hellip;]<\/p>\n","protected":false},"author":1,"featured_media":0,"comment_status":"closed","ping_status":"closed","sticky":false,"template":"","format":"standard","meta":{"spay_email":"","jetpack_publicize_message":"","jetpack_is_tweetstorm":false,"jetpack_publicize_feature_enabled":true},"categories":[1,6950],"tags":[],"jetpack_publicize_connections":[],"yoast_head":"<!-- This site is optimized with the Yoast SEO plugin v19.1 - https:\/\/yoast.com\/wordpress\/plugins\/seo\/ -->\n<title>Nd\u00ebrroi jet\u00eb Jusuf Cufo Karamanaga ( Koki ) - Lajme nga Ulqini<\/title>\n<meta name=\"description\" content=\"M\u00eb nj\u00eb dhimbje t\u00eb madhe dhe m\u00eb nj\u00eb pietet t\u00eb posa\u00e7\u00ebm po informoi opininionin dhe miq\u00ebt e mij an\u00eb e mbar\u00eb bot\u00ebs se sot, n\u00eb mosh\u00ebn 51 vje\u00e7are ndroi jet\u00eb\" \/>\n<meta name=\"robots\" content=\"index, follow, max-snippet:-1, max-image-preview:large, max-video-preview:-1\" \/>\n<link rel=\"canonical\" href=\"https:\/\/www.visit-ulcinj.com\/blog\/2016\/02\/09\/nderroi-jete-jusuf-cufo-karamanaga-koki\/\" \/>\n<meta property=\"og:locale\" content=\"en_US\" \/>\n<meta property=\"og:type\" content=\"article\" \/>\n<meta property=\"og:title\" content=\"Nd\u00ebrroi jet\u00eb Jusuf Cufo Karamanaga ( Koki ) - Lajme nga Ulqini\" \/>\n<meta property=\"og:description\" content=\"M\u00eb nj\u00eb dhimbje t\u00eb madhe dhe m\u00eb nj\u00eb pietet t\u00eb posa\u00e7\u00ebm po informoi opininionin dhe miq\u00ebt e mij an\u00eb e mbar\u00eb bot\u00ebs se sot, n\u00eb mosh\u00ebn 51 vje\u00e7are ndroi jet\u00eb\" \/>\n<meta property=\"og:url\" content=\"https:\/\/www.visit-ulcinj.com\/blog\/2016\/02\/09\/nderroi-jete-jusuf-cufo-karamanaga-koki\/\" \/>\n<meta property=\"og:site_name\" content=\"Lajme nga Ulqini\" \/>\n<meta property=\"article:published_time\" content=\"2016-02-09T16:26:31+00:00\" \/>\n<meta property=\"article:modified_time\" content=\"2016-02-10T18:48:16+00:00\" \/>\n<meta property=\"og:image\" content=\"http:\/\/www.visit-ulcinj.com\/blog\/wp-content\/uploads\/2016\/02\/Jusuf-Cufo-Karamanaga-Koki-Ismet-Karamanaga-Ulqin.jpg\" \/>\n<meta name=\"twitter:label1\" content=\"Written by\" \/>\n\t<meta name=\"twitter:data1\" content=\"ulqini\" \/>\n\t<meta name=\"twitter:label2\" content=\"Est. reading time\" \/>\n\t<meta name=\"twitter:data2\" content=\"2 minutes\" \/>\n<script type=\"application\/ld+json\" class=\"yoast-schema-graph\">{\"@context\":\"https:\/\/schema.org\",\"@graph\":[{\"@type\":\"WebSite\",\"@id\":\"https:\/\/www.visit-ulcinj.com\/blog\/#website\",\"url\":\"https:\/\/www.visit-ulcinj.com\/blog\/\",\"name\":\"Lajme nga Ulqini\",\"description\":\"Lajme,Vijesti,Ulqini,Ulqin,Crna Gora,Mali i Zi\",\"potentialAction\":[{\"@type\":\"SearchAction\",\"target\":{\"@type\":\"EntryPoint\",\"urlTemplate\":\"https:\/\/www.visit-ulcinj.com\/blog\/?s={search_term_string}\"},\"query-input\":\"required name=search_term_string\"}],\"inLanguage\":\"en-US\"},{\"@type\":\"ImageObject\",\"inLanguage\":\"en-US\",\"@id\":\"https:\/\/www.visit-ulcinj.com\/blog\/2016\/02\/09\/nderroi-jete-jusuf-cufo-karamanaga-koki\/#primaryimage\",\"url\":\"https:\/\/www.visit-ulcinj.com\/blog\/wp-content\/uploads\/2016\/02\/Jusuf-Cufo-Karamanaga-Koki-Ismet-Karamanaga-Ulqin.jpg\",\"contentUrl\":\"https:\/\/www.visit-ulcinj.com\/blog\/wp-content\/uploads\/2016\/02\/Jusuf-Cufo-Karamanaga-Koki-Ismet-Karamanaga-Ulqin.jpg\",\"width\":616,\"height\":450},{\"@type\":\"WebPage\",\"@id\":\"https:\/\/www.visit-ulcinj.com\/blog\/2016\/02\/09\/nderroi-jete-jusuf-cufo-karamanaga-koki\/#webpage\",\"url\":\"https:\/\/www.visit-ulcinj.com\/blog\/2016\/02\/09\/nderroi-jete-jusuf-cufo-karamanaga-koki\/\",\"name\":\"Nd\u00ebrroi jet\u00eb Jusuf Cufo Karamanaga ( Koki ) - Lajme nga Ulqini\",\"isPartOf\":{\"@id\":\"https:\/\/www.visit-ulcinj.com\/blog\/#website\"},\"primaryImageOfPage\":{\"@id\":\"https:\/\/www.visit-ulcinj.com\/blog\/2016\/02\/09\/nderroi-jete-jusuf-cufo-karamanaga-koki\/#primaryimage\"},\"datePublished\":\"2016-02-09T16:26:31+00:00\",\"dateModified\":\"2016-02-10T18:48:16+00:00\",\"author\":{\"@id\":\"https:\/\/www.visit-ulcinj.com\/blog\/#\/schema\/person\/dcab619c614d3038751c63bc2aadc06d\"},\"description\":\"M\u00eb nj\u00eb dhimbje t\u00eb madhe dhe m\u00eb nj\u00eb pietet t\u00eb posa\u00e7\u00ebm po informoi opininionin dhe miq\u00ebt e mij an\u00eb e mbar\u00eb bot\u00ebs se sot, n\u00eb mosh\u00ebn 51 vje\u00e7are ndroi jet\u00eb\",\"breadcrumb\":{\"@id\":\"https:\/\/www.visit-ulcinj.com\/blog\/2016\/02\/09\/nderroi-jete-jusuf-cufo-karamanaga-koki\/#breadcrumb\"},\"inLanguage\":\"en-US\",\"potentialAction\":[{\"@type\":\"ReadAction\",\"target\":[\"https:\/\/www.visit-ulcinj.com\/blog\/2016\/02\/09\/nderroi-jete-jusuf-cufo-karamanaga-koki\/\"]}]},{\"@type\":\"BreadcrumbList\",\"@id\":\"https:\/\/www.visit-ulcinj.com\/blog\/2016\/02\/09\/nderroi-jete-jusuf-cufo-karamanaga-koki\/#breadcrumb\",\"itemListElement\":[{\"@type\":\"ListItem\",\"position\":1,\"name\":\"Nd\u00ebrroi jet\u00eb Jusuf Cufo Karamanaga ( Koki )\"}]},{\"@type\":\"Person\",\"@id\":\"https:\/\/www.visit-ulcinj.com\/blog\/#\/schema\/person\/dcab619c614d3038751c63bc2aadc06d\",\"name\":\"ulqini\",\"sameAs\":[\"http:\/\/www.visit-ulcinj.com\"],\"url\":\"https:\/\/www.visit-ulcinj.com\/blog\/author\/admin\/\"}]}<\/script>\n<!-- \/ Yoast SEO plugin. -->","yoast_head_json":{"title":"Nd\u00ebrroi jet\u00eb Jusuf Cufo Karamanaga ( Koki ) - Lajme nga Ulqini","description":"M\u00eb nj\u00eb dhimbje t\u00eb madhe dhe m\u00eb nj\u00eb pietet t\u00eb posa\u00e7\u00ebm po informoi opininionin dhe miq\u00ebt e mij an\u00eb e mbar\u00eb bot\u00ebs se sot, n\u00eb mosh\u00ebn 51 vje\u00e7are ndroi jet\u00eb","robots":{"index":"index","follow":"follow","max-snippet":"max-snippet:-1","max-image-preview":"max-image-preview:large","max-video-preview":"max-video-preview:-1"},"canonical":"https:\/\/www.visit-ulcinj.com\/blog\/2016\/02\/09\/nderroi-jete-jusuf-cufo-karamanaga-koki\/","og_locale":"en_US","og_type":"article","og_title":"Nd\u00ebrroi jet\u00eb Jusuf Cufo Karamanaga ( Koki ) - Lajme nga Ulqini","og_description":"M\u00eb nj\u00eb dhimbje t\u00eb madhe dhe m\u00eb nj\u00eb pietet t\u00eb posa\u00e7\u00ebm po informoi opininionin dhe miq\u00ebt e mij an\u00eb e mbar\u00eb bot\u00ebs se sot, n\u00eb mosh\u00ebn 51 vje\u00e7are ndroi jet\u00eb","og_url":"https:\/\/www.visit-ulcinj.com\/blog\/2016\/02\/09\/nderroi-jete-jusuf-cufo-karamanaga-koki\/","og_site_name":"Lajme nga Ulqini","article_published_time":"2016-02-09T16:26:31+00:00","article_modified_time":"2016-02-10T18:48:16+00:00","og_image":[{"url":"http:\/\/www.visit-ulcinj.com\/blog\/wp-content\/uploads\/2016\/02\/Jusuf-Cufo-Karamanaga-Koki-Ismet-Karamanaga-Ulqin.jpg"}],"twitter_misc":{"Written by":"ulqini","Est. reading time":"2 minutes"},"schema":{"@context":"https:\/\/schema.org","@graph":[{"@type":"WebSite","@id":"https:\/\/www.visit-ulcinj.com\/blog\/#website","url":"https:\/\/www.visit-ulcinj.com\/blog\/","name":"Lajme nga Ulqini","description":"Lajme,Vijesti,Ulqini,Ulqin,Crna Gora,Mali i Zi","potentialAction":[{"@type":"SearchAction","target":{"@type":"EntryPoint","urlTemplate":"https:\/\/www.visit-ulcinj.com\/blog\/?s={search_term_string}"},"query-input":"required name=search_term_string"}],"inLanguage":"en-US"},{"@type":"ImageObject","inLanguage":"en-US","@id":"https:\/\/www.visit-ulcinj.com\/blog\/2016\/02\/09\/nderroi-jete-jusuf-cufo-karamanaga-koki\/#primaryimage","url":"https:\/\/www.visit-ulcinj.com\/blog\/wp-content\/uploads\/2016\/02\/Jusuf-Cufo-Karamanaga-Koki-Ismet-Karamanaga-Ulqin.jpg","contentUrl":"https:\/\/www.visit-ulcinj.com\/blog\/wp-content\/uploads\/2016\/02\/Jusuf-Cufo-Karamanaga-Koki-Ismet-Karamanaga-Ulqin.jpg","width":616,"height":450},{"@type":"WebPage","@id":"https:\/\/www.visit-ulcinj.com\/blog\/2016\/02\/09\/nderroi-jete-jusuf-cufo-karamanaga-koki\/#webpage","url":"https:\/\/www.visit-ulcinj.com\/blog\/2016\/02\/09\/nderroi-jete-jusuf-cufo-karamanaga-koki\/","name":"Nd\u00ebrroi jet\u00eb Jusuf Cufo Karamanaga ( Koki ) - Lajme nga Ulqini","isPartOf":{"@id":"https:\/\/www.visit-ulcinj.com\/blog\/#website"},"primaryImageOfPage":{"@id":"https:\/\/www.visit-ulcinj.com\/blog\/2016\/02\/09\/nderroi-jete-jusuf-cufo-karamanaga-koki\/#primaryimage"},"datePublished":"2016-02-09T16:26:31+00:00","dateModified":"2016-02-10T18:48:16+00:00","author":{"@id":"https:\/\/www.visit-ulcinj.com\/blog\/#\/schema\/person\/dcab619c614d3038751c63bc2aadc06d"},"description":"M\u00eb nj\u00eb dhimbje t\u00eb madhe dhe m\u00eb nj\u00eb pietet t\u00eb posa\u00e7\u00ebm po informoi opininionin dhe miq\u00ebt e mij an\u00eb e mbar\u00eb bot\u00ebs se sot, n\u00eb mosh\u00ebn 51 vje\u00e7are ndroi jet\u00eb","breadcrumb":{"@id":"https:\/\/www.visit-ulcinj.com\/blog\/2016\/02\/09\/nderroi-jete-jusuf-cufo-karamanaga-koki\/#breadcrumb"},"inLanguage":"en-US","potentialAction":[{"@type":"ReadAction","target":["https:\/\/www.visit-ulcinj.com\/blog\/2016\/02\/09\/nderroi-jete-jusuf-cufo-karamanaga-koki\/"]}]},{"@type":"BreadcrumbList","@id":"https:\/\/www.visit-ulcinj.com\/blog\/2016\/02\/09\/nderroi-jete-jusuf-cufo-karamanaga-koki\/#breadcrumb","itemListElement":[{"@type":"ListItem","position":1,"name":"Nd\u00ebrroi jet\u00eb Jusuf Cufo Karamanaga ( Koki )"}]},{"@type":"Person","@id":"https:\/\/www.visit-ulcinj.com\/blog\/#\/schema\/person\/dcab619c614d3038751c63bc2aadc06d","name":"ulqini","sameAs":["http:\/\/www.visit-ulcinj.com"],"url":"https:\/\/www.visit-ulcinj.com\/blog\/author\/admin\/"}]}},"jetpack_featured_media_url":"","jetpack_sharing_enabled":true,"jetpack_shortlink":"https:\/\/wp.me\/pe6lTn-ozG","_links":{"self":[{"href":"https:\/\/www.visit-ulcinj.com\/blog\/wp-json\/wp\/v2\/posts\/94468"}],"collection":[{"href":"https:\/\/www.visit-ulcinj.com\/blog\/wp-json\/wp\/v2\/posts"}],"about":[{"href":"https:\/\/www.visit-ulcinj.com\/blog\/wp-json\/wp\/v2\/types\/post"}],"author":[{"embeddable":true,"href":"https:\/\/www.visit-ulcinj.com\/blog\/wp-json\/wp\/v2\/users\/1"}],"replies":[{"embeddable":true,"href":"https:\/\/www.visit-ulcinj.com\/blog\/wp-json\/wp\/v2\/comments?post=94468"}],"version-history":[{"count":6,"href":"https:\/\/www.visit-ulcinj.com\/blog\/wp-json\/wp\/v2\/posts\/94468\/revisions"}],"predecessor-version":[{"id":94477,"href":"https:\/\/www.visit-ulcinj.com\/blog\/wp-json\/wp\/v2\/posts\/94468\/revisions\/94477"}],"wp:attachment":[{"href":"https:\/\/www.visit-ulcinj.com\/blog\/wp-json\/wp\/v2\/media?parent=94468"}],"wp:term":[{"taxonomy":"category","embeddable":true,"href":"https:\/\/www.visit-ulcinj.com\/blog\/wp-json\/wp\/v2\/categories?post=94468"},{"taxonomy":"post_tag","embeddable":true,"href":"https:\/\/www.visit-ulcinj.com\/blog\/wp-json\/wp\/v2\/tags?post=94468"}],"curies":[{"name":"wp","href":"https:\/\/api.w.org\/{rel}","templated":true}]}}