{"id":94471,"date":"2016-02-09T17:34:32","date_gmt":"2016-02-09T16:34:32","guid":{"rendered":"http:\/\/www.visit-ulcinj.com\/blog\/?p=94471"},"modified":"2016-02-09T17:34:32","modified_gmt":"2016-02-09T16:34:32","slug":"ne-plave-e-guci-ka-shtepi-qe-presin-bijte-e-vete","status":"publish","type":"post","link":"https:\/\/www.visit-ulcinj.com\/blog\/2016\/02\/09\/ne-plave-e-guci-ka-shtepi-qe-presin-bijte-e-vete\/","title":{"rendered":"N\u00eb Plav\u00eb e Guci ka sht\u00ebpi qe presin bijt\u00eb e vet\u00eb"},"content":{"rendered":"<p>Sht\u00ebpi qe presin bijt\u00eb e vet\u00eb n\u00eb Plav\u00eb Guci<\/p>\n<p>N\u00eb dekad\u00ebn e fundit n\u00eb Plav\u00eb Guci jan\u00eb nd\u00ebrtuar shum\u00eb sht\u00ebpi t\u00eb reja nga bashk\u00ebkomb\u00ebsit ton\u00eb n\u00eb m\u00ebrgim, sht\u00ebpi k\u00ebto q\u00eb i japin nj\u00eb bukuri te rrall\u00eb natyr\u00ebs piktoreske t\u00eb Plav\u00eb Gucis\u00eb.<br \/>\nMir\u00ebpo t\u00eb shiqojm\u00eb an\u00ebn tjet\u00ebr t\u00eb medaljonit dhe nj\u00eb pjes\u00eb te dhimbshme te trev\u00ebs tone gjegj\u00ebsisht te plag\u00ebs se rend\u00eb t\u00eb m\u00ebrgimit apo ikjes nga vendlindja e jone si rrjedhoj\u00eb e jo perspektives ekonomike dhe p\u00ebrbuzjeve nga shteti malazias te shqiptar\u00ebve autokton. K\u00ebto sht\u00ebpi sikur vajtojn\u00eb dhe thon\u00eb mos me lini te vetmuar sepse k\u00ebtu u rritet o trojeniket e mi&#8230;!!!<\/p>\n<p id=\"js_33\" class=\"_5pbw\" data-ft=\"{&quot;tn&quot;:&quot;C&quot;}\"><strong><span class=\"fwn fcg\"><span class=\"fcg\"><span class=\"fwb\"><a id=\"js_45\" class=\"profileLink\" href=\"https:\/\/www.facebook.com\/PlaveeGuciOfficial\/\" data-ft=\"{&quot;tn&quot;:&quot;k&quot;}\" data-hovercard=\"\/ajax\/hovercard\/page.php?id=429670090493589\">Plav\u00eb e Guci <\/a><\/span><\/span><\/span>Facebook<\/strong><\/p>\n","protected":false},"excerpt":{"rendered":"<p>Sht\u00ebpi qe presin bijt\u00eb e vet\u00eb n\u00eb Plav\u00eb Guci N\u00eb dekad\u00ebn e fundit n\u00eb Plav\u00eb Guci jan\u00eb nd\u00ebrtuar shum\u00eb sht\u00ebpi t\u00eb reja nga bashk\u00ebkomb\u00ebsit ton\u00eb n\u00eb m\u00ebrgim, sht\u00ebpi k\u00ebto q\u00eb i japin nj\u00eb bukuri te rrall\u00eb natyr\u00ebs piktoreske t\u00eb Plav\u00eb Gucis\u00eb. Mir\u00ebpo t\u00eb shiqojm\u00eb an\u00ebn tjet\u00ebr t\u00eb medaljonit dhe nj\u00eb pjes\u00eb te dhimbshme te trev\u00ebs [&hellip;]<\/p>\n","protected":false},"author":1,"featured_media":0,"comment_status":"closed","ping_status":"closed","sticky":false,"template":"","format":"standard","meta":{"spay_email":"","jetpack_publicize_message":"","jetpack_is_tweetstorm":false,"jetpack_publicize_feature_enabled":true},"categories":[8],"tags":[],"jetpack_publicize_connections":[],"yoast_head":"<!-- This site is optimized with the Yoast SEO plugin v19.1 - https:\/\/yoast.com\/wordpress\/plugins\/seo\/ -->\n<title>N\u00eb Plav\u00eb e Guci ka sht\u00ebpi qe presin bijt\u00eb e vet\u00eb - Lajme nga Ulqini<\/title>\n<meta name=\"description\" content=\"Sht\u00ebpi qe presin bijt\u00eb e vet\u00eb n\u00eb Plav\u00eb Guci N\u00eb dekad\u00ebn e fundit n\u00eb Plav\u00eb Guci jan\u00eb nd\u00ebrtuar shum\u00eb sht\u00ebpi t\u00eb reja nga bashk\u00ebkomb\u00ebsit ton\u00eb n\u00eb m\u00ebrgim, sht\u00ebpi\" \/>\n<meta name=\"robots\" content=\"index, follow, max-snippet:-1, max-image-preview:large, max-video-preview:-1\" \/>\n<link rel=\"canonical\" href=\"https:\/\/www.visit-ulcinj.com\/blog\/2016\/02\/09\/ne-plave-e-guci-ka-shtepi-qe-presin-bijte-e-vete\/\" \/>\n<meta property=\"og:locale\" content=\"en_US\" \/>\n<meta property=\"og:type\" content=\"article\" \/>\n<meta property=\"og:title\" content=\"N\u00eb Plav\u00eb e Guci ka sht\u00ebpi qe presin bijt\u00eb e vet\u00eb - Lajme nga Ulqini\" \/>\n<meta property=\"og:description\" content=\"Sht\u00ebpi qe presin bijt\u00eb e vet\u00eb n\u00eb Plav\u00eb Guci N\u00eb dekad\u00ebn e fundit n\u00eb Plav\u00eb Guci jan\u00eb nd\u00ebrtuar shum\u00eb sht\u00ebpi t\u00eb reja nga bashk\u00ebkomb\u00ebsit ton\u00eb n\u00eb m\u00ebrgim, sht\u00ebpi\" \/>\n<meta property=\"og:url\" content=\"https:\/\/www.visit-ulcinj.com\/blog\/2016\/02\/09\/ne-plave-e-guci-ka-shtepi-qe-presin-bijte-e-vete\/\" \/>\n<meta property=\"og:site_name\" content=\"Lajme nga Ulqini\" \/>\n<meta property=\"article:published_time\" content=\"2016-02-09T16:34:32+00:00\" \/>\n<meta name=\"twitter:label1\" content=\"Written by\" \/>\n\t<meta name=\"twitter:data1\" content=\"ulqini\" \/>\n\t<meta name=\"twitter:label2\" content=\"Est. reading time\" \/>\n\t<meta name=\"twitter:data2\" content=\"1 minute\" \/>\n<script type=\"application\/ld+json\" class=\"yoast-schema-graph\">{\"@context\":\"https:\/\/schema.org\",\"@graph\":[{\"@type\":\"WebSite\",\"@id\":\"https:\/\/www.visit-ulcinj.com\/blog\/#website\",\"url\":\"https:\/\/www.visit-ulcinj.com\/blog\/\",\"name\":\"Lajme nga Ulqini\",\"description\":\"Lajme,Vijesti,Ulqini,Ulqin,Crna Gora,Mali i Zi\",\"potentialAction\":[{\"@type\":\"SearchAction\",\"target\":{\"@type\":\"EntryPoint\",\"urlTemplate\":\"https:\/\/www.visit-ulcinj.com\/blog\/?s={search_term_string}\"},\"query-input\":\"required name=search_term_string\"}],\"inLanguage\":\"en-US\"},{\"@type\":\"WebPage\",\"@id\":\"https:\/\/www.visit-ulcinj.com\/blog\/2016\/02\/09\/ne-plave-e-guci-ka-shtepi-qe-presin-bijte-e-vete\/#webpage\",\"url\":\"https:\/\/www.visit-ulcinj.com\/blog\/2016\/02\/09\/ne-plave-e-guci-ka-shtepi-qe-presin-bijte-e-vete\/\",\"name\":\"N\u00eb Plav\u00eb e Guci ka sht\u00ebpi qe presin bijt\u00eb e vet\u00eb - Lajme nga Ulqini\",\"isPartOf\":{\"@id\":\"https:\/\/www.visit-ulcinj.com\/blog\/#website\"},\"datePublished\":\"2016-02-09T16:34:32+00:00\",\"dateModified\":\"2016-02-09T16:34:32+00:00\",\"author\":{\"@id\":\"https:\/\/www.visit-ulcinj.com\/blog\/#\/schema\/person\/dcab619c614d3038751c63bc2aadc06d\"},\"description\":\"Sht\u00ebpi qe presin bijt\u00eb e vet\u00eb n\u00eb Plav\u00eb Guci N\u00eb dekad\u00ebn e fundit n\u00eb Plav\u00eb Guci jan\u00eb nd\u00ebrtuar shum\u00eb sht\u00ebpi t\u00eb reja nga bashk\u00ebkomb\u00ebsit ton\u00eb n\u00eb m\u00ebrgim, sht\u00ebpi\",\"breadcrumb\":{\"@id\":\"https:\/\/www.visit-ulcinj.com\/blog\/2016\/02\/09\/ne-plave-e-guci-ka-shtepi-qe-presin-bijte-e-vete\/#breadcrumb\"},\"inLanguage\":\"en-US\",\"potentialAction\":[{\"@type\":\"ReadAction\",\"target\":[\"https:\/\/www.visit-ulcinj.com\/blog\/2016\/02\/09\/ne-plave-e-guci-ka-shtepi-qe-presin-bijte-e-vete\/\"]}]},{\"@type\":\"BreadcrumbList\",\"@id\":\"https:\/\/www.visit-ulcinj.com\/blog\/2016\/02\/09\/ne-plave-e-guci-ka-shtepi-qe-presin-bijte-e-vete\/#breadcrumb\",\"itemListElement\":[{\"@type\":\"ListItem\",\"position\":1,\"name\":\"N\u00eb Plav\u00eb e Guci ka sht\u00ebpi qe presin bijt\u00eb e vet\u00eb\"}]},{\"@type\":\"Person\",\"@id\":\"https:\/\/www.visit-ulcinj.com\/blog\/#\/schema\/person\/dcab619c614d3038751c63bc2aadc06d\",\"name\":\"ulqini\",\"sameAs\":[\"http:\/\/www.visit-ulcinj.com\"],\"url\":\"https:\/\/www.visit-ulcinj.com\/blog\/author\/admin\/\"}]}<\/script>\n<!-- \/ Yoast SEO plugin. -->","yoast_head_json":{"title":"N\u00eb Plav\u00eb e Guci ka sht\u00ebpi qe presin bijt\u00eb e vet\u00eb - Lajme nga Ulqini","description":"Sht\u00ebpi qe presin bijt\u00eb e vet\u00eb n\u00eb Plav\u00eb Guci N\u00eb dekad\u00ebn e fundit n\u00eb Plav\u00eb Guci jan\u00eb nd\u00ebrtuar shum\u00eb sht\u00ebpi t\u00eb reja nga bashk\u00ebkomb\u00ebsit ton\u00eb n\u00eb m\u00ebrgim, sht\u00ebpi","robots":{"index":"index","follow":"follow","max-snippet":"max-snippet:-1","max-image-preview":"max-image-preview:large","max-video-preview":"max-video-preview:-1"},"canonical":"https:\/\/www.visit-ulcinj.com\/blog\/2016\/02\/09\/ne-plave-e-guci-ka-shtepi-qe-presin-bijte-e-vete\/","og_locale":"en_US","og_type":"article","og_title":"N\u00eb Plav\u00eb e Guci ka sht\u00ebpi qe presin bijt\u00eb e vet\u00eb - Lajme nga Ulqini","og_description":"Sht\u00ebpi qe presin bijt\u00eb e vet\u00eb n\u00eb Plav\u00eb Guci N\u00eb dekad\u00ebn e fundit n\u00eb Plav\u00eb Guci jan\u00eb nd\u00ebrtuar shum\u00eb sht\u00ebpi t\u00eb reja nga bashk\u00ebkomb\u00ebsit ton\u00eb n\u00eb m\u00ebrgim, sht\u00ebpi","og_url":"https:\/\/www.visit-ulcinj.com\/blog\/2016\/02\/09\/ne-plave-e-guci-ka-shtepi-qe-presin-bijte-e-vete\/","og_site_name":"Lajme nga Ulqini","article_published_time":"2016-02-09T16:34:32+00:00","twitter_misc":{"Written by":"ulqini","Est. reading time":"1 minute"},"schema":{"@context":"https:\/\/schema.org","@graph":[{"@type":"WebSite","@id":"https:\/\/www.visit-ulcinj.com\/blog\/#website","url":"https:\/\/www.visit-ulcinj.com\/blog\/","name":"Lajme nga Ulqini","description":"Lajme,Vijesti,Ulqini,Ulqin,Crna Gora,Mali i Zi","potentialAction":[{"@type":"SearchAction","target":{"@type":"EntryPoint","urlTemplate":"https:\/\/www.visit-ulcinj.com\/blog\/?s={search_term_string}"},"query-input":"required name=search_term_string"}],"inLanguage":"en-US"},{"@type":"WebPage","@id":"https:\/\/www.visit-ulcinj.com\/blog\/2016\/02\/09\/ne-plave-e-guci-ka-shtepi-qe-presin-bijte-e-vete\/#webpage","url":"https:\/\/www.visit-ulcinj.com\/blog\/2016\/02\/09\/ne-plave-e-guci-ka-shtepi-qe-presin-bijte-e-vete\/","name":"N\u00eb Plav\u00eb e Guci ka sht\u00ebpi qe presin bijt\u00eb e vet\u00eb - Lajme nga Ulqini","isPartOf":{"@id":"https:\/\/www.visit-ulcinj.com\/blog\/#website"},"datePublished":"2016-02-09T16:34:32+00:00","dateModified":"2016-02-09T16:34:32+00:00","author":{"@id":"https:\/\/www.visit-ulcinj.com\/blog\/#\/schema\/person\/dcab619c614d3038751c63bc2aadc06d"},"description":"Sht\u00ebpi qe presin bijt\u00eb e vet\u00eb n\u00eb Plav\u00eb Guci N\u00eb dekad\u00ebn e fundit n\u00eb Plav\u00eb Guci jan\u00eb nd\u00ebrtuar shum\u00eb sht\u00ebpi t\u00eb reja nga bashk\u00ebkomb\u00ebsit ton\u00eb n\u00eb m\u00ebrgim, sht\u00ebpi","breadcrumb":{"@id":"https:\/\/www.visit-ulcinj.com\/blog\/2016\/02\/09\/ne-plave-e-guci-ka-shtepi-qe-presin-bijte-e-vete\/#breadcrumb"},"inLanguage":"en-US","potentialAction":[{"@type":"ReadAction","target":["https:\/\/www.visit-ulcinj.com\/blog\/2016\/02\/09\/ne-plave-e-guci-ka-shtepi-qe-presin-bijte-e-vete\/"]}]},{"@type":"BreadcrumbList","@id":"https:\/\/www.visit-ulcinj.com\/blog\/2016\/02\/09\/ne-plave-e-guci-ka-shtepi-qe-presin-bijte-e-vete\/#breadcrumb","itemListElement":[{"@type":"ListItem","position":1,"name":"N\u00eb Plav\u00eb e Guci ka sht\u00ebpi qe presin bijt\u00eb e vet\u00eb"}]},{"@type":"Person","@id":"https:\/\/www.visit-ulcinj.com\/blog\/#\/schema\/person\/dcab619c614d3038751c63bc2aadc06d","name":"ulqini","sameAs":["http:\/\/www.visit-ulcinj.com"],"url":"https:\/\/www.visit-ulcinj.com\/blog\/author\/admin\/"}]}},"jetpack_featured_media_url":"","jetpack_sharing_enabled":true,"jetpack_shortlink":"https:\/\/wp.me\/pe6lTn-ozJ","_links":{"self":[{"href":"https:\/\/www.visit-ulcinj.com\/blog\/wp-json\/wp\/v2\/posts\/94471"}],"collection":[{"href":"https:\/\/www.visit-ulcinj.com\/blog\/wp-json\/wp\/v2\/posts"}],"about":[{"href":"https:\/\/www.visit-ulcinj.com\/blog\/wp-json\/wp\/v2\/types\/post"}],"author":[{"embeddable":true,"href":"https:\/\/www.visit-ulcinj.com\/blog\/wp-json\/wp\/v2\/users\/1"}],"replies":[{"embeddable":true,"href":"https:\/\/www.visit-ulcinj.com\/blog\/wp-json\/wp\/v2\/comments?post=94471"}],"version-history":[{"count":1,"href":"https:\/\/www.visit-ulcinj.com\/blog\/wp-json\/wp\/v2\/posts\/94471\/revisions"}],"predecessor-version":[{"id":94472,"href":"https:\/\/www.visit-ulcinj.com\/blog\/wp-json\/wp\/v2\/posts\/94471\/revisions\/94472"}],"wp:attachment":[{"href":"https:\/\/www.visit-ulcinj.com\/blog\/wp-json\/wp\/v2\/media?parent=94471"}],"wp:term":[{"taxonomy":"category","embeddable":true,"href":"https:\/\/www.visit-ulcinj.com\/blog\/wp-json\/wp\/v2\/categories?post=94471"},{"taxonomy":"post_tag","embeddable":true,"href":"https:\/\/www.visit-ulcinj.com\/blog\/wp-json\/wp\/v2\/tags?post=94471"}],"curies":[{"name":"wp","href":"https:\/\/api.w.org\/{rel}","templated":true}]}}