{"id":94493,"date":"2016-02-11T22:01:56","date_gmt":"2016-02-11T21:01:56","guid":{"rendered":"http:\/\/www.visit-ulcinj.com\/blog\/?p=94493"},"modified":"2016-02-12T19:28:49","modified_gmt":"2016-02-12T18:28:49","slug":"interviste-nike-gjeloshaj-deputet-ne-parlamentin-e-malit-te-zi","status":"publish","type":"post","link":"https:\/\/www.visit-ulcinj.com\/blog\/2016\/02\/11\/interviste-nike-gjeloshaj-deputet-ne-parlamentin-e-malit-te-zi\/","title":{"rendered":"Intervist\u00eb me Nik\u00eb Gjeloshaj, deputet n\u00eb parlamentin e Malit t\u00eb Zi &#8211; Video"},"content":{"rendered":"<p><strong><a href=\"http:\/\/www.visit-ulcinj.com\/blog\/wp-content\/uploads\/2016\/02\/Nike-Gjeloshaj.jpg\"><img loading=\"lazy\" class=\"alignleft wp-image-94494\" src=\"http:\/\/www.visit-ulcinj.com\/blog\/wp-content\/uploads\/2016\/02\/Nike-Gjeloshaj.jpg\" alt=\"Nike-Gjeloshaj\" width=\"508\" height=\"338\" srcset=\"https:\/\/www.visit-ulcinj.com\/blog\/wp-content\/uploads\/2016\/02\/Nike-Gjeloshaj.jpg 746w, https:\/\/www.visit-ulcinj.com\/blog\/wp-content\/uploads\/2016\/02\/Nike-Gjeloshaj-300x200.jpg 300w\" sizes=\"(max-width: 508px) 100vw, 508px\" \/><\/a>\u201cProblemet personale t\u00eb disa individ\u00ebve jan\u00eb e vetmja penges\u00eb p\u00ebr bashkimin e partive shqiptare<\/strong>\u201d- Nik\u00eb Gjeloshaj<\/p>\n<p>&nbsp;<\/p>\n<p>Intervistoi Kristjan Gj. Dukaj<\/p>\n<p><strong>\u00a0<\/strong><\/p>\n<p><strong>\u00a0<\/strong><\/p>\n<p><strong>K.D: T\u00eb jesh deputet n\u00eb parlamentin shtet\u00ebror, n\u00eb radh\u00eb t\u00eb par\u00eb, n\u00ebnkupton p\u00ebrfaq\u00ebsimin e interesave dhe nevojave t\u00eb votuesve n\u00eb nivelin m\u00eb t\u00eb lart\u00eb ligjdh\u00ebn\u00ebs. Sa jeni i k\u00ebnaqur me kushtet ekzistuese n\u00eb p\u00ebrfaq\u00ebsimin dhe realizimin e interesave t\u00eb popullat\u00ebs shqiptare p\u00ebrmes veprimtaris\u00eb tuaj, si deputet? <\/strong><\/p>\n<p>&nbsp;<\/p>\n<p><strong>N.Gjeloshaj:<\/strong> Nuk mund t\u00eb jem i k\u00ebnqur me kushtet ekzistuese n\u00eb p\u00ebrfaq\u00ebsim, sot n\u00eb Parlamentin e Malit t\u00eb Zi jemi vet\u00ebm dy deputet nga partit\u00eb nacionale dhe kjo p\u00ebr mendimin tim \u00ebsht\u00eb shum\u00eb pak. Ligji p\u00ebr zgjedhjen e k\u00ebshilltar\u00ebve dhe deputet\u00ebve kur \u00ebsht\u00eb fjala p\u00ebr shqiptar\u00ebt \u00ebsht\u00eb mjaft diskriminues dhe k\u00ebshtu edhe p\u00ebrfaq\u00ebsimi politik nuk ka pesh\u00ebn q\u00eb duhet t\u00eb ket\u00eb n\u00eb k\u00ebt\u00eb parlament. E kam\u00eb th\u00ebn\u00eb shum\u00eb her\u00eb n\u00eb Parlament se edhe p\u00ebrkundrejt\u00eb angazhimit ton\u00eb, k\u00ebrkesat tona nuk jan\u00eb realizuar plot\u00ebsisht, ato q\u00eb jan\u00eb realizuar n\u00eb p\u00ebrgjith\u00ebsi nuk kan\u00eb qen\u00eb t\u00eb plota dhe kan\u00eb patur shum\u00eb mang\u00ebsi. Jan\u00eb b\u00ebr\u00eb disa veprime pozitive n\u00eb p\u00ebrmir\u00ebsimin e jet\u00ebs s\u00eb qytetar\u00ebve, por n\u00eb p\u00ebgjith\u00ebsi kan\u00eb qen\u00eb projekte lokale t\u00eb r\u00ebnd\u00ebsishme p\u00ebr komunitetin por n\u00eb shumic\u00ebn e rasteve ka munguar vullneti politik p\u00ebr realizimin e k\u00ebrkesave tona. Duhet t\u00eb kemi parasysh\u00eb fuqin\u00eb ton\u00eb politike dhe n\u00eb baz\u00eb t\u00eb k\u00ebsaj t\u00eb vler\u00ebsojm\u00eb edhe arritjet dhe mosarritjet n\u00eb pun\u00ebn ton\u00eb.<\/p>\n<p>&nbsp;<\/p>\n<p><strong>K.D: Cilat jan\u00eb v\u00ebshtir\u00ebsit\u00eb m\u00eb t\u00eb m\u00ebdha n\u00eb aktivitetet tuaja t\u00eb p\u00ebrditshme si deputet?<\/strong><\/p>\n<p><strong>\u00a0<\/strong><\/p>\n<p><strong>N.Gjeloshaj:<\/strong> P\u00ebrve\u00e7 asaj q\u00eb paraqitet n\u00eb media dhe seanca parlamentare deputet\u00ebt kan\u00eb edhe shum\u00eb pun\u00eb t\u00eb tjera n\u00eb zyrat e Kuvendit. \u00c7do pun\u00eb ka v\u00ebshtir\u00ebsit\u00eb e veta, kemi komisione, seanca, mbledhje, p\u00ebrgatitje, materiale voluminoze t\u00eb cilat realisht jan\u00eb pjesa e panjohur e pun\u00ebs s\u00eb nj\u00eb deputeti nga opinioni publik, por kur puna b\u00ebhet me pasion at\u00ebher\u00eb edhe v\u00ebshtir\u00ebsit tejkalohen. P\u00ebrgjegj\u00ebsia \u00ebsht\u00eb faktori m\u00eb i r\u00ebnd\u00ebsish\u00ebm n\u00eb k\u00ebt\u00eb mes, ndoshta shum\u00eb her\u00eb disa gj\u00ebra mund t\u00eb realizohen m\u00eb leht\u00eb n\u00eb qoft\u00eb se do t\u00eb kishim nj\u00eb unitet mes subjekteve tona. Kur \u00ebsht\u00eb fjala p\u00ebr merita t\u00eb gjith\u00eb duan t\u00eb b\u00ebhen pjes\u00eb e tyre, kur vjen puna tek mosrealizimi i objektivave at\u00ebher\u00eb mundohen q\u00eb t\u00eb gjith\u00eb p\u00ebrgjegj\u00ebsin\u00eb t\u2019ja kalojn\u00eb p\u00ebrfaq\u00ebsuesit n\u00eb parlament.<\/p>\n<p>&nbsp;<\/p>\n<p>&nbsp;<\/p>\n<p><strong>K.D: Koh\u00eb m\u00eb par\u00eb n\u00eb Kuvend \u00ebsht\u00eb miratuar Ligji i ri p\u00ebr organizimin territorial me t\u00eb cilin \u00ebsht\u00eb parapar\u00eb q\u00eb KU e Tuzit, t\u00eb jet\u00eb Komun\u00eb n\u00eb kuad\u00ebr t\u00eb Kryeqytetit. Miratimit t\u00eb k\u00ebtij ligji, i ka paraprir\u00eb n\u00ebnshkrimi i marr\u00ebveshjes p\u00ebr zgjidhjen e ofruar. Ju, nuk kini votuar k\u00ebt\u00eb propozim ligj. Pse?<\/strong><\/p>\n<p>&nbsp;<\/p>\n<p><strong>N.Gjeloshaj:<\/strong> N\u00eb Parlament jan\u00eb diskutuar dhe m\u00eb pas jan\u00eb hedhur n\u00eb votim kat\u00ebr ligje, q\u00eb n\u00eb thelb kan\u00eb patur ndryshimin e statusit t\u00eb Komun\u00ebs Urbane t\u00eb Tuzit dhe Gollubovcit. K\u00ebrkesa jon\u00eb ka qen\u00eb e qart\u00eb, ne n\u00eb programin partiak e kemi t\u00eb theksuar qart\u00eb angazhimin ton\u00eb p\u00ebr vetqeverisje lokale, por si\u00e7 e theksova m\u00eb lart\u00eb edhe kjo k\u00ebrkes\u00eb nuk \u00ebsht\u00eb realizuar plot\u00ebsisht, por ka mang\u00ebsi t\u00eb dukshme. Realisht ka disa faktor q\u00eb jan\u00eb leht\u00ebsisht t\u00eb dalluesh\u00ebm q\u00eb tregojn\u00eb se kjo lloj vetqeverisje lokale i jep nj\u00eb autonomi m\u00eb t\u00eb madhe se\u00e7 ka patur deri m\u00eb tani Komuna Urbane, por nuk \u00ebsht\u00eb ajo q\u00eb kemi k\u00ebrkuar ne p\u00ebr vite t\u00eb t\u00ebra. E p\u00ebrderisa nuk \u00ebsht\u00eb ajo q\u00eb kemi k\u00ebrkuar at\u00ebher\u00eb nuk mund t\u00eb votoja nj\u00eb gj\u00eb t\u00eb till\u00eb.<\/p>\n<p>&nbsp;<\/p>\n<p><strong>K.D: \u00cbsht\u00eb e qart\u00eb se korpusi politik shqiptar nuk \u00ebsht\u00eb unik, madje, as rreth \u00e7\u00ebshtjes s\u00eb komun\u00ebs s\u00eb plot\u00eb. Raportet e k\u00ebtilla mes subjekteve nacionale shqiptare, s\u2019do mend, kan\u00eb ngadal\u00ebsuar realizimin e \u00e7\u00ebshtjeve t\u00eb shumta me interes t\u00eb p\u00ebrgjithsh\u00ebm nacional. Cili \u00ebsht\u00eb opinioni Juaj? <\/strong><\/p>\n<p>&nbsp;<\/p>\n<p><strong>N.Gjeloshaj:<\/strong> Pluralizmi politik e mund\u00ebson nj\u00eb gj\u00eb t\u00eb till\u00eb. P\u00ebr mendimin tim kur \u00ebsht\u00eb fjala p\u00ebr komun\u00ebn e plot\u00eb t\u00eb gjitha subjektet politike shqiptare kan\u00eb qendrim pothuaj t\u00eb njejt\u00eb, por rrug\u00ebn p\u00ebr ta relizuar k\u00ebt\u00eb jo t\u00eb gjitha subjektet e kan\u00eb t\u00eb nj\u00ebjt\u00eb. Kur \u00ebsht\u00eb fjala p\u00ebr unitetin e partive nacionale p\u00ebr fat t\u00eb keq edhe p\u00ebrkundrejt\u00eb tentativave t\u00eb ndryshme si tonat ashtu edhe t\u00eb diaspor\u00ebs \u00ebsht\u00eb par\u00eb nj\u00eb hezitim i madh nga disa subjekte. P\u00ebr mendimin tim partit\u00eb shqiptare ka shum\u00eb gj\u00ebra programore dhe parimore q\u00eb i b\u00ebjn\u00eb bashk\u00eb. \u00cbsht\u00eb e v\u00ebshtir\u00eb t\u00eb gjesh ndryshime t\u00eb m\u00ebdha mes tyre, p\u00ebrve\u00e7 mjetit q\u00eb ato p\u00ebrdorin p\u00ebr realizimin e k\u00ebrkesave t\u00eb tyre. \u00cbsht\u00eb tejet e dukshme q\u00eb problemet personale t\u00eb disa individ\u00ebve jan\u00eb e vetmja penges\u00eb p\u00ebr k\u00ebt\u00eb unitet t\u00eb munguar.<\/p>\n<p>&nbsp;<\/p>\n<p><strong>K.D: Tashm\u00eb nj\u00eb koh\u00eb t\u00eb gjat\u00eb, p\u00ebrfaq\u00ebsuesit e subjekteve nacionale shqiptare, kan\u00eb iniciuar bisedimet p\u00ebr formimin e nj\u00eb liste sa m\u00eb t\u00eb gjer\u00eb t\u00eb p\u00ebrbashk\u00ebt, n\u00eb zgjedhjet e ardhshme parlamentare q\u00eb duhet t\u00eb mbahen brenda k\u00ebtij viti. Deri ku \u00ebsht\u00eb arritur me negociatat e deritashme?<\/strong><\/p>\n<p>&nbsp;<\/p>\n<p><strong>N.Gjeloshaj:<\/strong> Kjo ka qen\u00eb nj\u00eb iniciativ\u00eb e Partis\u00eb Demokratike dhe \u00ebsht\u00eb pritur mir\u00eb nga shumica e subjekteve. Edhe n\u00eb k\u00ebt\u00eb proces ka pasur devijime t\u00eb \u00e7uditshme q\u00eb p\u00ebr fat t\u00eb keq nuk kan\u00eb treguar gj\u00eb tjet\u00ebr p\u00ebrve\u00e7 asaj q\u00eb theksova m\u00eb lart. Besoj se \u00ebsht\u00eb n\u00eb interes t\u00eb p\u00ebrbashk\u00ebt q\u00eb kjo gj\u00eb t\u00eb realizohet n\u00eb m\u00ebnyr\u00eb q\u00eb t\u00eb kemi nj\u00eb p\u00ebrfaq\u00ebsim t\u00eb denj\u00eb, q\u00eb do mund\u00ebsonte realizimin e k\u00ebrkesave tona n\u00eb m\u00ebnyr\u00ebn e duhur. Bisedimet ende vazhdojn\u00eb dhe personalisht jam optimist se n\u00eb zgjedhjet e ardhshme do kemi nj\u00eb program gjith\u00ebp\u00ebrfshir\u00ebs q\u00eb qytetar\u00ebt do ti japin p\u00ebrkrahjen e nevojshme.<\/p>\n<p>&nbsp;<\/p>\n<p><strong>K.D: \u00cbsht\u00eb e njohur se as vet\u00eb subjektet nacionale shqiptare, mjaft shpesh, nuk i kan\u00eb respektuar marr\u00ebveshjet, me mos respektimin e obligimeve ndaj partner\u00ebve si p\u00ebrb\u00ebr\u00ebs t\u00eb koalicioneve. Si do t\u00eb reflektohet kjo n\u00eb rrjedh\u00ebn e negociatave aktuale, ose n\u00eb p\u00ebrfundimin me sukses t\u00eb tyre?<\/strong><\/p>\n<p><strong>\u00a0<\/strong><\/p>\n<p><strong>N.Gjeloshaj:<\/strong> Mosrespektimi i marr\u00ebveshjeve nuk \u00ebsht\u00eb fenomen i muajve t\u00eb fundit. \u00cbsht\u00eb nj\u00eb fenomen q\u00eb ka ndodhur pas \u00e7do procesi zgjedhor, por ndryshimi \u00ebsht\u00eb se disa flasin dhe b\u00ebjn\u00eb zhurm\u00eb vet\u00ebm kur ju cenohet pozita e tyre, n\u00eb t\u00eb kund\u00ebrt, kur ata c\u00ebnojn\u00eb vazhdimisht pozitat e tjetrit kurr\u00eb nuk flasin p\u00ebr k\u00ebt\u00eb gj\u00eb. E them me plot bindje se deri m\u00eb tani m\u00eb e c\u00ebnuar ka qen\u00eb partia q\u00eb un\u00eb jam pjes\u00eb e saj, por jemi munduar ti tejkalojm\u00eb k\u00ebto mosmarr\u00ebveshje me qet\u00ebsi dhe me pjekuri politike. Besoj se edhe kjo situat\u00eb do t\u00eb tejkalohet me pjekuri dhe t\u00eb gjith\u00eb do marrin p\u00ebrgjegj\u00ebsit\u00eb q\u00eb ju takojn\u00eb.<\/p>\n<p><strong>\u00a0<\/strong><\/p>\n<p><strong>K.D: Z. Gjeloshaj, Ju edhe pse nuk kini nj\u00eb stazh t\u00eb gjat\u00eb si deputet n\u00eb Kuvend, me aktivitete t\u00eb ngjashme jeni i pranish\u00ebm n\u00eb opinionin e gjer\u00eb shqiptar n\u00eb Mal t\u00eb Zi, bukur gjat\u00eb. Cili \u00ebsht\u00eb mendimi Juaj, sa mund t\u00eb jen\u00eb t\u00eb k\u00ebnaqur elektorati shqiptar me pun\u00ebn dhe kontributin e p\u00ebrgjithsh\u00ebm t\u00eb p\u00ebrfaq\u00ebsuesve autentik, duke filluar nga jet\u00ebsimi i pluralizmit n\u00eb Mal t\u00eb Zi, tashm\u00eb nj\u00eb \u00e7erekshekulli t\u00eb plot\u00eb?<\/strong><\/p>\n<p><strong>\u00a0<\/strong><\/p>\n<p><strong>N.Gjeloshaj:<\/strong> Un\u00eb kam m\u00eb pak se dy vite n\u00eb pozicionin e deputetit. Gjat\u00eb karrieres time, kam qen\u00eb i angazhuar fillimisht n\u00eb organizata joqeveritare q\u00eb n\u00eb at\u00eb koh\u00eb kan\u00eb qen\u00eb t\u00eb pakta por kemi b\u00ebr\u00eb nj\u00eb pun\u00eb mjaft t\u00eb mir\u00eb. Edhe pse kam dh\u00ebn\u00eb kontribut nuk \u00ebsht\u00eb se kam pasur ndonj\u00eb pozit\u00eb deri para dy vitesh. Un\u00eb jam i mendimit se p\u00ebrfaq\u00ebsuesit e partive nacionale n\u00eb periudha t\u00eb ndryshme kan\u00eb dh\u00ebn\u00eb nj\u00eb kontribut t\u00eb madh n\u00eb p\u00ebrmir\u00ebsimin e pozit\u00ebs s\u00eb shqiptar\u00ebve n\u00eb Mal t\u00eb Zi. Nuk \u00ebsht\u00eb aspak e logjikshme q\u00eb t\u00eb gjith\u00eb barr\u00ebn e fajit t\u2019ua lem\u00eb p\u00ebrfaq\u00ebsuesve t\u00eb partive shqiptare, \u00ebsht\u00eb e drejt\u00eb dhe shum\u00eb normale t\u00eb k\u00ebrkohen p\u00ebrgjegj\u00ebsi, t\u00eb kritikohet puna e gjithsecilit, por gj\u00ebrat nuk mund t\u00eb shikoh\u00ebn vet\u00ebm bardh e zi. Pozita dhe fuqia e tyre politike ka qen\u00eb e atill\u00eb q\u00eb jo \u00e7do her\u00eb \u00ebsht\u00eb var\u00eb nga ato realizimi i k\u00ebrkesave t\u00eb tyre. Duhet tu njohim meritat por edhe t\u00eb b\u00ebjm\u00eb nj\u00eb kritik\u00eb konstruktive p\u00ebr pun\u00ebn e gjithseciit dhe gj\u00ebrat mos ti p\u00ebrgjith\u00ebsojm\u00eb.<\/p>\n<p>&nbsp;<\/p>\n<p><strong>K.D: Mes shpres\u00ebs dhe realitetit ! Sa p\u00ebrkon angazhimi dhe kujdesi Juaj ndaj t\u00eb rinjve, me ato q\u00eb ishin pritjet tuaja nga p\u00ebrfaq\u00ebsuesit politik, kur ishit n\u00eb k\u00ebt\u00eb faz\u00eb t\u00eb jet\u00ebs q\u00eb jemi ne sot, si t\u00eb rinj q\u00eb kan\u00eb ose jan\u00eb duke p\u00ebrfunduar\u00a0\u00a0 shkollimin superior?\u00a0\u00a0 <\/strong><\/p>\n<p>&nbsp;<\/p>\n<p><strong>N.Gjeloshaj:<\/strong> Aktivizimi im ka filluar n\u00eb mosh\u00eb mjaft t\u00eb re, e kam menduar at\u00ebher\u00eb dhe t\u00eb nj\u00ebjtin mendim kam edhe sot se t\u00eb rinj\u00ebt jan\u00eb nj\u00eb pasuri e madhe e \u00e7do kombi. Energjia, vizioni, idet\u00eb dhe vullneti q\u00eb i karakterizon duhet t\u00eb vler\u00ebsohen. N\u00eb stafin tim kam t\u00eb rinj\u00eb, kam vler\u00ebsuar idet\u00eb dhe mendimet e tyre edhe kur kan\u00eb qen\u00eb kritik ndaj meje. Jam angazhuar gjith\u00eb koh\u00ebs q\u00eb t\u2019u jepet hap\u00ebsira e nevojshme p\u00ebr t\u00eb punuar, p\u00ebr arsye se jam i bindur se t\u00eb rinj\u00ebt kan\u00eb shum\u00eb p\u00ebr ti dh\u00ebn\u00eb shoq\u00ebris\u00eb ton\u00eb. E kam th\u00ebn\u00eb dhe do vazhdoj ta them se t\u00eb rinj\u00ebt mund t\u00eb b\u00ebjn\u00eb ndryshime t\u00eb m\u00ebdha dhe tani \u00ebsht\u00eb momenti m\u00eb i mir\u00eb q\u00eb t\u00eb vler\u00ebsojm\u00eb kontributin e atyre q\u00eb gjat\u00eb k\u00ebsaj periudhe kan\u00eb qen\u00eb aktiv n\u00eb politik\u00eb, nga ana tjet\u00ebr ata duhet t\u00eb marrin p\u00ebrgjegj\u00ebsit\u00eb q\u00eb ju takojn\u00eb dhe n\u00eb fund ti japim hap\u00ebsir\u00eb m\u00eb t\u00eb madhe t\u00eb rinj\u00ebve q\u00eb t\u00eb angazhohen n\u00eb politik\u00eb dhe besoj q\u00eb rezultatet nuk do t\u00eb mungojn\u00eb.<\/p>\n<!--YouTube Error: bad URL entered-->\n","protected":false},"excerpt":{"rendered":"<p>\u201cProblemet personale t\u00eb disa individ\u00ebve jan\u00eb e vetmja penges\u00eb p\u00ebr bashkimin e partive shqiptare\u201d- Nik\u00eb Gjeloshaj &nbsp; Intervistoi Kristjan Gj. Dukaj \u00a0 \u00a0 K.D: T\u00eb jesh deputet n\u00eb parlamentin shtet\u00ebror, n\u00eb radh\u00eb t\u00eb par\u00eb, n\u00ebnkupton p\u00ebrfaq\u00ebsimin e interesave dhe nevojave t\u00eb votuesve n\u00eb nivelin m\u00eb t\u00eb lart\u00eb ligjdh\u00ebn\u00ebs. Sa jeni i k\u00ebnaqur me kushtet ekzistuese [&hellip;]<\/p>\n","protected":false},"author":1,"featured_media":0,"comment_status":"closed","ping_status":"closed","sticky":false,"template":"","format":"standard","meta":{"spay_email":"","jetpack_publicize_message":"","jetpack_is_tweetstorm":false,"jetpack_publicize_feature_enabled":true},"categories":[5],"tags":[],"jetpack_publicize_connections":[],"yoast_head":"<!-- This site is optimized with the Yoast SEO plugin v19.1 - https:\/\/yoast.com\/wordpress\/plugins\/seo\/ -->\n<title>Intervist\u00eb me Nik\u00eb Gjeloshaj, deputet n\u00eb parlamentin e Malit t\u00eb Zi - Video - Lajme nga Ulqini<\/title>\n<meta name=\"description\" content=\"\u201cProblemet personale t\u00eb disa individ\u00ebve jan\u00eb e vetmja penges\u00eb p\u00ebr bashkimin e partive shqiptare\u201d- Nik\u00eb Gjeloshaj &nbsp; Intervistoi Kristjan Gj. Dukaj \u00a0 \u00a0\" \/>\n<meta name=\"robots\" content=\"index, follow, max-snippet:-1, max-image-preview:large, max-video-preview:-1\" \/>\n<link rel=\"canonical\" href=\"https:\/\/www.visit-ulcinj.com\/blog\/2016\/02\/11\/interviste-nike-gjeloshaj-deputet-ne-parlamentin-e-malit-te-zi\/\" \/>\n<meta property=\"og:locale\" content=\"en_US\" \/>\n<meta property=\"og:type\" content=\"article\" \/>\n<meta property=\"og:title\" content=\"Intervist\u00eb me Nik\u00eb Gjeloshaj, deputet n\u00eb parlamentin e Malit t\u00eb Zi - Video - Lajme nga Ulqini\" \/>\n<meta property=\"og:description\" content=\"\u201cProblemet personale t\u00eb disa individ\u00ebve jan\u00eb e vetmja penges\u00eb p\u00ebr bashkimin e partive shqiptare\u201d- Nik\u00eb Gjeloshaj &nbsp; Intervistoi Kristjan Gj. Dukaj \u00a0 \u00a0\" \/>\n<meta property=\"og:url\" content=\"https:\/\/www.visit-ulcinj.com\/blog\/2016\/02\/11\/interviste-nike-gjeloshaj-deputet-ne-parlamentin-e-malit-te-zi\/\" \/>\n<meta property=\"og:site_name\" content=\"Lajme nga Ulqini\" \/>\n<meta property=\"article:published_time\" content=\"2016-02-11T21:01:56+00:00\" \/>\n<meta property=\"article:modified_time\" content=\"2016-02-12T18:28:49+00:00\" \/>\n<meta property=\"og:image\" content=\"http:\/\/www.visit-ulcinj.com\/blog\/wp-content\/uploads\/2016\/02\/Nike-Gjeloshaj.jpg\" \/>\n<meta name=\"twitter:label1\" content=\"Written by\" \/>\n\t<meta name=\"twitter:data1\" content=\"ulqini\" \/>\n\t<meta name=\"twitter:label2\" content=\"Est. reading time\" \/>\n\t<meta name=\"twitter:data2\" content=\"9 minutes\" \/>\n<script type=\"application\/ld+json\" class=\"yoast-schema-graph\">{\"@context\":\"https:\/\/schema.org\",\"@graph\":[{\"@type\":\"WebSite\",\"@id\":\"https:\/\/www.visit-ulcinj.com\/blog\/#website\",\"url\":\"https:\/\/www.visit-ulcinj.com\/blog\/\",\"name\":\"Lajme nga Ulqini\",\"description\":\"Lajme,Vijesti,Ulqini,Ulqin,Crna Gora,Mali i Zi\",\"potentialAction\":[{\"@type\":\"SearchAction\",\"target\":{\"@type\":\"EntryPoint\",\"urlTemplate\":\"https:\/\/www.visit-ulcinj.com\/blog\/?s={search_term_string}\"},\"query-input\":\"required name=search_term_string\"}],\"inLanguage\":\"en-US\"},{\"@type\":\"ImageObject\",\"inLanguage\":\"en-US\",\"@id\":\"https:\/\/www.visit-ulcinj.com\/blog\/2016\/02\/11\/interviste-nike-gjeloshaj-deputet-ne-parlamentin-e-malit-te-zi\/#primaryimage\",\"url\":\"https:\/\/www.visit-ulcinj.com\/blog\/wp-content\/uploads\/2016\/02\/Nike-Gjeloshaj.jpg\",\"contentUrl\":\"https:\/\/www.visit-ulcinj.com\/blog\/wp-content\/uploads\/2016\/02\/Nike-Gjeloshaj.jpg\",\"width\":746,\"height\":497},{\"@type\":\"WebPage\",\"@id\":\"https:\/\/www.visit-ulcinj.com\/blog\/2016\/02\/11\/interviste-nike-gjeloshaj-deputet-ne-parlamentin-e-malit-te-zi\/#webpage\",\"url\":\"https:\/\/www.visit-ulcinj.com\/blog\/2016\/02\/11\/interviste-nike-gjeloshaj-deputet-ne-parlamentin-e-malit-te-zi\/\",\"name\":\"Intervist\u00eb me Nik\u00eb Gjeloshaj, deputet n\u00eb parlamentin e Malit t\u00eb Zi - Video - Lajme nga Ulqini\",\"isPartOf\":{\"@id\":\"https:\/\/www.visit-ulcinj.com\/blog\/#website\"},\"primaryImageOfPage\":{\"@id\":\"https:\/\/www.visit-ulcinj.com\/blog\/2016\/02\/11\/interviste-nike-gjeloshaj-deputet-ne-parlamentin-e-malit-te-zi\/#primaryimage\"},\"datePublished\":\"2016-02-11T21:01:56+00:00\",\"dateModified\":\"2016-02-12T18:28:49+00:00\",\"author\":{\"@id\":\"https:\/\/www.visit-ulcinj.com\/blog\/#\/schema\/person\/dcab619c614d3038751c63bc2aadc06d\"},\"description\":\"\u201cProblemet personale t\u00eb disa individ\u00ebve jan\u00eb e vetmja penges\u00eb p\u00ebr bashkimin e partive shqiptare\u201d- Nik\u00eb Gjeloshaj &nbsp; Intervistoi Kristjan Gj. Dukaj \u00a0 \u00a0\",\"breadcrumb\":{\"@id\":\"https:\/\/www.visit-ulcinj.com\/blog\/2016\/02\/11\/interviste-nike-gjeloshaj-deputet-ne-parlamentin-e-malit-te-zi\/#breadcrumb\"},\"inLanguage\":\"en-US\",\"potentialAction\":[{\"@type\":\"ReadAction\",\"target\":[\"https:\/\/www.visit-ulcinj.com\/blog\/2016\/02\/11\/interviste-nike-gjeloshaj-deputet-ne-parlamentin-e-malit-te-zi\/\"]}]},{\"@type\":\"BreadcrumbList\",\"@id\":\"https:\/\/www.visit-ulcinj.com\/blog\/2016\/02\/11\/interviste-nike-gjeloshaj-deputet-ne-parlamentin-e-malit-te-zi\/#breadcrumb\",\"itemListElement\":[{\"@type\":\"ListItem\",\"position\":1,\"name\":\"Intervist\u00eb me Nik\u00eb Gjeloshaj, deputet n\u00eb parlamentin e Malit t\u00eb Zi &#8211; Video\"}]},{\"@type\":\"Person\",\"@id\":\"https:\/\/www.visit-ulcinj.com\/blog\/#\/schema\/person\/dcab619c614d3038751c63bc2aadc06d\",\"name\":\"ulqini\",\"sameAs\":[\"http:\/\/www.visit-ulcinj.com\"],\"url\":\"https:\/\/www.visit-ulcinj.com\/blog\/author\/admin\/\"}]}<\/script>\n<!-- \/ Yoast SEO plugin. -->","yoast_head_json":{"title":"Intervist\u00eb me Nik\u00eb Gjeloshaj, deputet n\u00eb parlamentin e Malit t\u00eb Zi - Video - Lajme nga Ulqini","description":"\u201cProblemet personale t\u00eb disa individ\u00ebve jan\u00eb e vetmja penges\u00eb p\u00ebr bashkimin e partive shqiptare\u201d- Nik\u00eb Gjeloshaj &nbsp; Intervistoi Kristjan Gj. Dukaj \u00a0 \u00a0","robots":{"index":"index","follow":"follow","max-snippet":"max-snippet:-1","max-image-preview":"max-image-preview:large","max-video-preview":"max-video-preview:-1"},"canonical":"https:\/\/www.visit-ulcinj.com\/blog\/2016\/02\/11\/interviste-nike-gjeloshaj-deputet-ne-parlamentin-e-malit-te-zi\/","og_locale":"en_US","og_type":"article","og_title":"Intervist\u00eb me Nik\u00eb Gjeloshaj, deputet n\u00eb parlamentin e Malit t\u00eb Zi - Video - Lajme nga Ulqini","og_description":"\u201cProblemet personale t\u00eb disa individ\u00ebve jan\u00eb e vetmja penges\u00eb p\u00ebr bashkimin e partive shqiptare\u201d- Nik\u00eb Gjeloshaj &nbsp; Intervistoi Kristjan Gj. Dukaj \u00a0 \u00a0","og_url":"https:\/\/www.visit-ulcinj.com\/blog\/2016\/02\/11\/interviste-nike-gjeloshaj-deputet-ne-parlamentin-e-malit-te-zi\/","og_site_name":"Lajme nga Ulqini","article_published_time":"2016-02-11T21:01:56+00:00","article_modified_time":"2016-02-12T18:28:49+00:00","og_image":[{"url":"http:\/\/www.visit-ulcinj.com\/blog\/wp-content\/uploads\/2016\/02\/Nike-Gjeloshaj.jpg"}],"twitter_misc":{"Written by":"ulqini","Est. reading time":"9 minutes"},"schema":{"@context":"https:\/\/schema.org","@graph":[{"@type":"WebSite","@id":"https:\/\/www.visit-ulcinj.com\/blog\/#website","url":"https:\/\/www.visit-ulcinj.com\/blog\/","name":"Lajme nga Ulqini","description":"Lajme,Vijesti,Ulqini,Ulqin,Crna Gora,Mali i Zi","potentialAction":[{"@type":"SearchAction","target":{"@type":"EntryPoint","urlTemplate":"https:\/\/www.visit-ulcinj.com\/blog\/?s={search_term_string}"},"query-input":"required name=search_term_string"}],"inLanguage":"en-US"},{"@type":"ImageObject","inLanguage":"en-US","@id":"https:\/\/www.visit-ulcinj.com\/blog\/2016\/02\/11\/interviste-nike-gjeloshaj-deputet-ne-parlamentin-e-malit-te-zi\/#primaryimage","url":"https:\/\/www.visit-ulcinj.com\/blog\/wp-content\/uploads\/2016\/02\/Nike-Gjeloshaj.jpg","contentUrl":"https:\/\/www.visit-ulcinj.com\/blog\/wp-content\/uploads\/2016\/02\/Nike-Gjeloshaj.jpg","width":746,"height":497},{"@type":"WebPage","@id":"https:\/\/www.visit-ulcinj.com\/blog\/2016\/02\/11\/interviste-nike-gjeloshaj-deputet-ne-parlamentin-e-malit-te-zi\/#webpage","url":"https:\/\/www.visit-ulcinj.com\/blog\/2016\/02\/11\/interviste-nike-gjeloshaj-deputet-ne-parlamentin-e-malit-te-zi\/","name":"Intervist\u00eb me Nik\u00eb Gjeloshaj, deputet n\u00eb parlamentin e Malit t\u00eb Zi - Video - Lajme nga Ulqini","isPartOf":{"@id":"https:\/\/www.visit-ulcinj.com\/blog\/#website"},"primaryImageOfPage":{"@id":"https:\/\/www.visit-ulcinj.com\/blog\/2016\/02\/11\/interviste-nike-gjeloshaj-deputet-ne-parlamentin-e-malit-te-zi\/#primaryimage"},"datePublished":"2016-02-11T21:01:56+00:00","dateModified":"2016-02-12T18:28:49+00:00","author":{"@id":"https:\/\/www.visit-ulcinj.com\/blog\/#\/schema\/person\/dcab619c614d3038751c63bc2aadc06d"},"description":"\u201cProblemet personale t\u00eb disa individ\u00ebve jan\u00eb e vetmja penges\u00eb p\u00ebr bashkimin e partive shqiptare\u201d- Nik\u00eb Gjeloshaj &nbsp; Intervistoi Kristjan Gj. Dukaj \u00a0 \u00a0","breadcrumb":{"@id":"https:\/\/www.visit-ulcinj.com\/blog\/2016\/02\/11\/interviste-nike-gjeloshaj-deputet-ne-parlamentin-e-malit-te-zi\/#breadcrumb"},"inLanguage":"en-US","potentialAction":[{"@type":"ReadAction","target":["https:\/\/www.visit-ulcinj.com\/blog\/2016\/02\/11\/interviste-nike-gjeloshaj-deputet-ne-parlamentin-e-malit-te-zi\/"]}]},{"@type":"BreadcrumbList","@id":"https:\/\/www.visit-ulcinj.com\/blog\/2016\/02\/11\/interviste-nike-gjeloshaj-deputet-ne-parlamentin-e-malit-te-zi\/#breadcrumb","itemListElement":[{"@type":"ListItem","position":1,"name":"Intervist\u00eb me Nik\u00eb Gjeloshaj, deputet n\u00eb parlamentin e Malit t\u00eb Zi &#8211; Video"}]},{"@type":"Person","@id":"https:\/\/www.visit-ulcinj.com\/blog\/#\/schema\/person\/dcab619c614d3038751c63bc2aadc06d","name":"ulqini","sameAs":["http:\/\/www.visit-ulcinj.com"],"url":"https:\/\/www.visit-ulcinj.com\/blog\/author\/admin\/"}]}},"jetpack_featured_media_url":"","jetpack_sharing_enabled":true,"jetpack_shortlink":"https:\/\/wp.me\/pe6lTn-oA5","_links":{"self":[{"href":"https:\/\/www.visit-ulcinj.com\/blog\/wp-json\/wp\/v2\/posts\/94493"}],"collection":[{"href":"https:\/\/www.visit-ulcinj.com\/blog\/wp-json\/wp\/v2\/posts"}],"about":[{"href":"https:\/\/www.visit-ulcinj.com\/blog\/wp-json\/wp\/v2\/types\/post"}],"author":[{"embeddable":true,"href":"https:\/\/www.visit-ulcinj.com\/blog\/wp-json\/wp\/v2\/users\/1"}],"replies":[{"embeddable":true,"href":"https:\/\/www.visit-ulcinj.com\/blog\/wp-json\/wp\/v2\/comments?post=94493"}],"version-history":[{"count":3,"href":"https:\/\/www.visit-ulcinj.com\/blog\/wp-json\/wp\/v2\/posts\/94493\/revisions"}],"predecessor-version":[{"id":94524,"href":"https:\/\/www.visit-ulcinj.com\/blog\/wp-json\/wp\/v2\/posts\/94493\/revisions\/94524"}],"wp:attachment":[{"href":"https:\/\/www.visit-ulcinj.com\/blog\/wp-json\/wp\/v2\/media?parent=94493"}],"wp:term":[{"taxonomy":"category","embeddable":true,"href":"https:\/\/www.visit-ulcinj.com\/blog\/wp-json\/wp\/v2\/categories?post=94493"},{"taxonomy":"post_tag","embeddable":true,"href":"https:\/\/www.visit-ulcinj.com\/blog\/wp-json\/wp\/v2\/tags?post=94493"}],"curies":[{"name":"wp","href":"https:\/\/api.w.org\/{rel}","templated":true}]}}