{"id":945,"date":"2008-03-18T12:00:15","date_gmt":"2008-03-18T17:00:15","guid":{"rendered":"http:\/\/www.visit-ulcinj.com\/blog\/2008\/03\/18\/udsh-ja-perkrahje-vujanoviqit\/"},"modified":"2008-03-18T12:01:27","modified_gmt":"2008-03-18T17:01:27","slug":"udsh-ja-perkrahje-vujanoviqit","status":"publish","type":"post","link":"https:\/\/www.visit-ulcinj.com\/blog\/2008\/03\/18\/udsh-ja-perkrahje-vujanoviqit\/","title":{"rendered":"UDSH-ja P\u00ebrkrahje Vujanoviqit"},"content":{"rendered":"<p style=\"margin-bottom: 0cm\"><a href=\"http:\/\/www.visit-ulcinj.com\/blog\/wp-content\/uploads\/2008\/03\/dinosha-vujanoviq.jpg\" title=\"dinosha-vujanoviq\"><img loading=\"lazy\" src=\"http:\/\/www.visit-ulcinj.com\/blog\/wp-content\/uploads\/2008\/03\/dinosha-vujanoviq.thumbnail.jpg\" alt=\"dinosha-vujanoviq\" align=\"left\" height=\"111\" width=\"200\" \/><\/a><font face=\"Verdana\"><font size=\"2\"><a href=\"http:\/\/www.visit-ulcinj.com\/gallery\/main.php\" title=\"ulqin,ulqin,ulcinj,montenegro\" target=\"_blank\">Ulqin<\/a> &#8211; Unioni Demokratik Shqiptar do t\u00eb mb\u00ebshtes\u00eb Presidentin aktual, Filip Vujanoviq, n\u00eb zgjedhjet e ardhshme presidenciale n\u00eb Mal t\u00eb Zi, q\u00eb do t\u00eb mbahen m\u00eb 6 prill.<br \/>\nK\u00ebt\u00eb e ka b\u00ebr\u00eb t\u00eb ditur kryetari i k\u00ebsaj partie, Ferhat Dinosha, n\u00eb nj\u00eb konferenc\u00eb t\u00eb p\u00ebrbashk\u00ebt p\u00ebr shtyp me Presidentin Vujanoviq t\u00eb m\u00ebrkur\u00ebn, pas takimit q\u00eb ai dhe an\u00ebtar\u00ebt e kryesis\u00eb s\u00eb UDSH-s\u00eb zhvilluan me Vujanoviqin gjat\u00eb vizit\u00ebs s\u00eb tij n\u00eb Ulqin n\u00eb kuad\u00ebr t\u00eb fushat\u00ebs p\u00ebr zgjedhjet presidenciale.<br \/>\nDinosha ka th\u00ebn\u00eb se vendimtar p\u00ebr mb\u00ebshtetjen e UDSH-s\u00eb ka qen\u00eb premtimi i dh\u00ebn\u00eb nga Presidenti aktual Vujanoviq, por edhe bashk\u00ebpunimi i deritash\u00ebm.<br \/>\n&#8220;Ajo q\u00eb kemi d\u00ebgjuar nga Presidenti aktual dhe kandidati p\u00ebr President t\u00eb ardhsh\u00ebm t\u00eb Malit t\u00eb Zi i mund\u00ebson absolutisht UDSH-s\u00eb q\u00eb n\u00eb k\u00ebt\u00eb faz\u00eb t\u00eb mb\u00ebshtes\u00eb hapur z. Vujanoviq p\u00ebr President t\u00eb ardhsh\u00ebm t\u00eb Malit t\u00eb Zi&#8221;, ka th\u00ebn\u00eb ai.<br \/>\nKryetari i UDSH-s\u00eb ka shprehur bindjen se bashk\u00ebpunimi nd\u00ebrmjet UDSH-s\u00eb dhe pushteteve demokratike n\u00eb Mal t\u00eb Zi, si\u00e7 ka th\u00ebn\u00eb ai, i filluar n\u00eb fund t\u00eb viteve z90, &#8220;tani do t\u00eb jet\u00eb edhe m\u00eb intensiv n\u00eb sken\u00ebn politike n\u00eb Mal t\u00eb Zi n\u00eb dobi t\u00eb shqiptar\u00ebve n\u00eb Mal t\u00eb Zi, shtetit malazez, por edhe n\u00eb favor t\u00eb integrimeve q\u00eb jan\u00eb para nesh.&#8221;<\/font><\/font><\/p>\n<p align=\"left\"><font face=\"Verdana\"><font size=\"2\"><strong>.i.k<\/strong><\/font><\/font><\/p>\n","protected":false},"excerpt":{"rendered":"<p><img loading=\"lazy\" src=\"http:\/\/www.visit-ulcinj.com\/blog\/wp-content\/uploads\/2008\/03\/dinosha-vujanoviq.thumbnail.jpg\" alt=\"dinosha-vujanoviq\" align=\"left\" height=\"140\" width=\"140\" \/><\/p>\n","protected":false},"author":1,"featured_media":0,"comment_status":"open","ping_status":"closed","sticky":false,"template":"","format":"standard","meta":{"spay_email":"","jetpack_publicize_message":"","jetpack_is_tweetstorm":false,"jetpack_publicize_feature_enabled":true},"categories":[6],"tags":[],"jetpack_publicize_connections":[],"yoast_head":"<!-- This site is optimized with the Yoast SEO plugin v19.1 - https:\/\/yoast.com\/wordpress\/plugins\/seo\/ -->\n<title>UDSH-ja P\u00ebrkrahje Vujanoviqit - Lajme nga Ulqini<\/title>\n<meta name=\"robots\" content=\"index, follow, max-snippet:-1, max-image-preview:large, max-video-preview:-1\" \/>\n<link rel=\"canonical\" href=\"https:\/\/www.visit-ulcinj.com\/blog\/2008\/03\/18\/udsh-ja-perkrahje-vujanoviqit\/\" \/>\n<meta property=\"og:locale\" content=\"en_US\" \/>\n<meta property=\"og:type\" content=\"article\" \/>\n<meta property=\"og:title\" content=\"UDSH-ja P\u00ebrkrahje Vujanoviqit - Lajme nga Ulqini\" \/>\n<meta property=\"og:url\" content=\"https:\/\/www.visit-ulcinj.com\/blog\/2008\/03\/18\/udsh-ja-perkrahje-vujanoviqit\/\" \/>\n<meta property=\"og:site_name\" content=\"Lajme nga Ulqini\" \/>\n<meta property=\"article:published_time\" content=\"2008-03-18T17:00:15+00:00\" \/>\n<meta property=\"article:modified_time\" content=\"2008-03-18T17:01:27+00:00\" \/>\n<meta property=\"og:image\" content=\"http:\/\/www.visit-ulcinj.com\/blog\/wp-content\/uploads\/2008\/03\/dinosha-vujanoviq.thumbnail.jpg\" \/>\n<meta name=\"twitter:label1\" content=\"Written by\" \/>\n\t<meta name=\"twitter:data1\" content=\"ulqini\" \/>\n\t<meta name=\"twitter:label2\" content=\"Est. reading time\" \/>\n\t<meta name=\"twitter:data2\" content=\"1 minute\" \/>\n<script type=\"application\/ld+json\" class=\"yoast-schema-graph\">{\"@context\":\"https:\/\/schema.org\",\"@graph\":[{\"@type\":\"WebSite\",\"@id\":\"https:\/\/www.visit-ulcinj.com\/blog\/#website\",\"url\":\"https:\/\/www.visit-ulcinj.com\/blog\/\",\"name\":\"Lajme nga Ulqini\",\"description\":\"Lajme,Vijesti,Ulqini,Ulqin,Crna Gora,Mali i Zi\",\"potentialAction\":[{\"@type\":\"SearchAction\",\"target\":{\"@type\":\"EntryPoint\",\"urlTemplate\":\"https:\/\/www.visit-ulcinj.com\/blog\/?s={search_term_string}\"},\"query-input\":\"required name=search_term_string\"}],\"inLanguage\":\"en-US\"},{\"@type\":\"ImageObject\",\"inLanguage\":\"en-US\",\"@id\":\"https:\/\/www.visit-ulcinj.com\/blog\/2008\/03\/18\/udsh-ja-perkrahje-vujanoviqit\/#primaryimage\",\"url\":\"http:\/\/www.visit-ulcinj.com\/blog\/wp-content\/uploads\/2008\/03\/dinosha-vujanoviq.thumbnail.jpg\",\"contentUrl\":\"http:\/\/www.visit-ulcinj.com\/blog\/wp-content\/uploads\/2008\/03\/dinosha-vujanoviq.thumbnail.jpg\"},{\"@type\":\"WebPage\",\"@id\":\"https:\/\/www.visit-ulcinj.com\/blog\/2008\/03\/18\/udsh-ja-perkrahje-vujanoviqit\/#webpage\",\"url\":\"https:\/\/www.visit-ulcinj.com\/blog\/2008\/03\/18\/udsh-ja-perkrahje-vujanoviqit\/\",\"name\":\"UDSH-ja P\u00ebrkrahje Vujanoviqit - Lajme nga Ulqini\",\"isPartOf\":{\"@id\":\"https:\/\/www.visit-ulcinj.com\/blog\/#website\"},\"primaryImageOfPage\":{\"@id\":\"https:\/\/www.visit-ulcinj.com\/blog\/2008\/03\/18\/udsh-ja-perkrahje-vujanoviqit\/#primaryimage\"},\"datePublished\":\"2008-03-18T17:00:15+00:00\",\"dateModified\":\"2008-03-18T17:01:27+00:00\",\"author\":{\"@id\":\"https:\/\/www.visit-ulcinj.com\/blog\/#\/schema\/person\/dcab619c614d3038751c63bc2aadc06d\"},\"breadcrumb\":{\"@id\":\"https:\/\/www.visit-ulcinj.com\/blog\/2008\/03\/18\/udsh-ja-perkrahje-vujanoviqit\/#breadcrumb\"},\"inLanguage\":\"en-US\",\"potentialAction\":[{\"@type\":\"ReadAction\",\"target\":[\"https:\/\/www.visit-ulcinj.com\/blog\/2008\/03\/18\/udsh-ja-perkrahje-vujanoviqit\/\"]}]},{\"@type\":\"BreadcrumbList\",\"@id\":\"https:\/\/www.visit-ulcinj.com\/blog\/2008\/03\/18\/udsh-ja-perkrahje-vujanoviqit\/#breadcrumb\",\"itemListElement\":[{\"@type\":\"ListItem\",\"position\":1,\"name\":\"UDSH-ja P\u00ebrkrahje Vujanoviqit\"}]},{\"@type\":\"Person\",\"@id\":\"https:\/\/www.visit-ulcinj.com\/blog\/#\/schema\/person\/dcab619c614d3038751c63bc2aadc06d\",\"name\":\"ulqini\",\"sameAs\":[\"http:\/\/www.visit-ulcinj.com\"],\"url\":\"https:\/\/www.visit-ulcinj.com\/blog\/author\/admin\/\"}]}<\/script>\n<!-- \/ Yoast SEO plugin. -->","yoast_head_json":{"title":"UDSH-ja P\u00ebrkrahje Vujanoviqit - Lajme nga Ulqini","robots":{"index":"index","follow":"follow","max-snippet":"max-snippet:-1","max-image-preview":"max-image-preview:large","max-video-preview":"max-video-preview:-1"},"canonical":"https:\/\/www.visit-ulcinj.com\/blog\/2008\/03\/18\/udsh-ja-perkrahje-vujanoviqit\/","og_locale":"en_US","og_type":"article","og_title":"UDSH-ja P\u00ebrkrahje Vujanoviqit - Lajme nga Ulqini","og_url":"https:\/\/www.visit-ulcinj.com\/blog\/2008\/03\/18\/udsh-ja-perkrahje-vujanoviqit\/","og_site_name":"Lajme nga Ulqini","article_published_time":"2008-03-18T17:00:15+00:00","article_modified_time":"2008-03-18T17:01:27+00:00","og_image":[{"url":"http:\/\/www.visit-ulcinj.com\/blog\/wp-content\/uploads\/2008\/03\/dinosha-vujanoviq.thumbnail.jpg"}],"twitter_misc":{"Written by":"ulqini","Est. reading time":"1 minute"},"schema":{"@context":"https:\/\/schema.org","@graph":[{"@type":"WebSite","@id":"https:\/\/www.visit-ulcinj.com\/blog\/#website","url":"https:\/\/www.visit-ulcinj.com\/blog\/","name":"Lajme nga Ulqini","description":"Lajme,Vijesti,Ulqini,Ulqin,Crna Gora,Mali i Zi","potentialAction":[{"@type":"SearchAction","target":{"@type":"EntryPoint","urlTemplate":"https:\/\/www.visit-ulcinj.com\/blog\/?s={search_term_string}"},"query-input":"required name=search_term_string"}],"inLanguage":"en-US"},{"@type":"ImageObject","inLanguage":"en-US","@id":"https:\/\/www.visit-ulcinj.com\/blog\/2008\/03\/18\/udsh-ja-perkrahje-vujanoviqit\/#primaryimage","url":"http:\/\/www.visit-ulcinj.com\/blog\/wp-content\/uploads\/2008\/03\/dinosha-vujanoviq.thumbnail.jpg","contentUrl":"http:\/\/www.visit-ulcinj.com\/blog\/wp-content\/uploads\/2008\/03\/dinosha-vujanoviq.thumbnail.jpg"},{"@type":"WebPage","@id":"https:\/\/www.visit-ulcinj.com\/blog\/2008\/03\/18\/udsh-ja-perkrahje-vujanoviqit\/#webpage","url":"https:\/\/www.visit-ulcinj.com\/blog\/2008\/03\/18\/udsh-ja-perkrahje-vujanoviqit\/","name":"UDSH-ja P\u00ebrkrahje Vujanoviqit - Lajme nga Ulqini","isPartOf":{"@id":"https:\/\/www.visit-ulcinj.com\/blog\/#website"},"primaryImageOfPage":{"@id":"https:\/\/www.visit-ulcinj.com\/blog\/2008\/03\/18\/udsh-ja-perkrahje-vujanoviqit\/#primaryimage"},"datePublished":"2008-03-18T17:00:15+00:00","dateModified":"2008-03-18T17:01:27+00:00","author":{"@id":"https:\/\/www.visit-ulcinj.com\/blog\/#\/schema\/person\/dcab619c614d3038751c63bc2aadc06d"},"breadcrumb":{"@id":"https:\/\/www.visit-ulcinj.com\/blog\/2008\/03\/18\/udsh-ja-perkrahje-vujanoviqit\/#breadcrumb"},"inLanguage":"en-US","potentialAction":[{"@type":"ReadAction","target":["https:\/\/www.visit-ulcinj.com\/blog\/2008\/03\/18\/udsh-ja-perkrahje-vujanoviqit\/"]}]},{"@type":"BreadcrumbList","@id":"https:\/\/www.visit-ulcinj.com\/blog\/2008\/03\/18\/udsh-ja-perkrahje-vujanoviqit\/#breadcrumb","itemListElement":[{"@type":"ListItem","position":1,"name":"UDSH-ja P\u00ebrkrahje Vujanoviqit"}]},{"@type":"Person","@id":"https:\/\/www.visit-ulcinj.com\/blog\/#\/schema\/person\/dcab619c614d3038751c63bc2aadc06d","name":"ulqini","sameAs":["http:\/\/www.visit-ulcinj.com"],"url":"https:\/\/www.visit-ulcinj.com\/blog\/author\/admin\/"}]}},"jetpack_featured_media_url":"","jetpack_sharing_enabled":true,"jetpack_shortlink":"https:\/\/wp.me\/pe6lTn-ff","_links":{"self":[{"href":"https:\/\/www.visit-ulcinj.com\/blog\/wp-json\/wp\/v2\/posts\/945"}],"collection":[{"href":"https:\/\/www.visit-ulcinj.com\/blog\/wp-json\/wp\/v2\/posts"}],"about":[{"href":"https:\/\/www.visit-ulcinj.com\/blog\/wp-json\/wp\/v2\/types\/post"}],"author":[{"embeddable":true,"href":"https:\/\/www.visit-ulcinj.com\/blog\/wp-json\/wp\/v2\/users\/1"}],"replies":[{"embeddable":true,"href":"https:\/\/www.visit-ulcinj.com\/blog\/wp-json\/wp\/v2\/comments?post=945"}],"version-history":[{"count":0,"href":"https:\/\/www.visit-ulcinj.com\/blog\/wp-json\/wp\/v2\/posts\/945\/revisions"}],"wp:attachment":[{"href":"https:\/\/www.visit-ulcinj.com\/blog\/wp-json\/wp\/v2\/media?parent=945"}],"wp:term":[{"taxonomy":"category","embeddable":true,"href":"https:\/\/www.visit-ulcinj.com\/blog\/wp-json\/wp\/v2\/categories?post=945"},{"taxonomy":"post_tag","embeddable":true,"href":"https:\/\/www.visit-ulcinj.com\/blog\/wp-json\/wp\/v2\/tags?post=945"}],"curies":[{"name":"wp","href":"https:\/\/api.w.org\/{rel}","templated":true}]}}