{"id":94501,"date":"2016-02-11T22:32:14","date_gmt":"2016-02-11T21:32:14","guid":{"rendered":"http:\/\/www.visit-ulcinj.com\/blog\/?p=94501"},"modified":"2016-02-11T22:32:14","modified_gmt":"2016-02-11T21:32:14","slug":"tryeze-e-rrumbullaket-pozita-e-femrave-ne-procesin-e-vendimmarrjes-pozita-e-saj-sot-dhe-problematikat","status":"publish","type":"post","link":"https:\/\/www.visit-ulcinj.com\/blog\/2016\/02\/11\/tryeze-e-rrumbullaket-pozita-e-femrave-ne-procesin-e-vendimmarrjes-pozita-e-saj-sot-dhe-problematikat\/","title":{"rendered":"Tryez\u00eb e Rrumbullak\u00ebt: Pozita  e femrave n\u00eb procesin e vendimmarrjes, pozita e saj sot dhe problematikat"},"content":{"rendered":"<p style=\"text-align: center;\"><strong><a href=\"http:\/\/www.visit-ulcinj.com\/blog\/wp-content\/uploads\/2011\/05\/OJQ-ja-SOS-telefoni_Organizon-trajnim-treditor.2_picnik.jpg\"><img loading=\"lazy\" class=\"alignleft wp-image-46447\" src=\"http:\/\/www.visit-ulcinj.com\/blog\/wp-content\/uploads\/2011\/05\/OJQ-ja-SOS-telefoni_Organizon-trajnim-treditor.2_picnik.jpg\" alt=\"OJQ-ja SOS telefoni_Organizon trajnim treditor.2_picnik\" width=\"508\" height=\"381\" srcset=\"https:\/\/www.visit-ulcinj.com\/blog\/wp-content\/uploads\/2011\/05\/OJQ-ja-SOS-telefoni_Organizon-trajnim-treditor.2_picnik.jpg 991w, https:\/\/www.visit-ulcinj.com\/blog\/wp-content\/uploads\/2011\/05\/OJQ-ja-SOS-telefoni_Organizon-trajnim-treditor.2_picnik-300x224.jpg 300w\" sizes=\"(max-width: 508px) 100vw, 508px\" \/><\/a>\u00a0\u00a0\u00a0\u00a0\u00a0\u00a0\u00a0\u00a0\u00a0\u00a0 \u00a0\u00a0\u00a0\u00a0\u00a0\u00a0\u00a0\u00a0\u00a0\u00a0\u00a0\u00a0\u00a0\u00a0\u00a0\u00a0\u00a0\u00a0\u00a0\u00a0\u00a0\u00a0\u00a0\u00a0\u00a0\u00a0\u00a0\u00a0\u00a0\u00a0F T E S\u00cb<\/strong><\/p>\n<p>&nbsp;<\/p>\n<p>Ju ftojm\u00eb t\u00eb merrni pjes\u00eb n\u00eb tryez\u00ebn e rrumbullak\u00ebt me tem\u00eb <strong>:&#8221; <\/strong><strong>\u00a0Femra, dora, q\u00eb tund ardhmerin\u00eb e nj\u00eb populli, pozita e saj sot dhe problematikat, qe kerkojn\u00eb zgjidhje<\/strong>.&#8221; t\u00eb organizuar nga Fondacioni <strong>\u201cNermin Vlora Falaschi<\/strong>\u201d n\u00eb koordinim me deg\u00ebn n\u00eb Ulqin.<\/p>\n<p><strong>Tryeza mbahet dit\u00ebn e shtun\u00eb me 13 shkurt n\u00eb ora 18:00 n\u00eb hap\u00ebsirat e shkoll\u00ebs s\u00eb muzik\u00ebs n\u00eb Ulqin.<\/strong><\/p>\n<p>Ky takim mbahet me rastin e 10 vjetorit te mbajtjes se Kuvendit te par\u00eb n\u00eb Ulqin<\/p>\n<p>Marrin pjes\u00eb figura t\u00eb ndritura t\u00eb kombit shqiptar si:Zenepe Luka,Margarita Xhepa,Tinka Kurti,Irini Qirjako,Tefta Radi,Vllasova Musta,Vitore Sallaku Migena Arllati nga Gjakova .Do t\u00eb ket\u00eb edhe t\u00eb ftuara nga Presheva dhe Maqedonia.<\/p>\n<p>Dr Zylfije Duraku- kryetar\u00ebs s\u00eb deg\u00ebs.\u201d<strong> Nermin Vlora Falaschi\u201d<\/strong> n\u00eb Ulqin do ti ndahet medalja nga kryetarja e Fondacionit Zenepe Luka \u00a0&#8220;<strong>Nderi i Fondacionit&#8221;, <\/strong>q\u00eb deri tani e ka marr\u00eb vet\u00ebm Margarita Xhepa, artiste e popullit.<\/p>\n<p>Referatin me tem\u00ebn \u201c<strong>Femra, dora, qe tund ardhmerine e nje populli, pozita e saj sot dhe problematikat, qe kerkojne zgjidhje<\/strong>.&#8221;do t\u00eb ligj\u00ebroi <strong>Hatixhe Nelaj<\/strong> an\u00ebtare e kryesis\u00eb s\u00eb Fondacionit n\u00eb fjal\u00eb<\/p>\n<p>Tryeza mbahet dit\u00ebn e shtun\u00eb me 13 shkurt n\u00eb ora 18:00 n\u00eb hap\u00ebsirat e shkoll\u00ebs s\u00eb muzik\u00ebs n\u00eb Ulqin.<\/p>\n<p>Pjes\u00ebmarrja juaj na nderon.<\/p>\n<p>&nbsp;<\/p>\n<p>K\u00ebshilli organizativ<\/p>\n","protected":false},"excerpt":{"rendered":"<p>\u00a0\u00a0\u00a0\u00a0\u00a0\u00a0\u00a0\u00a0\u00a0\u00a0 \u00a0\u00a0\u00a0\u00a0\u00a0\u00a0\u00a0\u00a0\u00a0\u00a0\u00a0\u00a0\u00a0\u00a0\u00a0\u00a0\u00a0\u00a0\u00a0\u00a0\u00a0\u00a0\u00a0\u00a0\u00a0\u00a0\u00a0\u00a0\u00a0\u00a0F T E S\u00cb &nbsp; Ju ftojm\u00eb t\u00eb merrni pjes\u00eb n\u00eb tryez\u00ebn e rrumbullak\u00ebt me tem\u00eb :&#8221; \u00a0Femra, dora, q\u00eb tund ardhmerin\u00eb e nj\u00eb populli, pozita e saj sot dhe problematikat, qe kerkojn\u00eb zgjidhje.&#8221; t\u00eb organizuar nga Fondacioni \u201cNermin Vlora Falaschi\u201d n\u00eb koordinim me deg\u00ebn n\u00eb Ulqin. Tryeza mbahet dit\u00ebn e shtun\u00eb me 13 [&hellip;]<\/p>\n","protected":false},"author":1,"featured_media":0,"comment_status":"closed","ping_status":"closed","sticky":false,"template":"","format":"standard","meta":{"spay_email":"","jetpack_publicize_message":"","jetpack_is_tweetstorm":false,"jetpack_publicize_feature_enabled":true},"categories":[12],"tags":[],"jetpack_publicize_connections":[],"yoast_head":"<!-- This site is optimized with the Yoast SEO plugin v19.1 - https:\/\/yoast.com\/wordpress\/plugins\/seo\/ -->\n<title>Tryez\u00eb e Rrumbullak\u00ebt: Pozita e femrave n\u00eb procesin e vendimmarrjes, pozita e saj sot dhe problematikat - Lajme nga Ulqini<\/title>\n<meta name=\"description\" content=\"\u00a0\u00a0\u00a0\u00a0\u00a0\u00a0\u00a0\u00a0\u00a0\u00a0 \u00a0\u00a0\u00a0\u00a0\u00a0\u00a0\u00a0\u00a0\u00a0\u00a0\u00a0\u00a0\u00a0\u00a0\u00a0\u00a0\u00a0\u00a0\u00a0\u00a0\u00a0\u00a0\u00a0\u00a0\u00a0\u00a0\u00a0\u00a0\u00a0\u00a0F T E S\u00cb &nbsp; Ju ftojm\u00eb t\u00eb merrni pjes\u00eb n\u00eb tryez\u00ebn e rrumbullak\u00ebt me tem\u00eb :&quot; \u00a0Femra, dora, q\u00eb tund ardhmerin\u00eb e\" \/>\n<meta name=\"robots\" content=\"index, follow, max-snippet:-1, max-image-preview:large, max-video-preview:-1\" \/>\n<link rel=\"canonical\" href=\"https:\/\/www.visit-ulcinj.com\/blog\/2016\/02\/11\/tryeze-e-rrumbullaket-pozita-e-femrave-ne-procesin-e-vendimmarrjes-pozita-e-saj-sot-dhe-problematikat\/\" \/>\n<meta property=\"og:locale\" content=\"en_US\" \/>\n<meta property=\"og:type\" content=\"article\" \/>\n<meta property=\"og:title\" content=\"Tryez\u00eb e Rrumbullak\u00ebt: Pozita e femrave n\u00eb procesin e vendimmarrjes, pozita e saj sot dhe problematikat - Lajme nga Ulqini\" \/>\n<meta property=\"og:description\" content=\"\u00a0\u00a0\u00a0\u00a0\u00a0\u00a0\u00a0\u00a0\u00a0\u00a0 \u00a0\u00a0\u00a0\u00a0\u00a0\u00a0\u00a0\u00a0\u00a0\u00a0\u00a0\u00a0\u00a0\u00a0\u00a0\u00a0\u00a0\u00a0\u00a0\u00a0\u00a0\u00a0\u00a0\u00a0\u00a0\u00a0\u00a0\u00a0\u00a0\u00a0F T E S\u00cb &nbsp; Ju ftojm\u00eb t\u00eb merrni pjes\u00eb n\u00eb tryez\u00ebn e rrumbullak\u00ebt me tem\u00eb :&quot; \u00a0Femra, dora, q\u00eb tund ardhmerin\u00eb e\" \/>\n<meta property=\"og:url\" content=\"https:\/\/www.visit-ulcinj.com\/blog\/2016\/02\/11\/tryeze-e-rrumbullaket-pozita-e-femrave-ne-procesin-e-vendimmarrjes-pozita-e-saj-sot-dhe-problematikat\/\" \/>\n<meta property=\"og:site_name\" content=\"Lajme nga Ulqini\" \/>\n<meta property=\"article:published_time\" content=\"2016-02-11T21:32:14+00:00\" \/>\n<meta property=\"og:image\" content=\"http:\/\/www.visit-ulcinj.com\/blog\/wp-content\/uploads\/2011\/05\/OJQ-ja-SOS-telefoni_Organizon-trajnim-treditor.2_picnik.jpg\" \/>\n<meta name=\"twitter:label1\" content=\"Written by\" \/>\n\t<meta name=\"twitter:data1\" content=\"ulqini\" \/>\n\t<meta name=\"twitter:label2\" content=\"Est. reading time\" \/>\n\t<meta name=\"twitter:data2\" content=\"1 minute\" \/>\n<script type=\"application\/ld+json\" class=\"yoast-schema-graph\">{\"@context\":\"https:\/\/schema.org\",\"@graph\":[{\"@type\":\"WebSite\",\"@id\":\"https:\/\/www.visit-ulcinj.com\/blog\/#website\",\"url\":\"https:\/\/www.visit-ulcinj.com\/blog\/\",\"name\":\"Lajme nga Ulqini\",\"description\":\"Lajme,Vijesti,Ulqini,Ulqin,Crna Gora,Mali i Zi\",\"potentialAction\":[{\"@type\":\"SearchAction\",\"target\":{\"@type\":\"EntryPoint\",\"urlTemplate\":\"https:\/\/www.visit-ulcinj.com\/blog\/?s={search_term_string}\"},\"query-input\":\"required name=search_term_string\"}],\"inLanguage\":\"en-US\"},{\"@type\":\"ImageObject\",\"inLanguage\":\"en-US\",\"@id\":\"https:\/\/www.visit-ulcinj.com\/blog\/2016\/02\/11\/tryeze-e-rrumbullaket-pozita-e-femrave-ne-procesin-e-vendimmarrjes-pozita-e-saj-sot-dhe-problematikat\/#primaryimage\",\"url\":\"https:\/\/www.visit-ulcinj.com\/blog\/wp-content\/uploads\/2011\/05\/OJQ-ja-SOS-telefoni_Organizon-trajnim-treditor.2_picnik.jpg\",\"contentUrl\":\"https:\/\/www.visit-ulcinj.com\/blog\/wp-content\/uploads\/2011\/05\/OJQ-ja-SOS-telefoni_Organizon-trajnim-treditor.2_picnik.jpg\",\"width\":\"991\",\"height\":\"743\"},{\"@type\":\"WebPage\",\"@id\":\"https:\/\/www.visit-ulcinj.com\/blog\/2016\/02\/11\/tryeze-e-rrumbullaket-pozita-e-femrave-ne-procesin-e-vendimmarrjes-pozita-e-saj-sot-dhe-problematikat\/#webpage\",\"url\":\"https:\/\/www.visit-ulcinj.com\/blog\/2016\/02\/11\/tryeze-e-rrumbullaket-pozita-e-femrave-ne-procesin-e-vendimmarrjes-pozita-e-saj-sot-dhe-problematikat\/\",\"name\":\"Tryez\u00eb e Rrumbullak\u00ebt: Pozita e femrave n\u00eb procesin e vendimmarrjes, pozita e saj sot dhe problematikat - Lajme nga Ulqini\",\"isPartOf\":{\"@id\":\"https:\/\/www.visit-ulcinj.com\/blog\/#website\"},\"primaryImageOfPage\":{\"@id\":\"https:\/\/www.visit-ulcinj.com\/blog\/2016\/02\/11\/tryeze-e-rrumbullaket-pozita-e-femrave-ne-procesin-e-vendimmarrjes-pozita-e-saj-sot-dhe-problematikat\/#primaryimage\"},\"datePublished\":\"2016-02-11T21:32:14+00:00\",\"dateModified\":\"2016-02-11T21:32:14+00:00\",\"author\":{\"@id\":\"https:\/\/www.visit-ulcinj.com\/blog\/#\/schema\/person\/dcab619c614d3038751c63bc2aadc06d\"},\"description\":\"\u00a0\u00a0\u00a0\u00a0\u00a0\u00a0\u00a0\u00a0\u00a0\u00a0 \u00a0\u00a0\u00a0\u00a0\u00a0\u00a0\u00a0\u00a0\u00a0\u00a0\u00a0\u00a0\u00a0\u00a0\u00a0\u00a0\u00a0\u00a0\u00a0\u00a0\u00a0\u00a0\u00a0\u00a0\u00a0\u00a0\u00a0\u00a0\u00a0\u00a0F T E S\u00cb &nbsp; Ju ftojm\u00eb t\u00eb merrni pjes\u00eb n\u00eb tryez\u00ebn e rrumbullak\u00ebt me tem\u00eb :\\\" \u00a0Femra, dora, q\u00eb tund ardhmerin\u00eb e\",\"breadcrumb\":{\"@id\":\"https:\/\/www.visit-ulcinj.com\/blog\/2016\/02\/11\/tryeze-e-rrumbullaket-pozita-e-femrave-ne-procesin-e-vendimmarrjes-pozita-e-saj-sot-dhe-problematikat\/#breadcrumb\"},\"inLanguage\":\"en-US\",\"potentialAction\":[{\"@type\":\"ReadAction\",\"target\":[\"https:\/\/www.visit-ulcinj.com\/blog\/2016\/02\/11\/tryeze-e-rrumbullaket-pozita-e-femrave-ne-procesin-e-vendimmarrjes-pozita-e-saj-sot-dhe-problematikat\/\"]}]},{\"@type\":\"BreadcrumbList\",\"@id\":\"https:\/\/www.visit-ulcinj.com\/blog\/2016\/02\/11\/tryeze-e-rrumbullaket-pozita-e-femrave-ne-procesin-e-vendimmarrjes-pozita-e-saj-sot-dhe-problematikat\/#breadcrumb\",\"itemListElement\":[{\"@type\":\"ListItem\",\"position\":1,\"name\":\"Tryez\u00eb e Rrumbullak\u00ebt: Pozita e femrave n\u00eb procesin e vendimmarrjes, pozita e saj sot dhe problematikat\"}]},{\"@type\":\"Person\",\"@id\":\"https:\/\/www.visit-ulcinj.com\/blog\/#\/schema\/person\/dcab619c614d3038751c63bc2aadc06d\",\"name\":\"ulqini\",\"sameAs\":[\"http:\/\/www.visit-ulcinj.com\"],\"url\":\"https:\/\/www.visit-ulcinj.com\/blog\/author\/admin\/\"}]}<\/script>\n<!-- \/ Yoast SEO plugin. -->","yoast_head_json":{"title":"Tryez\u00eb e Rrumbullak\u00ebt: Pozita e femrave n\u00eb procesin e vendimmarrjes, pozita e saj sot dhe problematikat - Lajme nga Ulqini","description":"\u00a0\u00a0\u00a0\u00a0\u00a0\u00a0\u00a0\u00a0\u00a0\u00a0 \u00a0\u00a0\u00a0\u00a0\u00a0\u00a0\u00a0\u00a0\u00a0\u00a0\u00a0\u00a0\u00a0\u00a0\u00a0\u00a0\u00a0\u00a0\u00a0\u00a0\u00a0\u00a0\u00a0\u00a0\u00a0\u00a0\u00a0\u00a0\u00a0\u00a0F T E S\u00cb &nbsp; Ju ftojm\u00eb t\u00eb merrni pjes\u00eb n\u00eb tryez\u00ebn e rrumbullak\u00ebt me tem\u00eb :\" \u00a0Femra, dora, q\u00eb tund ardhmerin\u00eb e","robots":{"index":"index","follow":"follow","max-snippet":"max-snippet:-1","max-image-preview":"max-image-preview:large","max-video-preview":"max-video-preview:-1"},"canonical":"https:\/\/www.visit-ulcinj.com\/blog\/2016\/02\/11\/tryeze-e-rrumbullaket-pozita-e-femrave-ne-procesin-e-vendimmarrjes-pozita-e-saj-sot-dhe-problematikat\/","og_locale":"en_US","og_type":"article","og_title":"Tryez\u00eb e Rrumbullak\u00ebt: Pozita e femrave n\u00eb procesin e vendimmarrjes, pozita e saj sot dhe problematikat - Lajme nga Ulqini","og_description":"\u00a0\u00a0\u00a0\u00a0\u00a0\u00a0\u00a0\u00a0\u00a0\u00a0 \u00a0\u00a0\u00a0\u00a0\u00a0\u00a0\u00a0\u00a0\u00a0\u00a0\u00a0\u00a0\u00a0\u00a0\u00a0\u00a0\u00a0\u00a0\u00a0\u00a0\u00a0\u00a0\u00a0\u00a0\u00a0\u00a0\u00a0\u00a0\u00a0\u00a0F T E S\u00cb &nbsp; Ju ftojm\u00eb t\u00eb merrni pjes\u00eb n\u00eb tryez\u00ebn e rrumbullak\u00ebt me tem\u00eb :\" \u00a0Femra, dora, q\u00eb tund ardhmerin\u00eb e","og_url":"https:\/\/www.visit-ulcinj.com\/blog\/2016\/02\/11\/tryeze-e-rrumbullaket-pozita-e-femrave-ne-procesin-e-vendimmarrjes-pozita-e-saj-sot-dhe-problematikat\/","og_site_name":"Lajme nga Ulqini","article_published_time":"2016-02-11T21:32:14+00:00","og_image":[{"url":"http:\/\/www.visit-ulcinj.com\/blog\/wp-content\/uploads\/2011\/05\/OJQ-ja-SOS-telefoni_Organizon-trajnim-treditor.2_picnik.jpg"}],"twitter_misc":{"Written by":"ulqini","Est. reading time":"1 minute"},"schema":{"@context":"https:\/\/schema.org","@graph":[{"@type":"WebSite","@id":"https:\/\/www.visit-ulcinj.com\/blog\/#website","url":"https:\/\/www.visit-ulcinj.com\/blog\/","name":"Lajme nga Ulqini","description":"Lajme,Vijesti,Ulqini,Ulqin,Crna Gora,Mali i Zi","potentialAction":[{"@type":"SearchAction","target":{"@type":"EntryPoint","urlTemplate":"https:\/\/www.visit-ulcinj.com\/blog\/?s={search_term_string}"},"query-input":"required name=search_term_string"}],"inLanguage":"en-US"},{"@type":"ImageObject","inLanguage":"en-US","@id":"https:\/\/www.visit-ulcinj.com\/blog\/2016\/02\/11\/tryeze-e-rrumbullaket-pozita-e-femrave-ne-procesin-e-vendimmarrjes-pozita-e-saj-sot-dhe-problematikat\/#primaryimage","url":"https:\/\/www.visit-ulcinj.com\/blog\/wp-content\/uploads\/2011\/05\/OJQ-ja-SOS-telefoni_Organizon-trajnim-treditor.2_picnik.jpg","contentUrl":"https:\/\/www.visit-ulcinj.com\/blog\/wp-content\/uploads\/2011\/05\/OJQ-ja-SOS-telefoni_Organizon-trajnim-treditor.2_picnik.jpg","width":"991","height":"743"},{"@type":"WebPage","@id":"https:\/\/www.visit-ulcinj.com\/blog\/2016\/02\/11\/tryeze-e-rrumbullaket-pozita-e-femrave-ne-procesin-e-vendimmarrjes-pozita-e-saj-sot-dhe-problematikat\/#webpage","url":"https:\/\/www.visit-ulcinj.com\/blog\/2016\/02\/11\/tryeze-e-rrumbullaket-pozita-e-femrave-ne-procesin-e-vendimmarrjes-pozita-e-saj-sot-dhe-problematikat\/","name":"Tryez\u00eb e Rrumbullak\u00ebt: Pozita e femrave n\u00eb procesin e vendimmarrjes, pozita e saj sot dhe problematikat - Lajme nga Ulqini","isPartOf":{"@id":"https:\/\/www.visit-ulcinj.com\/blog\/#website"},"primaryImageOfPage":{"@id":"https:\/\/www.visit-ulcinj.com\/blog\/2016\/02\/11\/tryeze-e-rrumbullaket-pozita-e-femrave-ne-procesin-e-vendimmarrjes-pozita-e-saj-sot-dhe-problematikat\/#primaryimage"},"datePublished":"2016-02-11T21:32:14+00:00","dateModified":"2016-02-11T21:32:14+00:00","author":{"@id":"https:\/\/www.visit-ulcinj.com\/blog\/#\/schema\/person\/dcab619c614d3038751c63bc2aadc06d"},"description":"\u00a0\u00a0\u00a0\u00a0\u00a0\u00a0\u00a0\u00a0\u00a0\u00a0 \u00a0\u00a0\u00a0\u00a0\u00a0\u00a0\u00a0\u00a0\u00a0\u00a0\u00a0\u00a0\u00a0\u00a0\u00a0\u00a0\u00a0\u00a0\u00a0\u00a0\u00a0\u00a0\u00a0\u00a0\u00a0\u00a0\u00a0\u00a0\u00a0\u00a0F T E S\u00cb &nbsp; Ju ftojm\u00eb t\u00eb merrni pjes\u00eb n\u00eb tryez\u00ebn e rrumbullak\u00ebt me tem\u00eb :\" \u00a0Femra, dora, q\u00eb tund ardhmerin\u00eb e","breadcrumb":{"@id":"https:\/\/www.visit-ulcinj.com\/blog\/2016\/02\/11\/tryeze-e-rrumbullaket-pozita-e-femrave-ne-procesin-e-vendimmarrjes-pozita-e-saj-sot-dhe-problematikat\/#breadcrumb"},"inLanguage":"en-US","potentialAction":[{"@type":"ReadAction","target":["https:\/\/www.visit-ulcinj.com\/blog\/2016\/02\/11\/tryeze-e-rrumbullaket-pozita-e-femrave-ne-procesin-e-vendimmarrjes-pozita-e-saj-sot-dhe-problematikat\/"]}]},{"@type":"BreadcrumbList","@id":"https:\/\/www.visit-ulcinj.com\/blog\/2016\/02\/11\/tryeze-e-rrumbullaket-pozita-e-femrave-ne-procesin-e-vendimmarrjes-pozita-e-saj-sot-dhe-problematikat\/#breadcrumb","itemListElement":[{"@type":"ListItem","position":1,"name":"Tryez\u00eb e Rrumbullak\u00ebt: Pozita e femrave n\u00eb procesin e vendimmarrjes, pozita e saj sot dhe problematikat"}]},{"@type":"Person","@id":"https:\/\/www.visit-ulcinj.com\/blog\/#\/schema\/person\/dcab619c614d3038751c63bc2aadc06d","name":"ulqini","sameAs":["http:\/\/www.visit-ulcinj.com"],"url":"https:\/\/www.visit-ulcinj.com\/blog\/author\/admin\/"}]}},"jetpack_featured_media_url":"","jetpack_sharing_enabled":true,"jetpack_shortlink":"https:\/\/wp.me\/pe6lTn-oAd","_links":{"self":[{"href":"https:\/\/www.visit-ulcinj.com\/blog\/wp-json\/wp\/v2\/posts\/94501"}],"collection":[{"href":"https:\/\/www.visit-ulcinj.com\/blog\/wp-json\/wp\/v2\/posts"}],"about":[{"href":"https:\/\/www.visit-ulcinj.com\/blog\/wp-json\/wp\/v2\/types\/post"}],"author":[{"embeddable":true,"href":"https:\/\/www.visit-ulcinj.com\/blog\/wp-json\/wp\/v2\/users\/1"}],"replies":[{"embeddable":true,"href":"https:\/\/www.visit-ulcinj.com\/blog\/wp-json\/wp\/v2\/comments?post=94501"}],"version-history":[{"count":1,"href":"https:\/\/www.visit-ulcinj.com\/blog\/wp-json\/wp\/v2\/posts\/94501\/revisions"}],"predecessor-version":[{"id":94502,"href":"https:\/\/www.visit-ulcinj.com\/blog\/wp-json\/wp\/v2\/posts\/94501\/revisions\/94502"}],"wp:attachment":[{"href":"https:\/\/www.visit-ulcinj.com\/blog\/wp-json\/wp\/v2\/media?parent=94501"}],"wp:term":[{"taxonomy":"category","embeddable":true,"href":"https:\/\/www.visit-ulcinj.com\/blog\/wp-json\/wp\/v2\/categories?post=94501"},{"taxonomy":"post_tag","embeddable":true,"href":"https:\/\/www.visit-ulcinj.com\/blog\/wp-json\/wp\/v2\/tags?post=94501"}],"curies":[{"name":"wp","href":"https:\/\/api.w.org\/{rel}","templated":true}]}}