{"id":94503,"date":"2016-02-11T22:56:59","date_gmt":"2016-02-11T21:56:59","guid":{"rendered":"http:\/\/www.visit-ulcinj.com\/blog\/?p=94503"},"modified":"2016-02-17T16:28:25","modified_gmt":"2016-02-17T15:28:25","slug":"dr-zylfie-gjoni-duraku-nje-intelektuale-model","status":"publish","type":"post","link":"https:\/\/www.visit-ulcinj.com\/blog\/2016\/02\/11\/dr-zylfie-gjoni-duraku-nje-intelektuale-model\/","title":{"rendered":"Dr.Zylfie Gjoni Duraku nj\u00eb intelektuale model &#8211; Video"},"content":{"rendered":"<p><a href=\"http:\/\/www.visit-ulcinj.com\/blog\/wp-content\/uploads\/2016\/02\/Zylfie-Gjoni-Duraku.jpg\"><img loading=\"lazy\" class=\"alignleft wp-image-94504\" src=\"http:\/\/www.visit-ulcinj.com\/blog\/wp-content\/uploads\/2016\/02\/Zylfie-Gjoni-Duraku.jpg\" alt=\"Zylfie Gjoni Duraku\" width=\"508\" height=\"705\" srcset=\"https:\/\/www.visit-ulcinj.com\/blog\/wp-content\/uploads\/2016\/02\/Zylfie-Gjoni-Duraku.jpg 624w, https:\/\/www.visit-ulcinj.com\/blog\/wp-content\/uploads\/2016\/02\/Zylfie-Gjoni-Duraku-216x300.jpg 216w\" sizes=\"(max-width: 508px) 100vw, 508px\" \/><\/a>Nga Zenepe Luka \u2013<\/p>\n<p>N\u00ebnt\u00eb shkurt ishte dita e 60-vjetorit t\u00eb lindjes s\u00eb Dr.Zylfie Gjoni Duraku nga Ulqini. Ajo \u00ebsht\u00eb gjinekologia e par\u00eb shqiptare n\u00eb Malin e Zi. \u00cbsht\u00eb intelektualja\u00a0 model, q\u00eb me p\u00ebrgjegj\u00ebsin\u00eb e kryetares s\u00eb deg\u00ebs s\u00eb fondacionit \u201cNermin Vlora Falaschi\u201d,\u00a0 me aktivitetet madhore e shkencore, jo vet\u00ebm ka gjall\u00ebruar jet\u00ebn e gruas, por ka ditur t\u00eb nd\u00ebrtoj\u00eb urat e bashk\u00ebpunimit me organizatat e grave t\u00eb etnive t\u00eb ndryshme, q\u00eb jetojn\u00eb n\u00eb Malin e Zi.<\/p>\n<p>Pasi kreu studimet n\u00eb Fakultetin e Mjek\u00ebsis\u00eb n\u00eb Prishtin\u00eb, u specializua p\u00ebr gjinekologji n\u00eb Novi Sad. Sot ajo \u00ebsht\u00eb udh\u00ebheq\u00ebse n\u00eb Maternitetin e Ulqinit dhe punon n\u00eb dispozicion t\u00eb grave n\u00eb Sht\u00ebpin\u00eb e Sh\u00ebndetit. \u00cbsht\u00eb mjekja e par\u00eb e An\u00ebs s\u00eb Malit dhe gjinekologia e par\u00eb shqiptare n\u00eb Malin e Zi. Ka qen\u00eb vet\u00ebm guximi dhe d\u00ebshira e saj p\u00ebr t\u2019i sh\u00ebrbyer gruas shqiptare, q\u00eb arriti t\u00eb p\u00ebrballoj\u00eb v\u00ebshtir\u00ebsit\u00eb p\u00ebr t\u00eb p\u00ebrfunduar studimet dhe specializimin, p\u00ebr gjinekologji, duke qen\u00eb edhe n\u00ebn\u00eb e kat\u00ebr f\u00ebmij\u00ebve t\u00eb vegj\u00ebl. Me kontributin e ve\u00e7ant\u00eb t\u00eb saj n\u00eb vitin 1999 realizoi \u00ebndrr\u00ebn e gruas shqiptare, p\u00ebr t\u00eb pasur sh\u00ebrbimin mjek\u00ebsor, q\u00eb do ta g\u00ebzojn\u00eb gjeneratat. Gjinekologia \u00ebsht\u00eb shum\u00eb e p\u00ebrkushtuar edhe n\u00eb ligj\u00ebratat q\u00eb jep p\u00ebr mas\u00ebn e grave, p\u00ebr t\u00eb parandaluar kancerin e gjirit dhe t\u00eb mitr\u00ebs. Zylfie Gjoni \u00ebsht\u00eb edhe nj\u00eb veprimtare e shquar\u00a0 e\u00a0 shoq\u00ebris\u00eb civile, q\u00eb ka dh\u00ebn\u00eb e jep kontribute, duke\u00a0 u ve\u00e7uar si grua patriote e humane.<\/p>\n<p>N\u00eb n\u00ebntor t\u00eb vitit 1994, formoi shoqat\u00ebn e par\u00eb t\u00eb grave shqiptare n\u00eb Malin e Zi, \u201cANIMA\u201d , duke bashk\u00ebpunuar ngusht\u00eb edhe me shoqatat e grave n\u00eb Kosov\u00eb, p\u00ebr bashkimin e z\u00ebrit t\u00eb gruas intelektuale shqiptare p\u00ebr Pavar\u00ebsin\u00eb e Kosov\u00ebs dhe n\u00eb interes t\u00eb Kombit. Gruaja shqiptare e inkuadruar n\u00eb k\u00ebt\u00eb shoqat\u00eb, ka dh\u00ebn\u00eb nj\u00eb kontribut t\u00eb vyer n\u00eb p\u00ebrkrahjen e gruas s\u00eb Kosov\u00ebs gjat\u00eb periudh\u00ebs s\u00eb luft\u00ebs, sikurse ishin protestat p\u00ebr nxjerrjen nga burgu t\u00eb Flora Brovin\u00ebs. Si p\u00ebrfaq\u00ebsuese e k\u00ebsaj shoqate, n\u00eb em\u00ebr t\u00eb gruas intelektuale shqiptare n\u00eb Malin e Zi. Pas nj\u00eb takimi n\u00eb Kongresin Amerikan, n\u00eb takime me grat\u00eb n\u00eb Filadelfia, ka k\u00ebrkuar respektimin e t\u00eb drejtave t\u00eb grave n\u00eb Kosov\u00eb. K\u00ebshtu ka vepruar edhe n\u00eb Lond\u00ebr e shtete t\u00eb tjera. Gjat\u00eb periudh\u00ebs s\u00eb luft\u00ebs n\u00eb Kosov\u00eb, nd\u00ebrpreu specializimin n\u00eb Novi Sad dhe punoi si mjeke vullnetare pran\u00eb shtabit t\u00eb emergjenc\u00ebs. Kontribut\u00a0 ka dh\u00ebn\u00eb n\u00eb Ulqin p\u00ebr strehimin e refugjat\u00ebve, mbledhjen e ndihmave n\u00eb bashk\u00ebpunim me shoqat\u00ebn \u201cN\u00ebn\u00eb Tereza\u201d n\u00eb Nuremberg \u2013Gjermani me kryetar, ku kryetar z.Halil Gjevukaj nga Rugov\u00eb e Pej\u00ebs, nj\u00eb aktivist i palodhur. Nj\u00eb pjes\u00eb e ndihmave jan\u00eb d\u00ebrguar n\u00eb Sk\u00ebnderaj, p\u00ebrpara se t\u00eb n\u00ebnshkruhej marr\u00ebveshja. Ishte ky kontribut i k\u00ebsaj intelektualeje, q\u00eb me t\u00eb drejt\u00eb u b\u00eb pjes\u00eb e fest\u00ebs s\u00eb shpalljes s\u00eb Pavar\u00ebsis\u00eb s\u00eb Kosov\u00ebs dhe m\u00eb pas duke e p\u00ebrjet\u00ebsuar k\u00ebt\u00eb ngjarje historike. Me mbjelljen e ullirit, n\u00eb qytetin e vjet\u00ebr t\u00eb Sharsit n\u00eb An\u00eb e Malit, ku mor\u00ebn pjes\u00eb edhe 100 f\u00ebmij\u00eb jetim\u00eb nga Kosova si dhe personalitete t\u00eb Fondacionit\u00a0 si: Margarita Xhepa, Tinka Kurti etj..<\/p>\n<p><strong>10 vjet kryetare e deg\u00ebs s\u00eb Fondacionit\u00a0 n\u00eb Ulqin<\/strong><\/p>\n<p>Formimi i deg\u00ebs s\u00eb Fondacionit \u201cNermin Vlora Falaschi\u201d n\u00eb vitin 2005 n\u00eb Ulqin, pas nj\u00eb konference shkencore, q\u00eb u organizua me gruan shqiptare, ku mor\u00ebn pjes\u00eb edhe p\u00ebrfaq\u00ebsuese t\u00eb etnive t\u00eb tjera, Zylfie Duraku, si kryetare e deg\u00ebs, ka dh\u00ebn\u00eb e jep kontribut t\u00eb shquar, duke p\u00ebrfaq\u00ebsuar denj\u00ebsisht intelektualen shqiptare n\u00eb Malin e Zi. Plot 10 vite m\u00eb par\u00eb, n\u00eb Ulqin, u krijua dega e Fondacionit \u201cNermin Vlora Falaschi\u201d, q\u00eb organizoi edhe Kuvendin e par\u00eb t\u00eb Gruas s\u00eb shquar n\u00eb Malin e Zi. Aty mor\u00ebn personalitete t\u00eb fush\u00ebs s\u00eb artit e kultur\u00ebs, pjes\u00eb e fondacionit sikurse ishin \u201cArtistet e Popullit\u201d Violeta Manushi,Tinka Kurti, Margarita Xhepa etj..\u00a0\u00a0\u00a0\u00a0\u00a0\u00a0\u00a0\u00a0\u00a0\u00a0\u00a0\u00a0\u00a0\u00a0\u00a0\u00a0\u00a0 Ishte shembulli dhe personaliteti i Dr. Zylfije Gjoni \u2013 Duraku, q\u00eb detyroi intelektualen serben, gjat\u00eb diskutimit t\u00eb saj, t\u00eb p\u00ebrkulet me nderim p\u00ebrpara vlerave dhe kontributeve t\u00eb gruas shqiptare n\u00eb Malin e Zi. Ajo ka organizuar disa konferenca shkencore t\u00eb nivelit akademik dhe veprimtari me pjes\u00ebmarrje t\u00eb gjer\u00eb t\u00eb gruas nga Ana e Malit, Tuzi e Mal\u00ebsia.<\/p>\n<p>Sidoq\u00eb e ngarkuar me shoq\u00ebrin\u00eb civile, ashtu edhe me nj\u00eb profesion t\u00eb v\u00ebshtir\u00eb, familja ka qen\u00eb e mbetet gj\u00ebja m\u00eb e r\u00ebnd\u00ebsishme p\u00ebr t\u00eb. Ajo sot ndjehet e plot\u00ebsuar shpirt\u00ebrisht dhe emocionalisht, sepse ka nj\u00eb familje t\u00eb sh\u00ebndetshme intelektuale. Vajza, q\u00eb ka emrin Vlora, \u00ebsht\u00eb mjeke \u2013 pediatre, vajza e dyt\u00eb, Rrezarta, \u00ebsht\u00eb magjistre e telekomunikacionit, nd\u00ebrsa Linda, magjistre e farmacis\u00eb. Djali i vet\u00ebm, Artani, \u00ebsht\u00eb n\u00eb p\u00ebrfundim t\u00eb Fakultetit Juridik n\u00eb Vjen\u00eb.<\/p>\n<p><strong>Flasin p\u00ebr Dr. Zylfie Duraku-Gjoni.<\/strong><\/p>\n<p>Margarita Xhepa \u201cNderi i Kombit\u201d<\/p>\n<p>\u201cE konsideroj fat, q\u00eb jam pjes\u00eb e fondacionit \u201cNermin Vlora Falaschi\u201d, q\u00eb m\u00eb dha mund\u00ebsin\u00eb t\u00eb njoh nj\u00eb grua t\u00eb shquar shqiptare, ulqinake Dr.Zylfie Duraku Gjoni. Kemi ndjekur veprimtarit\u00eb, q\u00eb ka organizuar n\u00eb Ulqin, Ana e Malit, n\u00eb Tuz, por i kemi d\u00ebgjuar z\u00ebrin n\u00ebp\u00ebr Kuvendet, q\u00eb jan\u00eb organizuar n\u00eb shum\u00eb shtete. P\u00ebr ne, q\u00eb e njohim nga af\u00ebr, arrijm\u00eb n\u00eb p\u00ebrfundimin se \u00ebsht\u00eb zor t\u00eb gjesh nj\u00eb intelektuale shqiptare, q\u00eb i p\u00ebrkushtohet aq shum\u00eb \u00e7\u00ebshtjes komb\u00ebtare, nj\u00eb luft\u00ebtare t\u00eb flakt\u00eb n\u00eb mb\u00ebshtetje t\u00eb gruas. Mir\u00ebnjohje dhe urime p\u00ebr 60- vjetorin e lindjes.<\/p>\n<p><strong>Tinka Kurti, \u201cNderi i Kombit\u201d<\/strong><\/p>\n<p>\u201cE\u00a0 nderoj dhe respektoj shum\u00eb Dr.Zylfie Duraku-Gjoni, p\u00ebr vlerat q\u00eb mbart, p\u00ebr sakrific\u00ebn, q\u00eb di t\u2019i b\u00ebj\u00eb vet\u00ebm ajo, n\u00eb interes t\u00eb \u00e7\u00ebshtjes komb\u00ebtare. Nj\u00eb moment q\u00eb tregon vlerat e k\u00ebsaj gruaje intelektuale, \u00ebsht\u00eb kur shkuam t\u00eb formojm\u00eb deg\u00ebn e Fondacionit n\u00eb Ulqin n\u00eb vitin 2005. Takuam kryetarin e baskis\u00eb, z.G\u00ebzim Hajdinaga dhe i shtruam problemin, se kush mund ta drejtonte deg\u00ebn. Ai u shpreh: \u201cKemi nj\u00eb intelektuale t\u00eb zonj\u00ebn, q\u00eb vet\u00ebm ajo di ta b\u00ebj\u00eb, \u00ebsht\u00eb Dr.Zylfie Duraku. Pa\u00e7ka se ajo nuk m\u00eb ka votuar mua, por k\u00ebt\u00eb detyr\u00eb, vet\u00ebm ajo mund ta b\u00ebj\u00eb dhe do t\u00eb bindeni p\u00ebr k\u00ebt\u00eb\u201d. Ka dhjet\u00eb vjet q\u00eb drejton deg\u00ebn e fondacionit dhe me veprimtarit\u00eb cil\u00ebsore q\u00eb ka b\u00ebr\u00eb, u bind\u00ebm. Ajo \u00ebsht\u00eb nj\u00eb grua, q\u00eb mban gjall\u00eb patriotizmin dhe udh\u00ebheq mas\u00ebn e grave n\u00eb Malin e Zi\u201d.<\/p>\n<p><strong>Irini Qirjako, \u201cMjesht\u00ebr i Madh\u201d<\/strong><\/p>\n<p>\u201cDr.Zyli, 60 vje\u00e7? E pabesueshme. Ajo ve\u00e7 fluturon sa n\u00eb nj\u00eb shtet n\u00eb nj\u00eb tjet\u00ebr duke ngritur z\u00ebrin fort n\u00eb mbrojtje t\u00eb t\u00eb rejave t\u00eb grave. Grua patriote, q\u00eb rrall\u00eb e ndesh. N\u00ebse k\u00ebng\u00ebtari e shpreh me z\u00eb dashurin\u00eb p\u00ebr Shqip\u00ebrin\u00eb, Kombin, p\u00ebr gjith\u00e7ka q\u00eb ka t\u00eb b\u00ebj\u00eb me k\u00ebt\u00eb vend, Dr.Zylifie Durakut,i rreh zemra or\u00eb e \u00e7ast p\u00ebr Kombin e saj. \u00cbsht\u00eb modeli i gruas, q\u00eb jet\u00ebn e saj ia kushton Kombit t\u00eb vet\u201d.<\/p>\n<p>&nbsp;<\/p>\n<p><strong>Gazeta &#8220;Koha Jone&#8221;<\/strong><br \/>\n<iframe loading=\"lazy\" src=\"\/\/www.dailymotion.com\/embed\/video\/x3rt5hj?autoPlay=1\" width=\"508\" height=\"315\" frameborder=\"0\" allowfullscreen=\"allowfullscreen\"><\/iframe><\/p>\n<p><a href=\"http:\/\/www.visit-ulcinj.com\/blog\/wp-content\/uploads\/2016\/02\/Fondacioni-Nermin-Vlora-Falaschi-dega-ne-Ulqin.jpg\"><img loading=\"lazy\" class=\"alignleft wp-image-94643\" src=\"http:\/\/www.visit-ulcinj.com\/blog\/wp-content\/uploads\/2016\/02\/Fondacioni-Nermin-Vlora-Falaschi-dega-ne-Ulqin.jpg\" alt=\"Fondacioni Nermin Vlora Falaschi dega ne Ulqin\" width=\"508\" height=\"243\" srcset=\"https:\/\/www.visit-ulcinj.com\/blog\/wp-content\/uploads\/2016\/02\/Fondacioni-Nermin-Vlora-Falaschi-dega-ne-Ulqin.jpg 702w, https:\/\/www.visit-ulcinj.com\/blog\/wp-content\/uploads\/2016\/02\/Fondacioni-Nermin-Vlora-Falaschi-dega-ne-Ulqin-300x144.jpg 300w\" sizes=\"(max-width: 508px) 100vw, 508px\" \/><\/a><\/p>\n<h3 class=\"r\">Fondacioni Nermin Vlora Falaschi dega ne Ulqin me rastin e 10 vjetorit te mbajtjes se Kuvendit te par\u00eb t\u00eb gruas intelektuale shqiptare<\/h3>\n<p>N\u00eb Shkoll\u00ebn e muzik\u00ebs n\u00eb Ulqin u mbajt \u00a0mbr\u00ebmje festive e organizuar nga Fondacioni<strong> \u201cNermin Vlora Falaschi\u201d<\/strong>, n\u00eb koordinim me deg\u00ebn n\u00eb Ulqin, me rastin e 10 vjetorit te mbajtjes se Kuvendit te par\u00eb t\u00eb gruas intelektuale shqiptare.<\/p>\n<p>N\u00eb k\u00ebt\u00eb event mor\u00ebn pjes\u00eb emra t\u00eb shquara t\u00eb kombit shqiptar si<strong> Zenepe Luka, Margarita Xhepa,Tinka Kurti, Irini Qirjako, Tefta Radi, Migena Arllati, Vllasova Musta, Silvana Brace, Vitore Sallaku<\/strong> e shum\u00eb t\u00eb tjera.<\/p>\n<p>Zenepe Luka kryetarja e Fondacionit \u201cNermin Vlora Falaschi\u201d foli p\u00ebr rend\u00ebsin\u00eb e gruas shqiptare n\u00eb shoq\u00ebri.<\/p>\n<p>Kryetarja e deg\u00ebs n\u00eb Ulqin, dr. Zylfije Duraku gjat\u00eb 10 viteve t\u00eb pun\u00ebs ka dh\u00ebn\u00eb kontribut t\u00eb madh p\u00ebr fondacionin, por edhe ka luftuar p\u00ebr drejtat e grave gj\u00eb q\u00eb e ka d\u00ebshmuar n\u00eb shum\u00eb raste. An\u00ebtaret e fondacionit figurat e ndritura t\u00eb kombit shqiptar, pat\u00ebn vet\u00ebm fjal\u00eb lavd\u00ebrimi p\u00ebr doktoresh\u00ebn.<\/p>\n<p>\u201cFemra, dora, q\u00eb tund ardhmerin\u00eb e nj\u00eb populli, pozita e saj sot dhe problematikat, q\u00eb k\u00ebrkojn\u00eb zgjidhje\u201d \u00ebsht\u00eb tema e referatit q\u00eb \u00a0e mbajti gazetarja Hatixhe Nelaj, an\u00ebtare e kryesis\u00eb s\u00eb Fondacionit n\u00eb fjal\u00eb. Nga t\u00eb dh\u00ebnat q\u00eb prezantoi Zonja Nelaj u dha t\u00eb kuptohet q\u00eb pozita e femr\u00ebs\u00a0 n\u00eb vendet udh\u00ebheq\u00ebse dhe jet\u00ebn publike n\u00eb komun\u00ebn e Ulqinit \u00ebsht\u00eb diskriminuese,madje si\u00e7 u shpreh ajo krahasuar me 10 vite m\u00eb heret jemi nj\u00eb hap mbrapa e jo para. Andaj jan\u00eb t\u00eb nevojshme takime t\u00eb tilla ku do t\u00eb ngrisim z\u00ebrin p\u00ebr nj\u00eb avansim m\u00eb t\u00eb denj\u00eb t\u00eb femr\u00ebs .<\/p>\n<p>Dr. Zylfije Duraku u dekorua me mirnjohjen \u201cNderi I Fondacionit\u201d pik\u00ebrisht nga Fondacioni \u201cNermin Vlora Falaschi\u201d, por gjithashtu edhe Rrijeti I grupeve t\u00eb grave t\u00eb Kosov\u00ebs I ndan\u00eb mir\u00ebnjohje p\u00ebr pun\u00ebn e saj.<\/p>\n<p>10 vjetori\u00a0 I mbajtjes s\u00eb Kuvendit t\u00eb par\u00eb t\u00eb gruas intelektualae shqiptare p\u00ebrkonte me dit\u00eblindjen e 60 \u2013t\u00eb t\u00eb doktoresh\u00ebs Zylfije \u00a0Duraku ,e cila kishte nj\u00eb fest\u00eb t\u00eb dyfisht\u00eb.<\/p>\n<p>P\u00ebrve\u00e7 q\u00eb p\u00ebr t\u00eb pranishmit u shtrua nj\u00eb koktei rasti n\u00eb ambijentin e shkoll\u00ebs s\u00eb muzik\u00ebs ,p\u00ebr t\u00eb mysafiret nga Shqip\u00ebria,Kosova dhe p\u00ebr an\u00ebtaret e deg\u00ebs s\u00eb Fondacionit n\u00eb Ulqin u organizua nj\u00eb mbr\u00ebmje festive.<\/p>\n","protected":false},"excerpt":{"rendered":"<p>Nga Zenepe Luka \u2013 N\u00ebnt\u00eb shkurt ishte dita e 60-vjetorit t\u00eb lindjes s\u00eb Dr.Zylfie Gjoni Duraku nga Ulqini. Ajo \u00ebsht\u00eb gjinekologia e par\u00eb shqiptare n\u00eb Malin e Zi. \u00cbsht\u00eb intelektualja\u00a0 model, q\u00eb me p\u00ebrgjegj\u00ebsin\u00eb e kryetares s\u00eb deg\u00ebs s\u00eb fondacionit \u201cNermin Vlora Falaschi\u201d,\u00a0 me aktivitetet madhore e shkencore, jo vet\u00ebm ka gjall\u00ebruar jet\u00ebn e gruas, [&hellip;]<\/p>\n","protected":false},"author":1,"featured_media":0,"comment_status":"closed","ping_status":"closed","sticky":false,"template":"","format":"standard","meta":{"spay_email":"","jetpack_publicize_message":"","jetpack_is_tweetstorm":false,"jetpack_publicize_feature_enabled":true},"categories":[13],"tags":[],"jetpack_publicize_connections":[],"yoast_head":"<!-- This site is optimized with the Yoast SEO plugin v19.1 - https:\/\/yoast.com\/wordpress\/plugins\/seo\/ -->\n<title>Dr.Zylfie Gjoni Duraku nj\u00eb intelektuale model - Video - Lajme nga Ulqini<\/title>\n<meta name=\"description\" content=\"Nga Zenepe Luka \u2013 N\u00ebnt\u00eb shkurt ishte dita e 60-vjetorit t\u00eb lindjes s\u00eb Dr.Zylfie Gjoni Duraku nga Ulqini. Ajo \u00ebsht\u00eb gjinekologia e par\u00eb shqiptare n\u00eb Malin\" \/>\n<meta name=\"robots\" content=\"index, follow, max-snippet:-1, max-image-preview:large, max-video-preview:-1\" \/>\n<link rel=\"canonical\" href=\"https:\/\/www.visit-ulcinj.com\/blog\/2016\/02\/11\/dr-zylfie-gjoni-duraku-nje-intelektuale-model\/\" \/>\n<meta property=\"og:locale\" content=\"en_US\" \/>\n<meta property=\"og:type\" content=\"article\" \/>\n<meta property=\"og:title\" content=\"Dr.Zylfie Gjoni Duraku nj\u00eb intelektuale model - Video - Lajme nga Ulqini\" \/>\n<meta property=\"og:description\" content=\"Nga Zenepe Luka \u2013 N\u00ebnt\u00eb shkurt ishte dita e 60-vjetorit t\u00eb lindjes s\u00eb Dr.Zylfie Gjoni Duraku nga Ulqini. Ajo \u00ebsht\u00eb gjinekologia e par\u00eb shqiptare n\u00eb Malin\" \/>\n<meta property=\"og:url\" content=\"https:\/\/www.visit-ulcinj.com\/blog\/2016\/02\/11\/dr-zylfie-gjoni-duraku-nje-intelektuale-model\/\" \/>\n<meta property=\"og:site_name\" content=\"Lajme nga Ulqini\" \/>\n<meta property=\"article:published_time\" content=\"2016-02-11T21:56:59+00:00\" \/>\n<meta property=\"article:modified_time\" content=\"2016-02-17T15:28:25+00:00\" \/>\n<meta property=\"og:image\" content=\"http:\/\/www.visit-ulcinj.com\/blog\/wp-content\/uploads\/2016\/02\/Zylfie-Gjoni-Duraku.jpg\" \/>\n<meta name=\"twitter:label1\" content=\"Written by\" \/>\n\t<meta name=\"twitter:data1\" content=\"ulqini\" \/>\n\t<meta name=\"twitter:label2\" content=\"Est. reading time\" \/>\n\t<meta name=\"twitter:data2\" content=\"8 minutes\" \/>\n<script type=\"application\/ld+json\" class=\"yoast-schema-graph\">{\"@context\":\"https:\/\/schema.org\",\"@graph\":[{\"@type\":\"WebSite\",\"@id\":\"https:\/\/www.visit-ulcinj.com\/blog\/#website\",\"url\":\"https:\/\/www.visit-ulcinj.com\/blog\/\",\"name\":\"Lajme nga Ulqini\",\"description\":\"Lajme,Vijesti,Ulqini,Ulqin,Crna Gora,Mali i Zi\",\"potentialAction\":[{\"@type\":\"SearchAction\",\"target\":{\"@type\":\"EntryPoint\",\"urlTemplate\":\"https:\/\/www.visit-ulcinj.com\/blog\/?s={search_term_string}\"},\"query-input\":\"required name=search_term_string\"}],\"inLanguage\":\"en-US\"},{\"@type\":\"ImageObject\",\"inLanguage\":\"en-US\",\"@id\":\"https:\/\/www.visit-ulcinj.com\/blog\/2016\/02\/11\/dr-zylfie-gjoni-duraku-nje-intelektuale-model\/#primaryimage\",\"url\":\"https:\/\/www.visit-ulcinj.com\/blog\/wp-content\/uploads\/2016\/02\/Zylfie-Gjoni-Duraku.jpg\",\"contentUrl\":\"https:\/\/www.visit-ulcinj.com\/blog\/wp-content\/uploads\/2016\/02\/Zylfie-Gjoni-Duraku.jpg\",\"width\":624,\"height\":866},{\"@type\":\"WebPage\",\"@id\":\"https:\/\/www.visit-ulcinj.com\/blog\/2016\/02\/11\/dr-zylfie-gjoni-duraku-nje-intelektuale-model\/#webpage\",\"url\":\"https:\/\/www.visit-ulcinj.com\/blog\/2016\/02\/11\/dr-zylfie-gjoni-duraku-nje-intelektuale-model\/\",\"name\":\"Dr.Zylfie Gjoni Duraku nj\u00eb intelektuale model - Video - Lajme nga Ulqini\",\"isPartOf\":{\"@id\":\"https:\/\/www.visit-ulcinj.com\/blog\/#website\"},\"primaryImageOfPage\":{\"@id\":\"https:\/\/www.visit-ulcinj.com\/blog\/2016\/02\/11\/dr-zylfie-gjoni-duraku-nje-intelektuale-model\/#primaryimage\"},\"datePublished\":\"2016-02-11T21:56:59+00:00\",\"dateModified\":\"2016-02-17T15:28:25+00:00\",\"author\":{\"@id\":\"https:\/\/www.visit-ulcinj.com\/blog\/#\/schema\/person\/dcab619c614d3038751c63bc2aadc06d\"},\"description\":\"Nga Zenepe Luka \u2013 N\u00ebnt\u00eb shkurt ishte dita e 60-vjetorit t\u00eb lindjes s\u00eb Dr.Zylfie Gjoni Duraku nga Ulqini. Ajo \u00ebsht\u00eb gjinekologia e par\u00eb shqiptare n\u00eb Malin\",\"breadcrumb\":{\"@id\":\"https:\/\/www.visit-ulcinj.com\/blog\/2016\/02\/11\/dr-zylfie-gjoni-duraku-nje-intelektuale-model\/#breadcrumb\"},\"inLanguage\":\"en-US\",\"potentialAction\":[{\"@type\":\"ReadAction\",\"target\":[\"https:\/\/www.visit-ulcinj.com\/blog\/2016\/02\/11\/dr-zylfie-gjoni-duraku-nje-intelektuale-model\/\"]}]},{\"@type\":\"BreadcrumbList\",\"@id\":\"https:\/\/www.visit-ulcinj.com\/blog\/2016\/02\/11\/dr-zylfie-gjoni-duraku-nje-intelektuale-model\/#breadcrumb\",\"itemListElement\":[{\"@type\":\"ListItem\",\"position\":1,\"name\":\"Dr.Zylfie Gjoni Duraku nj\u00eb intelektuale model &#8211; Video\"}]},{\"@type\":\"Person\",\"@id\":\"https:\/\/www.visit-ulcinj.com\/blog\/#\/schema\/person\/dcab619c614d3038751c63bc2aadc06d\",\"name\":\"ulqini\",\"sameAs\":[\"http:\/\/www.visit-ulcinj.com\"],\"url\":\"https:\/\/www.visit-ulcinj.com\/blog\/author\/admin\/\"}]}<\/script>\n<!-- \/ Yoast SEO plugin. -->","yoast_head_json":{"title":"Dr.Zylfie Gjoni Duraku nj\u00eb intelektuale model - Video - Lajme nga Ulqini","description":"Nga Zenepe Luka \u2013 N\u00ebnt\u00eb shkurt ishte dita e 60-vjetorit t\u00eb lindjes s\u00eb Dr.Zylfie Gjoni Duraku nga Ulqini. Ajo \u00ebsht\u00eb gjinekologia e par\u00eb shqiptare n\u00eb Malin","robots":{"index":"index","follow":"follow","max-snippet":"max-snippet:-1","max-image-preview":"max-image-preview:large","max-video-preview":"max-video-preview:-1"},"canonical":"https:\/\/www.visit-ulcinj.com\/blog\/2016\/02\/11\/dr-zylfie-gjoni-duraku-nje-intelektuale-model\/","og_locale":"en_US","og_type":"article","og_title":"Dr.Zylfie Gjoni Duraku nj\u00eb intelektuale model - Video - Lajme nga Ulqini","og_description":"Nga Zenepe Luka \u2013 N\u00ebnt\u00eb shkurt ishte dita e 60-vjetorit t\u00eb lindjes s\u00eb Dr.Zylfie Gjoni Duraku nga Ulqini. Ajo \u00ebsht\u00eb gjinekologia e par\u00eb shqiptare n\u00eb Malin","og_url":"https:\/\/www.visit-ulcinj.com\/blog\/2016\/02\/11\/dr-zylfie-gjoni-duraku-nje-intelektuale-model\/","og_site_name":"Lajme nga Ulqini","article_published_time":"2016-02-11T21:56:59+00:00","article_modified_time":"2016-02-17T15:28:25+00:00","og_image":[{"url":"http:\/\/www.visit-ulcinj.com\/blog\/wp-content\/uploads\/2016\/02\/Zylfie-Gjoni-Duraku.jpg"}],"twitter_misc":{"Written by":"ulqini","Est. reading time":"8 minutes"},"schema":{"@context":"https:\/\/schema.org","@graph":[{"@type":"WebSite","@id":"https:\/\/www.visit-ulcinj.com\/blog\/#website","url":"https:\/\/www.visit-ulcinj.com\/blog\/","name":"Lajme nga Ulqini","description":"Lajme,Vijesti,Ulqini,Ulqin,Crna Gora,Mali i Zi","potentialAction":[{"@type":"SearchAction","target":{"@type":"EntryPoint","urlTemplate":"https:\/\/www.visit-ulcinj.com\/blog\/?s={search_term_string}"},"query-input":"required name=search_term_string"}],"inLanguage":"en-US"},{"@type":"ImageObject","inLanguage":"en-US","@id":"https:\/\/www.visit-ulcinj.com\/blog\/2016\/02\/11\/dr-zylfie-gjoni-duraku-nje-intelektuale-model\/#primaryimage","url":"https:\/\/www.visit-ulcinj.com\/blog\/wp-content\/uploads\/2016\/02\/Zylfie-Gjoni-Duraku.jpg","contentUrl":"https:\/\/www.visit-ulcinj.com\/blog\/wp-content\/uploads\/2016\/02\/Zylfie-Gjoni-Duraku.jpg","width":624,"height":866},{"@type":"WebPage","@id":"https:\/\/www.visit-ulcinj.com\/blog\/2016\/02\/11\/dr-zylfie-gjoni-duraku-nje-intelektuale-model\/#webpage","url":"https:\/\/www.visit-ulcinj.com\/blog\/2016\/02\/11\/dr-zylfie-gjoni-duraku-nje-intelektuale-model\/","name":"Dr.Zylfie Gjoni Duraku nj\u00eb intelektuale model - Video - Lajme nga Ulqini","isPartOf":{"@id":"https:\/\/www.visit-ulcinj.com\/blog\/#website"},"primaryImageOfPage":{"@id":"https:\/\/www.visit-ulcinj.com\/blog\/2016\/02\/11\/dr-zylfie-gjoni-duraku-nje-intelektuale-model\/#primaryimage"},"datePublished":"2016-02-11T21:56:59+00:00","dateModified":"2016-02-17T15:28:25+00:00","author":{"@id":"https:\/\/www.visit-ulcinj.com\/blog\/#\/schema\/person\/dcab619c614d3038751c63bc2aadc06d"},"description":"Nga Zenepe Luka \u2013 N\u00ebnt\u00eb shkurt ishte dita e 60-vjetorit t\u00eb lindjes s\u00eb Dr.Zylfie Gjoni Duraku nga Ulqini. Ajo \u00ebsht\u00eb gjinekologia e par\u00eb shqiptare n\u00eb Malin","breadcrumb":{"@id":"https:\/\/www.visit-ulcinj.com\/blog\/2016\/02\/11\/dr-zylfie-gjoni-duraku-nje-intelektuale-model\/#breadcrumb"},"inLanguage":"en-US","potentialAction":[{"@type":"ReadAction","target":["https:\/\/www.visit-ulcinj.com\/blog\/2016\/02\/11\/dr-zylfie-gjoni-duraku-nje-intelektuale-model\/"]}]},{"@type":"BreadcrumbList","@id":"https:\/\/www.visit-ulcinj.com\/blog\/2016\/02\/11\/dr-zylfie-gjoni-duraku-nje-intelektuale-model\/#breadcrumb","itemListElement":[{"@type":"ListItem","position":1,"name":"Dr.Zylfie Gjoni Duraku nj\u00eb intelektuale model &#8211; Video"}]},{"@type":"Person","@id":"https:\/\/www.visit-ulcinj.com\/blog\/#\/schema\/person\/dcab619c614d3038751c63bc2aadc06d","name":"ulqini","sameAs":["http:\/\/www.visit-ulcinj.com"],"url":"https:\/\/www.visit-ulcinj.com\/blog\/author\/admin\/"}]}},"jetpack_featured_media_url":"","jetpack_sharing_enabled":true,"jetpack_shortlink":"https:\/\/wp.me\/pe6lTn-oAf","_links":{"self":[{"href":"https:\/\/www.visit-ulcinj.com\/blog\/wp-json\/wp\/v2\/posts\/94503"}],"collection":[{"href":"https:\/\/www.visit-ulcinj.com\/blog\/wp-json\/wp\/v2\/posts"}],"about":[{"href":"https:\/\/www.visit-ulcinj.com\/blog\/wp-json\/wp\/v2\/types\/post"}],"author":[{"embeddable":true,"href":"https:\/\/www.visit-ulcinj.com\/blog\/wp-json\/wp\/v2\/users\/1"}],"replies":[{"embeddable":true,"href":"https:\/\/www.visit-ulcinj.com\/blog\/wp-json\/wp\/v2\/comments?post=94503"}],"version-history":[{"count":5,"href":"https:\/\/www.visit-ulcinj.com\/blog\/wp-json\/wp\/v2\/posts\/94503\/revisions"}],"predecessor-version":[{"id":94644,"href":"https:\/\/www.visit-ulcinj.com\/blog\/wp-json\/wp\/v2\/posts\/94503\/revisions\/94644"}],"wp:attachment":[{"href":"https:\/\/www.visit-ulcinj.com\/blog\/wp-json\/wp\/v2\/media?parent=94503"}],"wp:term":[{"taxonomy":"category","embeddable":true,"href":"https:\/\/www.visit-ulcinj.com\/blog\/wp-json\/wp\/v2\/categories?post=94503"},{"taxonomy":"post_tag","embeddable":true,"href":"https:\/\/www.visit-ulcinj.com\/blog\/wp-json\/wp\/v2\/tags?post=94503"}],"curies":[{"name":"wp","href":"https:\/\/api.w.org\/{rel}","templated":true}]}}