{"id":94507,"date":"2016-02-11T23:20:27","date_gmt":"2016-02-11T22:20:27","guid":{"rendered":"http:\/\/www.visit-ulcinj.com\/blog\/?p=94507"},"modified":"2016-02-11T23:20:27","modified_gmt":"2016-02-11T22:20:27","slug":"ukradena-zastava-sa-zgrade-nacionalnog-savjeta-albanaca-u-ulcinju","status":"publish","type":"post","link":"https:\/\/www.visit-ulcinj.com\/blog\/2016\/02\/11\/ukradena-zastava-sa-zgrade-nacionalnog-savjeta-albanaca-u-ulcinju\/","title":{"rendered":"Ukradena zastava sa zgrade Nacionalnog Savjeta Albanaca u Ulcinju"},"content":{"rendered":"<p><strong>Rano jutros napadnute su prostorije Nacionalnog Savjeta Albanaca u Crnoj Gori i nasilno istrgnuta nacionalna zastava Albanaca, zajedno sa postoljem koje je bilo za\u0161arafljeno na zidu, dok je zastava ukradena, saop\u0161tili su iz Savjeta.<\/strong><\/p>\n<p><a href=\"http:\/\/www.visit-ulcinj.com\/blog\/wp-content\/uploads\/2016\/02\/Ne-Ulqin-Hiqet-flamuri-komb\u00ebtar-nga-nd\u00ebrtesa-e-KKSH-s\u00eb-1.jpg\"><img loading=\"lazy\" class=\"alignleft wp-image-94497\" src=\"http:\/\/www.visit-ulcinj.com\/blog\/wp-content\/uploads\/2016\/02\/Ne-Ulqin-Hiqet-flamuri-komb\u00ebtar-nga-nd\u00ebrtesa-e-KKSH-s\u00eb-1.jpg\" alt=\"Ne Ulqin-Hiqet flamuri komb\u00ebtar nga nd\u00ebrtesa e KKSH-s\u00eb-1\" width=\"508\" height=\"677\" srcset=\"https:\/\/www.visit-ulcinj.com\/blog\/wp-content\/uploads\/2016\/02\/Ne-Ulqin-Hiqet-flamuri-komb\u00ebtar-nga-nd\u00ebrtesa-e-KKSH-s\u00eb-1.jpg 700w, https:\/\/www.visit-ulcinj.com\/blog\/wp-content\/uploads\/2016\/02\/Ne-Ulqin-Hiqet-flamuri-komb\u00ebtar-nga-nd\u00ebrtesa-e-KKSH-s\u00eb-1-225x300.jpg 225w\" sizes=\"(max-width: 508px) 100vw, 508px\" \/><\/a><\/p>\n<p>Iz Nacionalnog Savjeta Albanaca o\u0161tro su osudili izvr\u0161ioce ovog vandalnog akta koji, kako se ka\u017ee u saop\u0161tenju predsjednika Savjeta Genci Nimanbegua, &#8220;ugro\u017eavaju me\u0111uetni\u010dki sklad i poku\u0161avaju sprije\u010diti slobodan iskaz na\u0161e albanske nacionalne pripadnosti&#8221;.<\/p>\n<p>Kako ka\u017ee Nimanbegu, u Nacionalnom savjetu smatraju da ovakvi neprimjerenih postupci pripadaju pro\u0161lim vremenima za koja su mislili da su iza nas.<\/p>\n<p>Albanski nacionalni savjet izra\u017eava zabrinutost zbog ovakvog izliva mr\u017enje prema albanskom narodu jer je to \u0161tetno za demokratizaciju dru\u0161tva.<\/p>\n<p>Ovaj slu\u010daj, Savjet je prijavio policiji.<\/p>\n<p>&#8220;Albanci u Crnoj Gori, dosada\u0161njim djelovanjem su doprinijeli i doprinose odnosima tolerancije, po\u0161tuju\u0107i specifi\u010dnosti svih gra\u0111ana nacionalnih zajednica koji \u017eive u Ulcinju i u Crnoj Gori&#8221;, navodi se u saop\u0161tenju i dodaje da se sli\u010dan slu\u010daj dogodio 1. juna pro\u0161le godine, kada je na isti na\u010din istrgnuta nacionalna zastava Albanaca.<\/p>\n<p>&#8220;Mi se ne \u017eelimo i ne mo\u017eemo baviti naga\u0111anjima ko bi i zbog \u010dega mogao biti po\u010dinitelj ovog nedjela, ali ovom prilikom apelujemo i pozivamo sve nadle\u017ene organe, a posebno Odjeljenje bezbjednosti Ulcinj, koje se nalazi preko puta kancelarije Nacionalnog savjeta Albanaca, da preduzmu hitne mjere u otkrivanju po\u010dinioca ovog krivi\u010dnog dijela, te da sudski organi \u0161to prije procesuiraju i osude, kao primjer drugima da se ovakav nemili \u010din vi\u0161e ne ponovi, prvenstveno u tolerantnoj sredini kao \u0161to je Ulcinj gdje su sklad i po\u0161tovanje posebne vrijednosti koje se trebaju \u010duvati&#8221;, zaklju\u010duje se u saop\u0161tenju koje potpisuje predsjednik Nacionalnog Savjeta Albanaca u Crnoj Gori, Genci Nimanbegu.<\/p>\n<p><strong>Izvor: RTCG<\/strong><\/p>\n<p><a href=\"http:\/\/www.visit-ulcinj.com\/blog\/wp-content\/uploads\/2016\/02\/Ne-Ulqin-Hiqet-flamuri-komb\u00ebtar-nga-nd\u00ebrtesa-e-KKSH-s\u00eb-2.jpg\"><img loading=\"lazy\" class=\"alignleft wp-image-94499\" src=\"http:\/\/www.visit-ulcinj.com\/blog\/wp-content\/uploads\/2016\/02\/Ne-Ulqin-Hiqet-flamuri-komb\u00ebtar-nga-nd\u00ebrtesa-e-KKSH-s\u00eb-2.jpg\" alt=\"Ne Ulqin-Hiqet flamuri komb\u00ebtar nga nd\u00ebrtesa e KKSH-s\u00eb-2\" width=\"508\" height=\"677\" srcset=\"https:\/\/www.visit-ulcinj.com\/blog\/wp-content\/uploads\/2016\/02\/Ne-Ulqin-Hiqet-flamuri-komb\u00ebtar-nga-nd\u00ebrtesa-e-KKSH-s\u00eb-2.jpg 700w, https:\/\/www.visit-ulcinj.com\/blog\/wp-content\/uploads\/2016\/02\/Ne-Ulqin-Hiqet-flamuri-komb\u00ebtar-nga-nd\u00ebrtesa-e-KKSH-s\u00eb-2-225x300.jpg 225w\" sizes=\"(max-width: 508px) 100vw, 508px\" \/><\/a><\/p>\n","protected":false},"excerpt":{"rendered":"<p>Rano jutros napadnute su prostorije Nacionalnog Savjeta Albanaca u Crnoj Gori i nasilno istrgnuta nacionalna zastava Albanaca, zajedno sa postoljem koje je bilo za\u0161arafljeno na zidu, dok je zastava ukradena, saop\u0161tili su iz Savjeta. Iz Nacionalnog Savjeta Albanaca o\u0161tro su osudili izvr\u0161ioce ovog vandalnog akta koji, kako se ka\u017ee u saop\u0161tenju predsjednika Savjeta Genci Nimanbegua, [&hellip;]<\/p>\n","protected":false},"author":1,"featured_media":0,"comment_status":"closed","ping_status":"closed","sticky":false,"template":"","format":"standard","meta":{"spay_email":"","jetpack_publicize_message":"","jetpack_is_tweetstorm":false,"jetpack_publicize_feature_enabled":true},"categories":[8337],"tags":[],"jetpack_publicize_connections":[],"yoast_head":"<!-- This site is optimized with the Yoast SEO plugin v19.1 - https:\/\/yoast.com\/wordpress\/plugins\/seo\/ -->\n<title>Ukradena zastava sa zgrade Nacionalnog Savjeta Albanaca u Ulcinju - Lajme nga Ulqini<\/title>\n<meta name=\"description\" content=\"Rano jutros napadnute su prostorije Nacionalnog Savjeta Albanaca u Crnoj Gori i nasilno istrgnuta nacionalna zastava Albanaca, zajedno sa postoljem koje\" \/>\n<meta name=\"robots\" content=\"index, follow, max-snippet:-1, max-image-preview:large, max-video-preview:-1\" \/>\n<link rel=\"canonical\" href=\"https:\/\/www.visit-ulcinj.com\/blog\/2016\/02\/11\/ukradena-zastava-sa-zgrade-nacionalnog-savjeta-albanaca-u-ulcinju\/\" \/>\n<meta property=\"og:locale\" content=\"en_US\" \/>\n<meta property=\"og:type\" content=\"article\" \/>\n<meta property=\"og:title\" content=\"Ukradena zastava sa zgrade Nacionalnog Savjeta Albanaca u Ulcinju - Lajme nga Ulqini\" \/>\n<meta property=\"og:description\" content=\"Rano jutros napadnute su prostorije Nacionalnog Savjeta Albanaca u Crnoj Gori i nasilno istrgnuta nacionalna zastava Albanaca, zajedno sa postoljem koje\" \/>\n<meta property=\"og:url\" content=\"https:\/\/www.visit-ulcinj.com\/blog\/2016\/02\/11\/ukradena-zastava-sa-zgrade-nacionalnog-savjeta-albanaca-u-ulcinju\/\" \/>\n<meta property=\"og:site_name\" content=\"Lajme nga Ulqini\" \/>\n<meta property=\"article:published_time\" content=\"2016-02-11T22:20:27+00:00\" \/>\n<meta name=\"twitter:label1\" content=\"Written by\" \/>\n\t<meta name=\"twitter:data1\" content=\"ulqini\" \/>\n\t<meta name=\"twitter:label2\" content=\"Est. reading time\" \/>\n\t<meta name=\"twitter:data2\" content=\"2 minutes\" \/>\n<script type=\"application\/ld+json\" class=\"yoast-schema-graph\">{\"@context\":\"https:\/\/schema.org\",\"@graph\":[{\"@type\":\"WebSite\",\"@id\":\"https:\/\/www.visit-ulcinj.com\/blog\/#website\",\"url\":\"https:\/\/www.visit-ulcinj.com\/blog\/\",\"name\":\"Lajme nga Ulqini\",\"description\":\"Lajme,Vijesti,Ulqini,Ulqin,Crna Gora,Mali i Zi\",\"potentialAction\":[{\"@type\":\"SearchAction\",\"target\":{\"@type\":\"EntryPoint\",\"urlTemplate\":\"https:\/\/www.visit-ulcinj.com\/blog\/?s={search_term_string}\"},\"query-input\":\"required name=search_term_string\"}],\"inLanguage\":\"en-US\"},{\"@type\":\"WebPage\",\"@id\":\"https:\/\/www.visit-ulcinj.com\/blog\/2016\/02\/11\/ukradena-zastava-sa-zgrade-nacionalnog-savjeta-albanaca-u-ulcinju\/#webpage\",\"url\":\"https:\/\/www.visit-ulcinj.com\/blog\/2016\/02\/11\/ukradena-zastava-sa-zgrade-nacionalnog-savjeta-albanaca-u-ulcinju\/\",\"name\":\"Ukradena zastava sa zgrade Nacionalnog Savjeta Albanaca u Ulcinju - Lajme nga Ulqini\",\"isPartOf\":{\"@id\":\"https:\/\/www.visit-ulcinj.com\/blog\/#website\"},\"datePublished\":\"2016-02-11T22:20:27+00:00\",\"dateModified\":\"2016-02-11T22:20:27+00:00\",\"author\":{\"@id\":\"https:\/\/www.visit-ulcinj.com\/blog\/#\/schema\/person\/dcab619c614d3038751c63bc2aadc06d\"},\"description\":\"Rano jutros napadnute su prostorije Nacionalnog Savjeta Albanaca u Crnoj Gori i nasilno istrgnuta nacionalna zastava Albanaca, zajedno sa postoljem koje\",\"breadcrumb\":{\"@id\":\"https:\/\/www.visit-ulcinj.com\/blog\/2016\/02\/11\/ukradena-zastava-sa-zgrade-nacionalnog-savjeta-albanaca-u-ulcinju\/#breadcrumb\"},\"inLanguage\":\"en-US\",\"potentialAction\":[{\"@type\":\"ReadAction\",\"target\":[\"https:\/\/www.visit-ulcinj.com\/blog\/2016\/02\/11\/ukradena-zastava-sa-zgrade-nacionalnog-savjeta-albanaca-u-ulcinju\/\"]}]},{\"@type\":\"BreadcrumbList\",\"@id\":\"https:\/\/www.visit-ulcinj.com\/blog\/2016\/02\/11\/ukradena-zastava-sa-zgrade-nacionalnog-savjeta-albanaca-u-ulcinju\/#breadcrumb\",\"itemListElement\":[{\"@type\":\"ListItem\",\"position\":1,\"name\":\"Ukradena zastava sa zgrade Nacionalnog Savjeta Albanaca u Ulcinju\"}]},{\"@type\":\"Person\",\"@id\":\"https:\/\/www.visit-ulcinj.com\/blog\/#\/schema\/person\/dcab619c614d3038751c63bc2aadc06d\",\"name\":\"ulqini\",\"sameAs\":[\"http:\/\/www.visit-ulcinj.com\"],\"url\":\"https:\/\/www.visit-ulcinj.com\/blog\/author\/admin\/\"}]}<\/script>\n<!-- \/ Yoast SEO plugin. -->","yoast_head_json":{"title":"Ukradena zastava sa zgrade Nacionalnog Savjeta Albanaca u Ulcinju - Lajme nga Ulqini","description":"Rano jutros napadnute su prostorije Nacionalnog Savjeta Albanaca u Crnoj Gori i nasilno istrgnuta nacionalna zastava Albanaca, zajedno sa postoljem koje","robots":{"index":"index","follow":"follow","max-snippet":"max-snippet:-1","max-image-preview":"max-image-preview:large","max-video-preview":"max-video-preview:-1"},"canonical":"https:\/\/www.visit-ulcinj.com\/blog\/2016\/02\/11\/ukradena-zastava-sa-zgrade-nacionalnog-savjeta-albanaca-u-ulcinju\/","og_locale":"en_US","og_type":"article","og_title":"Ukradena zastava sa zgrade Nacionalnog Savjeta Albanaca u Ulcinju - Lajme nga Ulqini","og_description":"Rano jutros napadnute su prostorije Nacionalnog Savjeta Albanaca u Crnoj Gori i nasilno istrgnuta nacionalna zastava Albanaca, zajedno sa postoljem koje","og_url":"https:\/\/www.visit-ulcinj.com\/blog\/2016\/02\/11\/ukradena-zastava-sa-zgrade-nacionalnog-savjeta-albanaca-u-ulcinju\/","og_site_name":"Lajme nga Ulqini","article_published_time":"2016-02-11T22:20:27+00:00","twitter_misc":{"Written by":"ulqini","Est. reading time":"2 minutes"},"schema":{"@context":"https:\/\/schema.org","@graph":[{"@type":"WebSite","@id":"https:\/\/www.visit-ulcinj.com\/blog\/#website","url":"https:\/\/www.visit-ulcinj.com\/blog\/","name":"Lajme nga Ulqini","description":"Lajme,Vijesti,Ulqini,Ulqin,Crna Gora,Mali i Zi","potentialAction":[{"@type":"SearchAction","target":{"@type":"EntryPoint","urlTemplate":"https:\/\/www.visit-ulcinj.com\/blog\/?s={search_term_string}"},"query-input":"required name=search_term_string"}],"inLanguage":"en-US"},{"@type":"WebPage","@id":"https:\/\/www.visit-ulcinj.com\/blog\/2016\/02\/11\/ukradena-zastava-sa-zgrade-nacionalnog-savjeta-albanaca-u-ulcinju\/#webpage","url":"https:\/\/www.visit-ulcinj.com\/blog\/2016\/02\/11\/ukradena-zastava-sa-zgrade-nacionalnog-savjeta-albanaca-u-ulcinju\/","name":"Ukradena zastava sa zgrade Nacionalnog Savjeta Albanaca u Ulcinju - Lajme nga Ulqini","isPartOf":{"@id":"https:\/\/www.visit-ulcinj.com\/blog\/#website"},"datePublished":"2016-02-11T22:20:27+00:00","dateModified":"2016-02-11T22:20:27+00:00","author":{"@id":"https:\/\/www.visit-ulcinj.com\/blog\/#\/schema\/person\/dcab619c614d3038751c63bc2aadc06d"},"description":"Rano jutros napadnute su prostorije Nacionalnog Savjeta Albanaca u Crnoj Gori i nasilno istrgnuta nacionalna zastava Albanaca, zajedno sa postoljem koje","breadcrumb":{"@id":"https:\/\/www.visit-ulcinj.com\/blog\/2016\/02\/11\/ukradena-zastava-sa-zgrade-nacionalnog-savjeta-albanaca-u-ulcinju\/#breadcrumb"},"inLanguage":"en-US","potentialAction":[{"@type":"ReadAction","target":["https:\/\/www.visit-ulcinj.com\/blog\/2016\/02\/11\/ukradena-zastava-sa-zgrade-nacionalnog-savjeta-albanaca-u-ulcinju\/"]}]},{"@type":"BreadcrumbList","@id":"https:\/\/www.visit-ulcinj.com\/blog\/2016\/02\/11\/ukradena-zastava-sa-zgrade-nacionalnog-savjeta-albanaca-u-ulcinju\/#breadcrumb","itemListElement":[{"@type":"ListItem","position":1,"name":"Ukradena zastava sa zgrade Nacionalnog Savjeta Albanaca u Ulcinju"}]},{"@type":"Person","@id":"https:\/\/www.visit-ulcinj.com\/blog\/#\/schema\/person\/dcab619c614d3038751c63bc2aadc06d","name":"ulqini","sameAs":["http:\/\/www.visit-ulcinj.com"],"url":"https:\/\/www.visit-ulcinj.com\/blog\/author\/admin\/"}]}},"jetpack_featured_media_url":"","jetpack_sharing_enabled":true,"jetpack_shortlink":"https:\/\/wp.me\/pe6lTn-oAj","_links":{"self":[{"href":"https:\/\/www.visit-ulcinj.com\/blog\/wp-json\/wp\/v2\/posts\/94507"}],"collection":[{"href":"https:\/\/www.visit-ulcinj.com\/blog\/wp-json\/wp\/v2\/posts"}],"about":[{"href":"https:\/\/www.visit-ulcinj.com\/blog\/wp-json\/wp\/v2\/types\/post"}],"author":[{"embeddable":true,"href":"https:\/\/www.visit-ulcinj.com\/blog\/wp-json\/wp\/v2\/users\/1"}],"replies":[{"embeddable":true,"href":"https:\/\/www.visit-ulcinj.com\/blog\/wp-json\/wp\/v2\/comments?post=94507"}],"version-history":[{"count":1,"href":"https:\/\/www.visit-ulcinj.com\/blog\/wp-json\/wp\/v2\/posts\/94507\/revisions"}],"predecessor-version":[{"id":94508,"href":"https:\/\/www.visit-ulcinj.com\/blog\/wp-json\/wp\/v2\/posts\/94507\/revisions\/94508"}],"wp:attachment":[{"href":"https:\/\/www.visit-ulcinj.com\/blog\/wp-json\/wp\/v2\/media?parent=94507"}],"wp:term":[{"taxonomy":"category","embeddable":true,"href":"https:\/\/www.visit-ulcinj.com\/blog\/wp-json\/wp\/v2\/categories?post=94507"},{"taxonomy":"post_tag","embeddable":true,"href":"https:\/\/www.visit-ulcinj.com\/blog\/wp-json\/wp\/v2\/tags?post=94507"}],"curies":[{"name":"wp","href":"https:\/\/api.w.org\/{rel}","templated":true}]}}