{"id":9451,"date":"2009-01-21T00:05:10","date_gmt":"2009-01-20T23:05:10","guid":{"rendered":"http:\/\/www.visit-ulcinj.com\/blog\/?p=9451"},"modified":"2009-01-21T00:05:13","modified_gmt":"2009-01-20T23:05:13","slug":"nje-gomone-rrezikon-te-mbytet-ne-ulqin-te-malit-te-zi","status":"publish","type":"post","link":"https:\/\/www.visit-ulcinj.com\/blog\/2009\/01\/21\/nje-gomone-rrezikon-te-mbytet-ne-ulqin-te-malit-te-zi\/","title":{"rendered":"Nj\u00eb gomone rrezikon t\u00eb mbytet n\u00eb Ulqin t\u00eb Malit t\u00eb Zi"},"content":{"rendered":"<p><a rel=\"attachment wp-att-9452\" href=\"http:\/\/www.visit-ulcinj.com\/blog\/2009\/01\/21\/nje-gomone-rrezikon-te-mbytet-ne-ulqin-te-malit-te-zi\/gomone_barka\/\"><img loading=\"lazy\" class=\"alignleft size-full wp-image-9452\" title=\"gomone_barka\" src=\"http:\/\/www.visit-ulcinj.com\/blog\/wp-content\/uploads\/2009\/01\/gomone_barka.jpg\" alt=\"gomone_barka\" width=\"570\" height=\"300\" \/><\/a>Nj\u00eb gomone shqiptare n\u00eb hap\u00ebsir\u00ebn bregdetare t\u00eb Malit t\u00eb Zi, rrezikon t\u00eb mbytet n\u00eb det. Lajmin e ka b\u00ebr\u00eb t\u00eb ditur Kapitaneria e Vlor\u00ebs, e cila ka marr\u00eb nj\u00eb telefonat\u00eb urgjente q\u00eb k\u00ebrkonte ndihm\u00eb p\u00ebr t\u00eb shp\u00ebtuar gomonen. Mendohet se n\u00eb mjetin e vog\u00ebl lundrues ndodhen tre persona. Nga ana tjet\u00ebr, kapitaneria e Durr\u00ebsit, b\u00ebn t\u00eb ditur se gomonia mund t\u00eb jet\u00eb nisur nga Vlora, por megjithat\u00eb deri m\u00eb tani nuk dihet asgj\u00eb zyrtarisht.Kjo kapitaneri thot\u00eb gjithashtu se gomonia ndodhet 35 milje larg nga Ulqini. Menj\u00ebher\u00eb ka nisur operacioni i shp\u00ebtimit p\u00ebr gomonen, ku n\u00eb det ka dal\u00eb edhe roja bregdetare shqiptare, krahas asaj malazeze. N\u00eb operacionin e shp\u00ebtimit jan\u00eb nisur edhe mjete lundruese nga Shkodra, nd\u00ebrkoh\u00eb n\u00eb qiellin mbi det po fluturon edhe nj\u00eb helikopteri nga Ministria e Brendshme.Prej m\u00eb se tre or\u00ebsh, grupet e k\u00ebrkimit jan\u00eb shp\u00ebrndar\u00eb n\u00eb uj\u00ebrat detare, por ende nuk kan\u00eb arritur t\u00eb zbulojn\u00eb vendndodhjen e saj. Mendohet se gomonia ka p\u00ebsuar defekt n\u00eb det p\u00ebr shkak t\u00eb dallg\u00ebve. N\u00eb ekuipazhin e saj jan\u00eb peshkatar q\u00eb kan\u00eb dal\u00eb p\u00ebr peshkim q\u00eb prej s\u00eb diel\u00ebs.<br \/>\n<strong>Ora News<\/strong><\/p>\n","protected":false},"excerpt":{"rendered":"<p>Nj\u00eb gomone shqiptare n\u00eb hap\u00ebsir\u00ebn bregdetare t\u00eb Malit t\u00eb Zi, rrezikon t\u00eb mbytet n\u00eb det. Lajmin e ka b\u00ebr\u00eb t\u00eb ditur Kapitaneria e Vlor\u00ebs, e cila ka marr\u00eb nj\u00eb telefonat\u00eb urgjente q\u00eb k\u00ebrkonte ndihm\u00eb p\u00ebr t\u00eb shp\u00ebtuar gomonen. Mendohet se n\u00eb mjetin e vog\u00ebl lundrues ndodhen tre persona. Nga ana tjet\u00ebr, kapitaneria e Durr\u00ebsit, b\u00ebn [&hellip;]<\/p>\n","protected":false},"author":1,"featured_media":0,"comment_status":"open","ping_status":"closed","sticky":false,"template":"","format":"standard","meta":{"spay_email":"","jetpack_publicize_message":"","jetpack_is_tweetstorm":false,"jetpack_publicize_feature_enabled":true},"categories":[1],"tags":[5956,5954,5955,5953,5957,5958,5952],"jetpack_publicize_connections":[],"yoast_head":"<!-- This site is optimized with the Yoast SEO plugin v19.1 - https:\/\/yoast.com\/wordpress\/plugins\/seo\/ -->\n<title>Nj\u00eb gomone rrezikon t\u00eb mbytet n\u00eb Ulqin t\u00eb Malit t\u00eb Zi - Lajme nga Ulqini<\/title>\n<meta name=\"description\" content=\"Nj\u00eb gomone shqiptare n\u00eb hap\u00ebsir\u00ebn bregdetare t\u00eb Malit t\u00eb Zi, rrezikon t\u00eb mbytet n\u00eb det. Lajmin e ka b\u00ebr\u00eb t\u00eb ditur Kapitaneria e Vlor\u00ebs, e cila ka marr\u00eb\" \/>\n<meta name=\"robots\" content=\"index, follow, max-snippet:-1, max-image-preview:large, max-video-preview:-1\" \/>\n<link rel=\"canonical\" href=\"https:\/\/www.visit-ulcinj.com\/blog\/2009\/01\/21\/nje-gomone-rrezikon-te-mbytet-ne-ulqin-te-malit-te-zi\/\" \/>\n<meta property=\"og:locale\" content=\"en_US\" \/>\n<meta property=\"og:type\" content=\"article\" \/>\n<meta property=\"og:title\" content=\"Nj\u00eb gomone rrezikon t\u00eb mbytet n\u00eb Ulqin t\u00eb Malit t\u00eb Zi - Lajme nga Ulqini\" \/>\n<meta property=\"og:description\" content=\"Nj\u00eb gomone shqiptare n\u00eb hap\u00ebsir\u00ebn bregdetare t\u00eb Malit t\u00eb Zi, rrezikon t\u00eb mbytet n\u00eb det. Lajmin e ka b\u00ebr\u00eb t\u00eb ditur Kapitaneria e Vlor\u00ebs, e cila ka marr\u00eb\" \/>\n<meta property=\"og:url\" content=\"https:\/\/www.visit-ulcinj.com\/blog\/2009\/01\/21\/nje-gomone-rrezikon-te-mbytet-ne-ulqin-te-malit-te-zi\/\" \/>\n<meta property=\"og:site_name\" content=\"Lajme nga Ulqini\" \/>\n<meta property=\"article:published_time\" content=\"2009-01-20T23:05:10+00:00\" \/>\n<meta property=\"article:modified_time\" content=\"2009-01-20T23:05:13+00:00\" \/>\n<meta property=\"og:image\" content=\"http:\/\/www.visit-ulcinj.com\/blog\/wp-content\/uploads\/2009\/01\/gomone_barka.jpg\" \/>\n<meta name=\"twitter:label1\" content=\"Written by\" \/>\n\t<meta name=\"twitter:data1\" content=\"ulqini\" \/>\n\t<meta name=\"twitter:label2\" content=\"Est. reading time\" \/>\n\t<meta name=\"twitter:data2\" content=\"1 minute\" \/>\n<script type=\"application\/ld+json\" class=\"yoast-schema-graph\">{\"@context\":\"https:\/\/schema.org\",\"@graph\":[{\"@type\":\"WebSite\",\"@id\":\"https:\/\/www.visit-ulcinj.com\/blog\/#website\",\"url\":\"https:\/\/www.visit-ulcinj.com\/blog\/\",\"name\":\"Lajme nga Ulqini\",\"description\":\"Lajme,Vijesti,Ulqini,Ulqin,Crna Gora,Mali i Zi\",\"potentialAction\":[{\"@type\":\"SearchAction\",\"target\":{\"@type\":\"EntryPoint\",\"urlTemplate\":\"https:\/\/www.visit-ulcinj.com\/blog\/?s={search_term_string}\"},\"query-input\":\"required name=search_term_string\"}],\"inLanguage\":\"en-US\"},{\"@type\":\"ImageObject\",\"inLanguage\":\"en-US\",\"@id\":\"https:\/\/www.visit-ulcinj.com\/blog\/2009\/01\/21\/nje-gomone-rrezikon-te-mbytet-ne-ulqin-te-malit-te-zi\/#primaryimage\",\"url\":\"http:\/\/www.visit-ulcinj.com\/blog\/wp-content\/uploads\/2009\/01\/gomone_barka.jpg\",\"contentUrl\":\"http:\/\/www.visit-ulcinj.com\/blog\/wp-content\/uploads\/2009\/01\/gomone_barka.jpg\"},{\"@type\":\"WebPage\",\"@id\":\"https:\/\/www.visit-ulcinj.com\/blog\/2009\/01\/21\/nje-gomone-rrezikon-te-mbytet-ne-ulqin-te-malit-te-zi\/#webpage\",\"url\":\"https:\/\/www.visit-ulcinj.com\/blog\/2009\/01\/21\/nje-gomone-rrezikon-te-mbytet-ne-ulqin-te-malit-te-zi\/\",\"name\":\"Nj\u00eb gomone rrezikon t\u00eb mbytet n\u00eb Ulqin t\u00eb Malit t\u00eb Zi - Lajme nga Ulqini\",\"isPartOf\":{\"@id\":\"https:\/\/www.visit-ulcinj.com\/blog\/#website\"},\"primaryImageOfPage\":{\"@id\":\"https:\/\/www.visit-ulcinj.com\/blog\/2009\/01\/21\/nje-gomone-rrezikon-te-mbytet-ne-ulqin-te-malit-te-zi\/#primaryimage\"},\"datePublished\":\"2009-01-20T23:05:10+00:00\",\"dateModified\":\"2009-01-20T23:05:13+00:00\",\"author\":{\"@id\":\"https:\/\/www.visit-ulcinj.com\/blog\/#\/schema\/person\/dcab619c614d3038751c63bc2aadc06d\"},\"description\":\"Nj\u00eb gomone shqiptare n\u00eb hap\u00ebsir\u00ebn bregdetare t\u00eb Malit t\u00eb Zi, rrezikon t\u00eb mbytet n\u00eb det. Lajmin e ka b\u00ebr\u00eb t\u00eb ditur Kapitaneria e Vlor\u00ebs, e cila ka marr\u00eb\",\"breadcrumb\":{\"@id\":\"https:\/\/www.visit-ulcinj.com\/blog\/2009\/01\/21\/nje-gomone-rrezikon-te-mbytet-ne-ulqin-te-malit-te-zi\/#breadcrumb\"},\"inLanguage\":\"en-US\",\"potentialAction\":[{\"@type\":\"ReadAction\",\"target\":[\"https:\/\/www.visit-ulcinj.com\/blog\/2009\/01\/21\/nje-gomone-rrezikon-te-mbytet-ne-ulqin-te-malit-te-zi\/\"]}]},{\"@type\":\"BreadcrumbList\",\"@id\":\"https:\/\/www.visit-ulcinj.com\/blog\/2009\/01\/21\/nje-gomone-rrezikon-te-mbytet-ne-ulqin-te-malit-te-zi\/#breadcrumb\",\"itemListElement\":[{\"@type\":\"ListItem\",\"position\":1,\"name\":\"Nj\u00eb gomone rrezikon t\u00eb mbytet n\u00eb Ulqin t\u00eb Malit t\u00eb Zi\"}]},{\"@type\":\"Person\",\"@id\":\"https:\/\/www.visit-ulcinj.com\/blog\/#\/schema\/person\/dcab619c614d3038751c63bc2aadc06d\",\"name\":\"ulqini\",\"sameAs\":[\"http:\/\/www.visit-ulcinj.com\"],\"url\":\"https:\/\/www.visit-ulcinj.com\/blog\/author\/admin\/\"}]}<\/script>\n<!-- \/ Yoast SEO plugin. -->","yoast_head_json":{"title":"Nj\u00eb gomone rrezikon t\u00eb mbytet n\u00eb Ulqin t\u00eb Malit t\u00eb Zi - Lajme nga Ulqini","description":"Nj\u00eb gomone shqiptare n\u00eb hap\u00ebsir\u00ebn bregdetare t\u00eb Malit t\u00eb Zi, rrezikon t\u00eb mbytet n\u00eb det. Lajmin e ka b\u00ebr\u00eb t\u00eb ditur Kapitaneria e Vlor\u00ebs, e cila ka marr\u00eb","robots":{"index":"index","follow":"follow","max-snippet":"max-snippet:-1","max-image-preview":"max-image-preview:large","max-video-preview":"max-video-preview:-1"},"canonical":"https:\/\/www.visit-ulcinj.com\/blog\/2009\/01\/21\/nje-gomone-rrezikon-te-mbytet-ne-ulqin-te-malit-te-zi\/","og_locale":"en_US","og_type":"article","og_title":"Nj\u00eb gomone rrezikon t\u00eb mbytet n\u00eb Ulqin t\u00eb Malit t\u00eb Zi - Lajme nga Ulqini","og_description":"Nj\u00eb gomone shqiptare n\u00eb hap\u00ebsir\u00ebn bregdetare t\u00eb Malit t\u00eb Zi, rrezikon t\u00eb mbytet n\u00eb det. Lajmin e ka b\u00ebr\u00eb t\u00eb ditur Kapitaneria e Vlor\u00ebs, e cila ka marr\u00eb","og_url":"https:\/\/www.visit-ulcinj.com\/blog\/2009\/01\/21\/nje-gomone-rrezikon-te-mbytet-ne-ulqin-te-malit-te-zi\/","og_site_name":"Lajme nga Ulqini","article_published_time":"2009-01-20T23:05:10+00:00","article_modified_time":"2009-01-20T23:05:13+00:00","og_image":[{"url":"http:\/\/www.visit-ulcinj.com\/blog\/wp-content\/uploads\/2009\/01\/gomone_barka.jpg"}],"twitter_misc":{"Written by":"ulqini","Est. reading time":"1 minute"},"schema":{"@context":"https:\/\/schema.org","@graph":[{"@type":"WebSite","@id":"https:\/\/www.visit-ulcinj.com\/blog\/#website","url":"https:\/\/www.visit-ulcinj.com\/blog\/","name":"Lajme nga Ulqini","description":"Lajme,Vijesti,Ulqini,Ulqin,Crna Gora,Mali i Zi","potentialAction":[{"@type":"SearchAction","target":{"@type":"EntryPoint","urlTemplate":"https:\/\/www.visit-ulcinj.com\/blog\/?s={search_term_string}"},"query-input":"required name=search_term_string"}],"inLanguage":"en-US"},{"@type":"ImageObject","inLanguage":"en-US","@id":"https:\/\/www.visit-ulcinj.com\/blog\/2009\/01\/21\/nje-gomone-rrezikon-te-mbytet-ne-ulqin-te-malit-te-zi\/#primaryimage","url":"http:\/\/www.visit-ulcinj.com\/blog\/wp-content\/uploads\/2009\/01\/gomone_barka.jpg","contentUrl":"http:\/\/www.visit-ulcinj.com\/blog\/wp-content\/uploads\/2009\/01\/gomone_barka.jpg"},{"@type":"WebPage","@id":"https:\/\/www.visit-ulcinj.com\/blog\/2009\/01\/21\/nje-gomone-rrezikon-te-mbytet-ne-ulqin-te-malit-te-zi\/#webpage","url":"https:\/\/www.visit-ulcinj.com\/blog\/2009\/01\/21\/nje-gomone-rrezikon-te-mbytet-ne-ulqin-te-malit-te-zi\/","name":"Nj\u00eb gomone rrezikon t\u00eb mbytet n\u00eb Ulqin t\u00eb Malit t\u00eb Zi - Lajme nga Ulqini","isPartOf":{"@id":"https:\/\/www.visit-ulcinj.com\/blog\/#website"},"primaryImageOfPage":{"@id":"https:\/\/www.visit-ulcinj.com\/blog\/2009\/01\/21\/nje-gomone-rrezikon-te-mbytet-ne-ulqin-te-malit-te-zi\/#primaryimage"},"datePublished":"2009-01-20T23:05:10+00:00","dateModified":"2009-01-20T23:05:13+00:00","author":{"@id":"https:\/\/www.visit-ulcinj.com\/blog\/#\/schema\/person\/dcab619c614d3038751c63bc2aadc06d"},"description":"Nj\u00eb gomone shqiptare n\u00eb hap\u00ebsir\u00ebn bregdetare t\u00eb Malit t\u00eb Zi, rrezikon t\u00eb mbytet n\u00eb det. Lajmin e ka b\u00ebr\u00eb t\u00eb ditur Kapitaneria e Vlor\u00ebs, e cila ka marr\u00eb","breadcrumb":{"@id":"https:\/\/www.visit-ulcinj.com\/blog\/2009\/01\/21\/nje-gomone-rrezikon-te-mbytet-ne-ulqin-te-malit-te-zi\/#breadcrumb"},"inLanguage":"en-US","potentialAction":[{"@type":"ReadAction","target":["https:\/\/www.visit-ulcinj.com\/blog\/2009\/01\/21\/nje-gomone-rrezikon-te-mbytet-ne-ulqin-te-malit-te-zi\/"]}]},{"@type":"BreadcrumbList","@id":"https:\/\/www.visit-ulcinj.com\/blog\/2009\/01\/21\/nje-gomone-rrezikon-te-mbytet-ne-ulqin-te-malit-te-zi\/#breadcrumb","itemListElement":[{"@type":"ListItem","position":1,"name":"Nj\u00eb gomone rrezikon t\u00eb mbytet n\u00eb Ulqin t\u00eb Malit t\u00eb Zi"}]},{"@type":"Person","@id":"https:\/\/www.visit-ulcinj.com\/blog\/#\/schema\/person\/dcab619c614d3038751c63bc2aadc06d","name":"ulqini","sameAs":["http:\/\/www.visit-ulcinj.com"],"url":"https:\/\/www.visit-ulcinj.com\/blog\/author\/admin\/"}]}},"jetpack_featured_media_url":"","jetpack_sharing_enabled":true,"jetpack_shortlink":"https:\/\/wp.me\/pe6lTn-2sr","_links":{"self":[{"href":"https:\/\/www.visit-ulcinj.com\/blog\/wp-json\/wp\/v2\/posts\/9451"}],"collection":[{"href":"https:\/\/www.visit-ulcinj.com\/blog\/wp-json\/wp\/v2\/posts"}],"about":[{"href":"https:\/\/www.visit-ulcinj.com\/blog\/wp-json\/wp\/v2\/types\/post"}],"author":[{"embeddable":true,"href":"https:\/\/www.visit-ulcinj.com\/blog\/wp-json\/wp\/v2\/users\/1"}],"replies":[{"embeddable":true,"href":"https:\/\/www.visit-ulcinj.com\/blog\/wp-json\/wp\/v2\/comments?post=9451"}],"version-history":[{"count":0,"href":"https:\/\/www.visit-ulcinj.com\/blog\/wp-json\/wp\/v2\/posts\/9451\/revisions"}],"wp:attachment":[{"href":"https:\/\/www.visit-ulcinj.com\/blog\/wp-json\/wp\/v2\/media?parent=9451"}],"wp:term":[{"taxonomy":"category","embeddable":true,"href":"https:\/\/www.visit-ulcinj.com\/blog\/wp-json\/wp\/v2\/categories?post=9451"},{"taxonomy":"post_tag","embeddable":true,"href":"https:\/\/www.visit-ulcinj.com\/blog\/wp-json\/wp\/v2\/tags?post=9451"}],"curies":[{"name":"wp","href":"https:\/\/api.w.org\/{rel}","templated":true}]}}