{"id":94512,"date":"2016-02-12T13:02:02","date_gmt":"2016-02-12T12:02:02","guid":{"rendered":"http:\/\/www.visit-ulcinj.com\/blog\/?p=94512"},"modified":"2016-02-12T13:02:02","modified_gmt":"2016-02-12T12:02:02","slug":"reagim-nikes-ku-humben-vitet-shabanit","status":"publish","type":"post","link":"https:\/\/www.visit-ulcinj.com\/blog\/2016\/02\/12\/reagim-nikes-ku-humben-vitet-shabanit\/","title":{"rendered":"Reagim i Nik\u00ebs: Ku i humben vitet Shabanit&#8230;?!!!"},"content":{"rendered":"<p><strong><em><a href=\"http:\/\/www.visit-ulcinj.com\/blog\/wp-content\/uploads\/2016\/02\/VITET-E-HUMBURA-SHABAN-PERAJ.jpg\"><img loading=\"lazy\" class=\"alignleft wp-image-94514\" src=\"http:\/\/www.visit-ulcinj.com\/blog\/wp-content\/uploads\/2016\/02\/VITET-E-HUMBURA-SHABAN-PERAJ.jpg\" alt=\"VITET E HUMBURA-SHABAN-PERAJ\" width=\"508\" height=\"381\" srcset=\"https:\/\/www.visit-ulcinj.com\/blog\/wp-content\/uploads\/2016\/02\/VITET-E-HUMBURA-SHABAN-PERAJ.jpg 960w, https:\/\/www.visit-ulcinj.com\/blog\/wp-content\/uploads\/2016\/02\/VITET-E-HUMBURA-SHABAN-PERAJ-300x225.jpg 300w\" sizes=\"(max-width: 508px) 100vw, 508px\" \/><\/a>Shkruan \u2013 reagon , Muhamet Nika<\/em><\/strong><\/p>\n<p>Me k\u00ebt\u00eb reagim nuk dua t\u00eb mundohem \u00a0t\u00eb blej lumturin\u00eb \u201ce viteve t\u00eb humbura &#8230;\u201d, e cila s\u2019m\u00eb mungon dhe as t\u00eb mposht\u00eb brengen e tjetrit sepse shihet q\u00eb s\u2019kan\u00eb nevoj\u00eb p\u00ebr referenca urt\u00ebsie .Mir\u00ebpo kur botohen libra e b\u00ebhen p\u00ebrsiatje reagimesh \u2013 me rr\u00ebfime p\u00ebr t\u00eb kaluar\u00ebn , shp\u00ebrthime dhe nd\u00ebshkime q\u00eb i kalojn\u00eb kufijt\u00eb .., m\u00eb imponohet q\u00eb p\u00ebr v\u00ebshtrimin rreth librit t\u00eb\u00a0\u00a0 Shaban Perajt \u201cVitet e humbura\u201d nga <strong><em>Dr<\/em><\/strong>.Nail Draga, t\u00eb shtoj di\u00e7 , p\u00ebr opinion pasi jam i p\u00ebrmendur n\u00eb librin e sa po botuar.<\/p>\n<p>Duke mos dashur q\u00eb reaksionet t\u00eb jen\u00eb m\u00eb t\u00eb forta se aksionet , \u201cme doza po shtoj..\u201dse<\/p>\n<p>Fillimisht po them q\u00eb ka tep\u00ebr mund\u00ebsi q\u00eb Shabani dhe Naili , titullin e librit ta ken\u00eb t\u00eb huazuar n\u00eb m\u00ebnyr\u00eb t\u00eb pavet\u00ebdijshme nga Mehmet Kraja. Nga se v\u00ebrtetohet q\u00eb ky i fundit duke q\u00ebndruar me mision t\u00eb LDK*-s\u00eb n\u00eb Tiran\u00eb, ku udh\u00ebhoqi informimin n\u00eb prag t\u00eb rezistenc\u00ebs, pas luft\u00ebs pat botuar nj\u00eb lib\u00ebr po me k\u00ebt\u00eb em\u00ebr- VITE T\u00cb HUMBURA?\u201d. Ose \u00e7 \u2018\u00ebsht\u00eb m\u00eb e keqja , nga autor\u00ebt e mbr\u00ebmjes promovuese- nuk \u00ebsht\u00eb lexuar asgj\u00eb nga krijimtaria e Mehmet Kraj\u00ebs ..?!<\/p>\n<p>P\u00ebrndryshe , n\u00ebse vazhdohet k\u00ebshtu, do t\u00eb ishte tep\u00ebr qesharake, q\u00eb ky \u2013Shabani, t\u00eb p\u00ebrfshihet nga muza krijuese dhe vepr\u00ebn tjet\u00ebr t\u00eb radh\u00ebs ta quaj , p\u00ebrs\u00ebri si at\u00eb t\u00eb Kraj\u00ebs- KUKUMI\u201d&#8230;?!! E p\u00ebr t\u00eb cilin s\u00ebrish t\u00eb flas Draga, kurse me sa pash e d\u00ebgjova edhe regjisorin(Isa Qosjen) e kishin af\u00ebr- t\u00eb gjetur&#8230;?!<\/p>\n<p>Sipas Drag\u00ebs, n\u00eb v\u00ebshtrimin e tij thuhet edhe kjo\u201c &#8230;. Duke lexuar k\u00ebt\u00eb lib\u00ebr del qart\u00eb se autori ndaj \u00e7\u00ebshtjeve t\u00eb ndryshme shoq\u00ebrore nuk ka q\u00ebndruar imun&#8230;Titulli i librit\u00a0\u201c<strong>VITET E HUMBURA\u201d<\/strong>, flet mjaft p\u00ebr koh\u00ebn e cila ka qen\u00eb e till\u00eb p\u00ebr autorin e k\u00ebtij libri, por nuk dyshoj se e till\u00eb ka qen\u00eb edhe p\u00ebr t\u00eb gjith\u00eb ne&#8230;?!!<\/p>\n<p>N\u00ebse fjal\u00ebn e kan\u00eb p\u00ebr sistemin komunist \u2013 m\u00eb habit\u00eb fakti t\u00eb jet\u00eb k\u00ebshtu , sepse k\u00ebta ishin pjes\u00eb e tij dhe nuk u takon t\u00eb qahen. Andaj ka t\u00eb ngjar\u00eb q\u00eb vitet t\u2019i ken\u00eb humbur diku, gjat\u00eb shkollimit &#8211; sidomos Shabani?!<\/p>\n<p>Un\u00eb nuk e kam n\u00eb plan t\u00eb merrem m\u00eb gjat\u00eb me k\u00ebt\u00eb \u00e7\u00ebshtje, por p\u00ebr opinion po shtoj q\u00eb un\u00eb isha ai i cili me sa duket , p\u00ebr fajin e tjer\u00ebve, i humbi do vite &#8230;., Mendoj n\u00eb refuzimin q\u00eb mu b\u00eb n\u00eb nj\u00eb konkurs n\u00eb qendr\u00ebn shkollore t\u00eb Ulqinit, pasi m\u00eb refuzuan si njeri kund\u00ebr sistemit dhe i d\u00ebnuar politikisht.<\/p>\n<p><a href=\"http:\/\/www.visit-ulcinj.com\/blog\/wp-content\/uploads\/2016\/02\/Dokument-Muhamet-Nika_Shembull-diskriminimi-me-sistem.jpg\"><img loading=\"lazy\" class=\"alignleft wp-image-94513\" src=\"http:\/\/www.visit-ulcinj.com\/blog\/wp-content\/uploads\/2016\/02\/Dokument-Muhamet-Nika_Shembull-diskriminimi-me-sistem.jpg\" alt=\"Dokument-Muhamet-Nika_Shembull diskriminimi me sistem\" width=\"508\" height=\"488\" srcset=\"https:\/\/www.visit-ulcinj.com\/blog\/wp-content\/uploads\/2016\/02\/Dokument-Muhamet-Nika_Shembull-diskriminimi-me-sistem.jpg 625w, https:\/\/www.visit-ulcinj.com\/blog\/wp-content\/uploads\/2016\/02\/Dokument-Muhamet-Nika_Shembull-diskriminimi-me-sistem-300x288.jpg 300w\" sizes=\"(max-width: 508px) 100vw, 508px\" \/><\/a><\/p>\n<p><em><strong>Shembull diskriminimi me sistem:<\/strong><\/em><br \/>\n<strong><em>\u201c E zeza mbi t\u00eb bardh\u00eb\u201d- k\u00ebt\u00eb d\u00ebshmi t\u00eb refuzimit?!!! At\u00eb dit\u00eb kur m\u00eb refuzuan n\u00eb familje m\u00eb pyet\u00ebn: kur hyn n\u00eb pun\u00eb ti?! Aq m\u00eb tep\u00ebr kur ke qen edhe n\u00eb burg..?! Vet\u00eb u p\u00ebrgjigja: kur t\u00eb dalin tan\u00eb k\u00ebta q\u00eb jan\u00eb prej pune&#8230;?! \u2013Kjo nuk do t\u00eb ndodh\u00eb kurr\u00eb- m\u00eb than\u00eb?! Dhe un\u00eb, thash\u00eb , q\u00eb as un\u00eb nuk do t\u00eb pun\u00ebsohem kurr\u00eb&#8230;?! Ishte koha kur disa \u201ct\u00eb fejzbukut\u201d, m\u00eb mbajn\u00eb mend t\u00eb kem punuar edhe si pun\u00ebtor krahu n\u00ebp\u00ebr qytetet e bregdetit malazias..?! Kurse \u201cmiqt\u00eb e UDB-\u00ebs\u201d, m\u00eb sugjeronin t\u00eb ik n\u00eb m\u00ebrgim dhe t\u00eb fitoj azil politik&#8230;?!! Pasi fyerja m\u00eb b\u00ebhej nga regjimi , kuptohet se nuk m\u00eb fyente- por m\u00eb krenonte&#8230;?!!<\/em><\/strong><\/p>\n<p>&nbsp;<\/p>\n<p><strong>Pik\u00ebpamjet e shprehura n\u00eb faqen \u201cOPINIONE\u201d nuk p\u00ebrfaq\u00ebsojn\u00eb domosdoshm\u00ebrisht politik\u00ebn redaksionale t\u00eb \u201eLajmeve nga Ulqini\u201e<\/strong><\/p>\n","protected":false},"excerpt":{"rendered":"<p>Shkruan \u2013 reagon , Muhamet Nika Me k\u00ebt\u00eb reagim nuk dua t\u00eb mundohem \u00a0t\u00eb blej lumturin\u00eb \u201ce viteve t\u00eb humbura &#8230;\u201d, e cila s\u2019m\u00eb mungon dhe as t\u00eb mposht\u00eb brengen e tjetrit sepse shihet q\u00eb s\u2019kan\u00eb nevoj\u00eb p\u00ebr referenca urt\u00ebsie .Mir\u00ebpo kur botohen libra e b\u00ebhen p\u00ebrsiatje reagimesh \u2013 me rr\u00ebfime p\u00ebr t\u00eb kaluar\u00ebn , [&hellip;]<\/p>\n","protected":false},"author":1,"featured_media":0,"comment_status":"closed","ping_status":"closed","sticky":false,"template":"","format":"standard","meta":{"spay_email":"","jetpack_publicize_message":"","jetpack_is_tweetstorm":false,"jetpack_publicize_feature_enabled":true},"categories":[14249],"tags":[],"jetpack_publicize_connections":[],"yoast_head":"<!-- This site is optimized with the Yoast SEO plugin v19.1 - https:\/\/yoast.com\/wordpress\/plugins\/seo\/ -->\n<title>Reagim i Nik\u00ebs: Ku i humben vitet Shabanit...?!!! - Lajme nga Ulqini<\/title>\n<meta name=\"description\" content=\"Shkruan \u2013 reagon , Muhamet Nika Me k\u00ebt\u00eb reagim nuk dua t\u00eb mundohem \u00a0t\u00eb blej lumturin\u00eb \u201ce viteve t\u00eb humbura ...\u201d, e cila s\u2019m\u00eb mungon dhe as t\u00eb mposht\u00eb\" \/>\n<meta name=\"robots\" content=\"index, follow, max-snippet:-1, max-image-preview:large, max-video-preview:-1\" \/>\n<link rel=\"canonical\" href=\"https:\/\/www.visit-ulcinj.com\/blog\/2016\/02\/12\/reagim-nikes-ku-humben-vitet-shabanit\/\" \/>\n<meta property=\"og:locale\" content=\"en_US\" \/>\n<meta property=\"og:type\" content=\"article\" \/>\n<meta property=\"og:title\" content=\"Reagim i Nik\u00ebs: Ku i humben vitet Shabanit...?!!! - Lajme nga Ulqini\" \/>\n<meta property=\"og:description\" content=\"Shkruan \u2013 reagon , Muhamet Nika Me k\u00ebt\u00eb reagim nuk dua t\u00eb mundohem \u00a0t\u00eb blej lumturin\u00eb \u201ce viteve t\u00eb humbura ...\u201d, e cila s\u2019m\u00eb mungon dhe as t\u00eb mposht\u00eb\" \/>\n<meta property=\"og:url\" content=\"https:\/\/www.visit-ulcinj.com\/blog\/2016\/02\/12\/reagim-nikes-ku-humben-vitet-shabanit\/\" \/>\n<meta property=\"og:site_name\" content=\"Lajme nga Ulqini\" \/>\n<meta property=\"article:published_time\" content=\"2016-02-12T12:02:02+00:00\" \/>\n<meta property=\"og:image\" content=\"http:\/\/www.visit-ulcinj.com\/blog\/wp-content\/uploads\/2016\/02\/VITET-E-HUMBURA-SHABAN-PERAJ.jpg\" \/>\n<meta name=\"twitter:label1\" content=\"Written by\" \/>\n\t<meta name=\"twitter:data1\" content=\"ulqini\" \/>\n\t<meta name=\"twitter:label2\" content=\"Est. reading time\" \/>\n\t<meta name=\"twitter:data2\" content=\"3 minutes\" \/>\n<script type=\"application\/ld+json\" class=\"yoast-schema-graph\">{\"@context\":\"https:\/\/schema.org\",\"@graph\":[{\"@type\":\"WebSite\",\"@id\":\"https:\/\/www.visit-ulcinj.com\/blog\/#website\",\"url\":\"https:\/\/www.visit-ulcinj.com\/blog\/\",\"name\":\"Lajme nga Ulqini\",\"description\":\"Lajme,Vijesti,Ulqini,Ulqin,Crna Gora,Mali i Zi\",\"potentialAction\":[{\"@type\":\"SearchAction\",\"target\":{\"@type\":\"EntryPoint\",\"urlTemplate\":\"https:\/\/www.visit-ulcinj.com\/blog\/?s={search_term_string}\"},\"query-input\":\"required name=search_term_string\"}],\"inLanguage\":\"en-US\"},{\"@type\":\"ImageObject\",\"inLanguage\":\"en-US\",\"@id\":\"https:\/\/www.visit-ulcinj.com\/blog\/2016\/02\/12\/reagim-nikes-ku-humben-vitet-shabanit\/#primaryimage\",\"url\":\"https:\/\/www.visit-ulcinj.com\/blog\/wp-content\/uploads\/2016\/02\/VITET-E-HUMBURA-SHABAN-PERAJ.jpg\",\"contentUrl\":\"https:\/\/www.visit-ulcinj.com\/blog\/wp-content\/uploads\/2016\/02\/VITET-E-HUMBURA-SHABAN-PERAJ.jpg\",\"width\":960,\"height\":720},{\"@type\":\"WebPage\",\"@id\":\"https:\/\/www.visit-ulcinj.com\/blog\/2016\/02\/12\/reagim-nikes-ku-humben-vitet-shabanit\/#webpage\",\"url\":\"https:\/\/www.visit-ulcinj.com\/blog\/2016\/02\/12\/reagim-nikes-ku-humben-vitet-shabanit\/\",\"name\":\"Reagim i Nik\u00ebs: Ku i humben vitet Shabanit...?!!! - Lajme nga Ulqini\",\"isPartOf\":{\"@id\":\"https:\/\/www.visit-ulcinj.com\/blog\/#website\"},\"primaryImageOfPage\":{\"@id\":\"https:\/\/www.visit-ulcinj.com\/blog\/2016\/02\/12\/reagim-nikes-ku-humben-vitet-shabanit\/#primaryimage\"},\"datePublished\":\"2016-02-12T12:02:02+00:00\",\"dateModified\":\"2016-02-12T12:02:02+00:00\",\"author\":{\"@id\":\"https:\/\/www.visit-ulcinj.com\/blog\/#\/schema\/person\/dcab619c614d3038751c63bc2aadc06d\"},\"description\":\"Shkruan \u2013 reagon , Muhamet Nika Me k\u00ebt\u00eb reagim nuk dua t\u00eb mundohem \u00a0t\u00eb blej lumturin\u00eb \u201ce viteve t\u00eb humbura ...\u201d, e cila s\u2019m\u00eb mungon dhe as t\u00eb mposht\u00eb\",\"breadcrumb\":{\"@id\":\"https:\/\/www.visit-ulcinj.com\/blog\/2016\/02\/12\/reagim-nikes-ku-humben-vitet-shabanit\/#breadcrumb\"},\"inLanguage\":\"en-US\",\"potentialAction\":[{\"@type\":\"ReadAction\",\"target\":[\"https:\/\/www.visit-ulcinj.com\/blog\/2016\/02\/12\/reagim-nikes-ku-humben-vitet-shabanit\/\"]}]},{\"@type\":\"BreadcrumbList\",\"@id\":\"https:\/\/www.visit-ulcinj.com\/blog\/2016\/02\/12\/reagim-nikes-ku-humben-vitet-shabanit\/#breadcrumb\",\"itemListElement\":[{\"@type\":\"ListItem\",\"position\":1,\"name\":\"Reagim i Nik\u00ebs: Ku i humben vitet Shabanit&#8230;?!!!\"}]},{\"@type\":\"Person\",\"@id\":\"https:\/\/www.visit-ulcinj.com\/blog\/#\/schema\/person\/dcab619c614d3038751c63bc2aadc06d\",\"name\":\"ulqini\",\"sameAs\":[\"http:\/\/www.visit-ulcinj.com\"],\"url\":\"https:\/\/www.visit-ulcinj.com\/blog\/author\/admin\/\"}]}<\/script>\n<!-- \/ Yoast SEO plugin. -->","yoast_head_json":{"title":"Reagim i Nik\u00ebs: Ku i humben vitet Shabanit...?!!! - Lajme nga Ulqini","description":"Shkruan \u2013 reagon , Muhamet Nika Me k\u00ebt\u00eb reagim nuk dua t\u00eb mundohem \u00a0t\u00eb blej lumturin\u00eb \u201ce viteve t\u00eb humbura ...\u201d, e cila s\u2019m\u00eb mungon dhe as t\u00eb mposht\u00eb","robots":{"index":"index","follow":"follow","max-snippet":"max-snippet:-1","max-image-preview":"max-image-preview:large","max-video-preview":"max-video-preview:-1"},"canonical":"https:\/\/www.visit-ulcinj.com\/blog\/2016\/02\/12\/reagim-nikes-ku-humben-vitet-shabanit\/","og_locale":"en_US","og_type":"article","og_title":"Reagim i Nik\u00ebs: Ku i humben vitet Shabanit...?!!! - Lajme nga Ulqini","og_description":"Shkruan \u2013 reagon , Muhamet Nika Me k\u00ebt\u00eb reagim nuk dua t\u00eb mundohem \u00a0t\u00eb blej lumturin\u00eb \u201ce viteve t\u00eb humbura ...\u201d, e cila s\u2019m\u00eb mungon dhe as t\u00eb mposht\u00eb","og_url":"https:\/\/www.visit-ulcinj.com\/blog\/2016\/02\/12\/reagim-nikes-ku-humben-vitet-shabanit\/","og_site_name":"Lajme nga Ulqini","article_published_time":"2016-02-12T12:02:02+00:00","og_image":[{"url":"http:\/\/www.visit-ulcinj.com\/blog\/wp-content\/uploads\/2016\/02\/VITET-E-HUMBURA-SHABAN-PERAJ.jpg"}],"twitter_misc":{"Written by":"ulqini","Est. reading time":"3 minutes"},"schema":{"@context":"https:\/\/schema.org","@graph":[{"@type":"WebSite","@id":"https:\/\/www.visit-ulcinj.com\/blog\/#website","url":"https:\/\/www.visit-ulcinj.com\/blog\/","name":"Lajme nga Ulqini","description":"Lajme,Vijesti,Ulqini,Ulqin,Crna Gora,Mali i Zi","potentialAction":[{"@type":"SearchAction","target":{"@type":"EntryPoint","urlTemplate":"https:\/\/www.visit-ulcinj.com\/blog\/?s={search_term_string}"},"query-input":"required name=search_term_string"}],"inLanguage":"en-US"},{"@type":"ImageObject","inLanguage":"en-US","@id":"https:\/\/www.visit-ulcinj.com\/blog\/2016\/02\/12\/reagim-nikes-ku-humben-vitet-shabanit\/#primaryimage","url":"https:\/\/www.visit-ulcinj.com\/blog\/wp-content\/uploads\/2016\/02\/VITET-E-HUMBURA-SHABAN-PERAJ.jpg","contentUrl":"https:\/\/www.visit-ulcinj.com\/blog\/wp-content\/uploads\/2016\/02\/VITET-E-HUMBURA-SHABAN-PERAJ.jpg","width":960,"height":720},{"@type":"WebPage","@id":"https:\/\/www.visit-ulcinj.com\/blog\/2016\/02\/12\/reagim-nikes-ku-humben-vitet-shabanit\/#webpage","url":"https:\/\/www.visit-ulcinj.com\/blog\/2016\/02\/12\/reagim-nikes-ku-humben-vitet-shabanit\/","name":"Reagim i Nik\u00ebs: Ku i humben vitet Shabanit...?!!! - Lajme nga Ulqini","isPartOf":{"@id":"https:\/\/www.visit-ulcinj.com\/blog\/#website"},"primaryImageOfPage":{"@id":"https:\/\/www.visit-ulcinj.com\/blog\/2016\/02\/12\/reagim-nikes-ku-humben-vitet-shabanit\/#primaryimage"},"datePublished":"2016-02-12T12:02:02+00:00","dateModified":"2016-02-12T12:02:02+00:00","author":{"@id":"https:\/\/www.visit-ulcinj.com\/blog\/#\/schema\/person\/dcab619c614d3038751c63bc2aadc06d"},"description":"Shkruan \u2013 reagon , Muhamet Nika Me k\u00ebt\u00eb reagim nuk dua t\u00eb mundohem \u00a0t\u00eb blej lumturin\u00eb \u201ce viteve t\u00eb humbura ...\u201d, e cila s\u2019m\u00eb mungon dhe as t\u00eb mposht\u00eb","breadcrumb":{"@id":"https:\/\/www.visit-ulcinj.com\/blog\/2016\/02\/12\/reagim-nikes-ku-humben-vitet-shabanit\/#breadcrumb"},"inLanguage":"en-US","potentialAction":[{"@type":"ReadAction","target":["https:\/\/www.visit-ulcinj.com\/blog\/2016\/02\/12\/reagim-nikes-ku-humben-vitet-shabanit\/"]}]},{"@type":"BreadcrumbList","@id":"https:\/\/www.visit-ulcinj.com\/blog\/2016\/02\/12\/reagim-nikes-ku-humben-vitet-shabanit\/#breadcrumb","itemListElement":[{"@type":"ListItem","position":1,"name":"Reagim i Nik\u00ebs: Ku i humben vitet Shabanit&#8230;?!!!"}]},{"@type":"Person","@id":"https:\/\/www.visit-ulcinj.com\/blog\/#\/schema\/person\/dcab619c614d3038751c63bc2aadc06d","name":"ulqini","sameAs":["http:\/\/www.visit-ulcinj.com"],"url":"https:\/\/www.visit-ulcinj.com\/blog\/author\/admin\/"}]}},"jetpack_featured_media_url":"","jetpack_sharing_enabled":true,"jetpack_shortlink":"https:\/\/wp.me\/pe6lTn-oAo","_links":{"self":[{"href":"https:\/\/www.visit-ulcinj.com\/blog\/wp-json\/wp\/v2\/posts\/94512"}],"collection":[{"href":"https:\/\/www.visit-ulcinj.com\/blog\/wp-json\/wp\/v2\/posts"}],"about":[{"href":"https:\/\/www.visit-ulcinj.com\/blog\/wp-json\/wp\/v2\/types\/post"}],"author":[{"embeddable":true,"href":"https:\/\/www.visit-ulcinj.com\/blog\/wp-json\/wp\/v2\/users\/1"}],"replies":[{"embeddable":true,"href":"https:\/\/www.visit-ulcinj.com\/blog\/wp-json\/wp\/v2\/comments?post=94512"}],"version-history":[{"count":1,"href":"https:\/\/www.visit-ulcinj.com\/blog\/wp-json\/wp\/v2\/posts\/94512\/revisions"}],"predecessor-version":[{"id":94515,"href":"https:\/\/www.visit-ulcinj.com\/blog\/wp-json\/wp\/v2\/posts\/94512\/revisions\/94515"}],"wp:attachment":[{"href":"https:\/\/www.visit-ulcinj.com\/blog\/wp-json\/wp\/v2\/media?parent=94512"}],"wp:term":[{"taxonomy":"category","embeddable":true,"href":"https:\/\/www.visit-ulcinj.com\/blog\/wp-json\/wp\/v2\/categories?post=94512"},{"taxonomy":"post_tag","embeddable":true,"href":"https:\/\/www.visit-ulcinj.com\/blog\/wp-json\/wp\/v2\/tags?post=94512"}],"curies":[{"name":"wp","href":"https:\/\/api.w.org\/{rel}","templated":true}]}}