{"id":94516,"date":"2016-02-12T18:15:49","date_gmt":"2016-02-12T17:15:49","guid":{"rendered":"http:\/\/www.visit-ulcinj.com\/blog\/?p=94516"},"modified":"2016-02-12T18:16:23","modified_gmt":"2016-02-12T17:16:23","slug":"nika-vizita-te-nishani-dhe-kthimi-ne-vitin-zero-ii","status":"publish","type":"post","link":"https:\/\/www.visit-ulcinj.com\/blog\/2016\/02\/12\/nika-vizita-te-nishani-dhe-kthimi-ne-vitin-zero-ii\/","title":{"rendered":"Nika: Vizita te Nishani dhe \u201ckthimi n\u00eb vitin zero\u2026\u201d ?!! ( II )"},"content":{"rendered":"<p><strong><a href=\"http:\/\/www.visit-ulcinj.com\/blog\/wp-content\/uploads\/2016\/02\/Bujar-Nishani-me-drejtuesit-e-partive-shqiptare-n\u00eb-Mal-t\u00eb-Zi-Durres.jpg\"><img loading=\"lazy\" class=\"alignleft wp-image-94342\" src=\"http:\/\/www.visit-ulcinj.com\/blog\/wp-content\/uploads\/2016\/02\/Bujar-Nishani-me-drejtuesit-e-partive-shqiptare-n\u00eb-Mal-t\u00eb-Zi-Durres.jpg\" alt=\"Bujar-Nishani -me drejtuesit e partive shqiptare n\u00eb Mal t\u00eb Zi-Durres\" width=\"508\" height=\"337\" srcset=\"https:\/\/www.visit-ulcinj.com\/blog\/wp-content\/uploads\/2016\/02\/Bujar-Nishani-me-drejtuesit-e-partive-shqiptare-n\u00eb-Mal-t\u00eb-Zi-Durres.jpg 810w, https:\/\/www.visit-ulcinj.com\/blog\/wp-content\/uploads\/2016\/02\/Bujar-Nishani-me-drejtuesit-e-partive-shqiptare-n\u00eb-Mal-t\u00eb-Zi-Durres-300x199.jpg 300w\" sizes=\"(max-width: 508px) 100vw, 508px\" \/><\/a>Shkruan Muhamet Nika<\/strong><\/p>\n<p>Kur vendos\u00ebm t\u00eb shkruajm\u00eb p\u00ebr karakterin e vizit\u00ebs dhe q\u00ebllimin e takimit t\u00eb lider\u00ebve shqiptar\u00eb t\u00eb presidenti Nshani, n\u00eb Durr\u00ebs- pat\u00eb q\u00eb , jo rast\u00ebsisht , nj\u00eb pjes\u00eb nga titulli e vum\u00eb n\u00eb thonj\u00ebza dhe k\u00ebt\u00eb jo paq\u00ebllim?! N\u00eb se m\u00eb pyesni pse ?, Kjo kishte t\u00eb b\u00ebnte me vet\u00eb faktin , q\u00eb pjesa e n\u00ebnvizuar, m\u00eb kishte mbetur n\u00eb kok\u00eb\u00a0\u00a0 nga nj\u00eb artikull i gazetarit Ali Salaj rreth vizit\u00ebs at\u00ebhershme. Q\u00ebllimi final i saj at\u00ebher\u00eb ish- ujdia e n\u00ebnshkrimit t\u00eb nj\u00eb marr\u00ebveshje si platform\u00eb e p\u00ebrbashk\u00ebt. Pasi kjo nuk u arrit, rezultatet e k\u00ebsaj konference \u2013 Ali Salaj n\u00eb shkrimin e tij q\u00eb solli, pat qen\u00eb \u201c <strong>Konferenca e Uashingtonit dhe kthimi n\u00eb vitin zero<\/strong>.<\/p>\n<p>E kjo po m\u00eb duket se i shkon pozit\u00ebs dhe rolit t\u00eb k\u00ebtij grupi q\u00eb shihni dhe i cili n\u00eb em\u00ebr t\u00eb k\u00ebrkesave t\u00eb shqiptar\u00ebve , po\u201d shetit\u00eb \u201c &#8211; posht\u00eb e lart ..?!!<\/p>\n<p><strong><em>A kan\u00eb partit\u00eb shqiptare platforma t\u00eb ve\u00e7anta dhe t\u00eb p\u00ebrbashk\u00ebta..?!!<\/em><\/strong><\/p>\n<p>Si dokument politik i tyre i p\u00ebrbashk\u00ebt deri von\u00eb ishte Memorandumi p\u00ebr Status Special, por nga ky , p\u00ebrve\u00e7 Lidhjes dhe Prosperitetit, partit\u00eb tjera , si UDSH-bashk\u00eb me fraksionet e saja e mohuan k\u00ebt\u00eb .Kurse Udsh- hartoi platform\u00ebn e vet p\u00ebr autonomi personale,.<\/p>\n<p>LD- n\u00eb Mz, kish hartuar n\u00eb frym\u00ebn e Memorandumit , platform\u00ebn politike t\u00eb veten t\u00eb cil\u00ebn e mbante n\u00eb arkiv dhe nuk e adresoi ku n\u00eb shtet ose n\u00eb institucionet e huaja.<\/p>\n<p>PPD,nga ana e vet- kish hartuar Plat\u00ebform\u00ebn e saj &#8211; me referenca t\u00eb dokumenteve nd\u00ebrkomb\u00ebtare , dhe t\u00eb cil\u00ebn e kish botuar n\u00eb 3 gjuh\u00eb (shqip serbisht dhe anglisht) , kurse ia pat dor\u00ebzuar edhe komisionit p\u00ebr hartim t\u00eb kushtetut\u00ebs s\u00eb Malit t\u00eb Zi.<\/p>\n<p><a href=\"http:\/\/www.visit-ulcinj.com\/blog\/wp-content\/uploads\/2016\/02\/Dokument-Muhamet-Nika_Shembull-PPD.jpg\"><img loading=\"lazy\" class=\"alignleft wp-image-94517\" src=\"http:\/\/www.visit-ulcinj.com\/blog\/wp-content\/uploads\/2016\/02\/Dokument-Muhamet-Nika_Shembull-PPD.jpg\" alt=\"Dokument-Muhamet-Nika_Shembull -PPD\" width=\"508\" height=\"420\" srcset=\"https:\/\/www.visit-ulcinj.com\/blog\/wp-content\/uploads\/2016\/02\/Dokument-Muhamet-Nika_Shembull-PPD.jpg 800w, https:\/\/www.visit-ulcinj.com\/blog\/wp-content\/uploads\/2016\/02\/Dokument-Muhamet-Nika_Shembull-PPD-300x248.jpg 300w\" sizes=\"(max-width: 508px) 100vw, 508px\" \/><\/a><\/p>\n<p><strong>Fotokopje e shkrimit t\u00eb Pobjed\u00ebs, p\u00ebr platform\u00ebn e PPD \u2013s\u00eb , dor\u00ebzuar, Komisionit Kushtetues 2007-si shtet i ri<\/strong><\/p>\n<p>Nd\u00ebrsa BDSH , nuk tha se ka dokument t\u00eb vetin, kurse Forca , gjithashtu nuk tha se ka dokument t\u00eb vetin politik, p\u00ebrve\u00e7se n\u00eb m\u00ebnyr\u00eb teatrale , lideri i saj Cungu , nga ndonj\u00eb her\u00eb,dhe para kamerave t\u00eb Teut\u00ebs, tregonte nj\u00eb broshure &#8211; duke th\u00ebn\u00eb se ajo posedon nj\u00eb dokument ekonomik- duke shtuar se atij politik i KISHTE KALUAR KOHA &#8230;. Bile t\u00eb imponojn\u00eb p\u00ebrshtypjen se mir\u00ebqenia n\u00eb Ulqin do t\u00eb arrij\u00eb kur \u00e7do gj\u00eb t\u00eb jet\u00eb Cungu kompani- pa Selimin Kompani&#8230;?!!!<br \/>\nPo cil\u00ebt ishin personat q\u00eb n\u00ebnshkruan aktin p\u00ebr Memorandum \u2013 dhe mor\u00ebn pjes\u00eb n\u00eb Konferenc\u00ebn e Paqes p\u00ebr ish-Jugosllavin\u00eb , por m\u00eb von\u00eb tin\u00ebz e braktis\u00ebn, q\u00eb ishin :<\/p>\n<p>o Vasel Margilaj Tuz<br \/>\no Gjergj Gjokaj \u201c<br \/>\no Mehmet Bardhi Ulqin<br \/>\no Elez Nikeziqi \u201c<br \/>\no Mehmet Gjoni \u201c<br \/>\no Fuat Nimai \u201c<br \/>\no Mustaf \u00c7apuni \u201c<br \/>\no Mr. Ismail Doda Kraj<br \/>\no Mr. Nail Draga Ana e Malit<br \/>\no Haxhi Shabani \u201c<br \/>\no Muhamet Nika \u201c<br \/>\no Haxhi Taipi \u201c<br \/>\no Sabri Halili \u201c<br \/>\no Basri \u00c7apriqi \u201c<br \/>\no Emin Halili Ulqin<br \/>\no Anton Berishaj Tuz<br \/>\no Abdullah Kurti Ulqin<br \/>\no Gjergj Goj\u00e7aj Tuz<br \/>\no Riza Rexha Ulqin<br \/>\no I pa deshifruar<br \/>\no Mustaf\u00eb Mustafaj Ana e Malit<br \/>\no Taip Kurti \u201c<br \/>\no Zenel Doda \u201c<br \/>\no Sbri Teliqi \u201c<br \/>\no Beqir Mustafaj \u201c<br \/>\no Bajram Rexha Ulqin<br \/>\no Sadri Kukaj Plav\u00eb<br \/>\no Ahmet Gjonbalaj \u201c<br \/>\no Ali Doda \u201c<br \/>\no Esat Cafi Ulqin<br \/>\no Nik\u00eb Palkola \u201c<br \/>\no Muharrem Ardolli Kraj\u00eb<br \/>\no Ali Gje\u00e7britaj \u201c<br \/>\no Ibrahim Berjashi \u201c<br \/>\no Shemso Hasanagaj Ulqin<br \/>\no Shyqyri Kahari \u201c<br \/>\no Shaban Peraj \u201c<br \/>\no Ferit Kurti \u201c<br \/>\no Lulash Palushaj Tuz<\/p>\n<p><a href=\"http:\/\/www.visit-ulcinj.com\/blog\/wp-content\/uploads\/2016\/02\/Faksimili-i-delegateve-shqiptar-.jpg\"><img loading=\"lazy\" class=\"alignleft wp-image-94518\" src=\"http:\/\/www.visit-ulcinj.com\/blog\/wp-content\/uploads\/2016\/02\/Faksimili-i-delegateve-shqiptar-.jpg\" alt=\"Faksimili-i-delegateve-shqiptar-\" width=\"508\" height=\"824\" srcset=\"https:\/\/www.visit-ulcinj.com\/blog\/wp-content\/uploads\/2016\/02\/Faksimili-i-delegateve-shqiptar-.jpg 512w, https:\/\/www.visit-ulcinj.com\/blog\/wp-content\/uploads\/2016\/02\/Faksimili-i-delegateve-shqiptar--185x300.jpg 185w\" sizes=\"(max-width: 508px) 100vw, 508px\" \/><\/a><\/p>\n<p><em><strong>Vazhdon:<br \/>\nP\u00ebr \u00e7far\u00eb dokumenti politik u angazhuan para opinionit malazias deputet\u00ebt dhe ministrat shqiptar\u00eb dhe \u00e7far\u00eb deklaruan zyrtarisht.?!! P\u00ebr t\u00eb ruajtur autenticitetin do t\u00eb jepen ashtu si i gjet\u00ebm n\u00eb gjuh\u00ebn serbe , prononcimet e tyre- me ndonj\u00eb koment t\u00eb vog\u00ebl shqip- tonin?!!<\/strong><\/em><\/p>\n<p>&nbsp;<\/p>\n<p><strong>Pik\u00ebpamjet e shprehura n\u00eb faqen \u201cOPINIONE\u201d nuk p\u00ebrfaq\u00ebsojn\u00eb domosdoshm\u00ebrisht politik\u00ebn redaksionale t\u00eb \u201eLajmeve nga Ulqini\u201e<\/strong><\/p>\n","protected":false},"excerpt":{"rendered":"<p>Shkruan Muhamet Nika Kur vendos\u00ebm t\u00eb shkruajm\u00eb p\u00ebr karakterin e vizit\u00ebs dhe q\u00ebllimin e takimit t\u00eb lider\u00ebve shqiptar\u00eb t\u00eb presidenti Nshani, n\u00eb Durr\u00ebs- pat\u00eb q\u00eb , jo rast\u00ebsisht , nj\u00eb pjes\u00eb nga titulli e vum\u00eb n\u00eb thonj\u00ebza dhe k\u00ebt\u00eb jo paq\u00ebllim?! N\u00eb se m\u00eb pyesni pse ?, Kjo kishte t\u00eb b\u00ebnte me vet\u00eb faktin , [&hellip;]<\/p>\n","protected":false},"author":1,"featured_media":0,"comment_status":"closed","ping_status":"closed","sticky":false,"template":"","format":"standard","meta":{"spay_email":"","jetpack_publicize_message":"","jetpack_is_tweetstorm":false,"jetpack_publicize_feature_enabled":true},"categories":[14],"tags":[],"jetpack_publicize_connections":[],"yoast_head":"<!-- This site is optimized with the Yoast SEO plugin v19.1 - https:\/\/yoast.com\/wordpress\/plugins\/seo\/ -->\n<title>Nika: Vizita te Nishani dhe \u201ckthimi n\u00eb vitin zero\u2026\u201d ?!! ( II ) - Lajme nga Ulqini<\/title>\n<meta name=\"description\" content=\"Shkruan Muhamet Nika Kur vendos\u00ebm t\u00eb shkruajm\u00eb p\u00ebr karakterin e vizit\u00ebs dhe q\u00ebllimin e takimit t\u00eb lider\u00ebve shqiptar\u00eb t\u00eb presidenti Nshani, n\u00eb Durr\u00ebs- pat\u00eb\" \/>\n<meta name=\"robots\" content=\"index, follow, max-snippet:-1, max-image-preview:large, max-video-preview:-1\" \/>\n<link rel=\"canonical\" href=\"https:\/\/www.visit-ulcinj.com\/blog\/2016\/02\/12\/nika-vizita-te-nishani-dhe-kthimi-ne-vitin-zero-ii\/\" \/>\n<meta property=\"og:locale\" content=\"en_US\" \/>\n<meta property=\"og:type\" content=\"article\" \/>\n<meta property=\"og:title\" content=\"Nika: Vizita te Nishani dhe \u201ckthimi n\u00eb vitin zero\u2026\u201d ?!! ( II ) - Lajme nga Ulqini\" \/>\n<meta property=\"og:description\" content=\"Shkruan Muhamet Nika Kur vendos\u00ebm t\u00eb shkruajm\u00eb p\u00ebr karakterin e vizit\u00ebs dhe q\u00ebllimin e takimit t\u00eb lider\u00ebve shqiptar\u00eb t\u00eb presidenti Nshani, n\u00eb Durr\u00ebs- pat\u00eb\" \/>\n<meta property=\"og:url\" content=\"https:\/\/www.visit-ulcinj.com\/blog\/2016\/02\/12\/nika-vizita-te-nishani-dhe-kthimi-ne-vitin-zero-ii\/\" \/>\n<meta property=\"og:site_name\" content=\"Lajme nga Ulqini\" \/>\n<meta property=\"article:published_time\" content=\"2016-02-12T17:15:49+00:00\" \/>\n<meta property=\"article:modified_time\" content=\"2016-02-12T17:16:23+00:00\" \/>\n<meta property=\"og:image\" content=\"http:\/\/www.visit-ulcinj.com\/blog\/wp-content\/uploads\/2016\/02\/Dokument-Muhamet-Nika_Shembull-PPD.jpg\" \/>\n<meta name=\"twitter:label1\" content=\"Written by\" \/>\n\t<meta name=\"twitter:data1\" content=\"ulqini\" \/>\n\t<meta name=\"twitter:label2\" content=\"Est. reading time\" \/>\n\t<meta name=\"twitter:data2\" content=\"3 minutes\" \/>\n<script type=\"application\/ld+json\" class=\"yoast-schema-graph\">{\"@context\":\"https:\/\/schema.org\",\"@graph\":[{\"@type\":\"WebSite\",\"@id\":\"https:\/\/www.visit-ulcinj.com\/blog\/#website\",\"url\":\"https:\/\/www.visit-ulcinj.com\/blog\/\",\"name\":\"Lajme nga Ulqini\",\"description\":\"Lajme,Vijesti,Ulqini,Ulqin,Crna Gora,Mali i Zi\",\"potentialAction\":[{\"@type\":\"SearchAction\",\"target\":{\"@type\":\"EntryPoint\",\"urlTemplate\":\"https:\/\/www.visit-ulcinj.com\/blog\/?s={search_term_string}\"},\"query-input\":\"required name=search_term_string\"}],\"inLanguage\":\"en-US\"},{\"@type\":\"ImageObject\",\"inLanguage\":\"en-US\",\"@id\":\"https:\/\/www.visit-ulcinj.com\/blog\/2016\/02\/12\/nika-vizita-te-nishani-dhe-kthimi-ne-vitin-zero-ii\/#primaryimage\",\"url\":\"https:\/\/www.visit-ulcinj.com\/blog\/wp-content\/uploads\/2016\/02\/Dokument-Muhamet-Nika_Shembull-PPD.jpg\",\"contentUrl\":\"https:\/\/www.visit-ulcinj.com\/blog\/wp-content\/uploads\/2016\/02\/Dokument-Muhamet-Nika_Shembull-PPD.jpg\",\"width\":800,\"height\":662},{\"@type\":\"WebPage\",\"@id\":\"https:\/\/www.visit-ulcinj.com\/blog\/2016\/02\/12\/nika-vizita-te-nishani-dhe-kthimi-ne-vitin-zero-ii\/#webpage\",\"url\":\"https:\/\/www.visit-ulcinj.com\/blog\/2016\/02\/12\/nika-vizita-te-nishani-dhe-kthimi-ne-vitin-zero-ii\/\",\"name\":\"Nika: Vizita te Nishani dhe \u201ckthimi n\u00eb vitin zero\u2026\u201d ?!! ( II ) - Lajme nga Ulqini\",\"isPartOf\":{\"@id\":\"https:\/\/www.visit-ulcinj.com\/blog\/#website\"},\"primaryImageOfPage\":{\"@id\":\"https:\/\/www.visit-ulcinj.com\/blog\/2016\/02\/12\/nika-vizita-te-nishani-dhe-kthimi-ne-vitin-zero-ii\/#primaryimage\"},\"datePublished\":\"2016-02-12T17:15:49+00:00\",\"dateModified\":\"2016-02-12T17:16:23+00:00\",\"author\":{\"@id\":\"https:\/\/www.visit-ulcinj.com\/blog\/#\/schema\/person\/dcab619c614d3038751c63bc2aadc06d\"},\"description\":\"Shkruan Muhamet Nika Kur vendos\u00ebm t\u00eb shkruajm\u00eb p\u00ebr karakterin e vizit\u00ebs dhe q\u00ebllimin e takimit t\u00eb lider\u00ebve shqiptar\u00eb t\u00eb presidenti Nshani, n\u00eb Durr\u00ebs- pat\u00eb\",\"breadcrumb\":{\"@id\":\"https:\/\/www.visit-ulcinj.com\/blog\/2016\/02\/12\/nika-vizita-te-nishani-dhe-kthimi-ne-vitin-zero-ii\/#breadcrumb\"},\"inLanguage\":\"en-US\",\"potentialAction\":[{\"@type\":\"ReadAction\",\"target\":[\"https:\/\/www.visit-ulcinj.com\/blog\/2016\/02\/12\/nika-vizita-te-nishani-dhe-kthimi-ne-vitin-zero-ii\/\"]}]},{\"@type\":\"BreadcrumbList\",\"@id\":\"https:\/\/www.visit-ulcinj.com\/blog\/2016\/02\/12\/nika-vizita-te-nishani-dhe-kthimi-ne-vitin-zero-ii\/#breadcrumb\",\"itemListElement\":[{\"@type\":\"ListItem\",\"position\":1,\"name\":\"Nika: Vizita te Nishani dhe \u201ckthimi n\u00eb vitin zero\u2026\u201d ?!! ( II )\"}]},{\"@type\":\"Person\",\"@id\":\"https:\/\/www.visit-ulcinj.com\/blog\/#\/schema\/person\/dcab619c614d3038751c63bc2aadc06d\",\"name\":\"ulqini\",\"sameAs\":[\"http:\/\/www.visit-ulcinj.com\"],\"url\":\"https:\/\/www.visit-ulcinj.com\/blog\/author\/admin\/\"}]}<\/script>\n<!-- \/ Yoast SEO plugin. -->","yoast_head_json":{"title":"Nika: Vizita te Nishani dhe \u201ckthimi n\u00eb vitin zero\u2026\u201d ?!! ( II ) - Lajme nga Ulqini","description":"Shkruan Muhamet Nika Kur vendos\u00ebm t\u00eb shkruajm\u00eb p\u00ebr karakterin e vizit\u00ebs dhe q\u00ebllimin e takimit t\u00eb lider\u00ebve shqiptar\u00eb t\u00eb presidenti Nshani, n\u00eb Durr\u00ebs- pat\u00eb","robots":{"index":"index","follow":"follow","max-snippet":"max-snippet:-1","max-image-preview":"max-image-preview:large","max-video-preview":"max-video-preview:-1"},"canonical":"https:\/\/www.visit-ulcinj.com\/blog\/2016\/02\/12\/nika-vizita-te-nishani-dhe-kthimi-ne-vitin-zero-ii\/","og_locale":"en_US","og_type":"article","og_title":"Nika: Vizita te Nishani dhe \u201ckthimi n\u00eb vitin zero\u2026\u201d ?!! ( II ) - Lajme nga Ulqini","og_description":"Shkruan Muhamet Nika Kur vendos\u00ebm t\u00eb shkruajm\u00eb p\u00ebr karakterin e vizit\u00ebs dhe q\u00ebllimin e takimit t\u00eb lider\u00ebve shqiptar\u00eb t\u00eb presidenti Nshani, n\u00eb Durr\u00ebs- pat\u00eb","og_url":"https:\/\/www.visit-ulcinj.com\/blog\/2016\/02\/12\/nika-vizita-te-nishani-dhe-kthimi-ne-vitin-zero-ii\/","og_site_name":"Lajme nga Ulqini","article_published_time":"2016-02-12T17:15:49+00:00","article_modified_time":"2016-02-12T17:16:23+00:00","og_image":[{"url":"http:\/\/www.visit-ulcinj.com\/blog\/wp-content\/uploads\/2016\/02\/Dokument-Muhamet-Nika_Shembull-PPD.jpg"}],"twitter_misc":{"Written by":"ulqini","Est. reading time":"3 minutes"},"schema":{"@context":"https:\/\/schema.org","@graph":[{"@type":"WebSite","@id":"https:\/\/www.visit-ulcinj.com\/blog\/#website","url":"https:\/\/www.visit-ulcinj.com\/blog\/","name":"Lajme nga Ulqini","description":"Lajme,Vijesti,Ulqini,Ulqin,Crna Gora,Mali i Zi","potentialAction":[{"@type":"SearchAction","target":{"@type":"EntryPoint","urlTemplate":"https:\/\/www.visit-ulcinj.com\/blog\/?s={search_term_string}"},"query-input":"required name=search_term_string"}],"inLanguage":"en-US"},{"@type":"ImageObject","inLanguage":"en-US","@id":"https:\/\/www.visit-ulcinj.com\/blog\/2016\/02\/12\/nika-vizita-te-nishani-dhe-kthimi-ne-vitin-zero-ii\/#primaryimage","url":"https:\/\/www.visit-ulcinj.com\/blog\/wp-content\/uploads\/2016\/02\/Dokument-Muhamet-Nika_Shembull-PPD.jpg","contentUrl":"https:\/\/www.visit-ulcinj.com\/blog\/wp-content\/uploads\/2016\/02\/Dokument-Muhamet-Nika_Shembull-PPD.jpg","width":800,"height":662},{"@type":"WebPage","@id":"https:\/\/www.visit-ulcinj.com\/blog\/2016\/02\/12\/nika-vizita-te-nishani-dhe-kthimi-ne-vitin-zero-ii\/#webpage","url":"https:\/\/www.visit-ulcinj.com\/blog\/2016\/02\/12\/nika-vizita-te-nishani-dhe-kthimi-ne-vitin-zero-ii\/","name":"Nika: Vizita te Nishani dhe \u201ckthimi n\u00eb vitin zero\u2026\u201d ?!! ( II ) - Lajme nga Ulqini","isPartOf":{"@id":"https:\/\/www.visit-ulcinj.com\/blog\/#website"},"primaryImageOfPage":{"@id":"https:\/\/www.visit-ulcinj.com\/blog\/2016\/02\/12\/nika-vizita-te-nishani-dhe-kthimi-ne-vitin-zero-ii\/#primaryimage"},"datePublished":"2016-02-12T17:15:49+00:00","dateModified":"2016-02-12T17:16:23+00:00","author":{"@id":"https:\/\/www.visit-ulcinj.com\/blog\/#\/schema\/person\/dcab619c614d3038751c63bc2aadc06d"},"description":"Shkruan Muhamet Nika Kur vendos\u00ebm t\u00eb shkruajm\u00eb p\u00ebr karakterin e vizit\u00ebs dhe q\u00ebllimin e takimit t\u00eb lider\u00ebve shqiptar\u00eb t\u00eb presidenti Nshani, n\u00eb Durr\u00ebs- pat\u00eb","breadcrumb":{"@id":"https:\/\/www.visit-ulcinj.com\/blog\/2016\/02\/12\/nika-vizita-te-nishani-dhe-kthimi-ne-vitin-zero-ii\/#breadcrumb"},"inLanguage":"en-US","potentialAction":[{"@type":"ReadAction","target":["https:\/\/www.visit-ulcinj.com\/blog\/2016\/02\/12\/nika-vizita-te-nishani-dhe-kthimi-ne-vitin-zero-ii\/"]}]},{"@type":"BreadcrumbList","@id":"https:\/\/www.visit-ulcinj.com\/blog\/2016\/02\/12\/nika-vizita-te-nishani-dhe-kthimi-ne-vitin-zero-ii\/#breadcrumb","itemListElement":[{"@type":"ListItem","position":1,"name":"Nika: Vizita te Nishani dhe \u201ckthimi n\u00eb vitin zero\u2026\u201d ?!! ( II )"}]},{"@type":"Person","@id":"https:\/\/www.visit-ulcinj.com\/blog\/#\/schema\/person\/dcab619c614d3038751c63bc2aadc06d","name":"ulqini","sameAs":["http:\/\/www.visit-ulcinj.com"],"url":"https:\/\/www.visit-ulcinj.com\/blog\/author\/admin\/"}]}},"jetpack_featured_media_url":"","jetpack_sharing_enabled":true,"jetpack_shortlink":"https:\/\/wp.me\/pe6lTn-oAs","_links":{"self":[{"href":"https:\/\/www.visit-ulcinj.com\/blog\/wp-json\/wp\/v2\/posts\/94516"}],"collection":[{"href":"https:\/\/www.visit-ulcinj.com\/blog\/wp-json\/wp\/v2\/posts"}],"about":[{"href":"https:\/\/www.visit-ulcinj.com\/blog\/wp-json\/wp\/v2\/types\/post"}],"author":[{"embeddable":true,"href":"https:\/\/www.visit-ulcinj.com\/blog\/wp-json\/wp\/v2\/users\/1"}],"replies":[{"embeddable":true,"href":"https:\/\/www.visit-ulcinj.com\/blog\/wp-json\/wp\/v2\/comments?post=94516"}],"version-history":[{"count":2,"href":"https:\/\/www.visit-ulcinj.com\/blog\/wp-json\/wp\/v2\/posts\/94516\/revisions"}],"predecessor-version":[{"id":94520,"href":"https:\/\/www.visit-ulcinj.com\/blog\/wp-json\/wp\/v2\/posts\/94516\/revisions\/94520"}],"wp:attachment":[{"href":"https:\/\/www.visit-ulcinj.com\/blog\/wp-json\/wp\/v2\/media?parent=94516"}],"wp:term":[{"taxonomy":"category","embeddable":true,"href":"https:\/\/www.visit-ulcinj.com\/blog\/wp-json\/wp\/v2\/categories?post=94516"},{"taxonomy":"post_tag","embeddable":true,"href":"https:\/\/www.visit-ulcinj.com\/blog\/wp-json\/wp\/v2\/tags?post=94516"}],"curies":[{"name":"wp","href":"https:\/\/api.w.org\/{rel}","templated":true}]}}