{"id":94525,"date":"2016-02-12T19:35:24","date_gmt":"2016-02-12T18:35:24","guid":{"rendered":"http:\/\/www.visit-ulcinj.com\/blog\/?p=94525"},"modified":"2016-02-12T19:35:24","modified_gmt":"2016-02-12T18:35:24","slug":"gjonaj-pjeter-dreshaj-model-arsimdhenies","status":"publish","type":"post","link":"https:\/\/www.visit-ulcinj.com\/blog\/2016\/02\/12\/gjonaj-pjeter-dreshaj-model-arsimdhenies\/","title":{"rendered":"Gjonaj: Pjet\u00ebr Dreshaj, model i arsimdh\u00ebnies"},"content":{"rendered":"<p><strong><a href=\"http:\/\/www.visit-ulcinj.com\/blog\/wp-content\/uploads\/2016\/02\/Pjeter-Dreshaj.jpg\"><img loading=\"lazy\" class=\"alignleft size-full wp-image-94526\" src=\"http:\/\/www.visit-ulcinj.com\/blog\/wp-content\/uploads\/2016\/02\/Pjeter-Dreshaj.jpg\" alt=\"Pjeter-Dreshaj\" width=\"378\" height=\"352\" srcset=\"https:\/\/www.visit-ulcinj.com\/blog\/wp-content\/uploads\/2016\/02\/Pjeter-Dreshaj.jpg 378w, https:\/\/www.visit-ulcinj.com\/blog\/wp-content\/uploads\/2016\/02\/Pjeter-Dreshaj-300x279.jpg 300w\" sizes=\"(max-width: 378px) 100vw, 378px\" \/><\/a>Gjek\u00eb Gjonaj<\/strong><\/p>\n<p>Kaher\u00eb e kam menduar dhe planifikuar t\u00eb pasqyroj n\u00eb media shqiptare portretin e k\u00ebshilltarit tim t\u00eb par\u00eb pedagogjik, profesorin e mir\u00ebnjohur t\u00eb gjuh\u00ebs dhe let\u00ebrsis\u00eb shqipe, Pjet\u00ebr Dreshaj. Jo p\u00ebr arsye miq\u00ebsie, e p\u00ebr t\u2019i ngritur atij lavdi, por p\u00ebr merit\u00ebn e tij t\u00eb pakontestueshme n\u00eb fush\u00ebn e arsimit shqip.<\/p>\n<p>I lumturuar nga lajmi se Komuna Urbane e Tuzit i ndau k\u00ebtij profesori me formim t\u00eb lart\u00eb, me p\u00ebrgatitje\u00a0\u00a0 gjuh\u00ebsore, me p\u00ebrvoj\u00eb m\u00ebsimdh\u00ebnie, me kompetenc\u00eb shum\u00eb profesionale dhe me aft\u00ebsi drejtuese n\u00eb profesionin e tij \u00c7mimin p\u00ebr \u201cVeprimtari Jet\u00ebsore\u201d p\u00ebr vitin 2015, po i shkruaj me p\u00ebrkushtim e respekt k\u00ebto rreshta, n\u00eb shenj\u00eb fal\u00ebnderimi dhe mir\u00ebnjohjeje p\u00ebr kontributin e tij v\u00ebrtet t\u00eb madh nd\u00ebr vite t\u00eb k\u00ebtij misonari i cili, mendoj un\u00eb, e meriton \u201c Kart\u00ebn e M\u00ebsuesit\u201d .<\/p>\n<p>Nga njohja ime shum\u00ebvje\u00e7are me profesor Dreshajn m\u00eb kan\u00eb mbetur n\u00eb mendje e p\u00ebrher\u00eb t\u00eb gjalla n\u00eb kujtes\u00ebn time k\u00ebshilla, ndihma dhe mik\u00ebpritja\u00a0\u00a0 n\u00eb fshatin ku jeton, n\u00eb Dreshaj, jo larg Tuzit. Gjithmon\u00eb pedant, si\u00e7 i ka hije nj\u00eb punonj\u00ebsi t\u00eb mir\u00ebfillt\u00eb t\u00eb arsimit. I etur p\u00ebr dituri. Njoh\u00ebs i mir\u00eb i gjuh\u00ebs dhe i let\u00ebrsis\u00eb shqipe.Pedagog i zoti. I aft\u00eb n\u00eb m\u00ebsuesi. Drejtues vizionar i shkoll\u00ebs. Njeri i qeshur. Komunikues. Pozitiv. I gatsh\u00ebm p\u00ebr k\u00ebshilla. I dashur dhe i af\u00ebrt me nx\u00ebn\u00ebs, me prind\u00ebr dhe me koleg\u00eb. Korrekt. I drejt\u00eb. Parimor e i p\u00ebrkushtuar n\u00eb profesion.<\/p>\n<p>Si mik i shtrenjt\u00eb dhe koleg i babait tim , t\u00eb ndjerit Gjon, dhe dashamir i sinqert\u00eb i familjes ton\u00eb, ai m\u00eb ka futur n\u00eb rrug\u00ebn e arsimit. Dashurin\u00eb dhe k\u00ebmb\u00ebnguljen p\u00ebr t\u00eb m\u00ebsuar sa m\u00eb mir\u00eb gjuh\u00ebn shqipe, ma nguliti edhe edhe mua n\u00eb shpirt dhe zem\u00ebr. \u00cbsht\u00eb merit\u00eb e tij q\u00eb m\u00eb b\u00ebri p\u00ebr vete p\u00ebr t\u00eb vazhduar studimet n\u00eb deg\u00ebn &#8211; gjuh\u00eb dhe let\u00ebrsi shqipe, detyr\u00eb t\u00eb cil\u00ebn e ushtrova brenda viteve 1979 &#8211; 1986 n\u00eb SHF \u201c Gjergj Kastrioti- Sk\u00ebnderbeu\u201d n\u00eb vendlindjen time n\u00eb Triesh. Pun\u00ebn time gjat\u00eb gjith\u00eb k\u00ebtyre viteve me ditar n\u00eb dor\u00eb e mbikqyri me kujdes dhe e vler\u00ebsoi me sukses profesori Dreshaj, asohere k\u00ebshilltar pedagogjik p\u00ebr shkollat me m\u00ebsim n\u00eb gjuh\u00ebn shqipe n\u00eb Mal t\u00eb Zi. Udh\u00ebzimet e tij q\u00eb m\u2019i dha p\u00ebr t\u00eb kuptuar planin dhe programin m\u00ebsimor , p\u00ebr t\u00eb organizuar procesin m\u00ebsimor, p\u00ebr t\u2019u njohur me t\u00eb rejat pedagogjike,\u00a0\u00a0 p\u00ebr p\u00ebrdorimin e tyre n\u00eb shkoll\u00eb, p\u00ebr t\u00eb zbatuar praktik\u00ebn pedagogjike e shum\u00eb\u00e7ka tjet\u00ebr q\u00eb \u00ebsht\u00eb pjes\u00eb e m\u00ebsimdh\u00ebnies dhe e jet\u00ebs n\u00eb shkoll\u00eb ishin me vler\u00eb t\u00eb madhe p\u00ebr mua.<\/p>\n<p>N\u00eb fillimet e mia si m\u00ebsimdh\u00ebn\u00ebs i gjuh\u00ebs dhe i let\u00ebrsis\u00eb shqipe pasi p\u00ebrfundoi nj\u00ebra nga or\u00ebt e m\u00ebsimit n\u00eb sall\u00ebn e arsimtar\u00ebve e pyeta profesor Dreshajn : \u201dM\u00eb duket se nuk ju k\u00ebnaqa\u201d, \u2013 i thash\u00eb disi i ndrojtur. \u201dJo \u2013 m\u2019u p\u00ebrgjigj but\u00ebsisht e me ngroht\u00ebsi. \u2013 Ti si gjithnj\u00eb tregove se ke nj\u00eb p\u00ebrgatitje t\u00eb mir\u00eb m\u00ebsimdh\u00ebnieje dhe meritove vler\u00ebsimin tim t\u00eb lart\u00eb, pavar\u00ebsisht se je i ri n\u00eb profesion\u201d. Sa m\u2019u b\u00eb qejfi kur u shpreh k\u00ebshtu p\u00ebr mua! Kjo v\u00ebrtet m\u00eb inkurajoi p\u00ebr t\u00eb vazhduar me m\u00eb shum\u00eb pasion, dashuri e p\u00ebrkushtim profesionin e m\u00ebsuesit.<\/p>\n<p>Krahas k\u00ebtyre dhe shum\u00eb kujtimeve t\u00eb tjera, t\u00eb cilat p\u00ebrher\u00eb do t\u2019i ruaj n\u00eb sirtaret e jet\u00ebs sime me origjinalitetin e tyre, n\u00eb bibliotek\u00ebn time t\u00eb vog\u00ebl ruaj librat e tij t\u00eb leximit p\u00ebr fillorist\u00ebt shqiptar\u00eb n\u00eb Mal t\u00eb Zi, disa nga p\u00ebrkthimet dhe nga shkrimet e tija t\u00eb bukura dhe t\u00eb kujdesshme tipik prej gjuh\u00ebtari, t\u00eb cilat i ka botuar n\u00eb shtypin e koh\u00ebs. Por nuk arrita t\u00eb siguroj asnj\u00eb raport ( vler\u00ebsim) zyrtar t\u00eb tij p\u00ebr pun\u00ebn time si m\u00ebsimdh\u00ebn\u00ebs, p\u00ebr shkak t\u00eb jotransparenc\u00ebs s\u00eb shkoll\u00ebs.<\/p>\n<p>Po ju kujtoj lexuesve se Pjet\u00ebr Dreshaj ishte edhe fol\u00ebs dhe gazetar i mir\u00eb. Si f\u00ebmij\u00eb me k\u00ebnaq\u00ebsi e d\u00ebgjonim familjarisht z\u00ebrin e tij t\u00eb \u00ebmb\u00ebl dhe imponues n\u00eb val\u00ebt e Radio Titogradit t\u00eb at\u00ebhersh\u00ebm ( sot Radioja e Malit t\u00eb Zi), n\u00eb emisonet shqip javore, nj\u00ebor\u00ebshe, t\u00eb marteve n\u00eb ora 18 n\u00ebse nuk nuk kam harruar.<\/p>\n<p>&nbsp;<\/p>\n<p>Dhe, n\u00eb mbyllje, po shtoj se Pjet\u00ebr Dreshaj e meriton t\u00eb nderohet dhe vler\u00ebsohet portreti tij. Sepse ai me profesionin e tij p\u00ebrcolli gjithmon\u00eb dituri e kultur\u00eb tek nx\u00ebn\u00ebsit dhe m\u00ebsimdh\u00ebn\u00ebsit shqiptar\u00eb n\u00eb Mal t\u00eb Zi. P\u00ebr mua ishte dhe mbeti model i arsimdh\u00ebnies. Karakteri i tij i madh njer\u00ebzor dhe ndershm\u00ebria e tij e pashoqe p\u00ebrb\u00ebjn\u00eb nj\u00eb sh\u00ebmb\u00eblltyr\u00eb frym\u00ebzuese dhe sfiduese p\u00ebr shoq\u00ebrin\u00eb shqiptare. E p\u00ebr k\u00ebt\u00eb at\u00eb dhe misionar\u00ebt e tjer\u00eb t\u00eb arsimit n\u00eb Mal\u00ebsi dhe n\u00eb troje t\u00eb tjera tona etnike \u00a0duhet q\u00eb t\u00eb vler\u00ebsohen dhe t\u00eb nderohen.<\/p>\n","protected":false},"excerpt":{"rendered":"<p>Gjek\u00eb Gjonaj Kaher\u00eb e kam menduar dhe planifikuar t\u00eb pasqyroj n\u00eb media shqiptare portretin e k\u00ebshilltarit tim t\u00eb par\u00eb pedagogjik, profesorin e mir\u00ebnjohur t\u00eb gjuh\u00ebs dhe let\u00ebrsis\u00eb shqipe, Pjet\u00ebr Dreshaj. Jo p\u00ebr arsye miq\u00ebsie, e p\u00ebr t\u2019i ngritur atij lavdi, por p\u00ebr merit\u00ebn e tij t\u00eb pakontestueshme n\u00eb fush\u00ebn e arsimit shqip. I lumturuar nga [&hellip;]<\/p>\n","protected":false},"author":1,"featured_media":0,"comment_status":"closed","ping_status":"closed","sticky":false,"template":"","format":"standard","meta":{"spay_email":"","jetpack_publicize_message":"","jetpack_is_tweetstorm":false,"jetpack_publicize_feature_enabled":true},"categories":[2451],"tags":[],"jetpack_publicize_connections":[],"yoast_head":"<!-- This site is optimized with the Yoast SEO plugin v19.1 - https:\/\/yoast.com\/wordpress\/plugins\/seo\/ -->\n<title>Gjonaj: Pjet\u00ebr Dreshaj, model i arsimdh\u00ebnies - Lajme nga Ulqini<\/title>\n<meta name=\"description\" content=\"Gjek\u00eb Gjonaj Kaher\u00eb e kam menduar dhe planifikuar t\u00eb pasqyroj n\u00eb media shqiptare portretin e k\u00ebshilltarit tim t\u00eb par\u00eb pedagogjik, profesorin e mir\u00ebnjohur\" \/>\n<meta name=\"robots\" content=\"index, follow, max-snippet:-1, max-image-preview:large, max-video-preview:-1\" \/>\n<link rel=\"canonical\" href=\"https:\/\/www.visit-ulcinj.com\/blog\/2016\/02\/12\/gjonaj-pjeter-dreshaj-model-arsimdhenies\/\" \/>\n<meta property=\"og:locale\" content=\"en_US\" \/>\n<meta property=\"og:type\" content=\"article\" \/>\n<meta property=\"og:title\" content=\"Gjonaj: Pjet\u00ebr Dreshaj, model i arsimdh\u00ebnies - Lajme nga Ulqini\" \/>\n<meta property=\"og:description\" content=\"Gjek\u00eb Gjonaj Kaher\u00eb e kam menduar dhe planifikuar t\u00eb pasqyroj n\u00eb media shqiptare portretin e k\u00ebshilltarit tim t\u00eb par\u00eb pedagogjik, profesorin e mir\u00ebnjohur\" \/>\n<meta property=\"og:url\" content=\"https:\/\/www.visit-ulcinj.com\/blog\/2016\/02\/12\/gjonaj-pjeter-dreshaj-model-arsimdhenies\/\" \/>\n<meta property=\"og:site_name\" content=\"Lajme nga Ulqini\" \/>\n<meta property=\"article:published_time\" content=\"2016-02-12T18:35:24+00:00\" \/>\n<meta property=\"og:image\" content=\"http:\/\/www.visit-ulcinj.com\/blog\/wp-content\/uploads\/2016\/02\/Pjeter-Dreshaj.jpg\" \/>\n<meta name=\"twitter:label1\" content=\"Written by\" \/>\n\t<meta name=\"twitter:data1\" content=\"ulqini\" \/>\n\t<meta name=\"twitter:label2\" content=\"Est. reading time\" \/>\n\t<meta name=\"twitter:data2\" content=\"5 minutes\" \/>\n<script type=\"application\/ld+json\" class=\"yoast-schema-graph\">{\"@context\":\"https:\/\/schema.org\",\"@graph\":[{\"@type\":\"WebSite\",\"@id\":\"https:\/\/www.visit-ulcinj.com\/blog\/#website\",\"url\":\"https:\/\/www.visit-ulcinj.com\/blog\/\",\"name\":\"Lajme nga Ulqini\",\"description\":\"Lajme,Vijesti,Ulqini,Ulqin,Crna Gora,Mali i Zi\",\"potentialAction\":[{\"@type\":\"SearchAction\",\"target\":{\"@type\":\"EntryPoint\",\"urlTemplate\":\"https:\/\/www.visit-ulcinj.com\/blog\/?s={search_term_string}\"},\"query-input\":\"required name=search_term_string\"}],\"inLanguage\":\"en-US\"},{\"@type\":\"ImageObject\",\"inLanguage\":\"en-US\",\"@id\":\"https:\/\/www.visit-ulcinj.com\/blog\/2016\/02\/12\/gjonaj-pjeter-dreshaj-model-arsimdhenies\/#primaryimage\",\"url\":\"https:\/\/www.visit-ulcinj.com\/blog\/wp-content\/uploads\/2016\/02\/Pjeter-Dreshaj.jpg\",\"contentUrl\":\"https:\/\/www.visit-ulcinj.com\/blog\/wp-content\/uploads\/2016\/02\/Pjeter-Dreshaj.jpg\",\"width\":378,\"height\":352},{\"@type\":\"WebPage\",\"@id\":\"https:\/\/www.visit-ulcinj.com\/blog\/2016\/02\/12\/gjonaj-pjeter-dreshaj-model-arsimdhenies\/#webpage\",\"url\":\"https:\/\/www.visit-ulcinj.com\/blog\/2016\/02\/12\/gjonaj-pjeter-dreshaj-model-arsimdhenies\/\",\"name\":\"Gjonaj: Pjet\u00ebr Dreshaj, model i arsimdh\u00ebnies - Lajme nga Ulqini\",\"isPartOf\":{\"@id\":\"https:\/\/www.visit-ulcinj.com\/blog\/#website\"},\"primaryImageOfPage\":{\"@id\":\"https:\/\/www.visit-ulcinj.com\/blog\/2016\/02\/12\/gjonaj-pjeter-dreshaj-model-arsimdhenies\/#primaryimage\"},\"datePublished\":\"2016-02-12T18:35:24+00:00\",\"dateModified\":\"2016-02-12T18:35:24+00:00\",\"author\":{\"@id\":\"https:\/\/www.visit-ulcinj.com\/blog\/#\/schema\/person\/dcab619c614d3038751c63bc2aadc06d\"},\"description\":\"Gjek\u00eb Gjonaj Kaher\u00eb e kam menduar dhe planifikuar t\u00eb pasqyroj n\u00eb media shqiptare portretin e k\u00ebshilltarit tim t\u00eb par\u00eb pedagogjik, profesorin e mir\u00ebnjohur\",\"breadcrumb\":{\"@id\":\"https:\/\/www.visit-ulcinj.com\/blog\/2016\/02\/12\/gjonaj-pjeter-dreshaj-model-arsimdhenies\/#breadcrumb\"},\"inLanguage\":\"en-US\",\"potentialAction\":[{\"@type\":\"ReadAction\",\"target\":[\"https:\/\/www.visit-ulcinj.com\/blog\/2016\/02\/12\/gjonaj-pjeter-dreshaj-model-arsimdhenies\/\"]}]},{\"@type\":\"BreadcrumbList\",\"@id\":\"https:\/\/www.visit-ulcinj.com\/blog\/2016\/02\/12\/gjonaj-pjeter-dreshaj-model-arsimdhenies\/#breadcrumb\",\"itemListElement\":[{\"@type\":\"ListItem\",\"position\":1,\"name\":\"Gjonaj: Pjet\u00ebr Dreshaj, model i arsimdh\u00ebnies\"}]},{\"@type\":\"Person\",\"@id\":\"https:\/\/www.visit-ulcinj.com\/blog\/#\/schema\/person\/dcab619c614d3038751c63bc2aadc06d\",\"name\":\"ulqini\",\"sameAs\":[\"http:\/\/www.visit-ulcinj.com\"],\"url\":\"https:\/\/www.visit-ulcinj.com\/blog\/author\/admin\/\"}]}<\/script>\n<!-- \/ Yoast SEO plugin. -->","yoast_head_json":{"title":"Gjonaj: Pjet\u00ebr Dreshaj, model i arsimdh\u00ebnies - Lajme nga Ulqini","description":"Gjek\u00eb Gjonaj Kaher\u00eb e kam menduar dhe planifikuar t\u00eb pasqyroj n\u00eb media shqiptare portretin e k\u00ebshilltarit tim t\u00eb par\u00eb pedagogjik, profesorin e mir\u00ebnjohur","robots":{"index":"index","follow":"follow","max-snippet":"max-snippet:-1","max-image-preview":"max-image-preview:large","max-video-preview":"max-video-preview:-1"},"canonical":"https:\/\/www.visit-ulcinj.com\/blog\/2016\/02\/12\/gjonaj-pjeter-dreshaj-model-arsimdhenies\/","og_locale":"en_US","og_type":"article","og_title":"Gjonaj: Pjet\u00ebr Dreshaj, model i arsimdh\u00ebnies - Lajme nga Ulqini","og_description":"Gjek\u00eb Gjonaj Kaher\u00eb e kam menduar dhe planifikuar t\u00eb pasqyroj n\u00eb media shqiptare portretin e k\u00ebshilltarit tim t\u00eb par\u00eb pedagogjik, profesorin e mir\u00ebnjohur","og_url":"https:\/\/www.visit-ulcinj.com\/blog\/2016\/02\/12\/gjonaj-pjeter-dreshaj-model-arsimdhenies\/","og_site_name":"Lajme nga Ulqini","article_published_time":"2016-02-12T18:35:24+00:00","og_image":[{"url":"http:\/\/www.visit-ulcinj.com\/blog\/wp-content\/uploads\/2016\/02\/Pjeter-Dreshaj.jpg"}],"twitter_misc":{"Written by":"ulqini","Est. reading time":"5 minutes"},"schema":{"@context":"https:\/\/schema.org","@graph":[{"@type":"WebSite","@id":"https:\/\/www.visit-ulcinj.com\/blog\/#website","url":"https:\/\/www.visit-ulcinj.com\/blog\/","name":"Lajme nga Ulqini","description":"Lajme,Vijesti,Ulqini,Ulqin,Crna Gora,Mali i Zi","potentialAction":[{"@type":"SearchAction","target":{"@type":"EntryPoint","urlTemplate":"https:\/\/www.visit-ulcinj.com\/blog\/?s={search_term_string}"},"query-input":"required name=search_term_string"}],"inLanguage":"en-US"},{"@type":"ImageObject","inLanguage":"en-US","@id":"https:\/\/www.visit-ulcinj.com\/blog\/2016\/02\/12\/gjonaj-pjeter-dreshaj-model-arsimdhenies\/#primaryimage","url":"https:\/\/www.visit-ulcinj.com\/blog\/wp-content\/uploads\/2016\/02\/Pjeter-Dreshaj.jpg","contentUrl":"https:\/\/www.visit-ulcinj.com\/blog\/wp-content\/uploads\/2016\/02\/Pjeter-Dreshaj.jpg","width":378,"height":352},{"@type":"WebPage","@id":"https:\/\/www.visit-ulcinj.com\/blog\/2016\/02\/12\/gjonaj-pjeter-dreshaj-model-arsimdhenies\/#webpage","url":"https:\/\/www.visit-ulcinj.com\/blog\/2016\/02\/12\/gjonaj-pjeter-dreshaj-model-arsimdhenies\/","name":"Gjonaj: Pjet\u00ebr Dreshaj, model i arsimdh\u00ebnies - Lajme nga Ulqini","isPartOf":{"@id":"https:\/\/www.visit-ulcinj.com\/blog\/#website"},"primaryImageOfPage":{"@id":"https:\/\/www.visit-ulcinj.com\/blog\/2016\/02\/12\/gjonaj-pjeter-dreshaj-model-arsimdhenies\/#primaryimage"},"datePublished":"2016-02-12T18:35:24+00:00","dateModified":"2016-02-12T18:35:24+00:00","author":{"@id":"https:\/\/www.visit-ulcinj.com\/blog\/#\/schema\/person\/dcab619c614d3038751c63bc2aadc06d"},"description":"Gjek\u00eb Gjonaj Kaher\u00eb e kam menduar dhe planifikuar t\u00eb pasqyroj n\u00eb media shqiptare portretin e k\u00ebshilltarit tim t\u00eb par\u00eb pedagogjik, profesorin e mir\u00ebnjohur","breadcrumb":{"@id":"https:\/\/www.visit-ulcinj.com\/blog\/2016\/02\/12\/gjonaj-pjeter-dreshaj-model-arsimdhenies\/#breadcrumb"},"inLanguage":"en-US","potentialAction":[{"@type":"ReadAction","target":["https:\/\/www.visit-ulcinj.com\/blog\/2016\/02\/12\/gjonaj-pjeter-dreshaj-model-arsimdhenies\/"]}]},{"@type":"BreadcrumbList","@id":"https:\/\/www.visit-ulcinj.com\/blog\/2016\/02\/12\/gjonaj-pjeter-dreshaj-model-arsimdhenies\/#breadcrumb","itemListElement":[{"@type":"ListItem","position":1,"name":"Gjonaj: Pjet\u00ebr Dreshaj, model i arsimdh\u00ebnies"}]},{"@type":"Person","@id":"https:\/\/www.visit-ulcinj.com\/blog\/#\/schema\/person\/dcab619c614d3038751c63bc2aadc06d","name":"ulqini","sameAs":["http:\/\/www.visit-ulcinj.com"],"url":"https:\/\/www.visit-ulcinj.com\/blog\/author\/admin\/"}]}},"jetpack_featured_media_url":"","jetpack_sharing_enabled":true,"jetpack_shortlink":"https:\/\/wp.me\/pe6lTn-oAB","_links":{"self":[{"href":"https:\/\/www.visit-ulcinj.com\/blog\/wp-json\/wp\/v2\/posts\/94525"}],"collection":[{"href":"https:\/\/www.visit-ulcinj.com\/blog\/wp-json\/wp\/v2\/posts"}],"about":[{"href":"https:\/\/www.visit-ulcinj.com\/blog\/wp-json\/wp\/v2\/types\/post"}],"author":[{"embeddable":true,"href":"https:\/\/www.visit-ulcinj.com\/blog\/wp-json\/wp\/v2\/users\/1"}],"replies":[{"embeddable":true,"href":"https:\/\/www.visit-ulcinj.com\/blog\/wp-json\/wp\/v2\/comments?post=94525"}],"version-history":[{"count":1,"href":"https:\/\/www.visit-ulcinj.com\/blog\/wp-json\/wp\/v2\/posts\/94525\/revisions"}],"predecessor-version":[{"id":94527,"href":"https:\/\/www.visit-ulcinj.com\/blog\/wp-json\/wp\/v2\/posts\/94525\/revisions\/94527"}],"wp:attachment":[{"href":"https:\/\/www.visit-ulcinj.com\/blog\/wp-json\/wp\/v2\/media?parent=94525"}],"wp:term":[{"taxonomy":"category","embeddable":true,"href":"https:\/\/www.visit-ulcinj.com\/blog\/wp-json\/wp\/v2\/categories?post=94525"},{"taxonomy":"post_tag","embeddable":true,"href":"https:\/\/www.visit-ulcinj.com\/blog\/wp-json\/wp\/v2\/tags?post=94525"}],"curies":[{"name":"wp","href":"https:\/\/api.w.org\/{rel}","templated":true}]}}