{"id":94528,"date":"2016-02-12T19:50:01","date_gmt":"2016-02-12T18:50:01","guid":{"rendered":"http:\/\/www.visit-ulcinj.com\/blog\/?p=94528"},"modified":"2016-02-12T19:56:27","modified_gmt":"2016-02-12T18:56:27","slug":"deka-dps-u-nudi-mjesto-predsjednika-opstine-dps-razmatrao-ponudu","status":"publish","type":"post","link":"https:\/\/www.visit-ulcinj.com\/blog\/2016\/02\/12\/deka-dps-u-nudi-mjesto-predsjednika-opstine-dps-razmatrao-ponudu\/","title":{"rendered":"Nre\u00adki\u00ad\u0107: \u0110eka DPS-u nudi mjesto predsjednika Op\u0161tine, DPS razmatrao ponudu"},"content":{"rendered":"<p><span class=\"tekstcijeli\"><span class=\"kapital\"><a href=\"http:\/\/www.visit-ulcinj.com\/blog\/wp-content\/uploads\/2016\/02\/Ljoro-Loro-Nrekic-Ulcinj.jpg\"><img loading=\"lazy\" class=\"alignleft wp-image-94531\" src=\"http:\/\/www.visit-ulcinj.com\/blog\/wp-content\/uploads\/2016\/02\/Ljoro-Loro-Nrekic-Ulcinj.jpg\" alt=\"Ljoro-Loro-Nrekic-Ulcinj\" width=\"508\" height=\"434\" srcset=\"https:\/\/www.visit-ulcinj.com\/blog\/wp-content\/uploads\/2016\/02\/Ljoro-Loro-Nrekic-Ulcinj.jpg 610w, https:\/\/www.visit-ulcinj.com\/blog\/wp-content\/uploads\/2016\/02\/Ljoro-Loro-Nrekic-Ulcinj-300x256.jpg 300w\" sizes=\"(max-width: 508px) 100vw, 508px\" \/><\/a>U<\/span> sri\u00adje\u00addu ve\u00ad\u010de odr\u00ad\u017ea\u00adna je sjed\u00adni\u00adca Iz\u00advr\u00ad\u0161nog od\u00adbo\u00adra De\u00admo\u00adkrat\u00adske par\u00adti\u00adje so\u00adci\u00adja\u00adli\u00adsta u Ul\u00adci\u00adnju, ko\u00adjoj je pred\u00adsje\u00adda\u00advao Ljo\u00adro Nre\u00adki\u0107. Na sjed\u00adni\u00adci je kon\u00adsta\u00adto\u00adva\u00adno da je DPS spre\u00adman da pre\u00adu\u00adzme pu\u00adnu od\u00adgo\u00advor\u00adnost za bu\u00addu\u00ad\u0107i raz\u00advoj ove op\u00ad\u0161ti\u00adne, pre\u00adnio je por\u00adtal Ul-in\u00adfo. Sa\u00adstan\u00adku su osim pred\u00adsjed\u00adni\u00adka odbora DPS-a Ljo\u00adra Nre\u00adki\u00ad\u0107a i \u010dla\u00adno\u00adva IO ove par\u00adti\u00adje pri\u00adsu\u00adstvo\u00adva\u00adli ko\u00ador\u00addi\u00adna\u00adto\u00adri DPS-a za Ul\u00adcinj Ha\u00adlil Du\u00adko\u00advi\u0107 i Ivi\u00adca Ka\u00adle\u00adzi\u0107. Ka\u00adko \u201eDan\u201c ne\u00adzva\u00adni\u010d\u00adno sa\u00adzna\u00adje \u010dla\u00adno\u00advi IO slo\u00ad\u017ei\u00adli su se da par\u00adti\u00adja pri\u00adhva\u00adti bo\u00adlju od dvi\u00adje po\u00adnu\u00adde za pre\u00adkon\u00adpo\u00adzi\u00adci\u00adju lo\u00adkal\u00adne vla\u00adsti, ko\u00adje su sti\u00adgle od For\u00adce i ko\u00ada\u00adli\u00adci\u00adje al\u00adban\u00adskih par\u00adti\u00adja ko\u00adju pred\u00advo\u00addi ak\u00adtu\u00adel\u00adni pred\u00adsjed\u00adnik Op\u00ad\u0161ti\u00adne Fat\u00admir \u0110e\u00adka. \u2013 Ima\u00admo dvi\u00adje po\u00adnu\u00adde, jed\u00adnu od Fat\u00admi\u00adra \u0110e\u00adke, li\u00adde\u00adra DP ko\u00adji pred\u00adsta\u00advlja i ko\u00ada\u00adli\u00adci\u00adju ne\u00adko\u00adli\u00adko par\u00adti\u00adja, i dru\u00adgu od li\u00adde\u00adra For\u00adce Na\u00adzi\u00adfa Cun\u00adgua. Na\u0161 stav je da mje\u00adsto pred\u00adsjed\u00adni\u00adka op\u00ad\u0161ti\u00adne tre\u00adba da pri\u00adpad\u00adne DPS-u i to je ono \u0161to je nas naj\u00advi\u00ad\u0161e in\u00adte\u00adre\u00adsu\u00adje. Ipak, ko\u00adna\u010d\u00adno od\u00adlu\u00adku do\u00adni\u00adje\u00ad\u0107e par\u00adtij\u00adska cen\u00adtra\u00adla u Pod\u00adgo\u00adri\u00adci. O\u010de\u00adku\u00adje\u00admo da se to do\u00adgo\u00addi na\u00adkon re\u00adkon\u00adstruk\u00adci\u00adje Vla\u00adde &#8211; ka\u00adzao je sa\u00adgo\u00advor\u00adnik \u201eDa\u00adna\u201d iz ul\u00adcinj\u00adskog DPS-a.<\/span><\/p>\n<p><span class=\"tekstcijeli\"><a href=\"http:\/\/www.visit-ulcinj.com\/blog\/wp-content\/uploads\/2016\/02\/Fatmir-Gjeka-.jpg\"><img loading=\"lazy\" class=\"alignleft wp-image-94529\" src=\"http:\/\/www.visit-ulcinj.com\/blog\/wp-content\/uploads\/2016\/02\/Fatmir-Gjeka-.jpg\" alt=\"Fatmir-Gjeka-\" width=\"508\" height=\"356\" srcset=\"https:\/\/www.visit-ulcinj.com\/blog\/wp-content\/uploads\/2016\/02\/Fatmir-Gjeka-.jpg 720w, https:\/\/www.visit-ulcinj.com\/blog\/wp-content\/uploads\/2016\/02\/Fatmir-Gjeka--300x210.jpg 300w\" sizes=\"(max-width: 508px) 100vw, 508px\" \/><\/a><br \/>\nPod\u00adsje\u00adti\u00admo, DPS-u je kra\u00adjem pro\u00ad\u0161le go\u00addi\u00adne For\u00adca po\u00adnu\u00addi\u00adla mje\u00adsto preds\u00adjed\u00adni\u00adka Skup\u00ad\u0161ti\u00adne, uko\u00adli\u00adko sa tom par\u00adti\u00adjom i DUA for\u00admi\u00adra no\u00advu vlast u naj\u00adju\u00ad\u017eni\u00adji\u00adoj op\u00ad\u0161ti\u00adni. Sa dru\u00adge stra\u00adne \u0110e\u00adka je \u0110u\u00adkano\u00advi\u00ad\u0107e\u00advoj par\u00adti\u00adji u Ul\u00adci\u00adnju po\u00adnu\u00addio mje\u00adsto pred\u00adsjed\u00adni\u00adka Op\u00ad\u0161ti\u00adne u is\u00adtoj va\u00adri\u00adjan\u00adti even\u00adtu\u00ada\u00adle po\u00addje\u00adle vla\u00adsti. Vla\u00adda\u00adju\u00ad\u0107a ko\u00ada\u00adli\u00adci\u00adja u Ul\u00adci\u00adnju pre\u00adsta\u00adla je da po\u00adsto\u00adji prak\u00adti\u010d\u00adno sre\u00addi\u00adnom no\u00advem\u00adbra pro\u00ad\u0161le go\u00addi\u00adne na\u00adkon \u0161to ni\u00adje uspje\u00adla ini\u00adci\u00adja\u00adtia For\u00adce da smi\u00adje\u00adni \u0110e\u00adku. U me\u00ad\u0111u\u00advre\u00adme\u00adnu tu ko\u00ada\u00adli\u00adci\u00adju na\u00adpu\u00adsti\u00adla je URA ko\u00adja u lo\u00adkalnom par\u00adla\u00admen\u00adtu ima dva od\u00adbor\u00adni\u00adka i \u010di\u00adji su funk\u00adci\u00ado\u00adne\u00adri pod\u00adni\u00adje\u00adli ostav\u00adke na mje\u00adsta pot\u00adpred\u00adsjed\u00adni\u00adka i me\u00adna\u00add\u017ee\u00adra Op\u00ad\u0161ti\u00adne. Ko\u00ada\u00adli\u00adci\u00adja Fat\u00admi\u00adra \u0110e\u00adke u Skup\u00ad\u0161ti\u00adni ima se\u00addam, For\u00adca osam a DPS de\u00advet od\u00adbor\u00adni\u00adka. Tri od\u00adbor\u00adni\u00adka ima DUA, dva SDP, a po jed\u00adnog DF i SNP.<br \/>\n<strong>M.K.<\/strong><\/span><\/p>\n<p><strong> Po\u00adre\u00adski dug za pla\u00adte i do\u00adpri\u00adno\u00adse \u0161est mi\u00adli\u00ado\u00adna<\/strong><\/p>\n<p>U op\u00ad\u0161tin\u00adskoj ka\u00adsi ne\u00adma pa\u00adra za pla\u00adte, pa rad\u00adni\u00adci u op\u00ad\u0161ti\u00adni ko\u00adji\u00adma se du\u00adgu\u00adje pet i vi\u00ad\u0161e pla\u00adta i nji\u00adho\u00adve ko\u00adle\u00adge u jav\u00adnim pred\u00adu\u00adze\u00ad\u0107i\u00adma, ko\u00adji\u00adma za\u00adra\u00adde ka\u00adsne pre\u00adko 14 mje\u00adse\u00adci, pri\u00adma\u00adnji\u00adma mo\u00adgu na\u00adda\u00adti tek ka\u00adda se re\u00ada\u00adli\u00adzu\u00adje kre\u00addit\u00adno za\u00addu\u00ad\u017ee\u00adnje ko\u00adje je odo\u00adbrio lo\u00adkal\u00adni par\u00adla\u00adment. Ina\u00ad\u010de, Op\u00ad\u0161ti\u00adna Ul\u00adcinj naj\u00adve\u00ad\u0107i dio svo\u00adjih ne\u00adiz\u00admi\u00adre\u00adnih oba\u00adve\u00adza ima pre\u00adma kre\u00addit\u00adnim in\u00adsti\u00adtu\u00adci\u00adja\u00adma, Po\u00adre\u00adskoj upra\u00advi za do\u00adpri\u00adno\u00adse za\u00adpo\u00adsle\u00adnih Op\u00ad\u0161ti\u00adne i JP, pre\u00adma do\u00adba\u00advlja\u00ad\u010di\u00adma kao i za\u00adra\u00adda pre\u00adma za\u00adpo\u00adsle\u00adni\u00adma u lo\u00adkal\u00adnoj sa\u00admo\u00adu\u00adpra\u00advi i jav\u00adnim pred\u00adu\u00adze\u00ad\u0107i\u00adma. Po\u00adre\u00adski dug za pla\u00adte i do\u00adpri\u00adno\u00adse iz\u00adno\u00adsi \u010dak \u0161est mi\u00adli\u00ado\u00adna, dok su du\u00adgo\u00adva\u00adnja za za\u00adra\u00adde za\u00adklju\u010d\u00adno sa 30.sep\u00adtem\u00adbrom iz\u00adno\u00adsi\u00adla pre\u00adko mi\u00adli\u00adon eura.<\/p>\n<p><strong>Izvor: DAN<\/strong><\/p>\n","protected":false},"excerpt":{"rendered":"<p>U sri\u00adje\u00addu ve\u00ad\u010de odr\u00ad\u017ea\u00adna je sjed\u00adni\u00adca Iz\u00advr\u00ad\u0161nog od\u00adbo\u00adra De\u00admo\u00adkrat\u00adske par\u00adti\u00adje so\u00adci\u00adja\u00adli\u00adsta u Ul\u00adci\u00adnju, ko\u00adjoj je pred\u00adsje\u00adda\u00advao Ljo\u00adro Nre\u00adki\u0107. Na sjed\u00adni\u00adci je kon\u00adsta\u00adto\u00adva\u00adno da je DPS spre\u00adman da pre\u00adu\u00adzme pu\u00adnu od\u00adgo\u00advor\u00adnost za bu\u00addu\u00ad\u0107i raz\u00advoj ove op\u00ad\u0161ti\u00adne, pre\u00adnio je por\u00adtal Ul-in\u00adfo. Sa\u00adstan\u00adku su osim pred\u00adsjed\u00adni\u00adka odbora DPS-a Ljo\u00adra Nre\u00adki\u00ad\u0107a i \u010dla\u00adno\u00adva IO ove par\u00adti\u00adje pri\u00adsu\u00adstvo\u00adva\u00adli ko\u00ador\u00addi\u00adna\u00adto\u00adri DPS-a [&hellip;]<\/p>\n","protected":false},"author":1,"featured_media":0,"comment_status":"closed","ping_status":"closed","sticky":false,"template":"","format":"standard","meta":{"spay_email":"","jetpack_publicize_message":"","jetpack_is_tweetstorm":false,"jetpack_publicize_feature_enabled":true},"categories":[8337],"tags":[],"jetpack_publicize_connections":[],"yoast_head":"<!-- This site is optimized with the Yoast SEO plugin v19.1 - https:\/\/yoast.com\/wordpress\/plugins\/seo\/ -->\n<title>Nre\u00adki\u00ad\u0107: \u0110eka DPS-u nudi mjesto predsjednika Op\u0161tine, DPS razmatrao ponudu - Lajme nga Ulqini<\/title>\n<meta name=\"description\" content=\"U sri\u00adje\u00addu ve\u00ad\u010de odr\u00ad\u017ea\u00adna je sjed\u00adni\u00adca Iz\u00advr\u00ad\u0161nog od\u00adbo\u00adra De\u00admo\u00adkrat\u00adske par\u00adti\u00adje so\u00adci\u00adja\u00adli\u00adsta u Ul\u00adci\u00adnju, ko\u00adjoj je pred\u00adsje\u00adda\u00advao Ljo\u00adro\" \/>\n<meta name=\"robots\" content=\"index, follow, max-snippet:-1, max-image-preview:large, max-video-preview:-1\" \/>\n<link rel=\"canonical\" href=\"https:\/\/www.visit-ulcinj.com\/blog\/2016\/02\/12\/deka-dps-u-nudi-mjesto-predsjednika-opstine-dps-razmatrao-ponudu\/\" \/>\n<meta property=\"og:locale\" content=\"en_US\" \/>\n<meta property=\"og:type\" content=\"article\" \/>\n<meta property=\"og:title\" content=\"Nre\u00adki\u00ad\u0107: \u0110eka DPS-u nudi mjesto predsjednika Op\u0161tine, DPS razmatrao ponudu - Lajme nga Ulqini\" \/>\n<meta property=\"og:description\" content=\"U sri\u00adje\u00addu ve\u00ad\u010de odr\u00ad\u017ea\u00adna je sjed\u00adni\u00adca Iz\u00advr\u00ad\u0161nog od\u00adbo\u00adra De\u00admo\u00adkrat\u00adske par\u00adti\u00adje so\u00adci\u00adja\u00adli\u00adsta u Ul\u00adci\u00adnju, ko\u00adjoj je pred\u00adsje\u00adda\u00advao Ljo\u00adro\" \/>\n<meta property=\"og:url\" content=\"https:\/\/www.visit-ulcinj.com\/blog\/2016\/02\/12\/deka-dps-u-nudi-mjesto-predsjednika-opstine-dps-razmatrao-ponudu\/\" \/>\n<meta property=\"og:site_name\" content=\"Lajme nga Ulqini\" \/>\n<meta property=\"article:published_time\" content=\"2016-02-12T18:50:01+00:00\" \/>\n<meta property=\"article:modified_time\" content=\"2016-02-12T18:56:27+00:00\" \/>\n<meta property=\"og:image\" content=\"http:\/\/www.visit-ulcinj.com\/blog\/wp-content\/uploads\/2016\/02\/Ljoro-Loro-Nrekic-Ulcinj.jpg\" \/>\n<meta name=\"twitter:label1\" content=\"Written by\" \/>\n\t<meta name=\"twitter:data1\" content=\"ulqini\" \/>\n\t<meta name=\"twitter:label2\" content=\"Est. reading time\" \/>\n\t<meta name=\"twitter:data2\" content=\"4 minutes\" \/>\n<script type=\"application\/ld+json\" class=\"yoast-schema-graph\">{\"@context\":\"https:\/\/schema.org\",\"@graph\":[{\"@type\":\"WebSite\",\"@id\":\"https:\/\/www.visit-ulcinj.com\/blog\/#website\",\"url\":\"https:\/\/www.visit-ulcinj.com\/blog\/\",\"name\":\"Lajme nga Ulqini\",\"description\":\"Lajme,Vijesti,Ulqini,Ulqin,Crna Gora,Mali i Zi\",\"potentialAction\":[{\"@type\":\"SearchAction\",\"target\":{\"@type\":\"EntryPoint\",\"urlTemplate\":\"https:\/\/www.visit-ulcinj.com\/blog\/?s={search_term_string}\"},\"query-input\":\"required name=search_term_string\"}],\"inLanguage\":\"en-US\"},{\"@type\":\"ImageObject\",\"inLanguage\":\"en-US\",\"@id\":\"https:\/\/www.visit-ulcinj.com\/blog\/2016\/02\/12\/deka-dps-u-nudi-mjesto-predsjednika-opstine-dps-razmatrao-ponudu\/#primaryimage\",\"url\":\"https:\/\/www.visit-ulcinj.com\/blog\/wp-content\/uploads\/2016\/02\/Ljoro-Loro-Nrekic-Ulcinj.jpg\",\"contentUrl\":\"https:\/\/www.visit-ulcinj.com\/blog\/wp-content\/uploads\/2016\/02\/Ljoro-Loro-Nrekic-Ulcinj.jpg\",\"width\":610,\"height\":521},{\"@type\":\"WebPage\",\"@id\":\"https:\/\/www.visit-ulcinj.com\/blog\/2016\/02\/12\/deka-dps-u-nudi-mjesto-predsjednika-opstine-dps-razmatrao-ponudu\/#webpage\",\"url\":\"https:\/\/www.visit-ulcinj.com\/blog\/2016\/02\/12\/deka-dps-u-nudi-mjesto-predsjednika-opstine-dps-razmatrao-ponudu\/\",\"name\":\"Nre\u00adki\u00ad\u0107: \u0110eka DPS-u nudi mjesto predsjednika Op\u0161tine, DPS razmatrao ponudu - Lajme nga Ulqini\",\"isPartOf\":{\"@id\":\"https:\/\/www.visit-ulcinj.com\/blog\/#website\"},\"primaryImageOfPage\":{\"@id\":\"https:\/\/www.visit-ulcinj.com\/blog\/2016\/02\/12\/deka-dps-u-nudi-mjesto-predsjednika-opstine-dps-razmatrao-ponudu\/#primaryimage\"},\"datePublished\":\"2016-02-12T18:50:01+00:00\",\"dateModified\":\"2016-02-12T18:56:27+00:00\",\"author\":{\"@id\":\"https:\/\/www.visit-ulcinj.com\/blog\/#\/schema\/person\/dcab619c614d3038751c63bc2aadc06d\"},\"description\":\"U sri\u00adje\u00addu ve\u00ad\u010de odr\u00ad\u017ea\u00adna je sjed\u00adni\u00adca Iz\u00advr\u00ad\u0161nog od\u00adbo\u00adra De\u00admo\u00adkrat\u00adske par\u00adti\u00adje so\u00adci\u00adja\u00adli\u00adsta u Ul\u00adci\u00adnju, ko\u00adjoj je pred\u00adsje\u00adda\u00advao Ljo\u00adro\",\"breadcrumb\":{\"@id\":\"https:\/\/www.visit-ulcinj.com\/blog\/2016\/02\/12\/deka-dps-u-nudi-mjesto-predsjednika-opstine-dps-razmatrao-ponudu\/#breadcrumb\"},\"inLanguage\":\"en-US\",\"potentialAction\":[{\"@type\":\"ReadAction\",\"target\":[\"https:\/\/www.visit-ulcinj.com\/blog\/2016\/02\/12\/deka-dps-u-nudi-mjesto-predsjednika-opstine-dps-razmatrao-ponudu\/\"]}]},{\"@type\":\"BreadcrumbList\",\"@id\":\"https:\/\/www.visit-ulcinj.com\/blog\/2016\/02\/12\/deka-dps-u-nudi-mjesto-predsjednika-opstine-dps-razmatrao-ponudu\/#breadcrumb\",\"itemListElement\":[{\"@type\":\"ListItem\",\"position\":1,\"name\":\"Nre\u00adki\u00ad\u0107: \u0110eka DPS-u nudi mjesto predsjednika Op\u0161tine, DPS razmatrao ponudu\"}]},{\"@type\":\"Person\",\"@id\":\"https:\/\/www.visit-ulcinj.com\/blog\/#\/schema\/person\/dcab619c614d3038751c63bc2aadc06d\",\"name\":\"ulqini\",\"sameAs\":[\"http:\/\/www.visit-ulcinj.com\"],\"url\":\"https:\/\/www.visit-ulcinj.com\/blog\/author\/admin\/\"}]}<\/script>\n<!-- \/ Yoast SEO plugin. -->","yoast_head_json":{"title":"Nre\u00adki\u00ad\u0107: \u0110eka DPS-u nudi mjesto predsjednika Op\u0161tine, DPS razmatrao ponudu - Lajme nga Ulqini","description":"U sri\u00adje\u00addu ve\u00ad\u010de odr\u00ad\u017ea\u00adna je sjed\u00adni\u00adca Iz\u00advr\u00ad\u0161nog od\u00adbo\u00adra De\u00admo\u00adkrat\u00adske par\u00adti\u00adje so\u00adci\u00adja\u00adli\u00adsta u Ul\u00adci\u00adnju, ko\u00adjoj je pred\u00adsje\u00adda\u00advao Ljo\u00adro","robots":{"index":"index","follow":"follow","max-snippet":"max-snippet:-1","max-image-preview":"max-image-preview:large","max-video-preview":"max-video-preview:-1"},"canonical":"https:\/\/www.visit-ulcinj.com\/blog\/2016\/02\/12\/deka-dps-u-nudi-mjesto-predsjednika-opstine-dps-razmatrao-ponudu\/","og_locale":"en_US","og_type":"article","og_title":"Nre\u00adki\u00ad\u0107: \u0110eka DPS-u nudi mjesto predsjednika Op\u0161tine, DPS razmatrao ponudu - Lajme nga Ulqini","og_description":"U sri\u00adje\u00addu ve\u00ad\u010de odr\u00ad\u017ea\u00adna je sjed\u00adni\u00adca Iz\u00advr\u00ad\u0161nog od\u00adbo\u00adra De\u00admo\u00adkrat\u00adske par\u00adti\u00adje so\u00adci\u00adja\u00adli\u00adsta u Ul\u00adci\u00adnju, ko\u00adjoj je pred\u00adsje\u00adda\u00advao Ljo\u00adro","og_url":"https:\/\/www.visit-ulcinj.com\/blog\/2016\/02\/12\/deka-dps-u-nudi-mjesto-predsjednika-opstine-dps-razmatrao-ponudu\/","og_site_name":"Lajme nga Ulqini","article_published_time":"2016-02-12T18:50:01+00:00","article_modified_time":"2016-02-12T18:56:27+00:00","og_image":[{"url":"http:\/\/www.visit-ulcinj.com\/blog\/wp-content\/uploads\/2016\/02\/Ljoro-Loro-Nrekic-Ulcinj.jpg"}],"twitter_misc":{"Written by":"ulqini","Est. reading time":"4 minutes"},"schema":{"@context":"https:\/\/schema.org","@graph":[{"@type":"WebSite","@id":"https:\/\/www.visit-ulcinj.com\/blog\/#website","url":"https:\/\/www.visit-ulcinj.com\/blog\/","name":"Lajme nga Ulqini","description":"Lajme,Vijesti,Ulqini,Ulqin,Crna Gora,Mali i Zi","potentialAction":[{"@type":"SearchAction","target":{"@type":"EntryPoint","urlTemplate":"https:\/\/www.visit-ulcinj.com\/blog\/?s={search_term_string}"},"query-input":"required name=search_term_string"}],"inLanguage":"en-US"},{"@type":"ImageObject","inLanguage":"en-US","@id":"https:\/\/www.visit-ulcinj.com\/blog\/2016\/02\/12\/deka-dps-u-nudi-mjesto-predsjednika-opstine-dps-razmatrao-ponudu\/#primaryimage","url":"https:\/\/www.visit-ulcinj.com\/blog\/wp-content\/uploads\/2016\/02\/Ljoro-Loro-Nrekic-Ulcinj.jpg","contentUrl":"https:\/\/www.visit-ulcinj.com\/blog\/wp-content\/uploads\/2016\/02\/Ljoro-Loro-Nrekic-Ulcinj.jpg","width":610,"height":521},{"@type":"WebPage","@id":"https:\/\/www.visit-ulcinj.com\/blog\/2016\/02\/12\/deka-dps-u-nudi-mjesto-predsjednika-opstine-dps-razmatrao-ponudu\/#webpage","url":"https:\/\/www.visit-ulcinj.com\/blog\/2016\/02\/12\/deka-dps-u-nudi-mjesto-predsjednika-opstine-dps-razmatrao-ponudu\/","name":"Nre\u00adki\u00ad\u0107: \u0110eka DPS-u nudi mjesto predsjednika Op\u0161tine, DPS razmatrao ponudu - Lajme nga Ulqini","isPartOf":{"@id":"https:\/\/www.visit-ulcinj.com\/blog\/#website"},"primaryImageOfPage":{"@id":"https:\/\/www.visit-ulcinj.com\/blog\/2016\/02\/12\/deka-dps-u-nudi-mjesto-predsjednika-opstine-dps-razmatrao-ponudu\/#primaryimage"},"datePublished":"2016-02-12T18:50:01+00:00","dateModified":"2016-02-12T18:56:27+00:00","author":{"@id":"https:\/\/www.visit-ulcinj.com\/blog\/#\/schema\/person\/dcab619c614d3038751c63bc2aadc06d"},"description":"U sri\u00adje\u00addu ve\u00ad\u010de odr\u00ad\u017ea\u00adna je sjed\u00adni\u00adca Iz\u00advr\u00ad\u0161nog od\u00adbo\u00adra De\u00admo\u00adkrat\u00adske par\u00adti\u00adje so\u00adci\u00adja\u00adli\u00adsta u Ul\u00adci\u00adnju, ko\u00adjoj je pred\u00adsje\u00adda\u00advao Ljo\u00adro","breadcrumb":{"@id":"https:\/\/www.visit-ulcinj.com\/blog\/2016\/02\/12\/deka-dps-u-nudi-mjesto-predsjednika-opstine-dps-razmatrao-ponudu\/#breadcrumb"},"inLanguage":"en-US","potentialAction":[{"@type":"ReadAction","target":["https:\/\/www.visit-ulcinj.com\/blog\/2016\/02\/12\/deka-dps-u-nudi-mjesto-predsjednika-opstine-dps-razmatrao-ponudu\/"]}]},{"@type":"BreadcrumbList","@id":"https:\/\/www.visit-ulcinj.com\/blog\/2016\/02\/12\/deka-dps-u-nudi-mjesto-predsjednika-opstine-dps-razmatrao-ponudu\/#breadcrumb","itemListElement":[{"@type":"ListItem","position":1,"name":"Nre\u00adki\u00ad\u0107: \u0110eka DPS-u nudi mjesto predsjednika Op\u0161tine, DPS razmatrao ponudu"}]},{"@type":"Person","@id":"https:\/\/www.visit-ulcinj.com\/blog\/#\/schema\/person\/dcab619c614d3038751c63bc2aadc06d","name":"ulqini","sameAs":["http:\/\/www.visit-ulcinj.com"],"url":"https:\/\/www.visit-ulcinj.com\/blog\/author\/admin\/"}]}},"jetpack_featured_media_url":"","jetpack_sharing_enabled":true,"jetpack_shortlink":"https:\/\/wp.me\/pe6lTn-oAE","_links":{"self":[{"href":"https:\/\/www.visit-ulcinj.com\/blog\/wp-json\/wp\/v2\/posts\/94528"}],"collection":[{"href":"https:\/\/www.visit-ulcinj.com\/blog\/wp-json\/wp\/v2\/posts"}],"about":[{"href":"https:\/\/www.visit-ulcinj.com\/blog\/wp-json\/wp\/v2\/types\/post"}],"author":[{"embeddable":true,"href":"https:\/\/www.visit-ulcinj.com\/blog\/wp-json\/wp\/v2\/users\/1"}],"replies":[{"embeddable":true,"href":"https:\/\/www.visit-ulcinj.com\/blog\/wp-json\/wp\/v2\/comments?post=94528"}],"version-history":[{"count":4,"href":"https:\/\/www.visit-ulcinj.com\/blog\/wp-json\/wp\/v2\/posts\/94528\/revisions"}],"predecessor-version":[{"id":94534,"href":"https:\/\/www.visit-ulcinj.com\/blog\/wp-json\/wp\/v2\/posts\/94528\/revisions\/94534"}],"wp:attachment":[{"href":"https:\/\/www.visit-ulcinj.com\/blog\/wp-json\/wp\/v2\/media?parent=94528"}],"wp:term":[{"taxonomy":"category","embeddable":true,"href":"https:\/\/www.visit-ulcinj.com\/blog\/wp-json\/wp\/v2\/categories?post=94528"},{"taxonomy":"post_tag","embeddable":true,"href":"https:\/\/www.visit-ulcinj.com\/blog\/wp-json\/wp\/v2\/tags?post=94528"}],"curies":[{"name":"wp","href":"https:\/\/api.w.org\/{rel}","templated":true}]}}