{"id":94538,"date":"2016-02-12T20:18:38","date_gmt":"2016-02-12T19:18:38","guid":{"rendered":"http:\/\/www.visit-ulcinj.com\/blog\/?p=94538"},"modified":"2016-02-13T13:49:47","modified_gmt":"2016-02-13T12:49:47","slug":"beteja-shqiptare-per-kriporen-e-ulqinit","status":"publish","type":"post","link":"https:\/\/www.visit-ulcinj.com\/blog\/2016\/02\/12\/beteja-shqiptare-per-kriporen-e-ulqinit\/","title":{"rendered":"Beteja shqiptare p\u00ebr Kriporen e Ulqinit"},"content":{"rendered":"<p><a href=\"http:\/\/www.visit-ulcinj.com\/blog\/wp-content\/uploads\/2014\/01\/Solana-Ulcinj.jpg\"><img loading=\"lazy\" class=\"alignleft wp-image-78521\" src=\"http:\/\/www.visit-ulcinj.com\/blog\/wp-content\/uploads\/2014\/01\/Solana-Ulcinj.jpg\" alt=\"Solana Ulcinj\" width=\"508\" height=\"338\" srcset=\"https:\/\/www.visit-ulcinj.com\/blog\/wp-content\/uploads\/2014\/01\/Solana-Ulcinj.jpg 720w, https:\/\/www.visit-ulcinj.com\/blog\/wp-content\/uploads\/2014\/01\/Solana-Ulcinj-300x199.jpg 300w\" sizes=\"(max-width: 508px) 100vw, 508px\" \/><\/a>Kripa, p\u00ebrve\u00e7 peshkimit \u00ebsht\u00eb nj\u00eb nga pasurit\u00eb e shqiptar\u00ebve t\u00eb Malit t\u00eb Zi, n\u00eb qytetin antik t\u00eb tyre, Ulqinin.<\/p>\n<p>Q\u00eb nga pushtimi i qytetit prek malazez\u00ebve, u grabit\u00ebn pasurit\u00eb natyrore t\u00eb ulqinak\u00ebve, ku nd\u00ebr t\u00eb cilat \u00ebsht\u00eb dhe Kriporja q\u00eb ka sjell\u00eb t\u00eb ardhura q\u00eb nga antikiteti.<\/p>\n<p>Prej vitesh n\u00eb Ulqin \u00ebsht\u00eb ngritur nj\u00eb Komitet p\u00ebr Mbrojtjen e Kripores, e cila n\u00eb m\u00ebnyr\u00eb t\u00eb t\u00ebrdhort\u00eb ndodhet n\u00eb dor\u00ebn e familjes s\u00eb kryeministrit malazez, Milo Gjukanovi\u00e7; e cila synon t\u00eb nd\u00ebrtoj\u00eb nj\u00eb kompleks nd\u00ebrtimi t\u00eb madh q\u00eb ta shfryt\u00ebzoj\u00eb, natyrisht p\u00ebr turiz\u00ebm.<\/p>\n<p>Nj\u00eb kompani q\u00eb ka marr\u00eb n\u00eb shfryt\u00ebzim nga qeveria e Podgoric\u00ebs Kriporen synon t\u00eb tjet\u00ebrsoj\u00eb destinacionin.<\/p>\n<p>N\u00eb Ulqin u ngrit nj\u00eb <em>komitet qytetar<\/em> q\u00eb ka k\u00ebrkuar q\u00eb t\u00eb zbatohet ligji ku ky objekt shpallet si \u201cZon\u00eb e Mbrojtur\u201d, ligj i miratuar me votat e t\u00eb gjitha partive p\u00ebrvec asaj n\u00eb pushtet PDS-s\u00eb.<\/p>\n<p>Por \u00e7ndodhi?! Gjykata Kushtetuese, me nj\u00eb vendim t\u00eb sajin t\u00eb marr\u00eb 3 muaj m\u00eb pare, por q\u00eb e ka shpallur vet\u00ebm k\u00ebto dit\u00eb, i ka dh\u00ebn\u00eb\u00a0 t\u00eb drejt\u00eb pronarit t\u00eb kompanis\u00eb,<em> Eurofond <\/em>q\u00eb t\u00eb nis\u00eb nd\u00ebrtimin e objekteve.<\/p>\n<p>Por kjo kompani ka shpallur falimentin dhe nuk mund t\u00eb paguaj\u00eb dot kredin\u00eb, nd\u00ebrsa Kriporen e ka hipotekuar n\u00eb <em>Prva Banka, <\/em>e cila \u00ebsht\u00eb pron\u00eb as m\u00eb shum\u00eb e as m\u00eb pak por v\u00ebllait t\u00eb kryeministrit t\u00eb Malit t\u00eb Zi, Aco Gjukanovi\u00e7. Banka mund t\u00eb b\u00ebj\u00eb \u00e7\u2019t\u00eb doj\u00eb me Kriporen n\u00eb k\u00ebt\u00eb rast.<\/p>\n<p><a href=\"http:\/\/www.visit-ulcinj.com\/blog\/wp-content\/uploads\/2015\/05\/Ulcinska-Solana-Ptice.jpg\"><img loading=\"lazy\" class=\"alignleft wp-image-90648\" src=\"http:\/\/www.visit-ulcinj.com\/blog\/wp-content\/uploads\/2015\/05\/Ulcinska-Solana-Ptice.jpg\" alt=\"Ulcinska-Solana-Ptice\" width=\"508\" height=\"271\" srcset=\"https:\/\/www.visit-ulcinj.com\/blog\/wp-content\/uploads\/2015\/05\/Ulcinska-Solana-Ptice.jpg 910w, https:\/\/www.visit-ulcinj.com\/blog\/wp-content\/uploads\/2015\/05\/Ulcinska-Solana-Ptice-300x160.jpg 300w\" sizes=\"(max-width: 508px) 100vw, 508px\" \/><\/a><\/p>\n<p>Me nj\u00eb fjal\u00eb, familja e Milo Gjukanovi\u00e7it ka t\u00eb gjitha mund\u00ebsit\u00eb q\u00eb ta zot\u00ebroj\u00eb pron\u00ebn shekullore t\u00eb shqiptar\u00ebve.<\/p>\n<p>Kjo ka sjell\u00eb protesta dhe reagime t\u00eb forta.<\/p>\n<p>K\u00ebshtu, deputeti shqiptar Genci Numanbegu e quajti vendimin e Gjykat\u00ebs Kushtetuese si n\u00eb d\u00ebm t\u00eb interesave t\u00eb shqiptar\u00ebve t\u00eb Malit t\u00eb Zi.<\/p>\n<p>Por p\u00ebrve\u00e7 shqiptar\u00ebve kan\u00eb reaguar edhe nd\u00ebrkomb\u00ebtar\u00ebt.<\/p>\n<p>Ambasadorja e Gjermanis\u00eb n\u00eb Podgoric\u00eb, Gudrun Shtajnaker, ka paralajm\u00ebruar disa her\u00eb se n\u00ebse Kriporja nuk shpallet zon\u00eb e mbrojtur rrezikohet rruga e Malit t\u00eb Zi drejt Bashkimit Europian.<\/p>\n<p>Nimanbegu ishte nj\u00ebri nga deputet\u00ebt i cili n\u00ebnshkroi propozimin p\u00ebr mbrojtjen e Kripores n\u00eb vitin 2012.<\/p>\n<p>Nimanbegu nuk pajtohet me arsyetimin e Gjykat\u00ebs se vendimi p\u00ebr mbrojtjen e Kripores \u00ebsht\u00eb b\u00ebr\u00eb pa shqyrtim publik, pasi n\u00eb k\u00ebt\u00eb proces ishin p\u00ebrfshir\u00eb si subjektet politike ashtu edhe organizatat joqeveritare dhe ekologjike, dhe t\u00eb gjith\u00eb ishin p\u00ebr mbrojtjen e saj.<\/p>\n<p>Vendimi p\u00ebr mbrojtjen e Kripores u miratua nga Kuvendi i Malit t\u00eb Zi n\u00eb vitin 2012 me vota t\u00eb opozit\u00ebs, Partis\u00eb Socialdemokrate dhe deputet\u00ebve shqiptar\u00eb.<\/p>\n<p>Kriporja e Ulqinit mbulon nj\u00eb sip\u00ebrfaqe prej 14,5 km2 dhe \u00ebsht\u00eb e vendosur n\u00eb delt\u00ebn e Lumit Buna.<\/p>\n<p>Para se t\u00eb nd\u00ebrtohet Kriporja n\u00eb vend t\u00eb saj, ka qen\u00eb K\u00ebneta e Zogajve, e cila ka qen\u00eb e njohur p\u00ebr gjuetin\u00eb e shpez\u00ebve, gj\u00eb q\u00eb e tregon edhe emri \u201czog\u201d.<\/p>\n<p><a href=\"http:\/\/www.visit-ulcinj.com\/blog\/wp-content\/uploads\/2014\/02\/Protest-Solana-Ulcinj-3.jpg\"><img loading=\"lazy\" class=\"alignleft wp-image-80029\" src=\"http:\/\/www.visit-ulcinj.com\/blog\/wp-content\/uploads\/2014\/02\/Protest-Solana-Ulcinj-3.jpg\" alt=\"Protest-Solana-Ulcinj-3\" width=\"508\" height=\"381\" srcset=\"https:\/\/www.visit-ulcinj.com\/blog\/wp-content\/uploads\/2014\/02\/Protest-Solana-Ulcinj-3.jpg 960w, https:\/\/www.visit-ulcinj.com\/blog\/wp-content\/uploads\/2014\/02\/Protest-Solana-Ulcinj-3-300x225.jpg 300w\" sizes=\"(max-width: 508px) 100vw, 508px\" \/><\/a><\/p>\n<p>Fillimi i Kripores \u00ebsht\u00eb i lidhur me rregullimin e ujit t\u00eb K\u00ebnet\u00ebs se Zogajve n\u00eb vitin 1913, kur \u00ebsht\u00eb hapur kanali i Port Milen\u00ebs. Ajo \u00ebsht\u00eb e rrethuar nga nj\u00eb kanal q\u00eb drenazhon uj\u00ebrat e k\u00ebnetave p\u00ebrreth, duke mos lejuar q\u00eb uji i tyre t\u00eb p\u00ebrzihet me ujin e Kripores.<\/p>\n<p>Kriporja \u00ebsht\u00eb nj\u00eb pjes\u00eb e r\u00ebnd\u00ebsishme e sistemit t\u00eb pellgut t\u00eb Liqenit t\u00eb Shkodr\u00ebs dhe t\u00eb Lumit Buna, i cili ka nj\u00eb siperfaqe prej 1,000 km2.<\/p>\n<p>Kriporja \u00ebsht\u00eb e rrethuar nga disa nga vendet m\u00eb t\u00eb r\u00ebnd\u00ebsishme mjedisore n\u00eb Adriatik, si\u00e7 jan\u00eb Plazhi i Madh, Ada e Bun\u00ebs, Liqeni i Shasit dhe Liqeni i Shkodr\u00ebs.<\/p>\n<p>Kriporja e Ulqinit \u00ebsht\u00eb nj\u00eb nga dhjet\u00eb kriporet m\u00eb t\u00eb m\u00ebdha \u00a0n\u00eb Mesdhe. N\u00eb fund t\u00eb bazenit t\u00eb saj gjenden n\u00eb sasi t\u00eb m\u00ebdha mbetjet e guackave dhe t\u00eb k\u00ebrmijve t\u00eb detit.<\/p>\n<p><strong>P\u00ebrgatiti: Ylli Pata<\/strong><\/p>\n<p><strong>Tesheshi.com<\/strong><\/p>\n","protected":false},"excerpt":{"rendered":"<p>Kripa, p\u00ebrve\u00e7 peshkimit \u00ebsht\u00eb nj\u00eb nga pasurit\u00eb e shqiptar\u00ebve t\u00eb Malit t\u00eb Zi, n\u00eb qytetin antik t\u00eb tyre, Ulqinin. Q\u00eb nga pushtimi i qytetit prek malazez\u00ebve, u grabit\u00ebn pasurit\u00eb natyrore t\u00eb ulqinak\u00ebve, ku nd\u00ebr t\u00eb cilat \u00ebsht\u00eb dhe Kriporja q\u00eb ka sjell\u00eb t\u00eb ardhura q\u00eb nga antikiteti. Prej vitesh n\u00eb Ulqin \u00ebsht\u00eb ngritur nj\u00eb Komitet [&hellip;]<\/p>\n","protected":false},"author":1,"featured_media":0,"comment_status":"closed","ping_status":"closed","sticky":false,"template":"","format":"standard","meta":{"spay_email":"","jetpack_publicize_message":"","jetpack_is_tweetstorm":false,"jetpack_publicize_feature_enabled":true},"categories":[10,2451],"tags":[],"jetpack_publicize_connections":[],"yoast_head":"<!-- This site is optimized with the Yoast SEO plugin v19.1 - https:\/\/yoast.com\/wordpress\/plugins\/seo\/ -->\n<title>Beteja shqiptare p\u00ebr Kriporen e Ulqinit - Lajme nga Ulqini<\/title>\n<meta name=\"description\" content=\"Kripa, p\u00ebrve\u00e7 peshkimit \u00ebsht\u00eb nj\u00eb nga pasurit\u00eb e shqiptar\u00ebve t\u00eb Malit t\u00eb Zi, n\u00eb qytetin antik t\u00eb tyre, Ulqinin. Q\u00eb nga pushtimi i qytetit prek malazez\u00ebve,\" \/>\n<meta name=\"robots\" content=\"index, follow, max-snippet:-1, max-image-preview:large, max-video-preview:-1\" \/>\n<link rel=\"canonical\" href=\"https:\/\/www.visit-ulcinj.com\/blog\/2016\/02\/12\/beteja-shqiptare-per-kriporen-e-ulqinit\/\" \/>\n<meta property=\"og:locale\" content=\"en_US\" \/>\n<meta property=\"og:type\" content=\"article\" \/>\n<meta property=\"og:title\" content=\"Beteja shqiptare p\u00ebr Kriporen e Ulqinit - Lajme nga Ulqini\" \/>\n<meta property=\"og:description\" content=\"Kripa, p\u00ebrve\u00e7 peshkimit \u00ebsht\u00eb nj\u00eb nga pasurit\u00eb e shqiptar\u00ebve t\u00eb Malit t\u00eb Zi, n\u00eb qytetin antik t\u00eb tyre, Ulqinin. Q\u00eb nga pushtimi i qytetit prek malazez\u00ebve,\" \/>\n<meta property=\"og:url\" content=\"https:\/\/www.visit-ulcinj.com\/blog\/2016\/02\/12\/beteja-shqiptare-per-kriporen-e-ulqinit\/\" \/>\n<meta property=\"og:site_name\" content=\"Lajme nga Ulqini\" \/>\n<meta property=\"article:published_time\" content=\"2016-02-12T19:18:38+00:00\" \/>\n<meta property=\"article:modified_time\" content=\"2016-02-13T12:49:47+00:00\" \/>\n<meta property=\"og:image\" content=\"http:\/\/www.visit-ulcinj.com\/blog\/wp-content\/uploads\/2014\/01\/Solana-Ulcinj.jpg\" \/>\n<meta name=\"twitter:label1\" content=\"Written by\" \/>\n\t<meta name=\"twitter:data1\" content=\"ulqini\" \/>\n\t<meta name=\"twitter:label2\" content=\"Est. reading time\" \/>\n\t<meta name=\"twitter:data2\" content=\"3 minutes\" \/>\n<script type=\"application\/ld+json\" class=\"yoast-schema-graph\">{\"@context\":\"https:\/\/schema.org\",\"@graph\":[{\"@type\":\"WebSite\",\"@id\":\"https:\/\/www.visit-ulcinj.com\/blog\/#website\",\"url\":\"https:\/\/www.visit-ulcinj.com\/blog\/\",\"name\":\"Lajme nga Ulqini\",\"description\":\"Lajme,Vijesti,Ulqini,Ulqin,Crna Gora,Mali i Zi\",\"potentialAction\":[{\"@type\":\"SearchAction\",\"target\":{\"@type\":\"EntryPoint\",\"urlTemplate\":\"https:\/\/www.visit-ulcinj.com\/blog\/?s={search_term_string}\"},\"query-input\":\"required name=search_term_string\"}],\"inLanguage\":\"en-US\"},{\"@type\":\"ImageObject\",\"inLanguage\":\"en-US\",\"@id\":\"https:\/\/www.visit-ulcinj.com\/blog\/2016\/02\/12\/beteja-shqiptare-per-kriporen-e-ulqinit\/#primaryimage\",\"url\":\"https:\/\/www.visit-ulcinj.com\/blog\/wp-content\/uploads\/2014\/01\/Solana-Ulcinj.jpg\",\"contentUrl\":\"https:\/\/www.visit-ulcinj.com\/blog\/wp-content\/uploads\/2014\/01\/Solana-Ulcinj.jpg\",\"width\":720,\"height\":479},{\"@type\":\"WebPage\",\"@id\":\"https:\/\/www.visit-ulcinj.com\/blog\/2016\/02\/12\/beteja-shqiptare-per-kriporen-e-ulqinit\/#webpage\",\"url\":\"https:\/\/www.visit-ulcinj.com\/blog\/2016\/02\/12\/beteja-shqiptare-per-kriporen-e-ulqinit\/\",\"name\":\"Beteja shqiptare p\u00ebr Kriporen e Ulqinit - Lajme nga Ulqini\",\"isPartOf\":{\"@id\":\"https:\/\/www.visit-ulcinj.com\/blog\/#website\"},\"primaryImageOfPage\":{\"@id\":\"https:\/\/www.visit-ulcinj.com\/blog\/2016\/02\/12\/beteja-shqiptare-per-kriporen-e-ulqinit\/#primaryimage\"},\"datePublished\":\"2016-02-12T19:18:38+00:00\",\"dateModified\":\"2016-02-13T12:49:47+00:00\",\"author\":{\"@id\":\"https:\/\/www.visit-ulcinj.com\/blog\/#\/schema\/person\/dcab619c614d3038751c63bc2aadc06d\"},\"description\":\"Kripa, p\u00ebrve\u00e7 peshkimit \u00ebsht\u00eb nj\u00eb nga pasurit\u00eb e shqiptar\u00ebve t\u00eb Malit t\u00eb Zi, n\u00eb qytetin antik t\u00eb tyre, Ulqinin. Q\u00eb nga pushtimi i qytetit prek malazez\u00ebve,\",\"breadcrumb\":{\"@id\":\"https:\/\/www.visit-ulcinj.com\/blog\/2016\/02\/12\/beteja-shqiptare-per-kriporen-e-ulqinit\/#breadcrumb\"},\"inLanguage\":\"en-US\",\"potentialAction\":[{\"@type\":\"ReadAction\",\"target\":[\"https:\/\/www.visit-ulcinj.com\/blog\/2016\/02\/12\/beteja-shqiptare-per-kriporen-e-ulqinit\/\"]}]},{\"@type\":\"BreadcrumbList\",\"@id\":\"https:\/\/www.visit-ulcinj.com\/blog\/2016\/02\/12\/beteja-shqiptare-per-kriporen-e-ulqinit\/#breadcrumb\",\"itemListElement\":[{\"@type\":\"ListItem\",\"position\":1,\"name\":\"Beteja shqiptare p\u00ebr Kriporen e Ulqinit\"}]},{\"@type\":\"Person\",\"@id\":\"https:\/\/www.visit-ulcinj.com\/blog\/#\/schema\/person\/dcab619c614d3038751c63bc2aadc06d\",\"name\":\"ulqini\",\"sameAs\":[\"http:\/\/www.visit-ulcinj.com\"],\"url\":\"https:\/\/www.visit-ulcinj.com\/blog\/author\/admin\/\"}]}<\/script>\n<!-- \/ Yoast SEO plugin. -->","yoast_head_json":{"title":"Beteja shqiptare p\u00ebr Kriporen e Ulqinit - Lajme nga Ulqini","description":"Kripa, p\u00ebrve\u00e7 peshkimit \u00ebsht\u00eb nj\u00eb nga pasurit\u00eb e shqiptar\u00ebve t\u00eb Malit t\u00eb Zi, n\u00eb qytetin antik t\u00eb tyre, Ulqinin. Q\u00eb nga pushtimi i qytetit prek malazez\u00ebve,","robots":{"index":"index","follow":"follow","max-snippet":"max-snippet:-1","max-image-preview":"max-image-preview:large","max-video-preview":"max-video-preview:-1"},"canonical":"https:\/\/www.visit-ulcinj.com\/blog\/2016\/02\/12\/beteja-shqiptare-per-kriporen-e-ulqinit\/","og_locale":"en_US","og_type":"article","og_title":"Beteja shqiptare p\u00ebr Kriporen e Ulqinit - Lajme nga Ulqini","og_description":"Kripa, p\u00ebrve\u00e7 peshkimit \u00ebsht\u00eb nj\u00eb nga pasurit\u00eb e shqiptar\u00ebve t\u00eb Malit t\u00eb Zi, n\u00eb qytetin antik t\u00eb tyre, Ulqinin. Q\u00eb nga pushtimi i qytetit prek malazez\u00ebve,","og_url":"https:\/\/www.visit-ulcinj.com\/blog\/2016\/02\/12\/beteja-shqiptare-per-kriporen-e-ulqinit\/","og_site_name":"Lajme nga Ulqini","article_published_time":"2016-02-12T19:18:38+00:00","article_modified_time":"2016-02-13T12:49:47+00:00","og_image":[{"url":"http:\/\/www.visit-ulcinj.com\/blog\/wp-content\/uploads\/2014\/01\/Solana-Ulcinj.jpg"}],"twitter_misc":{"Written by":"ulqini","Est. reading time":"3 minutes"},"schema":{"@context":"https:\/\/schema.org","@graph":[{"@type":"WebSite","@id":"https:\/\/www.visit-ulcinj.com\/blog\/#website","url":"https:\/\/www.visit-ulcinj.com\/blog\/","name":"Lajme nga Ulqini","description":"Lajme,Vijesti,Ulqini,Ulqin,Crna Gora,Mali i Zi","potentialAction":[{"@type":"SearchAction","target":{"@type":"EntryPoint","urlTemplate":"https:\/\/www.visit-ulcinj.com\/blog\/?s={search_term_string}"},"query-input":"required name=search_term_string"}],"inLanguage":"en-US"},{"@type":"ImageObject","inLanguage":"en-US","@id":"https:\/\/www.visit-ulcinj.com\/blog\/2016\/02\/12\/beteja-shqiptare-per-kriporen-e-ulqinit\/#primaryimage","url":"https:\/\/www.visit-ulcinj.com\/blog\/wp-content\/uploads\/2014\/01\/Solana-Ulcinj.jpg","contentUrl":"https:\/\/www.visit-ulcinj.com\/blog\/wp-content\/uploads\/2014\/01\/Solana-Ulcinj.jpg","width":720,"height":479},{"@type":"WebPage","@id":"https:\/\/www.visit-ulcinj.com\/blog\/2016\/02\/12\/beteja-shqiptare-per-kriporen-e-ulqinit\/#webpage","url":"https:\/\/www.visit-ulcinj.com\/blog\/2016\/02\/12\/beteja-shqiptare-per-kriporen-e-ulqinit\/","name":"Beteja shqiptare p\u00ebr Kriporen e Ulqinit - Lajme nga Ulqini","isPartOf":{"@id":"https:\/\/www.visit-ulcinj.com\/blog\/#website"},"primaryImageOfPage":{"@id":"https:\/\/www.visit-ulcinj.com\/blog\/2016\/02\/12\/beteja-shqiptare-per-kriporen-e-ulqinit\/#primaryimage"},"datePublished":"2016-02-12T19:18:38+00:00","dateModified":"2016-02-13T12:49:47+00:00","author":{"@id":"https:\/\/www.visit-ulcinj.com\/blog\/#\/schema\/person\/dcab619c614d3038751c63bc2aadc06d"},"description":"Kripa, p\u00ebrve\u00e7 peshkimit \u00ebsht\u00eb nj\u00eb nga pasurit\u00eb e shqiptar\u00ebve t\u00eb Malit t\u00eb Zi, n\u00eb qytetin antik t\u00eb tyre, Ulqinin. Q\u00eb nga pushtimi i qytetit prek malazez\u00ebve,","breadcrumb":{"@id":"https:\/\/www.visit-ulcinj.com\/blog\/2016\/02\/12\/beteja-shqiptare-per-kriporen-e-ulqinit\/#breadcrumb"},"inLanguage":"en-US","potentialAction":[{"@type":"ReadAction","target":["https:\/\/www.visit-ulcinj.com\/blog\/2016\/02\/12\/beteja-shqiptare-per-kriporen-e-ulqinit\/"]}]},{"@type":"BreadcrumbList","@id":"https:\/\/www.visit-ulcinj.com\/blog\/2016\/02\/12\/beteja-shqiptare-per-kriporen-e-ulqinit\/#breadcrumb","itemListElement":[{"@type":"ListItem","position":1,"name":"Beteja shqiptare p\u00ebr Kriporen e Ulqinit"}]},{"@type":"Person","@id":"https:\/\/www.visit-ulcinj.com\/blog\/#\/schema\/person\/dcab619c614d3038751c63bc2aadc06d","name":"ulqini","sameAs":["http:\/\/www.visit-ulcinj.com"],"url":"https:\/\/www.visit-ulcinj.com\/blog\/author\/admin\/"}]}},"jetpack_featured_media_url":"","jetpack_sharing_enabled":true,"jetpack_shortlink":"https:\/\/wp.me\/pe6lTn-oAO","_links":{"self":[{"href":"https:\/\/www.visit-ulcinj.com\/blog\/wp-json\/wp\/v2\/posts\/94538"}],"collection":[{"href":"https:\/\/www.visit-ulcinj.com\/blog\/wp-json\/wp\/v2\/posts"}],"about":[{"href":"https:\/\/www.visit-ulcinj.com\/blog\/wp-json\/wp\/v2\/types\/post"}],"author":[{"embeddable":true,"href":"https:\/\/www.visit-ulcinj.com\/blog\/wp-json\/wp\/v2\/users\/1"}],"replies":[{"embeddable":true,"href":"https:\/\/www.visit-ulcinj.com\/blog\/wp-json\/wp\/v2\/comments?post=94538"}],"version-history":[{"count":1,"href":"https:\/\/www.visit-ulcinj.com\/blog\/wp-json\/wp\/v2\/posts\/94538\/revisions"}],"predecessor-version":[{"id":94539,"href":"https:\/\/www.visit-ulcinj.com\/blog\/wp-json\/wp\/v2\/posts\/94538\/revisions\/94539"}],"wp:attachment":[{"href":"https:\/\/www.visit-ulcinj.com\/blog\/wp-json\/wp\/v2\/media?parent=94538"}],"wp:term":[{"taxonomy":"category","embeddable":true,"href":"https:\/\/www.visit-ulcinj.com\/blog\/wp-json\/wp\/v2\/categories?post=94538"},{"taxonomy":"post_tag","embeddable":true,"href":"https:\/\/www.visit-ulcinj.com\/blog\/wp-json\/wp\/v2\/tags?post=94538"}],"curies":[{"name":"wp","href":"https:\/\/api.w.org\/{rel}","templated":true}]}}