{"id":94543,"date":"2016-02-12T20:39:49","date_gmt":"2016-02-12T19:39:49","guid":{"rendered":"http:\/\/www.visit-ulcinj.com\/blog\/?p=94543"},"modified":"2016-02-12T20:39:49","modified_gmt":"2016-02-12T19:39:49","slug":"forca-dhe-alternativa-shqiptare-kane-kerkuar-kthimin-e-mandateve-te-garantuara","status":"publish","type":"post","link":"https:\/\/www.visit-ulcinj.com\/blog\/2016\/02\/12\/forca-dhe-alternativa-shqiptare-kane-kerkuar-kthimin-e-mandateve-te-garantuara\/","title":{"rendered":"FORCA dhe Alternativa shqiptare kan\u00eb k\u00ebrkuar kthimin e mandateve t\u00eb garantuara"},"content":{"rendered":"<p><a href=\"http:\/\/www.visit-ulcinj.com\/blog\/wp-content\/uploads\/2016\/02\/Forca-dhe-Alternativa-shqiptare.jpg\"><img loading=\"lazy\" class=\"alignleft wp-image-94544\" src=\"http:\/\/www.visit-ulcinj.com\/blog\/wp-content\/uploads\/2016\/02\/Forca-dhe-Alternativa-shqiptare.jpg\" alt=\"Forca dhe Alternativa shqiptare\" width=\"508\" height=\"339\" srcset=\"https:\/\/www.visit-ulcinj.com\/blog\/wp-content\/uploads\/2016\/02\/Forca-dhe-Alternativa-shqiptare.jpg 1024w, https:\/\/www.visit-ulcinj.com\/blog\/wp-content\/uploads\/2016\/02\/Forca-dhe-Alternativa-shqiptare-300x200.jpg 300w\" sizes=\"(max-width: 508px) 100vw, 508px\" \/><\/a>Forca e re demokratike FORCA dhe Alternativa shqiptare kan\u00eb k\u00ebrkuar q\u00eb partive shqiptare tu kthehen mandatet e garantuara n\u00eb kuad\u00ebr t\u00eb nj\u00ebsis\u00eb s\u00eb ve\u00e7ant\u00eb zgjedhore t\u00eb cilat kan\u00eb qen\u00eb t\u00eb mundura me zgjedhjet e m\u00ebparshme ligjore. Si\u00e7 \u00ebsht\u00eb kumtuar ata me urgjenc\u00eb ia kan\u00eb dor\u00ebzuar kryetarit t\u00eb Kuvendit duke k\u00ebrkuar q\u00eb k\u00ebrkesa e tyre t\u00eb shqyrtohet n\u00eb\u00a0 kuad\u00ebr t\u00eb grupit i cili \u00ebsht\u00eb duke p\u00ebrgatitur marr\u00ebveshjen p\u00ebr krijimin e kushteve p\u00ebr zgjedhjet t\u00eb lira dhe t\u00eb ndershme.<\/p>\n<p>Forca dhe Alternativa shqiptare k\u00ebrkojn\u00eb shqyrtimin e k\u00ebrkes\u00ebs s\u00eb dor\u00ebzuar m\u00eb par\u00eb p\u00ebr ndryshimin e ligjit p\u00ebr zgjedhjen e k\u00ebshilltar\u00ebve dhe t\u00eb deputet\u00ebve, k\u00ebshtu q\u00eb partive shqiptare\u00a0 tu kthehen mandatet e garantuara\u00a0 n\u00eb kuad\u00ebr t\u00eb nj\u00ebsis\u00eb s\u00eb ve\u00e7ant\u00eb zgjedhore. Kjo e drejt\u00eb partive shqiptare , me mbivotim , n\u00eb kund\u00ebrshtim me principet e garantuara kushtetuese t\u00eb aksionit afirmativ dhe n\u00eb kund\u00ebrshtim me vullnetin ton\u00eb u \u00ebsht\u00eb marr\u00eb , thuhet n\u00eb kumtes\u00eb.<\/p>\n<p><strong>TVCG<\/strong><\/p>\n","protected":false},"excerpt":{"rendered":"<p>Forca e re demokratike FORCA dhe Alternativa shqiptare kan\u00eb k\u00ebrkuar q\u00eb partive shqiptare tu kthehen mandatet e garantuara n\u00eb kuad\u00ebr t\u00eb nj\u00ebsis\u00eb s\u00eb ve\u00e7ant\u00eb zgjedhore t\u00eb cilat kan\u00eb qen\u00eb t\u00eb mundura me zgjedhjet e m\u00ebparshme ligjore. Si\u00e7 \u00ebsht\u00eb kumtuar ata me urgjenc\u00eb ia kan\u00eb dor\u00ebzuar kryetarit t\u00eb Kuvendit duke k\u00ebrkuar q\u00eb k\u00ebrkesa e tyre t\u00eb [&hellip;]<\/p>\n","protected":false},"author":1,"featured_media":0,"comment_status":"closed","ping_status":"closed","sticky":false,"template":"","format":"standard","meta":{"spay_email":"","jetpack_publicize_message":"","jetpack_is_tweetstorm":false,"jetpack_publicize_feature_enabled":true},"categories":[6950],"tags":[],"jetpack_publicize_connections":[],"yoast_head":"<!-- This site is optimized with the Yoast SEO plugin v19.1 - https:\/\/yoast.com\/wordpress\/plugins\/seo\/ -->\n<title>FORCA dhe Alternativa shqiptare kan\u00eb k\u00ebrkuar kthimin e mandateve t\u00eb garantuara - Lajme nga Ulqini<\/title>\n<meta name=\"description\" content=\"Forca e re demokratike FORCA dhe Alternativa shqiptare kan\u00eb k\u00ebrkuar q\u00eb partive shqiptare tu kthehen mandatet e garantuara n\u00eb kuad\u00ebr t\u00eb nj\u00ebsis\u00eb s\u00eb ve\u00e7ant\u00eb\" \/>\n<meta name=\"robots\" content=\"index, follow, max-snippet:-1, max-image-preview:large, max-video-preview:-1\" \/>\n<link rel=\"canonical\" href=\"https:\/\/www.visit-ulcinj.com\/blog\/2016\/02\/12\/forca-dhe-alternativa-shqiptare-kane-kerkuar-kthimin-e-mandateve-te-garantuara\/\" \/>\n<meta property=\"og:locale\" content=\"en_US\" \/>\n<meta property=\"og:type\" content=\"article\" \/>\n<meta property=\"og:title\" content=\"FORCA dhe Alternativa shqiptare kan\u00eb k\u00ebrkuar kthimin e mandateve t\u00eb garantuara - Lajme nga Ulqini\" \/>\n<meta property=\"og:description\" content=\"Forca e re demokratike FORCA dhe Alternativa shqiptare kan\u00eb k\u00ebrkuar q\u00eb partive shqiptare tu kthehen mandatet e garantuara n\u00eb kuad\u00ebr t\u00eb nj\u00ebsis\u00eb s\u00eb ve\u00e7ant\u00eb\" \/>\n<meta property=\"og:url\" content=\"https:\/\/www.visit-ulcinj.com\/blog\/2016\/02\/12\/forca-dhe-alternativa-shqiptare-kane-kerkuar-kthimin-e-mandateve-te-garantuara\/\" \/>\n<meta property=\"og:site_name\" content=\"Lajme nga Ulqini\" \/>\n<meta property=\"article:published_time\" content=\"2016-02-12T19:39:49+00:00\" \/>\n<meta property=\"og:image\" content=\"http:\/\/www.visit-ulcinj.com\/blog\/wp-content\/uploads\/2016\/02\/Forca-dhe-Alternativa-shqiptare.jpg\" \/>\n<meta name=\"twitter:label1\" content=\"Written by\" \/>\n\t<meta name=\"twitter:data1\" content=\"ulqini\" \/>\n\t<meta name=\"twitter:label2\" content=\"Est. reading time\" \/>\n\t<meta name=\"twitter:data2\" content=\"1 minute\" \/>\n<script type=\"application\/ld+json\" class=\"yoast-schema-graph\">{\"@context\":\"https:\/\/schema.org\",\"@graph\":[{\"@type\":\"WebSite\",\"@id\":\"https:\/\/www.visit-ulcinj.com\/blog\/#website\",\"url\":\"https:\/\/www.visit-ulcinj.com\/blog\/\",\"name\":\"Lajme nga Ulqini\",\"description\":\"Lajme,Vijesti,Ulqini,Ulqin,Crna Gora,Mali i Zi\",\"potentialAction\":[{\"@type\":\"SearchAction\",\"target\":{\"@type\":\"EntryPoint\",\"urlTemplate\":\"https:\/\/www.visit-ulcinj.com\/blog\/?s={search_term_string}\"},\"query-input\":\"required name=search_term_string\"}],\"inLanguage\":\"en-US\"},{\"@type\":\"ImageObject\",\"inLanguage\":\"en-US\",\"@id\":\"https:\/\/www.visit-ulcinj.com\/blog\/2016\/02\/12\/forca-dhe-alternativa-shqiptare-kane-kerkuar-kthimin-e-mandateve-te-garantuara\/#primaryimage\",\"url\":\"https:\/\/www.visit-ulcinj.com\/blog\/wp-content\/uploads\/2016\/02\/Forca-dhe-Alternativa-shqiptare.jpg\",\"contentUrl\":\"https:\/\/www.visit-ulcinj.com\/blog\/wp-content\/uploads\/2016\/02\/Forca-dhe-Alternativa-shqiptare.jpg\",\"width\":1024,\"height\":683},{\"@type\":\"WebPage\",\"@id\":\"https:\/\/www.visit-ulcinj.com\/blog\/2016\/02\/12\/forca-dhe-alternativa-shqiptare-kane-kerkuar-kthimin-e-mandateve-te-garantuara\/#webpage\",\"url\":\"https:\/\/www.visit-ulcinj.com\/blog\/2016\/02\/12\/forca-dhe-alternativa-shqiptare-kane-kerkuar-kthimin-e-mandateve-te-garantuara\/\",\"name\":\"FORCA dhe Alternativa shqiptare kan\u00eb k\u00ebrkuar kthimin e mandateve t\u00eb garantuara - Lajme nga Ulqini\",\"isPartOf\":{\"@id\":\"https:\/\/www.visit-ulcinj.com\/blog\/#website\"},\"primaryImageOfPage\":{\"@id\":\"https:\/\/www.visit-ulcinj.com\/blog\/2016\/02\/12\/forca-dhe-alternativa-shqiptare-kane-kerkuar-kthimin-e-mandateve-te-garantuara\/#primaryimage\"},\"datePublished\":\"2016-02-12T19:39:49+00:00\",\"dateModified\":\"2016-02-12T19:39:49+00:00\",\"author\":{\"@id\":\"https:\/\/www.visit-ulcinj.com\/blog\/#\/schema\/person\/dcab619c614d3038751c63bc2aadc06d\"},\"description\":\"Forca e re demokratike FORCA dhe Alternativa shqiptare kan\u00eb k\u00ebrkuar q\u00eb partive shqiptare tu kthehen mandatet e garantuara n\u00eb kuad\u00ebr t\u00eb nj\u00ebsis\u00eb s\u00eb ve\u00e7ant\u00eb\",\"breadcrumb\":{\"@id\":\"https:\/\/www.visit-ulcinj.com\/blog\/2016\/02\/12\/forca-dhe-alternativa-shqiptare-kane-kerkuar-kthimin-e-mandateve-te-garantuara\/#breadcrumb\"},\"inLanguage\":\"en-US\",\"potentialAction\":[{\"@type\":\"ReadAction\",\"target\":[\"https:\/\/www.visit-ulcinj.com\/blog\/2016\/02\/12\/forca-dhe-alternativa-shqiptare-kane-kerkuar-kthimin-e-mandateve-te-garantuara\/\"]}]},{\"@type\":\"BreadcrumbList\",\"@id\":\"https:\/\/www.visit-ulcinj.com\/blog\/2016\/02\/12\/forca-dhe-alternativa-shqiptare-kane-kerkuar-kthimin-e-mandateve-te-garantuara\/#breadcrumb\",\"itemListElement\":[{\"@type\":\"ListItem\",\"position\":1,\"name\":\"FORCA dhe Alternativa shqiptare kan\u00eb k\u00ebrkuar kthimin e mandateve t\u00eb garantuara\"}]},{\"@type\":\"Person\",\"@id\":\"https:\/\/www.visit-ulcinj.com\/blog\/#\/schema\/person\/dcab619c614d3038751c63bc2aadc06d\",\"name\":\"ulqini\",\"sameAs\":[\"http:\/\/www.visit-ulcinj.com\"],\"url\":\"https:\/\/www.visit-ulcinj.com\/blog\/author\/admin\/\"}]}<\/script>\n<!-- \/ Yoast SEO plugin. -->","yoast_head_json":{"title":"FORCA dhe Alternativa shqiptare kan\u00eb k\u00ebrkuar kthimin e mandateve t\u00eb garantuara - Lajme nga Ulqini","description":"Forca e re demokratike FORCA dhe Alternativa shqiptare kan\u00eb k\u00ebrkuar q\u00eb partive shqiptare tu kthehen mandatet e garantuara n\u00eb kuad\u00ebr t\u00eb nj\u00ebsis\u00eb s\u00eb ve\u00e7ant\u00eb","robots":{"index":"index","follow":"follow","max-snippet":"max-snippet:-1","max-image-preview":"max-image-preview:large","max-video-preview":"max-video-preview:-1"},"canonical":"https:\/\/www.visit-ulcinj.com\/blog\/2016\/02\/12\/forca-dhe-alternativa-shqiptare-kane-kerkuar-kthimin-e-mandateve-te-garantuara\/","og_locale":"en_US","og_type":"article","og_title":"FORCA dhe Alternativa shqiptare kan\u00eb k\u00ebrkuar kthimin e mandateve t\u00eb garantuara - Lajme nga Ulqini","og_description":"Forca e re demokratike FORCA dhe Alternativa shqiptare kan\u00eb k\u00ebrkuar q\u00eb partive shqiptare tu kthehen mandatet e garantuara n\u00eb kuad\u00ebr t\u00eb nj\u00ebsis\u00eb s\u00eb ve\u00e7ant\u00eb","og_url":"https:\/\/www.visit-ulcinj.com\/blog\/2016\/02\/12\/forca-dhe-alternativa-shqiptare-kane-kerkuar-kthimin-e-mandateve-te-garantuara\/","og_site_name":"Lajme nga Ulqini","article_published_time":"2016-02-12T19:39:49+00:00","og_image":[{"url":"http:\/\/www.visit-ulcinj.com\/blog\/wp-content\/uploads\/2016\/02\/Forca-dhe-Alternativa-shqiptare.jpg"}],"twitter_misc":{"Written by":"ulqini","Est. reading time":"1 minute"},"schema":{"@context":"https:\/\/schema.org","@graph":[{"@type":"WebSite","@id":"https:\/\/www.visit-ulcinj.com\/blog\/#website","url":"https:\/\/www.visit-ulcinj.com\/blog\/","name":"Lajme nga Ulqini","description":"Lajme,Vijesti,Ulqini,Ulqin,Crna Gora,Mali i Zi","potentialAction":[{"@type":"SearchAction","target":{"@type":"EntryPoint","urlTemplate":"https:\/\/www.visit-ulcinj.com\/blog\/?s={search_term_string}"},"query-input":"required name=search_term_string"}],"inLanguage":"en-US"},{"@type":"ImageObject","inLanguage":"en-US","@id":"https:\/\/www.visit-ulcinj.com\/blog\/2016\/02\/12\/forca-dhe-alternativa-shqiptare-kane-kerkuar-kthimin-e-mandateve-te-garantuara\/#primaryimage","url":"https:\/\/www.visit-ulcinj.com\/blog\/wp-content\/uploads\/2016\/02\/Forca-dhe-Alternativa-shqiptare.jpg","contentUrl":"https:\/\/www.visit-ulcinj.com\/blog\/wp-content\/uploads\/2016\/02\/Forca-dhe-Alternativa-shqiptare.jpg","width":1024,"height":683},{"@type":"WebPage","@id":"https:\/\/www.visit-ulcinj.com\/blog\/2016\/02\/12\/forca-dhe-alternativa-shqiptare-kane-kerkuar-kthimin-e-mandateve-te-garantuara\/#webpage","url":"https:\/\/www.visit-ulcinj.com\/blog\/2016\/02\/12\/forca-dhe-alternativa-shqiptare-kane-kerkuar-kthimin-e-mandateve-te-garantuara\/","name":"FORCA dhe Alternativa shqiptare kan\u00eb k\u00ebrkuar kthimin e mandateve t\u00eb garantuara - Lajme nga Ulqini","isPartOf":{"@id":"https:\/\/www.visit-ulcinj.com\/blog\/#website"},"primaryImageOfPage":{"@id":"https:\/\/www.visit-ulcinj.com\/blog\/2016\/02\/12\/forca-dhe-alternativa-shqiptare-kane-kerkuar-kthimin-e-mandateve-te-garantuara\/#primaryimage"},"datePublished":"2016-02-12T19:39:49+00:00","dateModified":"2016-02-12T19:39:49+00:00","author":{"@id":"https:\/\/www.visit-ulcinj.com\/blog\/#\/schema\/person\/dcab619c614d3038751c63bc2aadc06d"},"description":"Forca e re demokratike FORCA dhe Alternativa shqiptare kan\u00eb k\u00ebrkuar q\u00eb partive shqiptare tu kthehen mandatet e garantuara n\u00eb kuad\u00ebr t\u00eb nj\u00ebsis\u00eb s\u00eb ve\u00e7ant\u00eb","breadcrumb":{"@id":"https:\/\/www.visit-ulcinj.com\/blog\/2016\/02\/12\/forca-dhe-alternativa-shqiptare-kane-kerkuar-kthimin-e-mandateve-te-garantuara\/#breadcrumb"},"inLanguage":"en-US","potentialAction":[{"@type":"ReadAction","target":["https:\/\/www.visit-ulcinj.com\/blog\/2016\/02\/12\/forca-dhe-alternativa-shqiptare-kane-kerkuar-kthimin-e-mandateve-te-garantuara\/"]}]},{"@type":"BreadcrumbList","@id":"https:\/\/www.visit-ulcinj.com\/blog\/2016\/02\/12\/forca-dhe-alternativa-shqiptare-kane-kerkuar-kthimin-e-mandateve-te-garantuara\/#breadcrumb","itemListElement":[{"@type":"ListItem","position":1,"name":"FORCA dhe Alternativa shqiptare kan\u00eb k\u00ebrkuar kthimin e mandateve t\u00eb garantuara"}]},{"@type":"Person","@id":"https:\/\/www.visit-ulcinj.com\/blog\/#\/schema\/person\/dcab619c614d3038751c63bc2aadc06d","name":"ulqini","sameAs":["http:\/\/www.visit-ulcinj.com"],"url":"https:\/\/www.visit-ulcinj.com\/blog\/author\/admin\/"}]}},"jetpack_featured_media_url":"","jetpack_sharing_enabled":true,"jetpack_shortlink":"https:\/\/wp.me\/pe6lTn-oAT","_links":{"self":[{"href":"https:\/\/www.visit-ulcinj.com\/blog\/wp-json\/wp\/v2\/posts\/94543"}],"collection":[{"href":"https:\/\/www.visit-ulcinj.com\/blog\/wp-json\/wp\/v2\/posts"}],"about":[{"href":"https:\/\/www.visit-ulcinj.com\/blog\/wp-json\/wp\/v2\/types\/post"}],"author":[{"embeddable":true,"href":"https:\/\/www.visit-ulcinj.com\/blog\/wp-json\/wp\/v2\/users\/1"}],"replies":[{"embeddable":true,"href":"https:\/\/www.visit-ulcinj.com\/blog\/wp-json\/wp\/v2\/comments?post=94543"}],"version-history":[{"count":1,"href":"https:\/\/www.visit-ulcinj.com\/blog\/wp-json\/wp\/v2\/posts\/94543\/revisions"}],"predecessor-version":[{"id":94545,"href":"https:\/\/www.visit-ulcinj.com\/blog\/wp-json\/wp\/v2\/posts\/94543\/revisions\/94545"}],"wp:attachment":[{"href":"https:\/\/www.visit-ulcinj.com\/blog\/wp-json\/wp\/v2\/media?parent=94543"}],"wp:term":[{"taxonomy":"category","embeddable":true,"href":"https:\/\/www.visit-ulcinj.com\/blog\/wp-json\/wp\/v2\/categories?post=94543"},{"taxonomy":"post_tag","embeddable":true,"href":"https:\/\/www.visit-ulcinj.com\/blog\/wp-json\/wp\/v2\/tags?post=94543"}],"curies":[{"name":"wp","href":"https:\/\/api.w.org\/{rel}","templated":true}]}}