{"id":94550,"date":"2016-02-13T13:25:15","date_gmt":"2016-02-13T12:25:15","guid":{"rendered":"http:\/\/www.visit-ulcinj.com\/blog\/?p=94550"},"modified":"2016-02-14T18:39:36","modified_gmt":"2016-02-14T17:39:36","slug":"gjeka-serish-akuza-te-renda-akuzohet-per-keqperdorim-te-detyres","status":"publish","type":"post","link":"https:\/\/www.visit-ulcinj.com\/blog\/2016\/02\/13\/gjeka-serish-akuza-te-renda-akuzohet-per-keqperdorim-te-detyres\/","title":{"rendered":"Gjeka s\u00ebrish me akuza t\u00eb r\u00ebnda, akuzohet p\u00ebr keqp\u00ebrdorim t\u00eb detyr\u00ebs"},"content":{"rendered":"<p><strong> <a href=\"http:\/\/www.visit-ulcinj.com\/blog\/wp-content\/uploads\/2016\/02\/Fatmir-Gjeka.jpg\"><img loading=\"lazy\" class=\"alignleft wp-image-94551\" src=\"http:\/\/www.visit-ulcinj.com\/blog\/wp-content\/uploads\/2016\/02\/Fatmir-Gjeka.jpg\" alt=\"Fatmir-Gjeka\" width=\"508\" height=\"381\" srcset=\"https:\/\/www.visit-ulcinj.com\/blog\/wp-content\/uploads\/2016\/02\/Fatmir-Gjeka.jpg 960w, https:\/\/www.visit-ulcinj.com\/blog\/wp-content\/uploads\/2016\/02\/Fatmir-Gjeka-300x225.jpg 300w\" sizes=\"(max-width: 508px) 100vw, 508px\" \/><\/a>Sipas gazet\u00ebs &#8220;Dan&#8221;thuhet se ka gjetur nj\u00eb varg shkeljesh t\u00eb ligjit, si dhe t\u00eb parimeve baz\u00eb t\u00eb transparenc\u00ebs, transmeton portali\u00a0 TV Teuta.<\/strong><\/p>\n<p>N\u00eb nj\u00eb artikull t\u00eb sot\u00ebm t\u00eb gazet\u00ebs \u201cDan\u201d, kryetari i Komun\u00ebs<strong> Fatmir Gjeka<\/strong> akuzohet se i ka mund\u00ebsuar nj\u00eb kandidati i cili nuk p\u00ebrmbush kushtet e duhura , t\u00eb hyj\u00eb n\u00eb list\u00ebn e kandidat\u00ebve p\u00ebr k\u00ebshilltar\u00eb t\u00eb tret\u00eb t\u00eb kabinetit.<\/p>\n<p>Kjo akuz\u00eb \u00a0\u00ebsht\u00eb drejtuar nga kandidati tjet\u00ebr <strong>Irfan Mehmedoviq<\/strong>, i cili thot\u00eb se i plot\u00ebson t\u00eb gjitha kushtet e konkursit t\u00eb hapur, kurse kund\u00ebrkandidati i tij, <strong>Arben Xhurreta<\/strong>, nuk ka as diplom\u00ebn e nostrifikuar dhe as provimin profesional p\u00ebr pun\u00eb n\u00eb organet shtet\u00ebrore. Mehmedoviq thot\u00eb se arsyeja e vetme q\u00eb <strong>Xhurreta<\/strong> ndodhet n\u00eb list\u00eb esht\u00eb aktivizmi i tij politik n\u00eb Partin\u00eb Demokratike t\u00eb <strong>Gjek\u00ebs<\/strong> dhe lidhjet e tyre miq\u00ebsore.<\/p>\n<p>Nga sekretariati p\u00ebr veprimtari shoq\u00ebrore kan\u00eb konfirmuar konkursin dhe jan\u00eb mbrojtur se kandidati pa provim profesional mund t\u00eb pranohet n\u00ebse e jep at\u00eb brenda gjasht\u00eb muajsh, \u00e7ka sipas gazet\u00ebs Dan nuk \u00ebsht\u00eb e sakt\u00eb, pasi kjo mundet vet\u00ebm n\u00eb rastet kur n\u00eb konkurs nuk paraqit\u00ebn kandidat\u00eb tjer\u00eb.<\/p>\n","protected":false},"excerpt":{"rendered":"<p>Sipas gazet\u00ebs &#8220;Dan&#8221;thuhet se ka gjetur nj\u00eb varg shkeljesh t\u00eb ligjit, si dhe t\u00eb parimeve baz\u00eb t\u00eb transparenc\u00ebs, transmeton portali\u00a0 TV Teuta. N\u00eb nj\u00eb artikull t\u00eb sot\u00ebm t\u00eb gazet\u00ebs \u201cDan\u201d, kryetari i Komun\u00ebs Fatmir Gjeka akuzohet se i ka mund\u00ebsuar nj\u00eb kandidati i cili nuk p\u00ebrmbush kushtet e duhura , t\u00eb hyj\u00eb n\u00eb list\u00ebn e [&hellip;]<\/p>\n","protected":false},"author":1,"featured_media":0,"comment_status":"closed","ping_status":"closed","sticky":false,"template":"","format":"standard","meta":{"spay_email":"","jetpack_publicize_message":"","jetpack_is_tweetstorm":false,"jetpack_publicize_feature_enabled":true},"categories":[1,6],"tags":[],"jetpack_publicize_connections":[],"yoast_head":"<!-- This site is optimized with the Yoast SEO plugin v19.1 - https:\/\/yoast.com\/wordpress\/plugins\/seo\/ -->\n<title>Gjeka s\u00ebrish me akuza t\u00eb r\u00ebnda, akuzohet p\u00ebr keqp\u00ebrdorim t\u00eb detyr\u00ebs - Lajme nga Ulqini<\/title>\n<meta name=\"description\" content=\"Sipas gazet\u00ebs &quot;Dan&quot;thuhet se ka gjetur nj\u00eb varg shkeljesh t\u00eb ligjit, si dhe t\u00eb parimeve baz\u00eb t\u00eb transparenc\u00ebs, transmeton portali\u00a0 TV Teuta. N\u00eb nj\u00eb\" \/>\n<meta name=\"robots\" content=\"index, follow, max-snippet:-1, max-image-preview:large, max-video-preview:-1\" \/>\n<link rel=\"canonical\" href=\"https:\/\/www.visit-ulcinj.com\/blog\/2016\/02\/13\/gjeka-serish-akuza-te-renda-akuzohet-per-keqperdorim-te-detyres\/\" \/>\n<meta property=\"og:locale\" content=\"en_US\" \/>\n<meta property=\"og:type\" content=\"article\" \/>\n<meta property=\"og:title\" content=\"Gjeka s\u00ebrish me akuza t\u00eb r\u00ebnda, akuzohet p\u00ebr keqp\u00ebrdorim t\u00eb detyr\u00ebs - Lajme nga Ulqini\" \/>\n<meta property=\"og:description\" content=\"Sipas gazet\u00ebs &quot;Dan&quot;thuhet se ka gjetur nj\u00eb varg shkeljesh t\u00eb ligjit, si dhe t\u00eb parimeve baz\u00eb t\u00eb transparenc\u00ebs, transmeton portali\u00a0 TV Teuta. N\u00eb nj\u00eb\" \/>\n<meta property=\"og:url\" content=\"https:\/\/www.visit-ulcinj.com\/blog\/2016\/02\/13\/gjeka-serish-akuza-te-renda-akuzohet-per-keqperdorim-te-detyres\/\" \/>\n<meta property=\"og:site_name\" content=\"Lajme nga Ulqini\" \/>\n<meta property=\"article:published_time\" content=\"2016-02-13T12:25:15+00:00\" \/>\n<meta property=\"article:modified_time\" content=\"2016-02-14T17:39:36+00:00\" \/>\n<meta property=\"og:image\" content=\"http:\/\/www.visit-ulcinj.com\/blog\/wp-content\/uploads\/2016\/02\/Fatmir-Gjeka.jpg\" \/>\n<meta name=\"twitter:label1\" content=\"Written by\" \/>\n\t<meta name=\"twitter:data1\" content=\"ulqini\" \/>\n\t<meta name=\"twitter:label2\" content=\"Est. reading time\" \/>\n\t<meta name=\"twitter:data2\" content=\"1 minute\" \/>\n<script type=\"application\/ld+json\" class=\"yoast-schema-graph\">{\"@context\":\"https:\/\/schema.org\",\"@graph\":[{\"@type\":\"WebSite\",\"@id\":\"https:\/\/www.visit-ulcinj.com\/blog\/#website\",\"url\":\"https:\/\/www.visit-ulcinj.com\/blog\/\",\"name\":\"Lajme nga Ulqini\",\"description\":\"Lajme,Vijesti,Ulqini,Ulqin,Crna Gora,Mali i Zi\",\"potentialAction\":[{\"@type\":\"SearchAction\",\"target\":{\"@type\":\"EntryPoint\",\"urlTemplate\":\"https:\/\/www.visit-ulcinj.com\/blog\/?s={search_term_string}\"},\"query-input\":\"required name=search_term_string\"}],\"inLanguage\":\"en-US\"},{\"@type\":\"ImageObject\",\"inLanguage\":\"en-US\",\"@id\":\"https:\/\/www.visit-ulcinj.com\/blog\/2016\/02\/13\/gjeka-serish-akuza-te-renda-akuzohet-per-keqperdorim-te-detyres\/#primaryimage\",\"url\":\"https:\/\/www.visit-ulcinj.com\/blog\/wp-content\/uploads\/2016\/02\/Fatmir-Gjeka.jpg\",\"contentUrl\":\"https:\/\/www.visit-ulcinj.com\/blog\/wp-content\/uploads\/2016\/02\/Fatmir-Gjeka.jpg\",\"width\":960,\"height\":720},{\"@type\":\"WebPage\",\"@id\":\"https:\/\/www.visit-ulcinj.com\/blog\/2016\/02\/13\/gjeka-serish-akuza-te-renda-akuzohet-per-keqperdorim-te-detyres\/#webpage\",\"url\":\"https:\/\/www.visit-ulcinj.com\/blog\/2016\/02\/13\/gjeka-serish-akuza-te-renda-akuzohet-per-keqperdorim-te-detyres\/\",\"name\":\"Gjeka s\u00ebrish me akuza t\u00eb r\u00ebnda, akuzohet p\u00ebr keqp\u00ebrdorim t\u00eb detyr\u00ebs - Lajme nga Ulqini\",\"isPartOf\":{\"@id\":\"https:\/\/www.visit-ulcinj.com\/blog\/#website\"},\"primaryImageOfPage\":{\"@id\":\"https:\/\/www.visit-ulcinj.com\/blog\/2016\/02\/13\/gjeka-serish-akuza-te-renda-akuzohet-per-keqperdorim-te-detyres\/#primaryimage\"},\"datePublished\":\"2016-02-13T12:25:15+00:00\",\"dateModified\":\"2016-02-14T17:39:36+00:00\",\"author\":{\"@id\":\"https:\/\/www.visit-ulcinj.com\/blog\/#\/schema\/person\/dcab619c614d3038751c63bc2aadc06d\"},\"description\":\"Sipas gazet\u00ebs \\\"Dan\\\"thuhet se ka gjetur nj\u00eb varg shkeljesh t\u00eb ligjit, si dhe t\u00eb parimeve baz\u00eb t\u00eb transparenc\u00ebs, transmeton portali\u00a0 TV Teuta. N\u00eb nj\u00eb\",\"breadcrumb\":{\"@id\":\"https:\/\/www.visit-ulcinj.com\/blog\/2016\/02\/13\/gjeka-serish-akuza-te-renda-akuzohet-per-keqperdorim-te-detyres\/#breadcrumb\"},\"inLanguage\":\"en-US\",\"potentialAction\":[{\"@type\":\"ReadAction\",\"target\":[\"https:\/\/www.visit-ulcinj.com\/blog\/2016\/02\/13\/gjeka-serish-akuza-te-renda-akuzohet-per-keqperdorim-te-detyres\/\"]}]},{\"@type\":\"BreadcrumbList\",\"@id\":\"https:\/\/www.visit-ulcinj.com\/blog\/2016\/02\/13\/gjeka-serish-akuza-te-renda-akuzohet-per-keqperdorim-te-detyres\/#breadcrumb\",\"itemListElement\":[{\"@type\":\"ListItem\",\"position\":1,\"name\":\"Gjeka s\u00ebrish me akuza t\u00eb r\u00ebnda, akuzohet p\u00ebr keqp\u00ebrdorim t\u00eb detyr\u00ebs\"}]},{\"@type\":\"Person\",\"@id\":\"https:\/\/www.visit-ulcinj.com\/blog\/#\/schema\/person\/dcab619c614d3038751c63bc2aadc06d\",\"name\":\"ulqini\",\"sameAs\":[\"http:\/\/www.visit-ulcinj.com\"],\"url\":\"https:\/\/www.visit-ulcinj.com\/blog\/author\/admin\/\"}]}<\/script>\n<!-- \/ Yoast SEO plugin. -->","yoast_head_json":{"title":"Gjeka s\u00ebrish me akuza t\u00eb r\u00ebnda, akuzohet p\u00ebr keqp\u00ebrdorim t\u00eb detyr\u00ebs - Lajme nga Ulqini","description":"Sipas gazet\u00ebs \"Dan\"thuhet se ka gjetur nj\u00eb varg shkeljesh t\u00eb ligjit, si dhe t\u00eb parimeve baz\u00eb t\u00eb transparenc\u00ebs, transmeton portali\u00a0 TV Teuta. N\u00eb nj\u00eb","robots":{"index":"index","follow":"follow","max-snippet":"max-snippet:-1","max-image-preview":"max-image-preview:large","max-video-preview":"max-video-preview:-1"},"canonical":"https:\/\/www.visit-ulcinj.com\/blog\/2016\/02\/13\/gjeka-serish-akuza-te-renda-akuzohet-per-keqperdorim-te-detyres\/","og_locale":"en_US","og_type":"article","og_title":"Gjeka s\u00ebrish me akuza t\u00eb r\u00ebnda, akuzohet p\u00ebr keqp\u00ebrdorim t\u00eb detyr\u00ebs - Lajme nga Ulqini","og_description":"Sipas gazet\u00ebs \"Dan\"thuhet se ka gjetur nj\u00eb varg shkeljesh t\u00eb ligjit, si dhe t\u00eb parimeve baz\u00eb t\u00eb transparenc\u00ebs, transmeton portali\u00a0 TV Teuta. N\u00eb nj\u00eb","og_url":"https:\/\/www.visit-ulcinj.com\/blog\/2016\/02\/13\/gjeka-serish-akuza-te-renda-akuzohet-per-keqperdorim-te-detyres\/","og_site_name":"Lajme nga Ulqini","article_published_time":"2016-02-13T12:25:15+00:00","article_modified_time":"2016-02-14T17:39:36+00:00","og_image":[{"url":"http:\/\/www.visit-ulcinj.com\/blog\/wp-content\/uploads\/2016\/02\/Fatmir-Gjeka.jpg"}],"twitter_misc":{"Written by":"ulqini","Est. reading time":"1 minute"},"schema":{"@context":"https:\/\/schema.org","@graph":[{"@type":"WebSite","@id":"https:\/\/www.visit-ulcinj.com\/blog\/#website","url":"https:\/\/www.visit-ulcinj.com\/blog\/","name":"Lajme nga Ulqini","description":"Lajme,Vijesti,Ulqini,Ulqin,Crna Gora,Mali i Zi","potentialAction":[{"@type":"SearchAction","target":{"@type":"EntryPoint","urlTemplate":"https:\/\/www.visit-ulcinj.com\/blog\/?s={search_term_string}"},"query-input":"required name=search_term_string"}],"inLanguage":"en-US"},{"@type":"ImageObject","inLanguage":"en-US","@id":"https:\/\/www.visit-ulcinj.com\/blog\/2016\/02\/13\/gjeka-serish-akuza-te-renda-akuzohet-per-keqperdorim-te-detyres\/#primaryimage","url":"https:\/\/www.visit-ulcinj.com\/blog\/wp-content\/uploads\/2016\/02\/Fatmir-Gjeka.jpg","contentUrl":"https:\/\/www.visit-ulcinj.com\/blog\/wp-content\/uploads\/2016\/02\/Fatmir-Gjeka.jpg","width":960,"height":720},{"@type":"WebPage","@id":"https:\/\/www.visit-ulcinj.com\/blog\/2016\/02\/13\/gjeka-serish-akuza-te-renda-akuzohet-per-keqperdorim-te-detyres\/#webpage","url":"https:\/\/www.visit-ulcinj.com\/blog\/2016\/02\/13\/gjeka-serish-akuza-te-renda-akuzohet-per-keqperdorim-te-detyres\/","name":"Gjeka s\u00ebrish me akuza t\u00eb r\u00ebnda, akuzohet p\u00ebr keqp\u00ebrdorim t\u00eb detyr\u00ebs - Lajme nga Ulqini","isPartOf":{"@id":"https:\/\/www.visit-ulcinj.com\/blog\/#website"},"primaryImageOfPage":{"@id":"https:\/\/www.visit-ulcinj.com\/blog\/2016\/02\/13\/gjeka-serish-akuza-te-renda-akuzohet-per-keqperdorim-te-detyres\/#primaryimage"},"datePublished":"2016-02-13T12:25:15+00:00","dateModified":"2016-02-14T17:39:36+00:00","author":{"@id":"https:\/\/www.visit-ulcinj.com\/blog\/#\/schema\/person\/dcab619c614d3038751c63bc2aadc06d"},"description":"Sipas gazet\u00ebs \"Dan\"thuhet se ka gjetur nj\u00eb varg shkeljesh t\u00eb ligjit, si dhe t\u00eb parimeve baz\u00eb t\u00eb transparenc\u00ebs, transmeton portali\u00a0 TV Teuta. N\u00eb nj\u00eb","breadcrumb":{"@id":"https:\/\/www.visit-ulcinj.com\/blog\/2016\/02\/13\/gjeka-serish-akuza-te-renda-akuzohet-per-keqperdorim-te-detyres\/#breadcrumb"},"inLanguage":"en-US","potentialAction":[{"@type":"ReadAction","target":["https:\/\/www.visit-ulcinj.com\/blog\/2016\/02\/13\/gjeka-serish-akuza-te-renda-akuzohet-per-keqperdorim-te-detyres\/"]}]},{"@type":"BreadcrumbList","@id":"https:\/\/www.visit-ulcinj.com\/blog\/2016\/02\/13\/gjeka-serish-akuza-te-renda-akuzohet-per-keqperdorim-te-detyres\/#breadcrumb","itemListElement":[{"@type":"ListItem","position":1,"name":"Gjeka s\u00ebrish me akuza t\u00eb r\u00ebnda, akuzohet p\u00ebr keqp\u00ebrdorim t\u00eb detyr\u00ebs"}]},{"@type":"Person","@id":"https:\/\/www.visit-ulcinj.com\/blog\/#\/schema\/person\/dcab619c614d3038751c63bc2aadc06d","name":"ulqini","sameAs":["http:\/\/www.visit-ulcinj.com"],"url":"https:\/\/www.visit-ulcinj.com\/blog\/author\/admin\/"}]}},"jetpack_featured_media_url":"","jetpack_sharing_enabled":true,"jetpack_shortlink":"https:\/\/wp.me\/pe6lTn-oB0","_links":{"self":[{"href":"https:\/\/www.visit-ulcinj.com\/blog\/wp-json\/wp\/v2\/posts\/94550"}],"collection":[{"href":"https:\/\/www.visit-ulcinj.com\/blog\/wp-json\/wp\/v2\/posts"}],"about":[{"href":"https:\/\/www.visit-ulcinj.com\/blog\/wp-json\/wp\/v2\/types\/post"}],"author":[{"embeddable":true,"href":"https:\/\/www.visit-ulcinj.com\/blog\/wp-json\/wp\/v2\/users\/1"}],"replies":[{"embeddable":true,"href":"https:\/\/www.visit-ulcinj.com\/blog\/wp-json\/wp\/v2\/comments?post=94550"}],"version-history":[{"count":1,"href":"https:\/\/www.visit-ulcinj.com\/blog\/wp-json\/wp\/v2\/posts\/94550\/revisions"}],"predecessor-version":[{"id":94552,"href":"https:\/\/www.visit-ulcinj.com\/blog\/wp-json\/wp\/v2\/posts\/94550\/revisions\/94552"}],"wp:attachment":[{"href":"https:\/\/www.visit-ulcinj.com\/blog\/wp-json\/wp\/v2\/media?parent=94550"}],"wp:term":[{"taxonomy":"category","embeddable":true,"href":"https:\/\/www.visit-ulcinj.com\/blog\/wp-json\/wp\/v2\/categories?post=94550"},{"taxonomy":"post_tag","embeddable":true,"href":"https:\/\/www.visit-ulcinj.com\/blog\/wp-json\/wp\/v2\/tags?post=94550"}],"curies":[{"name":"wp","href":"https:\/\/api.w.org\/{rel}","templated":true}]}}