{"id":94553,"date":"2016-02-13T13:41:52","date_gmt":"2016-02-13T12:41:52","guid":{"rendered":"http:\/\/www.visit-ulcinj.com\/blog\/?p=94553"},"modified":"2016-02-13T13:41:52","modified_gmt":"2016-02-13T12:41:52","slug":"gjeka-prioritetet-e-komunes-rifillimi-prodhimit-dhe-mbrojtja-e-kripores","status":"publish","type":"post","link":"https:\/\/www.visit-ulcinj.com\/blog\/2016\/02\/13\/gjeka-prioritetet-e-komunes-rifillimi-prodhimit-dhe-mbrojtja-e-kripores\/","title":{"rendered":"Gjeka: Prioritetet e komun\u00ebs &#8211; rifillimi i prodhimit dhe mbrojtja e kripor\u00ebs"},"content":{"rendered":"<p><a href=\"http:\/\/www.visit-ulcinj.com\/blog\/wp-content\/uploads\/2016\/02\/Gjeka-Prioritetet-e-komun\u00ebs-mbrojtja-e-Kripores-Ulqin.jpg\"><img loading=\"lazy\" class=\"alignleft wp-image-94554\" src=\"http:\/\/www.visit-ulcinj.com\/blog\/wp-content\/uploads\/2016\/02\/Gjeka-Prioritetet-e-komun\u00ebs-mbrojtja-e-Kripores-Ulqin.jpg\" alt=\"Gjeka-Prioritetet e komun\u00ebs-mbrojtja e Kripores-Ulqin\" width=\"508\" height=\"286\" srcset=\"https:\/\/www.visit-ulcinj.com\/blog\/wp-content\/uploads\/2016\/02\/Gjeka-Prioritetet-e-komun\u00ebs-mbrojtja-e-Kripores-Ulqin.jpg 940w, https:\/\/www.visit-ulcinj.com\/blog\/wp-content\/uploads\/2016\/02\/Gjeka-Prioritetet-e-komun\u00ebs-mbrojtja-e-Kripores-Ulqin-300x169.jpg 300w\" sizes=\"(max-width: 508px) 100vw, 508px\" \/><\/a>Kryetari i Komun\u00ebs s\u00eb Ulqinit dhe nj\u00ebherazi dhe i Partis Demokratike z.Fatmir Gjeka, p\u00ebrsh\u00ebndeti t\u00eb premt\u00ebn konferenc\u00ebn nd\u00ebrkomb\u00ebtare t\u00eb mbajtur n\u00eb Ulqin p\u00ebr Kriporen.<br \/>\nAi shprehu besimin se kjo do t\u00eb rezultoje n\u00eb ide t\u00eb reja dhe vizione p\u00ebr k\u00ebt\u00eb hapsir\u00eb ,n\u00eb vazhdim ai tha:<br \/>\nSe pari dua t\u00eb shpreh rrespekt dhe falenderim p\u00ebr njer\u00ebzit q\u00eb para 80 e m\u00eb shum\u00eb viteve kishin nj\u00eb ide , kurajo dhe vendos\u00ebshmeri q\u00eb n\u00eb nj\u00eb <span class=\"text_exposed_show\">vend kaq t\u00eb bukur t\u00eb nd\u00ebrtojne nj\u00eb kripore ,sepse ajo simbolizoj nj\u00eb fillim t\u00eb ri n\u00eb zhvillimin e Ulqinit si dhe hyrjen n\u00eb shek.20-t\u00eb. <\/span><\/p>\n<div class=\"text_exposed_show\">\n<p>Me nd\u00ebrtimin e saj n\u00eb vitin 1934 ky qytet u b\u00eb i njohur n\u00eb bote si qyteti i prodhimit t\u00eb krip\u00ebs. K\u00ebshtu q\u00eb me padurim presim q\u00eb t\u00eb filloj prodhimi i k\u00ebtyre kristaleve t\u00eb njelmta q\u00eb do t\u00eb thote t\u00eb ringjallet zhvillimi i k\u00ebti objekti dhe t\u00eb hapen vende t\u00eb reja pune e me k\u00ebt\u00eb do t\u00eb jete edhe ushqimi i mjaftuesh\u00ebm p\u00ebr shpend, si dhe do t\u00eb ket\u00eb vizita t\u00eb medha turistike q\u00eb do e ringjallin edhe qytetin.<\/p>\n<p>Me k\u00ebnaqesi ju deklaroj se n\u00eb muajt e ardhsh\u00ebm do t\u00eb ket\u00eb m\u00eb shum\u00eb vizita turistike q\u00eb do t\u00eb vizitojn\u00eb Kripor\u00ebn ,ishullin Ada dhe Plazhin e madh.<br \/>\nMe shikimin e zogj\u00ebve e cila \u00ebsht\u00eb nj\u00eb k\u00ebnaq\u00ebsi e ve\u00e7ant\u00eb dhe e paharrushme ,p\u00ebr k\u00ebt\u00eb Evropijanet nuk kan\u00eb nevoje t\u00eb shkojne n\u00eb Afrike por n\u00eb kripor\u00ebn ton\u00eb munden t\u00eb k\u00ebnaq\u00ebn me shikimin e pelikan\u00ebve dhe flamingosve. Me duart tona \u00ebsht\u00eb q\u00eb t\u00eb b\u00ebjme t\u00eb pamunduren q\u00eb k\u00ebt\u00eb vend ta rregullojme dhe ta zbukurojme q\u00eb musafiret t\u00eb ndihen m\u00eb t\u00eb rehatshem ,sepse musafiret jan\u00eb ato t\u00eb cil\u00ebt e reklamojne vendin e kur ato jane t\u00eb k\u00ebnaqur at\u00ebher\u00eb edhe promovimi i qytetit \u00ebsht\u00eb efikas.<\/p>\n<p>P\u00ebrzem\u00ebrsisht falenderoj shtetin e Malit t\u00eb Zi gjegj\u00ebsisht ministrin e turizmit q\u00eb zgjodhen projektin ,,Kriporja Ulqinit&#8221; t\u00eb kandidojn\u00eb n\u00eb Bienale n\u00eb Venecije dhe Ulqinin si qytet ku do t\u00eb mbahet kjo mbledhje. Do t\u00eb jet\u00eb kjo nj\u00eb shans i mir\u00eb q\u00eb njer\u00ebzit t\u00eb binden q\u00eb kriporja gjithsesi \u00ebsht\u00eb nj\u00eb vend turistik,ekonomik,ekologjik dhe me vlera kulturore t\u00eb Ulqinit,Malit te Zi dhe Evrop\u00ebs.<\/p>\n<p>Shpeshher\u00eb m\u00eb kujtohen fjal\u00ebt e ish ambasadores Polake n\u00eb Mal t\u00eb Zi Grazhine Sikorsk, ku gjat\u00eb vizit\u00ebs s\u00eb par\u00eb n\u00eb qytetin ton\u00eb thoshte ,,njer\u00ebzve shpeshher\u00eb duhet ti p\u00ebrkujtojme se cka kajn\u00eb n\u00eb kopshtin e vet&#8221;.Kriporja \u00ebsht\u00eb dicka madh\u00ebshtore, nj\u00eb perl natyrore dhe dicka jashte natyrore thoshte ajo.<\/p>\n<p>Ne ulqinaket jemi shpirt\u00ebrisht t\u00eb lidhur me kripor\u00ebn ajo me dekada ishte ushqyesja e shum\u00eb familjeve mund t\u00eb themi se nuk kishte familje q\u00eb nj\u00eb person nuk punonte n\u00eb kripore.<br \/>\nI sigurt jam qe me vizionin tuaj do t\u00eb realizohet ky projekt.<br \/>\nN\u00eb shtetin ton\u00eb traditat flit\u00ebshin se miq\u00ebsia fillohet me buk e krip\u00eb kurse ne e prodhojm\u00eb krip\u00ebn.<\/p>\n<p>Ju p\u00ebrshendes dhe deshiroje q\u00eb kjo mbledhje t\u00eb ket\u00eb pun\u00eb t\u00eb fryteshme. Gjithashtu suksese t\u00eb p\u00ebrzemerta ju deshiroj edhe pjes\u00ebmarr\u00ebsve ton\u00eb n\u00eb Bienale n\u00eb Venecije.<br \/>\nK\u00ebshtu mbyll fjalimin p\u00ebrshendet\u00ebs kryetari Gjeka n\u00eb konferenc\u00ebn e cila u mbajt n\u00eb Hotelin Mediteran.<\/p>\n<p id=\"js_17\" class=\"_5pbw\" data-ft=\"{&quot;tn&quot;:&quot;C&quot;}\"><strong><span class=\"fwn fcg\"><span class=\"fwb fcg\" data-ft=\"{&quot;tn&quot;:&quot;k&quot;}\"><a id=\"js_1z\" href=\"https:\/\/www.facebook.com\/Partia-Demokratike-938706886221156\/?fref=nf\" data-hovercard=\"\/ajax\/hovercard\/page.php?id=938706886221156&amp;extragetparams=%7B%22fref%22%3A%22nf%22%7D\">Partia Demokratike Facebook<\/a><\/span><\/span><\/strong><\/p>\n<\/div>\n","protected":false},"excerpt":{"rendered":"<p>Kryetari i Komun\u00ebs s\u00eb Ulqinit dhe nj\u00ebherazi dhe i Partis Demokratike z.Fatmir Gjeka, p\u00ebrsh\u00ebndeti t\u00eb premt\u00ebn konferenc\u00ebn nd\u00ebrkomb\u00ebtare t\u00eb mbajtur n\u00eb Ulqin p\u00ebr Kriporen. Ai shprehu besimin se kjo do t\u00eb rezultoje n\u00eb ide t\u00eb reja dhe vizione p\u00ebr k\u00ebt\u00eb hapsir\u00eb ,n\u00eb vazhdim ai tha: Se pari dua t\u00eb shpreh rrespekt dhe falenderim p\u00ebr njer\u00ebzit [&hellip;]<\/p>\n","protected":false},"author":1,"featured_media":0,"comment_status":"closed","ping_status":"closed","sticky":false,"template":"","format":"standard","meta":{"spay_email":"","jetpack_publicize_message":"","jetpack_is_tweetstorm":false,"jetpack_publicize_feature_enabled":true},"categories":[10],"tags":[],"jetpack_publicize_connections":[],"yoast_head":"<!-- This site is optimized with the Yoast SEO plugin v19.1 - https:\/\/yoast.com\/wordpress\/plugins\/seo\/ -->\n<title>Gjeka: Prioritetet e komun\u00ebs - rifillimi i prodhimit dhe mbrojtja e kripor\u00ebs - Lajme nga Ulqini<\/title>\n<meta name=\"description\" content=\"Kryetari i Komun\u00ebs s\u00eb Ulqinit dhe nj\u00ebherazi dhe i Partis Demokratike z.Fatmir Gjeka, p\u00ebrsh\u00ebndeti t\u00eb premt\u00ebn konferenc\u00ebn nd\u00ebrkomb\u00ebtare t\u00eb mbajtur n\u00eb Ulqin\" \/>\n<meta name=\"robots\" content=\"index, follow, max-snippet:-1, max-image-preview:large, max-video-preview:-1\" \/>\n<link rel=\"canonical\" href=\"https:\/\/www.visit-ulcinj.com\/blog\/2016\/02\/13\/gjeka-prioritetet-e-komunes-rifillimi-prodhimit-dhe-mbrojtja-e-kripores\/\" \/>\n<meta property=\"og:locale\" content=\"en_US\" \/>\n<meta property=\"og:type\" content=\"article\" \/>\n<meta property=\"og:title\" content=\"Gjeka: Prioritetet e komun\u00ebs - rifillimi i prodhimit dhe mbrojtja e kripor\u00ebs - Lajme nga Ulqini\" \/>\n<meta property=\"og:description\" content=\"Kryetari i Komun\u00ebs s\u00eb Ulqinit dhe nj\u00ebherazi dhe i Partis Demokratike z.Fatmir Gjeka, p\u00ebrsh\u00ebndeti t\u00eb premt\u00ebn konferenc\u00ebn nd\u00ebrkomb\u00ebtare t\u00eb mbajtur n\u00eb Ulqin\" \/>\n<meta property=\"og:url\" content=\"https:\/\/www.visit-ulcinj.com\/blog\/2016\/02\/13\/gjeka-prioritetet-e-komunes-rifillimi-prodhimit-dhe-mbrojtja-e-kripores\/\" \/>\n<meta property=\"og:site_name\" content=\"Lajme nga Ulqini\" \/>\n<meta property=\"article:published_time\" content=\"2016-02-13T12:41:52+00:00\" \/>\n<meta name=\"twitter:label1\" content=\"Written by\" \/>\n\t<meta name=\"twitter:data1\" content=\"ulqini\" \/>\n\t<meta name=\"twitter:label2\" content=\"Est. reading time\" \/>\n\t<meta name=\"twitter:data2\" content=\"3 minutes\" \/>\n<script type=\"application\/ld+json\" class=\"yoast-schema-graph\">{\"@context\":\"https:\/\/schema.org\",\"@graph\":[{\"@type\":\"WebSite\",\"@id\":\"https:\/\/www.visit-ulcinj.com\/blog\/#website\",\"url\":\"https:\/\/www.visit-ulcinj.com\/blog\/\",\"name\":\"Lajme nga Ulqini\",\"description\":\"Lajme,Vijesti,Ulqini,Ulqin,Crna Gora,Mali i Zi\",\"potentialAction\":[{\"@type\":\"SearchAction\",\"target\":{\"@type\":\"EntryPoint\",\"urlTemplate\":\"https:\/\/www.visit-ulcinj.com\/blog\/?s={search_term_string}\"},\"query-input\":\"required name=search_term_string\"}],\"inLanguage\":\"en-US\"},{\"@type\":\"WebPage\",\"@id\":\"https:\/\/www.visit-ulcinj.com\/blog\/2016\/02\/13\/gjeka-prioritetet-e-komunes-rifillimi-prodhimit-dhe-mbrojtja-e-kripores\/#webpage\",\"url\":\"https:\/\/www.visit-ulcinj.com\/blog\/2016\/02\/13\/gjeka-prioritetet-e-komunes-rifillimi-prodhimit-dhe-mbrojtja-e-kripores\/\",\"name\":\"Gjeka: Prioritetet e komun\u00ebs - rifillimi i prodhimit dhe mbrojtja e kripor\u00ebs - Lajme nga Ulqini\",\"isPartOf\":{\"@id\":\"https:\/\/www.visit-ulcinj.com\/blog\/#website\"},\"datePublished\":\"2016-02-13T12:41:52+00:00\",\"dateModified\":\"2016-02-13T12:41:52+00:00\",\"author\":{\"@id\":\"https:\/\/www.visit-ulcinj.com\/blog\/#\/schema\/person\/dcab619c614d3038751c63bc2aadc06d\"},\"description\":\"Kryetari i Komun\u00ebs s\u00eb Ulqinit dhe nj\u00ebherazi dhe i Partis Demokratike z.Fatmir Gjeka, p\u00ebrsh\u00ebndeti t\u00eb premt\u00ebn konferenc\u00ebn nd\u00ebrkomb\u00ebtare t\u00eb mbajtur n\u00eb Ulqin\",\"breadcrumb\":{\"@id\":\"https:\/\/www.visit-ulcinj.com\/blog\/2016\/02\/13\/gjeka-prioritetet-e-komunes-rifillimi-prodhimit-dhe-mbrojtja-e-kripores\/#breadcrumb\"},\"inLanguage\":\"en-US\",\"potentialAction\":[{\"@type\":\"ReadAction\",\"target\":[\"https:\/\/www.visit-ulcinj.com\/blog\/2016\/02\/13\/gjeka-prioritetet-e-komunes-rifillimi-prodhimit-dhe-mbrojtja-e-kripores\/\"]}]},{\"@type\":\"BreadcrumbList\",\"@id\":\"https:\/\/www.visit-ulcinj.com\/blog\/2016\/02\/13\/gjeka-prioritetet-e-komunes-rifillimi-prodhimit-dhe-mbrojtja-e-kripores\/#breadcrumb\",\"itemListElement\":[{\"@type\":\"ListItem\",\"position\":1,\"name\":\"Gjeka: Prioritetet e komun\u00ebs &#8211; rifillimi i prodhimit dhe mbrojtja e kripor\u00ebs\"}]},{\"@type\":\"Person\",\"@id\":\"https:\/\/www.visit-ulcinj.com\/blog\/#\/schema\/person\/dcab619c614d3038751c63bc2aadc06d\",\"name\":\"ulqini\",\"sameAs\":[\"http:\/\/www.visit-ulcinj.com\"],\"url\":\"https:\/\/www.visit-ulcinj.com\/blog\/author\/admin\/\"}]}<\/script>\n<!-- \/ Yoast SEO plugin. -->","yoast_head_json":{"title":"Gjeka: Prioritetet e komun\u00ebs - rifillimi i prodhimit dhe mbrojtja e kripor\u00ebs - Lajme nga Ulqini","description":"Kryetari i Komun\u00ebs s\u00eb Ulqinit dhe nj\u00ebherazi dhe i Partis Demokratike z.Fatmir Gjeka, p\u00ebrsh\u00ebndeti t\u00eb premt\u00ebn konferenc\u00ebn nd\u00ebrkomb\u00ebtare t\u00eb mbajtur n\u00eb Ulqin","robots":{"index":"index","follow":"follow","max-snippet":"max-snippet:-1","max-image-preview":"max-image-preview:large","max-video-preview":"max-video-preview:-1"},"canonical":"https:\/\/www.visit-ulcinj.com\/blog\/2016\/02\/13\/gjeka-prioritetet-e-komunes-rifillimi-prodhimit-dhe-mbrojtja-e-kripores\/","og_locale":"en_US","og_type":"article","og_title":"Gjeka: Prioritetet e komun\u00ebs - rifillimi i prodhimit dhe mbrojtja e kripor\u00ebs - Lajme nga Ulqini","og_description":"Kryetari i Komun\u00ebs s\u00eb Ulqinit dhe nj\u00ebherazi dhe i Partis Demokratike z.Fatmir Gjeka, p\u00ebrsh\u00ebndeti t\u00eb premt\u00ebn konferenc\u00ebn nd\u00ebrkomb\u00ebtare t\u00eb mbajtur n\u00eb Ulqin","og_url":"https:\/\/www.visit-ulcinj.com\/blog\/2016\/02\/13\/gjeka-prioritetet-e-komunes-rifillimi-prodhimit-dhe-mbrojtja-e-kripores\/","og_site_name":"Lajme nga Ulqini","article_published_time":"2016-02-13T12:41:52+00:00","twitter_misc":{"Written by":"ulqini","Est. reading time":"3 minutes"},"schema":{"@context":"https:\/\/schema.org","@graph":[{"@type":"WebSite","@id":"https:\/\/www.visit-ulcinj.com\/blog\/#website","url":"https:\/\/www.visit-ulcinj.com\/blog\/","name":"Lajme nga Ulqini","description":"Lajme,Vijesti,Ulqini,Ulqin,Crna Gora,Mali i Zi","potentialAction":[{"@type":"SearchAction","target":{"@type":"EntryPoint","urlTemplate":"https:\/\/www.visit-ulcinj.com\/blog\/?s={search_term_string}"},"query-input":"required name=search_term_string"}],"inLanguage":"en-US"},{"@type":"WebPage","@id":"https:\/\/www.visit-ulcinj.com\/blog\/2016\/02\/13\/gjeka-prioritetet-e-komunes-rifillimi-prodhimit-dhe-mbrojtja-e-kripores\/#webpage","url":"https:\/\/www.visit-ulcinj.com\/blog\/2016\/02\/13\/gjeka-prioritetet-e-komunes-rifillimi-prodhimit-dhe-mbrojtja-e-kripores\/","name":"Gjeka: Prioritetet e komun\u00ebs - rifillimi i prodhimit dhe mbrojtja e kripor\u00ebs - Lajme nga Ulqini","isPartOf":{"@id":"https:\/\/www.visit-ulcinj.com\/blog\/#website"},"datePublished":"2016-02-13T12:41:52+00:00","dateModified":"2016-02-13T12:41:52+00:00","author":{"@id":"https:\/\/www.visit-ulcinj.com\/blog\/#\/schema\/person\/dcab619c614d3038751c63bc2aadc06d"},"description":"Kryetari i Komun\u00ebs s\u00eb Ulqinit dhe nj\u00ebherazi dhe i Partis Demokratike z.Fatmir Gjeka, p\u00ebrsh\u00ebndeti t\u00eb premt\u00ebn konferenc\u00ebn nd\u00ebrkomb\u00ebtare t\u00eb mbajtur n\u00eb Ulqin","breadcrumb":{"@id":"https:\/\/www.visit-ulcinj.com\/blog\/2016\/02\/13\/gjeka-prioritetet-e-komunes-rifillimi-prodhimit-dhe-mbrojtja-e-kripores\/#breadcrumb"},"inLanguage":"en-US","potentialAction":[{"@type":"ReadAction","target":["https:\/\/www.visit-ulcinj.com\/blog\/2016\/02\/13\/gjeka-prioritetet-e-komunes-rifillimi-prodhimit-dhe-mbrojtja-e-kripores\/"]}]},{"@type":"BreadcrumbList","@id":"https:\/\/www.visit-ulcinj.com\/blog\/2016\/02\/13\/gjeka-prioritetet-e-komunes-rifillimi-prodhimit-dhe-mbrojtja-e-kripores\/#breadcrumb","itemListElement":[{"@type":"ListItem","position":1,"name":"Gjeka: Prioritetet e komun\u00ebs &#8211; rifillimi i prodhimit dhe mbrojtja e kripor\u00ebs"}]},{"@type":"Person","@id":"https:\/\/www.visit-ulcinj.com\/blog\/#\/schema\/person\/dcab619c614d3038751c63bc2aadc06d","name":"ulqini","sameAs":["http:\/\/www.visit-ulcinj.com"],"url":"https:\/\/www.visit-ulcinj.com\/blog\/author\/admin\/"}]}},"jetpack_featured_media_url":"","jetpack_sharing_enabled":true,"jetpack_shortlink":"https:\/\/wp.me\/pe6lTn-oB3","_links":{"self":[{"href":"https:\/\/www.visit-ulcinj.com\/blog\/wp-json\/wp\/v2\/posts\/94553"}],"collection":[{"href":"https:\/\/www.visit-ulcinj.com\/blog\/wp-json\/wp\/v2\/posts"}],"about":[{"href":"https:\/\/www.visit-ulcinj.com\/blog\/wp-json\/wp\/v2\/types\/post"}],"author":[{"embeddable":true,"href":"https:\/\/www.visit-ulcinj.com\/blog\/wp-json\/wp\/v2\/users\/1"}],"replies":[{"embeddable":true,"href":"https:\/\/www.visit-ulcinj.com\/blog\/wp-json\/wp\/v2\/comments?post=94553"}],"version-history":[{"count":1,"href":"https:\/\/www.visit-ulcinj.com\/blog\/wp-json\/wp\/v2\/posts\/94553\/revisions"}],"predecessor-version":[{"id":94555,"href":"https:\/\/www.visit-ulcinj.com\/blog\/wp-json\/wp\/v2\/posts\/94553\/revisions\/94555"}],"wp:attachment":[{"href":"https:\/\/www.visit-ulcinj.com\/blog\/wp-json\/wp\/v2\/media?parent=94553"}],"wp:term":[{"taxonomy":"category","embeddable":true,"href":"https:\/\/www.visit-ulcinj.com\/blog\/wp-json\/wp\/v2\/categories?post=94553"},{"taxonomy":"post_tag","embeddable":true,"href":"https:\/\/www.visit-ulcinj.com\/blog\/wp-json\/wp\/v2\/tags?post=94553"}],"curies":[{"name":"wp","href":"https:\/\/api.w.org\/{rel}","templated":true}]}}