{"id":94566,"date":"2016-02-14T19:08:35","date_gmt":"2016-02-14T18:08:35","guid":{"rendered":"http:\/\/www.visit-ulcinj.com\/blog\/?p=94566"},"modified":"2016-02-14T21:52:27","modified_gmt":"2016-02-14T20:52:27","slug":"ibroci-reagim-per-flamurin-shqiptar-ne-mal-te-zi-si-sindrom-heshtjes","status":"publish","type":"post","link":"https:\/\/www.visit-ulcinj.com\/blog\/2016\/02\/14\/ibroci-reagim-per-flamurin-shqiptar-ne-mal-te-zi-si-sindrom-heshtjes\/","title":{"rendered":"Ibro\u00e7i: Reagim per Flamurin shqiptar n\u00eb Mal t\u00eb Zi &#8211; si sindrom i &#8220;Heshtjes&#8221;"},"content":{"rendered":"<p><a href=\"http:\/\/www.visit-ulcinj.com\/blog\/wp-content\/uploads\/2016\/02\/Gezim-Ibroci-.jpg\"><img loading=\"lazy\" class=\"alignleft wp-image-94569\" src=\"http:\/\/www.visit-ulcinj.com\/blog\/wp-content\/uploads\/2016\/02\/Gezim-Ibroci-.jpg\" alt=\"-Gezim- Ibroci-\" width=\"508\" height=\"339\" srcset=\"https:\/\/www.visit-ulcinj.com\/blog\/wp-content\/uploads\/2016\/02\/Gezim-Ibroci-.jpg 960w, https:\/\/www.visit-ulcinj.com\/blog\/wp-content\/uploads\/2016\/02\/Gezim-Ibroci--300x200.jpg 300w\" sizes=\"(max-width: 508px) 100vw, 508px\" \/><\/a>Isha gabim kur mendova se ngjarja e 11 shkurtit do b\u00ebnte buj\u00eb, e q\u00eb partit\u00eb komb\u00ebtare \u201capo nacionale si\u00e7 i thojn\u00eb vehtes\u201d do ngrinin z\u00ebrin t\u00eb pakt\u00ebn p\u00ebr t\u00eb treguar ndjenja komb\u00ebtare \u201ct\u00eb sinqerta \u201c e ti thonin dy fjal\u00eb p\u00ebr aktin qyqan e vandal !<\/p>\n<p>Ofendimi q\u00eb ju i b\u00ebni shpeshmi nj\u00ebri tjetrit q\u00eb jeni patriota dhe atdhetar\u00eb deri n\u00eb Tivar z\u00eb vend si duket, bile po d\u00ebshmohet q\u00eb as deri n\u00eb Ulqin.<\/p>\n<p>Gjithashtu po v\u00ebrtetohen edhe t\u00eb th\u00ebnat q\u00eb flamuri ju nevojitet m\u00eb s\u00eb shumti p\u00ebr koh<span class=\"text_exposed_show\">\u00eb fushate n\u00eb kolonat e veturave ti turreni nj\u00ebri tjetrit, e jo si\u00e7 do duhej q\u00eb pik\u00ebrisht ai simbol i vet\u00ebm t\u00eb ju printe ju t\u00eb gjith\u00ebve t\u00eb coptuar , gjithmon\u00eb.<\/span><\/p>\n<div class=\"text_exposed_show\">\n<p>Ndoshta dikush do arsyetohet me ate q\u00eb nuk \u00ebsht\u00eb interes i askuj tensionimi i situatave andaj po jap nj\u00eb pergjigje paraprakisht,<br \/>\npsh.-tensionim i situat\u00ebs do ishte ti kthesh shpullen dikuj, por asnj\u00ebher n\u00ebse thua q\u00eb ajo shpulle m\u00eb goditi edhe mua, t\u00eb pakt\u00ebn ta thuash.<\/p>\n<p>Heshtja ndoshta mund t\u00eb arsyetohet m\u00eb sakt\u00eb me shp\u00ebrq\u00ebndrimin dhe munges\u00ebn e koh\u00ebs s\u00eb \u201clider..ave\u201d, sepse e gjith\u00eb v\u00ebmendja q\u00ebndron tek pazaret politike, interesat personale dhe kush kuj po ia \u201cfut\u201d.<\/p>\n<p>Pas informat\u00ebs nga KKSH p\u00ebr rastin e turpsh\u00ebm i cili po p\u00ebrs\u00ebritet, pritej t\u00eb d\u00ebgjohen z\u00ebrat, -(t\u00eb pakt\u00ebn e pjesmarr\u00ebsve t\u00eb takimit me burr\u00ebshtetasin e shtetit am\u00eb dit\u00eb m\u00eb pare)-n\u00eb mbrojten apo solidarizim me KKSH.<\/p>\n<p>Por jo,ndodhi e kund\u00ebrta u degjua ai z\u00ebri q\u00eb flet shpeshmi p\u00ebr ne dhe prezanton denj\u00ebsisht Shqiptar\u00ebt n\u00eb Mal t\u00eb Zi e q\u00eb \u00ebsht\u00eb HESHTJA.<\/p>\n<p>Mbrojtja e simbolit shqiptar iu l\u00ebshua ministris\u00eb q\u00eb i prin dikush jo shqiptar, e q\u00eb iu drejtua opinionit me kumtes\u00eb duke k\u00ebshilluar t\u00eb mos ju ngucet flamuri shqiptar\u00ebve.<\/p>\n<p>Derisa \u201cp\u00ebrfaq\u00ebsuesit\u201d e shqiptar\u00ebve fol\u00ebn me kodin e mafias HESHTJEN duke d\u00ebrguar \u201cmesazhin e qart\u00eb\u201d p\u00ebrgjegj\u00ebsve p\u00ebr t\u00eb zbardhur rastin qyqan dhe vandal e shpresuar n\u00eb mosp\u00ebrs\u00ebritjen e tij.<\/p>\n<p>V\u00ebrtet dini t\u00eb p\u00ebrfaq\u00ebsoni !!!! T\u00eb mjer\u00ebt ne p\u00ebr ju!<\/p>\n<p id=\"js_c\" class=\"_5pbw\" data-ft=\"{&quot;tn&quot;:&quot;C&quot;}\"><span class=\"fwn fcg\"><span class=\"fwb fcg\" data-ft=\"{&quot;tn&quot;:&quot;;&quot;}\"><a id=\"js_12\" href=\"https:\/\/www.facebook.com\/ibroci?fref=nf\" data-hovercard=\"\/ajax\/hovercard\/user.php?id=579132595&amp;extragetparams=%7B%22fref%22%3A%22nf%22%7D\">G\u00ebzim Ibro\u00e7i Facebook<\/a><\/span><\/span><\/p>\n<\/div>\n","protected":false},"excerpt":{"rendered":"<p>Isha gabim kur mendova se ngjarja e 11 shkurtit do b\u00ebnte buj\u00eb, e q\u00eb partit\u00eb komb\u00ebtare \u201capo nacionale si\u00e7 i thojn\u00eb vehtes\u201d do ngrinin z\u00ebrin t\u00eb pakt\u00ebn p\u00ebr t\u00eb treguar ndjenja komb\u00ebtare \u201ct\u00eb sinqerta \u201c e ti thonin dy fjal\u00eb p\u00ebr aktin qyqan e vandal ! Ofendimi q\u00eb ju i b\u00ebni shpeshmi nj\u00ebri tjetrit q\u00eb [&hellip;]<\/p>\n","protected":false},"author":1,"featured_media":0,"comment_status":"closed","ping_status":"closed","sticky":false,"template":"","format":"standard","meta":{"spay_email":"","jetpack_publicize_message":"","jetpack_is_tweetstorm":false,"jetpack_publicize_feature_enabled":true},"categories":[12],"tags":[],"jetpack_publicize_connections":[],"yoast_head":"<!-- This site is optimized with the Yoast SEO plugin v19.1 - https:\/\/yoast.com\/wordpress\/plugins\/seo\/ -->\n<title>Ibro\u00e7i: Reagim per Flamurin shqiptar n\u00eb Mal t\u00eb Zi - si sindrom i &quot;Heshtjes&quot; - Lajme nga Ulqini<\/title>\n<meta name=\"description\" content=\"Isha gabim kur mendova se ngjarja e 11 shkurtit do b\u00ebnte buj\u00eb, e q\u00eb partit\u00eb komb\u00ebtare \u201capo nacionale si\u00e7 i thojn\u00eb vehtes\u201d do ngrinin z\u00ebrin t\u00eb pakt\u00ebn p\u00ebr\" \/>\n<meta name=\"robots\" content=\"index, follow, max-snippet:-1, max-image-preview:large, max-video-preview:-1\" \/>\n<link rel=\"canonical\" href=\"https:\/\/www.visit-ulcinj.com\/blog\/2016\/02\/14\/ibroci-reagim-per-flamurin-shqiptar-ne-mal-te-zi-si-sindrom-heshtjes\/\" \/>\n<meta property=\"og:locale\" content=\"en_US\" \/>\n<meta property=\"og:type\" content=\"article\" \/>\n<meta property=\"og:title\" content=\"Ibro\u00e7i: Reagim per Flamurin shqiptar n\u00eb Mal t\u00eb Zi - si sindrom i &quot;Heshtjes&quot; - Lajme nga Ulqini\" \/>\n<meta property=\"og:description\" content=\"Isha gabim kur mendova se ngjarja e 11 shkurtit do b\u00ebnte buj\u00eb, e q\u00eb partit\u00eb komb\u00ebtare \u201capo nacionale si\u00e7 i thojn\u00eb vehtes\u201d do ngrinin z\u00ebrin t\u00eb pakt\u00ebn p\u00ebr\" \/>\n<meta property=\"og:url\" content=\"https:\/\/www.visit-ulcinj.com\/blog\/2016\/02\/14\/ibroci-reagim-per-flamurin-shqiptar-ne-mal-te-zi-si-sindrom-heshtjes\/\" \/>\n<meta property=\"og:site_name\" content=\"Lajme nga Ulqini\" \/>\n<meta property=\"article:published_time\" content=\"2016-02-14T18:08:35+00:00\" \/>\n<meta property=\"article:modified_time\" content=\"2016-02-14T20:52:27+00:00\" \/>\n<meta property=\"og:image\" content=\"http:\/\/www.visit-ulcinj.com\/blog\/wp-content\/uploads\/2016\/02\/Gezim-Ibroci-.jpg\" \/>\n<meta name=\"twitter:label1\" content=\"Written by\" \/>\n\t<meta name=\"twitter:data1\" content=\"ulqini\" \/>\n\t<meta name=\"twitter:label2\" content=\"Est. reading time\" \/>\n\t<meta name=\"twitter:data2\" content=\"2 minutes\" \/>\n<script type=\"application\/ld+json\" class=\"yoast-schema-graph\">{\"@context\":\"https:\/\/schema.org\",\"@graph\":[{\"@type\":\"WebSite\",\"@id\":\"https:\/\/www.visit-ulcinj.com\/blog\/#website\",\"url\":\"https:\/\/www.visit-ulcinj.com\/blog\/\",\"name\":\"Lajme nga Ulqini\",\"description\":\"Lajme,Vijesti,Ulqini,Ulqin,Crna Gora,Mali i Zi\",\"potentialAction\":[{\"@type\":\"SearchAction\",\"target\":{\"@type\":\"EntryPoint\",\"urlTemplate\":\"https:\/\/www.visit-ulcinj.com\/blog\/?s={search_term_string}\"},\"query-input\":\"required name=search_term_string\"}],\"inLanguage\":\"en-US\"},{\"@type\":\"ImageObject\",\"inLanguage\":\"en-US\",\"@id\":\"https:\/\/www.visit-ulcinj.com\/blog\/2016\/02\/14\/ibroci-reagim-per-flamurin-shqiptar-ne-mal-te-zi-si-sindrom-heshtjes\/#primaryimage\",\"url\":\"https:\/\/www.visit-ulcinj.com\/blog\/wp-content\/uploads\/2016\/02\/Gezim-Ibroci-.jpg\",\"contentUrl\":\"https:\/\/www.visit-ulcinj.com\/blog\/wp-content\/uploads\/2016\/02\/Gezim-Ibroci-.jpg\",\"width\":960,\"height\":640},{\"@type\":\"WebPage\",\"@id\":\"https:\/\/www.visit-ulcinj.com\/blog\/2016\/02\/14\/ibroci-reagim-per-flamurin-shqiptar-ne-mal-te-zi-si-sindrom-heshtjes\/#webpage\",\"url\":\"https:\/\/www.visit-ulcinj.com\/blog\/2016\/02\/14\/ibroci-reagim-per-flamurin-shqiptar-ne-mal-te-zi-si-sindrom-heshtjes\/\",\"name\":\"Ibro\u00e7i: Reagim per Flamurin shqiptar n\u00eb Mal t\u00eb Zi - si sindrom i \\\"Heshtjes\\\" - Lajme nga Ulqini\",\"isPartOf\":{\"@id\":\"https:\/\/www.visit-ulcinj.com\/blog\/#website\"},\"primaryImageOfPage\":{\"@id\":\"https:\/\/www.visit-ulcinj.com\/blog\/2016\/02\/14\/ibroci-reagim-per-flamurin-shqiptar-ne-mal-te-zi-si-sindrom-heshtjes\/#primaryimage\"},\"datePublished\":\"2016-02-14T18:08:35+00:00\",\"dateModified\":\"2016-02-14T20:52:27+00:00\",\"author\":{\"@id\":\"https:\/\/www.visit-ulcinj.com\/blog\/#\/schema\/person\/dcab619c614d3038751c63bc2aadc06d\"},\"description\":\"Isha gabim kur mendova se ngjarja e 11 shkurtit do b\u00ebnte buj\u00eb, e q\u00eb partit\u00eb komb\u00ebtare \u201capo nacionale si\u00e7 i thojn\u00eb vehtes\u201d do ngrinin z\u00ebrin t\u00eb pakt\u00ebn p\u00ebr\",\"breadcrumb\":{\"@id\":\"https:\/\/www.visit-ulcinj.com\/blog\/2016\/02\/14\/ibroci-reagim-per-flamurin-shqiptar-ne-mal-te-zi-si-sindrom-heshtjes\/#breadcrumb\"},\"inLanguage\":\"en-US\",\"potentialAction\":[{\"@type\":\"ReadAction\",\"target\":[\"https:\/\/www.visit-ulcinj.com\/blog\/2016\/02\/14\/ibroci-reagim-per-flamurin-shqiptar-ne-mal-te-zi-si-sindrom-heshtjes\/\"]}]},{\"@type\":\"BreadcrumbList\",\"@id\":\"https:\/\/www.visit-ulcinj.com\/blog\/2016\/02\/14\/ibroci-reagim-per-flamurin-shqiptar-ne-mal-te-zi-si-sindrom-heshtjes\/#breadcrumb\",\"itemListElement\":[{\"@type\":\"ListItem\",\"position\":1,\"name\":\"Ibro\u00e7i: Reagim per Flamurin shqiptar n\u00eb Mal t\u00eb Zi &#8211; si sindrom i &#8220;Heshtjes&#8221;\"}]},{\"@type\":\"Person\",\"@id\":\"https:\/\/www.visit-ulcinj.com\/blog\/#\/schema\/person\/dcab619c614d3038751c63bc2aadc06d\",\"name\":\"ulqini\",\"sameAs\":[\"http:\/\/www.visit-ulcinj.com\"],\"url\":\"https:\/\/www.visit-ulcinj.com\/blog\/author\/admin\/\"}]}<\/script>\n<!-- \/ Yoast SEO plugin. -->","yoast_head_json":{"title":"Ibro\u00e7i: Reagim per Flamurin shqiptar n\u00eb Mal t\u00eb Zi - si sindrom i \"Heshtjes\" - Lajme nga Ulqini","description":"Isha gabim kur mendova se ngjarja e 11 shkurtit do b\u00ebnte buj\u00eb, e q\u00eb partit\u00eb komb\u00ebtare \u201capo nacionale si\u00e7 i thojn\u00eb vehtes\u201d do ngrinin z\u00ebrin t\u00eb pakt\u00ebn p\u00ebr","robots":{"index":"index","follow":"follow","max-snippet":"max-snippet:-1","max-image-preview":"max-image-preview:large","max-video-preview":"max-video-preview:-1"},"canonical":"https:\/\/www.visit-ulcinj.com\/blog\/2016\/02\/14\/ibroci-reagim-per-flamurin-shqiptar-ne-mal-te-zi-si-sindrom-heshtjes\/","og_locale":"en_US","og_type":"article","og_title":"Ibro\u00e7i: Reagim per Flamurin shqiptar n\u00eb Mal t\u00eb Zi - si sindrom i \"Heshtjes\" - Lajme nga Ulqini","og_description":"Isha gabim kur mendova se ngjarja e 11 shkurtit do b\u00ebnte buj\u00eb, e q\u00eb partit\u00eb komb\u00ebtare \u201capo nacionale si\u00e7 i thojn\u00eb vehtes\u201d do ngrinin z\u00ebrin t\u00eb pakt\u00ebn p\u00ebr","og_url":"https:\/\/www.visit-ulcinj.com\/blog\/2016\/02\/14\/ibroci-reagim-per-flamurin-shqiptar-ne-mal-te-zi-si-sindrom-heshtjes\/","og_site_name":"Lajme nga Ulqini","article_published_time":"2016-02-14T18:08:35+00:00","article_modified_time":"2016-02-14T20:52:27+00:00","og_image":[{"url":"http:\/\/www.visit-ulcinj.com\/blog\/wp-content\/uploads\/2016\/02\/Gezim-Ibroci-.jpg"}],"twitter_misc":{"Written by":"ulqini","Est. reading time":"2 minutes"},"schema":{"@context":"https:\/\/schema.org","@graph":[{"@type":"WebSite","@id":"https:\/\/www.visit-ulcinj.com\/blog\/#website","url":"https:\/\/www.visit-ulcinj.com\/blog\/","name":"Lajme nga Ulqini","description":"Lajme,Vijesti,Ulqini,Ulqin,Crna Gora,Mali i Zi","potentialAction":[{"@type":"SearchAction","target":{"@type":"EntryPoint","urlTemplate":"https:\/\/www.visit-ulcinj.com\/blog\/?s={search_term_string}"},"query-input":"required name=search_term_string"}],"inLanguage":"en-US"},{"@type":"ImageObject","inLanguage":"en-US","@id":"https:\/\/www.visit-ulcinj.com\/blog\/2016\/02\/14\/ibroci-reagim-per-flamurin-shqiptar-ne-mal-te-zi-si-sindrom-heshtjes\/#primaryimage","url":"https:\/\/www.visit-ulcinj.com\/blog\/wp-content\/uploads\/2016\/02\/Gezim-Ibroci-.jpg","contentUrl":"https:\/\/www.visit-ulcinj.com\/blog\/wp-content\/uploads\/2016\/02\/Gezim-Ibroci-.jpg","width":960,"height":640},{"@type":"WebPage","@id":"https:\/\/www.visit-ulcinj.com\/blog\/2016\/02\/14\/ibroci-reagim-per-flamurin-shqiptar-ne-mal-te-zi-si-sindrom-heshtjes\/#webpage","url":"https:\/\/www.visit-ulcinj.com\/blog\/2016\/02\/14\/ibroci-reagim-per-flamurin-shqiptar-ne-mal-te-zi-si-sindrom-heshtjes\/","name":"Ibro\u00e7i: Reagim per Flamurin shqiptar n\u00eb Mal t\u00eb Zi - si sindrom i \"Heshtjes\" - Lajme nga Ulqini","isPartOf":{"@id":"https:\/\/www.visit-ulcinj.com\/blog\/#website"},"primaryImageOfPage":{"@id":"https:\/\/www.visit-ulcinj.com\/blog\/2016\/02\/14\/ibroci-reagim-per-flamurin-shqiptar-ne-mal-te-zi-si-sindrom-heshtjes\/#primaryimage"},"datePublished":"2016-02-14T18:08:35+00:00","dateModified":"2016-02-14T20:52:27+00:00","author":{"@id":"https:\/\/www.visit-ulcinj.com\/blog\/#\/schema\/person\/dcab619c614d3038751c63bc2aadc06d"},"description":"Isha gabim kur mendova se ngjarja e 11 shkurtit do b\u00ebnte buj\u00eb, e q\u00eb partit\u00eb komb\u00ebtare \u201capo nacionale si\u00e7 i thojn\u00eb vehtes\u201d do ngrinin z\u00ebrin t\u00eb pakt\u00ebn p\u00ebr","breadcrumb":{"@id":"https:\/\/www.visit-ulcinj.com\/blog\/2016\/02\/14\/ibroci-reagim-per-flamurin-shqiptar-ne-mal-te-zi-si-sindrom-heshtjes\/#breadcrumb"},"inLanguage":"en-US","potentialAction":[{"@type":"ReadAction","target":["https:\/\/www.visit-ulcinj.com\/blog\/2016\/02\/14\/ibroci-reagim-per-flamurin-shqiptar-ne-mal-te-zi-si-sindrom-heshtjes\/"]}]},{"@type":"BreadcrumbList","@id":"https:\/\/www.visit-ulcinj.com\/blog\/2016\/02\/14\/ibroci-reagim-per-flamurin-shqiptar-ne-mal-te-zi-si-sindrom-heshtjes\/#breadcrumb","itemListElement":[{"@type":"ListItem","position":1,"name":"Ibro\u00e7i: Reagim per Flamurin shqiptar n\u00eb Mal t\u00eb Zi &#8211; si sindrom i &#8220;Heshtjes&#8221;"}]},{"@type":"Person","@id":"https:\/\/www.visit-ulcinj.com\/blog\/#\/schema\/person\/dcab619c614d3038751c63bc2aadc06d","name":"ulqini","sameAs":["http:\/\/www.visit-ulcinj.com"],"url":"https:\/\/www.visit-ulcinj.com\/blog\/author\/admin\/"}]}},"jetpack_featured_media_url":"","jetpack_sharing_enabled":true,"jetpack_shortlink":"https:\/\/wp.me\/pe6lTn-oBg","_links":{"self":[{"href":"https:\/\/www.visit-ulcinj.com\/blog\/wp-json\/wp\/v2\/posts\/94566"}],"collection":[{"href":"https:\/\/www.visit-ulcinj.com\/blog\/wp-json\/wp\/v2\/posts"}],"about":[{"href":"https:\/\/www.visit-ulcinj.com\/blog\/wp-json\/wp\/v2\/types\/post"}],"author":[{"embeddable":true,"href":"https:\/\/www.visit-ulcinj.com\/blog\/wp-json\/wp\/v2\/users\/1"}],"replies":[{"embeddable":true,"href":"https:\/\/www.visit-ulcinj.com\/blog\/wp-json\/wp\/v2\/comments?post=94566"}],"version-history":[{"count":1,"href":"https:\/\/www.visit-ulcinj.com\/blog\/wp-json\/wp\/v2\/posts\/94566\/revisions"}],"predecessor-version":[{"id":94570,"href":"https:\/\/www.visit-ulcinj.com\/blog\/wp-json\/wp\/v2\/posts\/94566\/revisions\/94570"}],"wp:attachment":[{"href":"https:\/\/www.visit-ulcinj.com\/blog\/wp-json\/wp\/v2\/media?parent=94566"}],"wp:term":[{"taxonomy":"category","embeddable":true,"href":"https:\/\/www.visit-ulcinj.com\/blog\/wp-json\/wp\/v2\/categories?post=94566"},{"taxonomy":"post_tag","embeddable":true,"href":"https:\/\/www.visit-ulcinj.com\/blog\/wp-json\/wp\/v2\/tags?post=94566"}],"curies":[{"name":"wp","href":"https:\/\/api.w.org\/{rel}","templated":true}]}}