{"id":94572,"date":"2016-02-14T20:06:37","date_gmt":"2016-02-14T19:06:37","guid":{"rendered":"http:\/\/www.visit-ulcinj.com\/blog\/?p=94572"},"modified":"2016-02-14T20:10:10","modified_gmt":"2016-02-14T19:10:10","slug":"pozitivna-ulcinj-zemljiste-solane-da-ostane-zasticena-zona","status":"publish","type":"post","link":"https:\/\/www.visit-ulcinj.com\/blog\/2016\/02\/14\/pozitivna-ulcinj-zemljiste-solane-da-ostane-zasticena-zona\/","title":{"rendered":"Pozitivna Ulcinj: &#8220;Zemlji\u0161te Solane da ostane za\u0161ti\u0107ena zona&#8221;"},"content":{"rendered":"<p><a href=\"http:\/\/www.visit-ulcinj.com\/blog\/wp-content\/uploads\/2013\/08\/pozitivna.jpg\"><img loading=\"lazy\" class=\"alignleft wp-image-74140\" src=\"http:\/\/www.visit-ulcinj.com\/blog\/wp-content\/uploads\/2013\/08\/pozitivna.jpg\" alt=\"pozitivna\" width=\"508\" height=\"337\" srcset=\"https:\/\/www.visit-ulcinj.com\/blog\/wp-content\/uploads\/2013\/08\/pozitivna.jpg 628w, https:\/\/www.visit-ulcinj.com\/blog\/wp-content\/uploads\/2013\/08\/pozitivna-300x199.jpg 300w\" sizes=\"(max-width: 508px) 100vw, 508px\" \/><\/a>Odluku Ustavnog Suda kojom je poni\u0161tena odluka Skup\u0161tine kojom je zemlji\u0161te Solane progla\u0161eno za\u0161ti\u0107enim podru\u010djem je sporna i trebalo bi je dodatno preispitati smatraju u OO Pozitivne Ulcinj.<\/p>\n<p>&#8220;Jo\u0161 kod izmjena Prostornog plana, organizacije za za\u0161titu \u017eivotne sredine i gra\u0111ani Ulcinja upozoravali su da nije dobro rje\u0161enje da se podru\u010dje oko Solane pretvara u gra\u0111evinsko zemlji\u0161te, iz razloga \u0161to je takva odluka pogubna ne samo za \u017eivotnu sredinu i solila koja imaju vi\u0161estruka svojstva, ve\u0107 i za ekonomski razvoj i radnike koji su ostali bez posla&#8221;, saop\u0161teno je iz te partije.<\/p>\n<p>Oni su podsjetili da je Solana najzna\u010dajnije stani\u0161te ptica na cijeloj isto\u010dnoj obali Jadrana, te samim tim prevazilazi interes Crne Gore, jer je od me\u0111unarodnog zna\u010daja.<\/p>\n<p>&#8220;Stoga je i sa stanovi\u0161ta poglavlja 27, jednog od najte\u017eih koje otvara Crna Gora, odluka Ustavnog suda sporna.\u00a0Moramo svi biti svjesni \u010dinjenice da je zemlji\u0161te Solane zna\u010dajan ekolo\u0161ki, turisti\u010dki i privredni potencijal. Iz tog razloga OO Pozitivne Ulcinj \u0107e kroz Klub poslanika u Skup\u0161tini Crne Gore i dalje insistirati na tome da zemlji\u0161te Solane ostane za\u0161ti\u0107ena zona, uposle radnici i nastavi proizvodnja u fabrici koja je od vitalnog zna\u010daja za privredni razvoj Ulcinja i Crne Gore&#8221;, navodi se u saop\u0161tenju.<\/p>\n<p>Izvor: RTCG<\/p>\n","protected":false},"excerpt":{"rendered":"<p>Odluku Ustavnog Suda kojom je poni\u0161tena odluka Skup\u0161tine kojom je zemlji\u0161te Solane progla\u0161eno za\u0161ti\u0107enim podru\u010djem je sporna i trebalo bi je dodatno preispitati smatraju u OO Pozitivne Ulcinj. &#8220;Jo\u0161 kod izmjena Prostornog plana, organizacije za za\u0161titu \u017eivotne sredine i gra\u0111ani Ulcinja upozoravali su da nije dobro rje\u0161enje da se podru\u010dje oko Solane pretvara u gra\u0111evinsko [&hellip;]<\/p>\n","protected":false},"author":1,"featured_media":0,"comment_status":"closed","ping_status":"closed","sticky":false,"template":"","format":"standard","meta":{"spay_email":"","jetpack_publicize_message":"","jetpack_is_tweetstorm":false,"jetpack_publicize_feature_enabled":true},"categories":[6950],"tags":[],"jetpack_publicize_connections":[],"yoast_head":"<!-- This site is optimized with the Yoast SEO plugin v19.1 - https:\/\/yoast.com\/wordpress\/plugins\/seo\/ -->\n<title>Pozitivna Ulcinj: &quot;Zemlji\u0161te Solane da ostane za\u0161ti\u0107ena zona&quot; - Lajme nga Ulqini<\/title>\n<meta name=\"description\" content=\"Odluku Ustavnog Suda kojom je poni\u0161tena odluka Skup\u0161tine kojom je zemlji\u0161te Solane progla\u0161eno za\u0161ti\u0107enim podru\u010djem je sporna i trebalo bi je dodatno\" \/>\n<meta name=\"robots\" content=\"index, follow, max-snippet:-1, max-image-preview:large, max-video-preview:-1\" \/>\n<link rel=\"canonical\" href=\"https:\/\/www.visit-ulcinj.com\/blog\/2016\/02\/14\/pozitivna-ulcinj-zemljiste-solane-da-ostane-zasticena-zona\/\" \/>\n<meta property=\"og:locale\" content=\"en_US\" \/>\n<meta property=\"og:type\" content=\"article\" \/>\n<meta property=\"og:title\" content=\"Pozitivna Ulcinj: &quot;Zemlji\u0161te Solane da ostane za\u0161ti\u0107ena zona&quot; - Lajme nga Ulqini\" \/>\n<meta property=\"og:description\" content=\"Odluku Ustavnog Suda kojom je poni\u0161tena odluka Skup\u0161tine kojom je zemlji\u0161te Solane progla\u0161eno za\u0161ti\u0107enim podru\u010djem je sporna i trebalo bi je dodatno\" \/>\n<meta property=\"og:url\" content=\"https:\/\/www.visit-ulcinj.com\/blog\/2016\/02\/14\/pozitivna-ulcinj-zemljiste-solane-da-ostane-zasticena-zona\/\" \/>\n<meta property=\"og:site_name\" content=\"Lajme nga Ulqini\" \/>\n<meta property=\"article:published_time\" content=\"2016-02-14T19:06:37+00:00\" \/>\n<meta property=\"article:modified_time\" content=\"2016-02-14T19:10:10+00:00\" \/>\n<meta property=\"og:image\" content=\"http:\/\/www.visit-ulcinj.com\/blog\/wp-content\/uploads\/2013\/08\/pozitivna.jpg\" \/>\n<meta name=\"twitter:label1\" content=\"Written by\" \/>\n\t<meta name=\"twitter:data1\" content=\"ulqini\" \/>\n\t<meta name=\"twitter:label2\" content=\"Est. reading time\" \/>\n\t<meta name=\"twitter:data2\" content=\"1 minute\" \/>\n<script type=\"application\/ld+json\" class=\"yoast-schema-graph\">{\"@context\":\"https:\/\/schema.org\",\"@graph\":[{\"@type\":\"WebSite\",\"@id\":\"https:\/\/www.visit-ulcinj.com\/blog\/#website\",\"url\":\"https:\/\/www.visit-ulcinj.com\/blog\/\",\"name\":\"Lajme nga Ulqini\",\"description\":\"Lajme,Vijesti,Ulqini,Ulqin,Crna Gora,Mali i Zi\",\"potentialAction\":[{\"@type\":\"SearchAction\",\"target\":{\"@type\":\"EntryPoint\",\"urlTemplate\":\"https:\/\/www.visit-ulcinj.com\/blog\/?s={search_term_string}\"},\"query-input\":\"required name=search_term_string\"}],\"inLanguage\":\"en-US\"},{\"@type\":\"ImageObject\",\"inLanguage\":\"en-US\",\"@id\":\"https:\/\/www.visit-ulcinj.com\/blog\/2016\/02\/14\/pozitivna-ulcinj-zemljiste-solane-da-ostane-zasticena-zona\/#primaryimage\",\"url\":\"https:\/\/www.visit-ulcinj.com\/blog\/wp-content\/uploads\/2013\/08\/pozitivna.jpg\",\"contentUrl\":\"https:\/\/www.visit-ulcinj.com\/blog\/wp-content\/uploads\/2013\/08\/pozitivna.jpg\",\"width\":628,\"height\":417},{\"@type\":\"WebPage\",\"@id\":\"https:\/\/www.visit-ulcinj.com\/blog\/2016\/02\/14\/pozitivna-ulcinj-zemljiste-solane-da-ostane-zasticena-zona\/#webpage\",\"url\":\"https:\/\/www.visit-ulcinj.com\/blog\/2016\/02\/14\/pozitivna-ulcinj-zemljiste-solane-da-ostane-zasticena-zona\/\",\"name\":\"Pozitivna Ulcinj: \\\"Zemlji\u0161te Solane da ostane za\u0161ti\u0107ena zona\\\" - Lajme nga Ulqini\",\"isPartOf\":{\"@id\":\"https:\/\/www.visit-ulcinj.com\/blog\/#website\"},\"primaryImageOfPage\":{\"@id\":\"https:\/\/www.visit-ulcinj.com\/blog\/2016\/02\/14\/pozitivna-ulcinj-zemljiste-solane-da-ostane-zasticena-zona\/#primaryimage\"},\"datePublished\":\"2016-02-14T19:06:37+00:00\",\"dateModified\":\"2016-02-14T19:10:10+00:00\",\"author\":{\"@id\":\"https:\/\/www.visit-ulcinj.com\/blog\/#\/schema\/person\/dcab619c614d3038751c63bc2aadc06d\"},\"description\":\"Odluku Ustavnog Suda kojom je poni\u0161tena odluka Skup\u0161tine kojom je zemlji\u0161te Solane progla\u0161eno za\u0161ti\u0107enim podru\u010djem je sporna i trebalo bi je dodatno\",\"breadcrumb\":{\"@id\":\"https:\/\/www.visit-ulcinj.com\/blog\/2016\/02\/14\/pozitivna-ulcinj-zemljiste-solane-da-ostane-zasticena-zona\/#breadcrumb\"},\"inLanguage\":\"en-US\",\"potentialAction\":[{\"@type\":\"ReadAction\",\"target\":[\"https:\/\/www.visit-ulcinj.com\/blog\/2016\/02\/14\/pozitivna-ulcinj-zemljiste-solane-da-ostane-zasticena-zona\/\"]}]},{\"@type\":\"BreadcrumbList\",\"@id\":\"https:\/\/www.visit-ulcinj.com\/blog\/2016\/02\/14\/pozitivna-ulcinj-zemljiste-solane-da-ostane-zasticena-zona\/#breadcrumb\",\"itemListElement\":[{\"@type\":\"ListItem\",\"position\":1,\"name\":\"Pozitivna Ulcinj: &#8220;Zemlji\u0161te Solane da ostane za\u0161ti\u0107ena zona&#8221;\"}]},{\"@type\":\"Person\",\"@id\":\"https:\/\/www.visit-ulcinj.com\/blog\/#\/schema\/person\/dcab619c614d3038751c63bc2aadc06d\",\"name\":\"ulqini\",\"sameAs\":[\"http:\/\/www.visit-ulcinj.com\"],\"url\":\"https:\/\/www.visit-ulcinj.com\/blog\/author\/admin\/\"}]}<\/script>\n<!-- \/ Yoast SEO plugin. -->","yoast_head_json":{"title":"Pozitivna Ulcinj: \"Zemlji\u0161te Solane da ostane za\u0161ti\u0107ena zona\" - Lajme nga Ulqini","description":"Odluku Ustavnog Suda kojom je poni\u0161tena odluka Skup\u0161tine kojom je zemlji\u0161te Solane progla\u0161eno za\u0161ti\u0107enim podru\u010djem je sporna i trebalo bi je dodatno","robots":{"index":"index","follow":"follow","max-snippet":"max-snippet:-1","max-image-preview":"max-image-preview:large","max-video-preview":"max-video-preview:-1"},"canonical":"https:\/\/www.visit-ulcinj.com\/blog\/2016\/02\/14\/pozitivna-ulcinj-zemljiste-solane-da-ostane-zasticena-zona\/","og_locale":"en_US","og_type":"article","og_title":"Pozitivna Ulcinj: \"Zemlji\u0161te Solane da ostane za\u0161ti\u0107ena zona\" - Lajme nga Ulqini","og_description":"Odluku Ustavnog Suda kojom je poni\u0161tena odluka Skup\u0161tine kojom je zemlji\u0161te Solane progla\u0161eno za\u0161ti\u0107enim podru\u010djem je sporna i trebalo bi je dodatno","og_url":"https:\/\/www.visit-ulcinj.com\/blog\/2016\/02\/14\/pozitivna-ulcinj-zemljiste-solane-da-ostane-zasticena-zona\/","og_site_name":"Lajme nga Ulqini","article_published_time":"2016-02-14T19:06:37+00:00","article_modified_time":"2016-02-14T19:10:10+00:00","og_image":[{"url":"http:\/\/www.visit-ulcinj.com\/blog\/wp-content\/uploads\/2013\/08\/pozitivna.jpg"}],"twitter_misc":{"Written by":"ulqini","Est. reading time":"1 minute"},"schema":{"@context":"https:\/\/schema.org","@graph":[{"@type":"WebSite","@id":"https:\/\/www.visit-ulcinj.com\/blog\/#website","url":"https:\/\/www.visit-ulcinj.com\/blog\/","name":"Lajme nga Ulqini","description":"Lajme,Vijesti,Ulqini,Ulqin,Crna Gora,Mali i Zi","potentialAction":[{"@type":"SearchAction","target":{"@type":"EntryPoint","urlTemplate":"https:\/\/www.visit-ulcinj.com\/blog\/?s={search_term_string}"},"query-input":"required name=search_term_string"}],"inLanguage":"en-US"},{"@type":"ImageObject","inLanguage":"en-US","@id":"https:\/\/www.visit-ulcinj.com\/blog\/2016\/02\/14\/pozitivna-ulcinj-zemljiste-solane-da-ostane-zasticena-zona\/#primaryimage","url":"https:\/\/www.visit-ulcinj.com\/blog\/wp-content\/uploads\/2013\/08\/pozitivna.jpg","contentUrl":"https:\/\/www.visit-ulcinj.com\/blog\/wp-content\/uploads\/2013\/08\/pozitivna.jpg","width":628,"height":417},{"@type":"WebPage","@id":"https:\/\/www.visit-ulcinj.com\/blog\/2016\/02\/14\/pozitivna-ulcinj-zemljiste-solane-da-ostane-zasticena-zona\/#webpage","url":"https:\/\/www.visit-ulcinj.com\/blog\/2016\/02\/14\/pozitivna-ulcinj-zemljiste-solane-da-ostane-zasticena-zona\/","name":"Pozitivna Ulcinj: \"Zemlji\u0161te Solane da ostane za\u0161ti\u0107ena zona\" - Lajme nga Ulqini","isPartOf":{"@id":"https:\/\/www.visit-ulcinj.com\/blog\/#website"},"primaryImageOfPage":{"@id":"https:\/\/www.visit-ulcinj.com\/blog\/2016\/02\/14\/pozitivna-ulcinj-zemljiste-solane-da-ostane-zasticena-zona\/#primaryimage"},"datePublished":"2016-02-14T19:06:37+00:00","dateModified":"2016-02-14T19:10:10+00:00","author":{"@id":"https:\/\/www.visit-ulcinj.com\/blog\/#\/schema\/person\/dcab619c614d3038751c63bc2aadc06d"},"description":"Odluku Ustavnog Suda kojom je poni\u0161tena odluka Skup\u0161tine kojom je zemlji\u0161te Solane progla\u0161eno za\u0161ti\u0107enim podru\u010djem je sporna i trebalo bi je dodatno","breadcrumb":{"@id":"https:\/\/www.visit-ulcinj.com\/blog\/2016\/02\/14\/pozitivna-ulcinj-zemljiste-solane-da-ostane-zasticena-zona\/#breadcrumb"},"inLanguage":"en-US","potentialAction":[{"@type":"ReadAction","target":["https:\/\/www.visit-ulcinj.com\/blog\/2016\/02\/14\/pozitivna-ulcinj-zemljiste-solane-da-ostane-zasticena-zona\/"]}]},{"@type":"BreadcrumbList","@id":"https:\/\/www.visit-ulcinj.com\/blog\/2016\/02\/14\/pozitivna-ulcinj-zemljiste-solane-da-ostane-zasticena-zona\/#breadcrumb","itemListElement":[{"@type":"ListItem","position":1,"name":"Pozitivna Ulcinj: &#8220;Zemlji\u0161te Solane da ostane za\u0161ti\u0107ena zona&#8221;"}]},{"@type":"Person","@id":"https:\/\/www.visit-ulcinj.com\/blog\/#\/schema\/person\/dcab619c614d3038751c63bc2aadc06d","name":"ulqini","sameAs":["http:\/\/www.visit-ulcinj.com"],"url":"https:\/\/www.visit-ulcinj.com\/blog\/author\/admin\/"}]}},"jetpack_featured_media_url":"","jetpack_sharing_enabled":true,"jetpack_shortlink":"https:\/\/wp.me\/pe6lTn-oBm","_links":{"self":[{"href":"https:\/\/www.visit-ulcinj.com\/blog\/wp-json\/wp\/v2\/posts\/94572"}],"collection":[{"href":"https:\/\/www.visit-ulcinj.com\/blog\/wp-json\/wp\/v2\/posts"}],"about":[{"href":"https:\/\/www.visit-ulcinj.com\/blog\/wp-json\/wp\/v2\/types\/post"}],"author":[{"embeddable":true,"href":"https:\/\/www.visit-ulcinj.com\/blog\/wp-json\/wp\/v2\/users\/1"}],"replies":[{"embeddable":true,"href":"https:\/\/www.visit-ulcinj.com\/blog\/wp-json\/wp\/v2\/comments?post=94572"}],"version-history":[{"count":1,"href":"https:\/\/www.visit-ulcinj.com\/blog\/wp-json\/wp\/v2\/posts\/94572\/revisions"}],"predecessor-version":[{"id":94573,"href":"https:\/\/www.visit-ulcinj.com\/blog\/wp-json\/wp\/v2\/posts\/94572\/revisions\/94573"}],"wp:attachment":[{"href":"https:\/\/www.visit-ulcinj.com\/blog\/wp-json\/wp\/v2\/media?parent=94572"}],"wp:term":[{"taxonomy":"category","embeddable":true,"href":"https:\/\/www.visit-ulcinj.com\/blog\/wp-json\/wp\/v2\/categories?post=94572"},{"taxonomy":"post_tag","embeddable":true,"href":"https:\/\/www.visit-ulcinj.com\/blog\/wp-json\/wp\/v2\/tags?post=94572"}],"curies":[{"name":"wp","href":"https:\/\/api.w.org\/{rel}","templated":true}]}}