{"id":94585,"date":"2016-02-15T17:13:38","date_gmt":"2016-02-15T16:13:38","guid":{"rendered":"http:\/\/www.visit-ulcinj.com\/blog\/?p=94585"},"modified":"2016-02-16T19:48:33","modified_gmt":"2016-02-16T18:48:33","slug":"prokuroria-e-malit-te-zi-hedh-poshte-akuzat-ndaj-nazif-cungut","status":"publish","type":"post","link":"https:\/\/www.visit-ulcinj.com\/blog\/2016\/02\/15\/prokuroria-e-malit-te-zi-hedh-poshte-akuzat-ndaj-nazif-cungut\/","title":{"rendered":"Prokuroria e Malit t\u00eb Zi hedh posht\u00eb akuzat ndaj Nazif Cungut &#8211; lexo vendimin &#8211; Video"},"content":{"rendered":"<p><strong> <a href=\"http:\/\/www.visit-ulcinj.com\/blog\/wp-content\/uploads\/2016\/02\/Nazif-Cungu-konferenca-media-Ulqin-Ulcinj.jpg\"><img loading=\"lazy\" class=\"alignleft wp-image-94586\" src=\"http:\/\/www.visit-ulcinj.com\/blog\/wp-content\/uploads\/2016\/02\/Nazif-Cungu-konferenca-media-Ulqin-Ulcinj.jpg\" alt=\"Nazif-Cungu-konferenca-media-Ulqin-Ulcinj\" width=\"508\" height=\"338\" srcset=\"https:\/\/www.visit-ulcinj.com\/blog\/wp-content\/uploads\/2016\/02\/Nazif-Cungu-konferenca-media-Ulqin-Ulcinj.jpg 668w, https:\/\/www.visit-ulcinj.com\/blog\/wp-content\/uploads\/2016\/02\/Nazif-Cungu-konferenca-media-Ulqin-Ulcinj-300x200.jpg 300w\" sizes=\"(max-width: 508px) 100vw, 508px\" \/><\/a>Sot n\u00eb konferenc\u00ebn p\u00ebr media t\u00eb organizuar sot n\u00eb zyr\u00ebn e Forc\u00ebs s\u00eb Re Demokratike, kryetari i k\u00ebsaj partie Nazif Cungu, ka njoftuar opinionin publik se Prokuroria Shtet\u00ebrore i ka hedhur posht\u00eb t\u00eb gjitha akuzat ndaj tij p\u00ebr keqp\u00ebrdorim t\u00eb postit gjat\u00eb koh\u00ebs q\u00eb ishte n\u00eb krye t\u00eb Komun\u00ebs s\u00eb Ulqinit.<\/strong><\/p>\n<p><iframe loading=\"lazy\" frameborder=\"0\" width=\"508\" height=\"315\" src=\"\/\/www.dailymotion.com\/embed\/video\/x3sa8ye?autoPlay=1\" allowfullscreen><\/iframe><\/p>\n<p><strong>Nr. 257\/16<\/strong><\/p>\n<p>T\u00eb nderuar qytetar\u00eb, t\u00eb nderuar p\u00ebrfaq\u00ebsues t\u00eb mediave,<\/p>\n<p>&nbsp;<\/p>\n<p><strong>Arsyeja kryesore e organizimit<\/strong> t\u00eb k\u00ebsaj konference p\u00ebr media \u00ebsht\u00eb p\u00ebr t&#8217;iu p\u00ebrgjigjur sulmeve t\u00eb subjekteve t\u00eb caktuara politike, individ\u00ebve dhe mediave t\u00eb af\u00ebrta me ata t\u00eb cil\u00ebt i kan\u00eb dh\u00ebn\u00eb vetes t\u00eb drejt\u00ebn p\u00ebr t\u00eb marr\u00eb p\u00ebrsip\u00ebr funksionin e organeve kompetente shtenore dhe t\u00eb cil\u00ebt po tentojn\u00eb paraprakisht t\u00eb m\u00eb shpallin fajtor p\u00ebr gjoja keqp\u00ebrdorim t\u00eb detyr\u00ebs , gjat\u00eb koh\u00ebs kur isha kryetar i Komun\u00ebs s\u00eb Ulqinit.<\/p>\n<p>&nbsp;<\/p>\n<p><strong>Edhe pse personalisht nuk kam pasur ndonj\u00eb dyshim<\/strong> n\u00eb lidhje me ligjshm\u00ebrin\u00eb e veprimeve t\u00eb mia,, p\u00ebr t\u00eb eliminuar spekullimet e shumta q\u00eb vijn\u00eb nga individ\u00eb dhe media t\u00eb ndryshme,, shpesh me q\u00ebllime dashakeqe, si dhe detyrimet q\u00eb kam n\u00eb radh\u00eb t\u00eb par\u00eb si nj\u00eb njeri serioz familjar, si nj\u00eb afarist, ndaj t\u00eb gjith\u00eb punonj\u00ebsve te mij dhe klient\u00ebve, dhe n\u00eb fund si nj\u00eb figur\u00eb publike edhe ndaj votuesve, simpatizues\u00ebve dhe t\u00eb gjith\u00eb qytetar\u00ebve, i kam d\u00ebrguar k\u00ebrkes\u00eb Prokuroris\u00eb s\u00eb shtetit p\u00ebr t\u00eb me njoftuar zyrtarisht per vajtjen e procedurave q\u00eb jan\u00eb iniciuar kund\u00ebr meje.<\/p>\n<p><strong>\u00a0<\/strong><\/p>\n<p><strong>P\u00ebrgjigja ishte e shpejt\u00eb dhe <\/strong><strong>p\u00ebr k\u00eb<\/strong><strong>t\u00eb <\/strong><strong>I <\/strong><strong>falenderoj publikisht. <\/strong><\/p>\n<p>&nbsp;<\/p>\n<p><strong>Gj\u00ebja m\u00eb e r\u00ebnd\u00ebsishme<\/strong> \u00ebsht\u00eb se k\u00ebto p\u00ebrgjigje konfirmuan at\u00eb q\u00eb un\u00eb tashm\u00eb e dija, dhe se \u00ebsht\u00eb fakt se asnj\u00eb nga veprimet e mia nuk i kan\u00eb shkaktuar d\u00ebm komun\u00ebs s\u00eb Ulqinit, dhe se postin e Kryetarit t\u00eb Komun\u00ebs s\u00eb Ulqinit nuk e kam keqp\u00ebrdorur p\u00ebr ti siguruar dobi t\u00eb paligjshme vetes ose ndonj\u00eb personi tjet\u00ebr.<\/p>\n<p>&nbsp;<\/p>\n<p><strong>P\u00ebr t\u00eb sqaruar<\/strong><strong> m\u00eb<\/strong><strong> sakt\u00eb qytetareve<\/strong> <strong> \u00ebsht\u00eb<\/strong> <strong>fjala p\u00ebr <\/strong><strong> t\u00eb ashtuquajturin rastin e Shasit.<\/strong><\/p>\n<p>&nbsp;<\/p>\n<p><strong>N\u00eb k\u00ebt\u00eb rast, Prokurori shtetror,akuzat ndaj meje i ka <\/strong><strong> hedhur posht\u00eb me konstatim : se nuk ka asnji element dyshimi se Nazif Cungu ka kryer veper penale <\/strong><strong> p\u00ebr t\u00eb cil\u00eb<\/strong><strong>n asht<\/strong><strong>\u00eb<\/strong><strong> ndjekur si<\/strong><strong>pas detyr\u00ebs zyrtare.<\/strong><\/p>\n<p><a href=\"http:\/\/www.visit-ulcinj.com\/blog\/wp-content\/uploads\/2016\/02\/Rijesenje_5_14.pdf\" target=\"_blank\"><strong>P\u00ebr ta lexuar vendimin e Prokuroris klikoni e Fotografi apo n\u00eb link: Rijesenje_5_14.pdf<\/strong><\/a><\/p>\n<p><a href=\"http:\/\/www.visit-ulcinj.com\/blog\/wp-content\/uploads\/2016\/02\/Rijesenje_5_14.pdf\" target=\"_blank\"><img loading=\"lazy\" class=\"alignleft wp-image-94588\" src=\"http:\/\/www.visit-ulcinj.com\/blog\/wp-content\/uploads\/2016\/02\/Prokuroria-e-Malit-t\u00eb-Zi-Nazif-Cungu-1.jpg\" alt=\"Prokuroria e Malit t\u00eb Zi-Nazif-Cungu-1\" width=\"508\" height=\"430\" srcset=\"https:\/\/www.visit-ulcinj.com\/blog\/wp-content\/uploads\/2016\/02\/Prokuroria-e-Malit-t\u00eb-Zi-Nazif-Cungu-1.jpg 762w, https:\/\/www.visit-ulcinj.com\/blog\/wp-content\/uploads\/2016\/02\/Prokuroria-e-Malit-t\u00eb-Zi-Nazif-Cungu-1-300x254.jpg 300w\" sizes=\"(max-width: 508px) 100vw, 508px\" \/><\/a><\/p>\n<p><strong>Un\u00eb e di se kund\u00ebrshtar\u00ebt politik <\/strong>si dhe p\u00ebrfaq\u00ebsues t\u00eb mediave t\u00eb caktuara, sidomos medijt elektronik, q\u00ebllimi i vet\u00ebm i t\u00eb cil\u00ebve ishte q\u00eb p\u00ebrmes k\u00ebtyre artikujve t\u00eb rrejsh\u00ebm dhe t\u00eb paverifikuar t\u00eb d\u00ebmtojn\u00eb mua si politikan dhe subjektin politik q\u00eb kryesoj, pas k\u00ebsaj nuk do t\u00eb flen\u00eb rehat.<\/p>\n<p><strong>\u00a0<\/strong><\/p>\n<p><strong>Por <\/strong><strong>falja <\/strong> <strong>\u00eb<\/strong><strong>sht\u00eb pjes\u00eb<\/strong><strong> e natyr\u00eb<\/strong><strong>s njerzore,<\/strong> prandaj haptas ju them t\u00eb rrijn t\u00eb qet\u00eb, sepse ju kam falur, dhe nuk do t\u00eb marr kund\u00ebr tyre masa p\u00ebr d\u00ebmet e shkaktuara dhe t\u00eb cilat mi lejon ligji. <strong>Por sigurisht nuk do t\u00eb harroj<\/strong>. Gjithashtu as qytetaret nuk do te harrojn aktivitetet e tyre si diletante mediatik qe u perpoqen te i mashtroin.<\/p>\n<p><strong>\u00a0<\/strong><\/p>\n<p><strong>U b\u00ebj lutje <\/strong><strong> t\u00eb gjith\u00eb p\u00ebrfaq\u00ebsuesve t\u00eb mediave <\/strong>q\u00eb ti japin hapsir\u00eb dhe informojn\u00eb me korrekt\u00ebsi qytetar\u00ebt lidhur me k\u00ebt\u00eb \u00e7\u00ebshtje, cka edhe \u00ebsht\u00eb q\u00ebllimi i k\u00ebsaj konference.<\/p>\n<p><strong>Faleminderit,<\/strong><\/p>\n<p>&nbsp;<\/p>\n<p>Nazif Cungu<\/p>\n<p>Ulqin, me15.02.16<\/p>\n<p><a href=\"http:\/\/www.visit-ulcinj.com\/blog\/wp-content\/uploads\/2016\/02\/Nazif-Cungu-konferenca-media-Ulqin-Ulcinj-1.jpg\"><img loading=\"lazy\" class=\"alignleft wp-image-94587\" src=\"http:\/\/www.visit-ulcinj.com\/blog\/wp-content\/uploads\/2016\/02\/Nazif-Cungu-konferenca-media-Ulqin-Ulcinj-1.jpg\" alt=\"Nazif-Cungu-konferenca-media-Ulqin-Ulcinj-1\" width=\"508\" height=\"338\" srcset=\"https:\/\/www.visit-ulcinj.com\/blog\/wp-content\/uploads\/2016\/02\/Nazif-Cungu-konferenca-media-Ulqin-Ulcinj-1.jpg 953w, https:\/\/www.visit-ulcinj.com\/blog\/wp-content\/uploads\/2016\/02\/Nazif-Cungu-konferenca-media-Ulqin-Ulcinj-1-300x200.jpg 300w\" sizes=\"(max-width: 508px) 100vw, 508px\" \/><\/a><\/p>\n<p><strong><a href=\"P\u00ebr%20ta lexuar vendimin e Prokuroris klikoni e Fotografo apo n\u00eb link: Rijesenje_5_14.pdf\" target=\"_blank\">P\u00ebr ta lexuar vendimin e Prokuroris klikoni e Fotografi apo n\u00eb link: Rijesenje_5_14.pdf<\/a><\/strong><br \/>\n<a href=\"http:\/\/www.visit-ulcinj.com\/blog\/wp-content\/uploads\/2016\/02\/Rijesenje_5_14.pdf\" target=\"_blank\"><img loading=\"lazy\" class=\"alignleft wp-image-94589\" src=\"http:\/\/www.visit-ulcinj.com\/blog\/wp-content\/uploads\/2016\/02\/Prokuroria-e-Malit-t\u00eb-Zi-Nazif-Cungu.jpg\" alt=\"Prokuroria e Malit t\u00eb Zi-Nazif-Cungu\" width=\"508\" height=\"495\" srcset=\"https:\/\/www.visit-ulcinj.com\/blog\/wp-content\/uploads\/2016\/02\/Prokuroria-e-Malit-t\u00eb-Zi-Nazif-Cungu.jpg 734w, https:\/\/www.visit-ulcinj.com\/blog\/wp-content\/uploads\/2016\/02\/Prokuroria-e-Malit-t\u00eb-Zi-Nazif-Cungu-300x292.jpg 300w\" sizes=\"(max-width: 508px) 100vw, 508px\" \/><\/a><\/p>\n","protected":false},"excerpt":{"rendered":"<p>Sot n\u00eb konferenc\u00ebn p\u00ebr media t\u00eb organizuar sot n\u00eb zyr\u00ebn e Forc\u00ebs s\u00eb Re Demokratike, kryetari i k\u00ebsaj partie Nazif Cungu, ka njoftuar opinionin publik se Prokuroria Shtet\u00ebrore i ka hedhur posht\u00eb t\u00eb gjitha akuzat ndaj tij p\u00ebr keqp\u00ebrdorim t\u00eb postit gjat\u00eb koh\u00ebs q\u00eb ishte n\u00eb krye t\u00eb Komun\u00ebs s\u00eb Ulqinit. Nr. 257\/16 T\u00eb nderuar [&hellip;]<\/p>\n","protected":false},"author":1,"featured_media":0,"comment_status":"closed","ping_status":"closed","sticky":false,"template":"","format":"standard","meta":{"spay_email":"","jetpack_publicize_message":"","jetpack_is_tweetstorm":false,"jetpack_publicize_feature_enabled":true},"categories":[6],"tags":[],"jetpack_publicize_connections":[],"yoast_head":"<!-- This site is optimized with the Yoast SEO plugin v19.1 - https:\/\/yoast.com\/wordpress\/plugins\/seo\/ -->\n<title>Prokuroria e Malit t\u00eb Zi hedh posht\u00eb akuzat ndaj Nazif Cungut - lexo vendimin - Video - Lajme nga Ulqini<\/title>\n<meta name=\"description\" content=\"Sot n\u00eb konferenc\u00ebn p\u00ebr media t\u00eb organizuar sot n\u00eb zyr\u00ebn e Forc\u00ebs s\u00eb Re Demokratike, kryetari i k\u00ebsaj partie Nazif Cungu, ka njoftuar opinionin publik se\" \/>\n<meta name=\"robots\" content=\"index, follow, max-snippet:-1, max-image-preview:large, max-video-preview:-1\" \/>\n<link rel=\"canonical\" href=\"https:\/\/www.visit-ulcinj.com\/blog\/2016\/02\/15\/prokuroria-e-malit-te-zi-hedh-poshte-akuzat-ndaj-nazif-cungut\/\" \/>\n<meta property=\"og:locale\" content=\"en_US\" \/>\n<meta property=\"og:type\" content=\"article\" \/>\n<meta property=\"og:title\" content=\"Prokuroria e Malit t\u00eb Zi hedh posht\u00eb akuzat ndaj Nazif Cungut - lexo vendimin - Video - Lajme nga Ulqini\" \/>\n<meta property=\"og:description\" content=\"Sot n\u00eb konferenc\u00ebn p\u00ebr media t\u00eb organizuar sot n\u00eb zyr\u00ebn e Forc\u00ebs s\u00eb Re Demokratike, kryetari i k\u00ebsaj partie Nazif Cungu, ka njoftuar opinionin publik se\" \/>\n<meta property=\"og:url\" content=\"https:\/\/www.visit-ulcinj.com\/blog\/2016\/02\/15\/prokuroria-e-malit-te-zi-hedh-poshte-akuzat-ndaj-nazif-cungut\/\" \/>\n<meta property=\"og:site_name\" content=\"Lajme nga Ulqini\" \/>\n<meta property=\"article:published_time\" content=\"2016-02-15T16:13:38+00:00\" \/>\n<meta property=\"article:modified_time\" content=\"2016-02-16T18:48:33+00:00\" \/>\n<meta property=\"og:image\" content=\"http:\/\/www.visit-ulcinj.com\/blog\/wp-content\/uploads\/2016\/02\/Nazif-Cungu-konferenca-media-Ulqin-Ulcinj.jpg\" \/>\n<meta name=\"twitter:label1\" content=\"Written by\" \/>\n\t<meta name=\"twitter:data1\" content=\"ulqini\" \/>\n\t<meta name=\"twitter:label2\" content=\"Est. reading time\" \/>\n\t<meta name=\"twitter:data2\" content=\"3 minutes\" \/>\n<script type=\"application\/ld+json\" class=\"yoast-schema-graph\">{\"@context\":\"https:\/\/schema.org\",\"@graph\":[{\"@type\":\"WebSite\",\"@id\":\"https:\/\/www.visit-ulcinj.com\/blog\/#website\",\"url\":\"https:\/\/www.visit-ulcinj.com\/blog\/\",\"name\":\"Lajme nga Ulqini\",\"description\":\"Lajme,Vijesti,Ulqini,Ulqin,Crna Gora,Mali i Zi\",\"potentialAction\":[{\"@type\":\"SearchAction\",\"target\":{\"@type\":\"EntryPoint\",\"urlTemplate\":\"https:\/\/www.visit-ulcinj.com\/blog\/?s={search_term_string}\"},\"query-input\":\"required name=search_term_string\"}],\"inLanguage\":\"en-US\"},{\"@type\":\"ImageObject\",\"inLanguage\":\"en-US\",\"@id\":\"https:\/\/www.visit-ulcinj.com\/blog\/2016\/02\/15\/prokuroria-e-malit-te-zi-hedh-poshte-akuzat-ndaj-nazif-cungut\/#primaryimage\",\"url\":\"https:\/\/www.visit-ulcinj.com\/blog\/wp-content\/uploads\/2016\/02\/Nazif-Cungu-konferenca-media-Ulqin-Ulcinj.jpg\",\"contentUrl\":\"https:\/\/www.visit-ulcinj.com\/blog\/wp-content\/uploads\/2016\/02\/Nazif-Cungu-konferenca-media-Ulqin-Ulcinj.jpg\",\"width\":668,\"height\":445},{\"@type\":\"WebPage\",\"@id\":\"https:\/\/www.visit-ulcinj.com\/blog\/2016\/02\/15\/prokuroria-e-malit-te-zi-hedh-poshte-akuzat-ndaj-nazif-cungut\/#webpage\",\"url\":\"https:\/\/www.visit-ulcinj.com\/blog\/2016\/02\/15\/prokuroria-e-malit-te-zi-hedh-poshte-akuzat-ndaj-nazif-cungut\/\",\"name\":\"Prokuroria e Malit t\u00eb Zi hedh posht\u00eb akuzat ndaj Nazif Cungut - lexo vendimin - Video - Lajme nga Ulqini\",\"isPartOf\":{\"@id\":\"https:\/\/www.visit-ulcinj.com\/blog\/#website\"},\"primaryImageOfPage\":{\"@id\":\"https:\/\/www.visit-ulcinj.com\/blog\/2016\/02\/15\/prokuroria-e-malit-te-zi-hedh-poshte-akuzat-ndaj-nazif-cungut\/#primaryimage\"},\"datePublished\":\"2016-02-15T16:13:38+00:00\",\"dateModified\":\"2016-02-16T18:48:33+00:00\",\"author\":{\"@id\":\"https:\/\/www.visit-ulcinj.com\/blog\/#\/schema\/person\/dcab619c614d3038751c63bc2aadc06d\"},\"description\":\"Sot n\u00eb konferenc\u00ebn p\u00ebr media t\u00eb organizuar sot n\u00eb zyr\u00ebn e Forc\u00ebs s\u00eb Re Demokratike, kryetari i k\u00ebsaj partie Nazif Cungu, ka njoftuar opinionin publik se\",\"breadcrumb\":{\"@id\":\"https:\/\/www.visit-ulcinj.com\/blog\/2016\/02\/15\/prokuroria-e-malit-te-zi-hedh-poshte-akuzat-ndaj-nazif-cungut\/#breadcrumb\"},\"inLanguage\":\"en-US\",\"potentialAction\":[{\"@type\":\"ReadAction\",\"target\":[\"https:\/\/www.visit-ulcinj.com\/blog\/2016\/02\/15\/prokuroria-e-malit-te-zi-hedh-poshte-akuzat-ndaj-nazif-cungut\/\"]}]},{\"@type\":\"BreadcrumbList\",\"@id\":\"https:\/\/www.visit-ulcinj.com\/blog\/2016\/02\/15\/prokuroria-e-malit-te-zi-hedh-poshte-akuzat-ndaj-nazif-cungut\/#breadcrumb\",\"itemListElement\":[{\"@type\":\"ListItem\",\"position\":1,\"name\":\"Prokuroria e Malit t\u00eb Zi hedh posht\u00eb akuzat ndaj Nazif Cungut &#8211; lexo vendimin &#8211; Video\"}]},{\"@type\":\"Person\",\"@id\":\"https:\/\/www.visit-ulcinj.com\/blog\/#\/schema\/person\/dcab619c614d3038751c63bc2aadc06d\",\"name\":\"ulqini\",\"sameAs\":[\"http:\/\/www.visit-ulcinj.com\"],\"url\":\"https:\/\/www.visit-ulcinj.com\/blog\/author\/admin\/\"}]}<\/script>\n<!-- \/ Yoast SEO plugin. -->","yoast_head_json":{"title":"Prokuroria e Malit t\u00eb Zi hedh posht\u00eb akuzat ndaj Nazif Cungut - lexo vendimin - Video - Lajme nga Ulqini","description":"Sot n\u00eb konferenc\u00ebn p\u00ebr media t\u00eb organizuar sot n\u00eb zyr\u00ebn e Forc\u00ebs s\u00eb Re Demokratike, kryetari i k\u00ebsaj partie Nazif Cungu, ka njoftuar opinionin publik se","robots":{"index":"index","follow":"follow","max-snippet":"max-snippet:-1","max-image-preview":"max-image-preview:large","max-video-preview":"max-video-preview:-1"},"canonical":"https:\/\/www.visit-ulcinj.com\/blog\/2016\/02\/15\/prokuroria-e-malit-te-zi-hedh-poshte-akuzat-ndaj-nazif-cungut\/","og_locale":"en_US","og_type":"article","og_title":"Prokuroria e Malit t\u00eb Zi hedh posht\u00eb akuzat ndaj Nazif Cungut - lexo vendimin - Video - Lajme nga Ulqini","og_description":"Sot n\u00eb konferenc\u00ebn p\u00ebr media t\u00eb organizuar sot n\u00eb zyr\u00ebn e Forc\u00ebs s\u00eb Re Demokratike, kryetari i k\u00ebsaj partie Nazif Cungu, ka njoftuar opinionin publik se","og_url":"https:\/\/www.visit-ulcinj.com\/blog\/2016\/02\/15\/prokuroria-e-malit-te-zi-hedh-poshte-akuzat-ndaj-nazif-cungut\/","og_site_name":"Lajme nga Ulqini","article_published_time":"2016-02-15T16:13:38+00:00","article_modified_time":"2016-02-16T18:48:33+00:00","og_image":[{"url":"http:\/\/www.visit-ulcinj.com\/blog\/wp-content\/uploads\/2016\/02\/Nazif-Cungu-konferenca-media-Ulqin-Ulcinj.jpg"}],"twitter_misc":{"Written by":"ulqini","Est. reading time":"3 minutes"},"schema":{"@context":"https:\/\/schema.org","@graph":[{"@type":"WebSite","@id":"https:\/\/www.visit-ulcinj.com\/blog\/#website","url":"https:\/\/www.visit-ulcinj.com\/blog\/","name":"Lajme nga Ulqini","description":"Lajme,Vijesti,Ulqini,Ulqin,Crna Gora,Mali i Zi","potentialAction":[{"@type":"SearchAction","target":{"@type":"EntryPoint","urlTemplate":"https:\/\/www.visit-ulcinj.com\/blog\/?s={search_term_string}"},"query-input":"required name=search_term_string"}],"inLanguage":"en-US"},{"@type":"ImageObject","inLanguage":"en-US","@id":"https:\/\/www.visit-ulcinj.com\/blog\/2016\/02\/15\/prokuroria-e-malit-te-zi-hedh-poshte-akuzat-ndaj-nazif-cungut\/#primaryimage","url":"https:\/\/www.visit-ulcinj.com\/blog\/wp-content\/uploads\/2016\/02\/Nazif-Cungu-konferenca-media-Ulqin-Ulcinj.jpg","contentUrl":"https:\/\/www.visit-ulcinj.com\/blog\/wp-content\/uploads\/2016\/02\/Nazif-Cungu-konferenca-media-Ulqin-Ulcinj.jpg","width":668,"height":445},{"@type":"WebPage","@id":"https:\/\/www.visit-ulcinj.com\/blog\/2016\/02\/15\/prokuroria-e-malit-te-zi-hedh-poshte-akuzat-ndaj-nazif-cungut\/#webpage","url":"https:\/\/www.visit-ulcinj.com\/blog\/2016\/02\/15\/prokuroria-e-malit-te-zi-hedh-poshte-akuzat-ndaj-nazif-cungut\/","name":"Prokuroria e Malit t\u00eb Zi hedh posht\u00eb akuzat ndaj Nazif Cungut - lexo vendimin - Video - Lajme nga Ulqini","isPartOf":{"@id":"https:\/\/www.visit-ulcinj.com\/blog\/#website"},"primaryImageOfPage":{"@id":"https:\/\/www.visit-ulcinj.com\/blog\/2016\/02\/15\/prokuroria-e-malit-te-zi-hedh-poshte-akuzat-ndaj-nazif-cungut\/#primaryimage"},"datePublished":"2016-02-15T16:13:38+00:00","dateModified":"2016-02-16T18:48:33+00:00","author":{"@id":"https:\/\/www.visit-ulcinj.com\/blog\/#\/schema\/person\/dcab619c614d3038751c63bc2aadc06d"},"description":"Sot n\u00eb konferenc\u00ebn p\u00ebr media t\u00eb organizuar sot n\u00eb zyr\u00ebn e Forc\u00ebs s\u00eb Re Demokratike, kryetari i k\u00ebsaj partie Nazif Cungu, ka njoftuar opinionin publik se","breadcrumb":{"@id":"https:\/\/www.visit-ulcinj.com\/blog\/2016\/02\/15\/prokuroria-e-malit-te-zi-hedh-poshte-akuzat-ndaj-nazif-cungut\/#breadcrumb"},"inLanguage":"en-US","potentialAction":[{"@type":"ReadAction","target":["https:\/\/www.visit-ulcinj.com\/blog\/2016\/02\/15\/prokuroria-e-malit-te-zi-hedh-poshte-akuzat-ndaj-nazif-cungut\/"]}]},{"@type":"BreadcrumbList","@id":"https:\/\/www.visit-ulcinj.com\/blog\/2016\/02\/15\/prokuroria-e-malit-te-zi-hedh-poshte-akuzat-ndaj-nazif-cungut\/#breadcrumb","itemListElement":[{"@type":"ListItem","position":1,"name":"Prokuroria e Malit t\u00eb Zi hedh posht\u00eb akuzat ndaj Nazif Cungut &#8211; lexo vendimin &#8211; Video"}]},{"@type":"Person","@id":"https:\/\/www.visit-ulcinj.com\/blog\/#\/schema\/person\/dcab619c614d3038751c63bc2aadc06d","name":"ulqini","sameAs":["http:\/\/www.visit-ulcinj.com"],"url":"https:\/\/www.visit-ulcinj.com\/blog\/author\/admin\/"}]}},"jetpack_featured_media_url":"","jetpack_sharing_enabled":true,"jetpack_shortlink":"https:\/\/wp.me\/pe6lTn-oBz","_links":{"self":[{"href":"https:\/\/www.visit-ulcinj.com\/blog\/wp-json\/wp\/v2\/posts\/94585"}],"collection":[{"href":"https:\/\/www.visit-ulcinj.com\/blog\/wp-json\/wp\/v2\/posts"}],"about":[{"href":"https:\/\/www.visit-ulcinj.com\/blog\/wp-json\/wp\/v2\/types\/post"}],"author":[{"embeddable":true,"href":"https:\/\/www.visit-ulcinj.com\/blog\/wp-json\/wp\/v2\/users\/1"}],"replies":[{"embeddable":true,"href":"https:\/\/www.visit-ulcinj.com\/blog\/wp-json\/wp\/v2\/comments?post=94585"}],"version-history":[{"count":6,"href":"https:\/\/www.visit-ulcinj.com\/blog\/wp-json\/wp\/v2\/posts\/94585\/revisions"}],"predecessor-version":[{"id":94637,"href":"https:\/\/www.visit-ulcinj.com\/blog\/wp-json\/wp\/v2\/posts\/94585\/revisions\/94637"}],"wp:attachment":[{"href":"https:\/\/www.visit-ulcinj.com\/blog\/wp-json\/wp\/v2\/media?parent=94585"}],"wp:term":[{"taxonomy":"category","embeddable":true,"href":"https:\/\/www.visit-ulcinj.com\/blog\/wp-json\/wp\/v2\/categories?post=94585"},{"taxonomy":"post_tag","embeddable":true,"href":"https:\/\/www.visit-ulcinj.com\/blog\/wp-json\/wp\/v2\/tags?post=94585"}],"curies":[{"name":"wp","href":"https:\/\/api.w.org\/{rel}","templated":true}]}}