{"id":94598,"date":"2016-02-15T17:59:49","date_gmt":"2016-02-15T16:59:49","guid":{"rendered":"http:\/\/www.visit-ulcinj.com\/blog\/?p=94598"},"modified":"2016-02-15T17:59:49","modified_gmt":"2016-02-15T16:59:49","slug":"interviste-anton-kastratin-ne-emisionin-portreti","status":"publish","type":"post","link":"https:\/\/www.visit-ulcinj.com\/blog\/2016\/02\/15\/interviste-anton-kastratin-ne-emisionin-portreti\/","title":{"rendered":"Intervist\u00eb me Anton Kastratin n\u00eb emisionin Portreti"},"content":{"rendered":"<p><strong><a href=\"http:\/\/www.visit-ulcinj.com\/blog\/wp-content\/uploads\/2016\/02\/Intervist\u00eb-me-Anton-Kastratin-TV-TEUTA-ULQIN.jpg\"><img loading=\"lazy\" class=\"alignleft wp-image-94599\" src=\"http:\/\/www.visit-ulcinj.com\/blog\/wp-content\/uploads\/2016\/02\/Intervist\u00eb-me-Anton-Kastratin-TV-TEUTA-ULQIN.jpg\" alt=\"Intervist\u00eb me Anton Kastratin -TV-TEUTA-ULQIN\" width=\"508\" height=\"243\" srcset=\"https:\/\/www.visit-ulcinj.com\/blog\/wp-content\/uploads\/2016\/02\/Intervist\u00eb-me-Anton-Kastratin-TV-TEUTA-ULQIN.jpg 702w, https:\/\/www.visit-ulcinj.com\/blog\/wp-content\/uploads\/2016\/02\/Intervist\u00eb-me-Anton-Kastratin-TV-TEUTA-ULQIN-300x144.jpg 300w\" sizes=\"(max-width: 508px) 100vw, 508px\" \/><\/a>Emisioni \u201cPortreti\u201d me Hatixhe Nelaj k\u00ebsaj rradhe sjell protagonist mr. Anton Kastratin.<\/strong><\/p>\n<p><strong>Rr\u00ebfim ekskluziv q\u00eb ngjall kureshtjen tuaj. Flet Mr. Anton Kastrati \u2013 ish drejtori i Kripores s\u00eb Ulqinit.<\/strong><\/p>\n<p>Peripecit\u00eb e jet\u00ebs, jeta dje dhe sot, n\u00eb sken\u00eb dhe pas skene.<\/p>\n<p>\u201cPortreti\u201d eshte emision i\u00a0 cili emitohet \u00e7do te hene ne oren 21.00 n\u00eb Televizionin Teuta.<\/p>\n<p>Gazetarja Hatixhe Nelaj na mundson t\u00eb ndjekim emisionin \u201cPortreti\u201d\u00a0 q\u00eb\u00a0 transmetohet n\u00eb TV Teuta.<\/p>\n<p><iframe loading=\"lazy\" frameborder=\"0\" width=\"508\" height=\"315\" src=\"\/\/www.dailymotion.com\/embed\/video\/x3r5p2j?autoPlay=1\" allowfullscreen><\/iframe><\/p>\n","protected":false},"excerpt":{"rendered":"<p>Emisioni \u201cPortreti\u201d me Hatixhe Nelaj k\u00ebsaj rradhe sjell protagonist mr. Anton Kastratin. Rr\u00ebfim ekskluziv q\u00eb ngjall kureshtjen tuaj. Flet Mr. Anton Kastrati \u2013 ish drejtori i Kripores s\u00eb Ulqinit. Peripecit\u00eb e jet\u00ebs, jeta dje dhe sot, n\u00eb sken\u00eb dhe pas skene. \u201cPortreti\u201d eshte emision i\u00a0 cili emitohet \u00e7do te hene ne oren 21.00 n\u00eb Televizionin [&hellip;]<\/p>\n","protected":false},"author":1,"featured_media":0,"comment_status":"closed","ping_status":"closed","sticky":false,"template":"","format":"standard","meta":{"spay_email":"","jetpack_publicize_message":"","jetpack_is_tweetstorm":false,"jetpack_publicize_feature_enabled":true},"categories":[5],"tags":[],"jetpack_publicize_connections":[],"yoast_head":"<!-- This site is optimized with the Yoast SEO plugin v19.1 - https:\/\/yoast.com\/wordpress\/plugins\/seo\/ -->\n<title>Intervist\u00eb me Anton Kastratin n\u00eb emisionin Portreti - Lajme nga Ulqini<\/title>\n<meta name=\"description\" content=\"Emisioni \u201cPortreti\u201d me Hatixhe Nelaj k\u00ebsaj rradhe sjell protagonist mr. Anton Kastratin. Rr\u00ebfim ekskluziv q\u00eb ngjall kureshtjen tuaj. Flet Mr. Anton\" \/>\n<meta name=\"robots\" content=\"index, follow, max-snippet:-1, max-image-preview:large, max-video-preview:-1\" \/>\n<link rel=\"canonical\" href=\"https:\/\/www.visit-ulcinj.com\/blog\/2016\/02\/15\/interviste-anton-kastratin-ne-emisionin-portreti\/\" \/>\n<meta property=\"og:locale\" content=\"en_US\" \/>\n<meta property=\"og:type\" content=\"article\" \/>\n<meta property=\"og:title\" content=\"Intervist\u00eb me Anton Kastratin n\u00eb emisionin Portreti - Lajme nga Ulqini\" \/>\n<meta property=\"og:description\" content=\"Emisioni \u201cPortreti\u201d me Hatixhe Nelaj k\u00ebsaj rradhe sjell protagonist mr. Anton Kastratin. Rr\u00ebfim ekskluziv q\u00eb ngjall kureshtjen tuaj. Flet Mr. Anton\" \/>\n<meta property=\"og:url\" content=\"https:\/\/www.visit-ulcinj.com\/blog\/2016\/02\/15\/interviste-anton-kastratin-ne-emisionin-portreti\/\" \/>\n<meta property=\"og:site_name\" content=\"Lajme nga Ulqini\" \/>\n<meta property=\"article:published_time\" content=\"2016-02-15T16:59:49+00:00\" \/>\n<meta name=\"twitter:label1\" content=\"Written by\" \/>\n\t<meta name=\"twitter:data1\" content=\"ulqini\" \/>\n<script type=\"application\/ld+json\" class=\"yoast-schema-graph\">{\"@context\":\"https:\/\/schema.org\",\"@graph\":[{\"@type\":\"WebSite\",\"@id\":\"https:\/\/www.visit-ulcinj.com\/blog\/#website\",\"url\":\"https:\/\/www.visit-ulcinj.com\/blog\/\",\"name\":\"Lajme nga Ulqini\",\"description\":\"Lajme,Vijesti,Ulqini,Ulqin,Crna Gora,Mali i Zi\",\"potentialAction\":[{\"@type\":\"SearchAction\",\"target\":{\"@type\":\"EntryPoint\",\"urlTemplate\":\"https:\/\/www.visit-ulcinj.com\/blog\/?s={search_term_string}\"},\"query-input\":\"required name=search_term_string\"}],\"inLanguage\":\"en-US\"},{\"@type\":\"WebPage\",\"@id\":\"https:\/\/www.visit-ulcinj.com\/blog\/2016\/02\/15\/interviste-anton-kastratin-ne-emisionin-portreti\/#webpage\",\"url\":\"https:\/\/www.visit-ulcinj.com\/blog\/2016\/02\/15\/interviste-anton-kastratin-ne-emisionin-portreti\/\",\"name\":\"Intervist\u00eb me Anton Kastratin n\u00eb emisionin Portreti - Lajme nga Ulqini\",\"isPartOf\":{\"@id\":\"https:\/\/www.visit-ulcinj.com\/blog\/#website\"},\"datePublished\":\"2016-02-15T16:59:49+00:00\",\"dateModified\":\"2016-02-15T16:59:49+00:00\",\"author\":{\"@id\":\"https:\/\/www.visit-ulcinj.com\/blog\/#\/schema\/person\/dcab619c614d3038751c63bc2aadc06d\"},\"description\":\"Emisioni \u201cPortreti\u201d me Hatixhe Nelaj k\u00ebsaj rradhe sjell protagonist mr. Anton Kastratin. Rr\u00ebfim ekskluziv q\u00eb ngjall kureshtjen tuaj. Flet Mr. Anton\",\"breadcrumb\":{\"@id\":\"https:\/\/www.visit-ulcinj.com\/blog\/2016\/02\/15\/interviste-anton-kastratin-ne-emisionin-portreti\/#breadcrumb\"},\"inLanguage\":\"en-US\",\"potentialAction\":[{\"@type\":\"ReadAction\",\"target\":[\"https:\/\/www.visit-ulcinj.com\/blog\/2016\/02\/15\/interviste-anton-kastratin-ne-emisionin-portreti\/\"]}]},{\"@type\":\"BreadcrumbList\",\"@id\":\"https:\/\/www.visit-ulcinj.com\/blog\/2016\/02\/15\/interviste-anton-kastratin-ne-emisionin-portreti\/#breadcrumb\",\"itemListElement\":[{\"@type\":\"ListItem\",\"position\":1,\"name\":\"Intervist\u00eb me Anton Kastratin n\u00eb emisionin Portreti\"}]},{\"@type\":\"Person\",\"@id\":\"https:\/\/www.visit-ulcinj.com\/blog\/#\/schema\/person\/dcab619c614d3038751c63bc2aadc06d\",\"name\":\"ulqini\",\"sameAs\":[\"http:\/\/www.visit-ulcinj.com\"],\"url\":\"https:\/\/www.visit-ulcinj.com\/blog\/author\/admin\/\"}]}<\/script>\n<!-- \/ Yoast SEO plugin. -->","yoast_head_json":{"title":"Intervist\u00eb me Anton Kastratin n\u00eb emisionin Portreti - Lajme nga Ulqini","description":"Emisioni \u201cPortreti\u201d me Hatixhe Nelaj k\u00ebsaj rradhe sjell protagonist mr. Anton Kastratin. Rr\u00ebfim ekskluziv q\u00eb ngjall kureshtjen tuaj. Flet Mr. Anton","robots":{"index":"index","follow":"follow","max-snippet":"max-snippet:-1","max-image-preview":"max-image-preview:large","max-video-preview":"max-video-preview:-1"},"canonical":"https:\/\/www.visit-ulcinj.com\/blog\/2016\/02\/15\/interviste-anton-kastratin-ne-emisionin-portreti\/","og_locale":"en_US","og_type":"article","og_title":"Intervist\u00eb me Anton Kastratin n\u00eb emisionin Portreti - Lajme nga Ulqini","og_description":"Emisioni \u201cPortreti\u201d me Hatixhe Nelaj k\u00ebsaj rradhe sjell protagonist mr. Anton Kastratin. Rr\u00ebfim ekskluziv q\u00eb ngjall kureshtjen tuaj. Flet Mr. Anton","og_url":"https:\/\/www.visit-ulcinj.com\/blog\/2016\/02\/15\/interviste-anton-kastratin-ne-emisionin-portreti\/","og_site_name":"Lajme nga Ulqini","article_published_time":"2016-02-15T16:59:49+00:00","twitter_misc":{"Written by":"ulqini"},"schema":{"@context":"https:\/\/schema.org","@graph":[{"@type":"WebSite","@id":"https:\/\/www.visit-ulcinj.com\/blog\/#website","url":"https:\/\/www.visit-ulcinj.com\/blog\/","name":"Lajme nga Ulqini","description":"Lajme,Vijesti,Ulqini,Ulqin,Crna Gora,Mali i Zi","potentialAction":[{"@type":"SearchAction","target":{"@type":"EntryPoint","urlTemplate":"https:\/\/www.visit-ulcinj.com\/blog\/?s={search_term_string}"},"query-input":"required name=search_term_string"}],"inLanguage":"en-US"},{"@type":"WebPage","@id":"https:\/\/www.visit-ulcinj.com\/blog\/2016\/02\/15\/interviste-anton-kastratin-ne-emisionin-portreti\/#webpage","url":"https:\/\/www.visit-ulcinj.com\/blog\/2016\/02\/15\/interviste-anton-kastratin-ne-emisionin-portreti\/","name":"Intervist\u00eb me Anton Kastratin n\u00eb emisionin Portreti - Lajme nga Ulqini","isPartOf":{"@id":"https:\/\/www.visit-ulcinj.com\/blog\/#website"},"datePublished":"2016-02-15T16:59:49+00:00","dateModified":"2016-02-15T16:59:49+00:00","author":{"@id":"https:\/\/www.visit-ulcinj.com\/blog\/#\/schema\/person\/dcab619c614d3038751c63bc2aadc06d"},"description":"Emisioni \u201cPortreti\u201d me Hatixhe Nelaj k\u00ebsaj rradhe sjell protagonist mr. Anton Kastratin. Rr\u00ebfim ekskluziv q\u00eb ngjall kureshtjen tuaj. Flet Mr. Anton","breadcrumb":{"@id":"https:\/\/www.visit-ulcinj.com\/blog\/2016\/02\/15\/interviste-anton-kastratin-ne-emisionin-portreti\/#breadcrumb"},"inLanguage":"en-US","potentialAction":[{"@type":"ReadAction","target":["https:\/\/www.visit-ulcinj.com\/blog\/2016\/02\/15\/interviste-anton-kastratin-ne-emisionin-portreti\/"]}]},{"@type":"BreadcrumbList","@id":"https:\/\/www.visit-ulcinj.com\/blog\/2016\/02\/15\/interviste-anton-kastratin-ne-emisionin-portreti\/#breadcrumb","itemListElement":[{"@type":"ListItem","position":1,"name":"Intervist\u00eb me Anton Kastratin n\u00eb emisionin Portreti"}]},{"@type":"Person","@id":"https:\/\/www.visit-ulcinj.com\/blog\/#\/schema\/person\/dcab619c614d3038751c63bc2aadc06d","name":"ulqini","sameAs":["http:\/\/www.visit-ulcinj.com"],"url":"https:\/\/www.visit-ulcinj.com\/blog\/author\/admin\/"}]}},"jetpack_featured_media_url":"","jetpack_sharing_enabled":true,"jetpack_shortlink":"https:\/\/wp.me\/pe6lTn-oBM","_links":{"self":[{"href":"https:\/\/www.visit-ulcinj.com\/blog\/wp-json\/wp\/v2\/posts\/94598"}],"collection":[{"href":"https:\/\/www.visit-ulcinj.com\/blog\/wp-json\/wp\/v2\/posts"}],"about":[{"href":"https:\/\/www.visit-ulcinj.com\/blog\/wp-json\/wp\/v2\/types\/post"}],"author":[{"embeddable":true,"href":"https:\/\/www.visit-ulcinj.com\/blog\/wp-json\/wp\/v2\/users\/1"}],"replies":[{"embeddable":true,"href":"https:\/\/www.visit-ulcinj.com\/blog\/wp-json\/wp\/v2\/comments?post=94598"}],"version-history":[{"count":1,"href":"https:\/\/www.visit-ulcinj.com\/blog\/wp-json\/wp\/v2\/posts\/94598\/revisions"}],"predecessor-version":[{"id":94600,"href":"https:\/\/www.visit-ulcinj.com\/blog\/wp-json\/wp\/v2\/posts\/94598\/revisions\/94600"}],"wp:attachment":[{"href":"https:\/\/www.visit-ulcinj.com\/blog\/wp-json\/wp\/v2\/media?parent=94598"}],"wp:term":[{"taxonomy":"category","embeddable":true,"href":"https:\/\/www.visit-ulcinj.com\/blog\/wp-json\/wp\/v2\/categories?post=94598"},{"taxonomy":"post_tag","embeddable":true,"href":"https:\/\/www.visit-ulcinj.com\/blog\/wp-json\/wp\/v2\/tags?post=94598"}],"curies":[{"name":"wp","href":"https:\/\/api.w.org\/{rel}","templated":true}]}}