{"id":946,"date":"2008-03-18T12:48:04","date_gmt":"2008-03-18T17:48:04","guid":{"rendered":"http:\/\/www.visit-ulcinj.com\/blog\/2008\/03\/18\/debat-publik-ne-tuz\/"},"modified":"2008-03-18T12:48:04","modified_gmt":"2008-03-18T17:48:04","slug":"debat-publik-ne-tuz","status":"publish","type":"post","link":"https:\/\/www.visit-ulcinj.com\/blog\/2008\/03\/18\/debat-publik-ne-tuz\/","title":{"rendered":"Debat Publik n\u00eb Tuz"},"content":{"rendered":"<p><a href=\"http:\/\/www.visit-ulcinj.com\/blog\/wp-content\/uploads\/2008\/03\/nikollcamaj1.jpg\" title=\"NIKOLL CAMAJ1\"><img loading=\"lazy\" src=\"http:\/\/www.visit-ulcinj.com\/blog\/wp-content\/uploads\/2008\/03\/nikollcamaj1.thumbnail.jpg\" alt=\"NIKOLL CAMAJ1\" align=\"left\" height=\"150\" width=\"200\" \/><\/a><strong>N\u00eb Mal\u00ebsi do t\u00eb investohen 13,6 milion euro<\/strong><br \/>\nTuz- Deri n\u00eb fund t\u00eb vitit 2008 n\u00eb Mal\u00ebsi do t\u00eb investohen 13.650.000 euro, nd\u00ebrsa deri n\u00eb vitin 2012 do t\u00eb investohen 20.800.000 euro. K\u00ebshtu ka deklaruar Kryebashkiaku i Podgoric\u00ebs, Miomir Mugosha, n\u00eb debatin publik para qytetar\u00ebve t\u00eb Mal\u00ebsis\u00eb, q\u00eb u mbajt jav\u00ebn e kaluar n\u00eb QKI &#8220;Mal\u00ebsia&#8221;. Duke arsyetuar programin afatgjat\u00eb mbi rregullimin e hap\u00ebsir\u00ebs nd\u00ebrtimore Mugosha tregoi se padyshim n\u00eb trev\u00ebn e KU t\u00eb Tuzit do t\u00eb nd\u00ebrtohen disa burime uji, ura, terrene sportive, p\u00ebrforcimi i rrjetit elektrik, do t\u00eb punohet edhe nj\u00eb num\u00ebr i madh i projekteve p\u00ebr rrugat n\u00eb pjes\u00ebn rurale t\u00eb Mal\u00ebsis\u00eb etj.<br \/>\nVet\u00ebm n\u00eb rikonstruimin e rrug\u00ebve ekzistuese Kryebashkiaku paralajmroi se do t\u00eb investohen 100.000 euro.<br \/>\nDebati publik n\u00eb Tuz filloi me polemika midis kryebashkiakut dhe krer\u00ebve t\u00eb KU t\u00eb Tuzit rreth problemit t\u00eb komunikimit zyrtar dhe shkresave, t\u00eb cilat jan\u00eb d\u00ebrguar n\u00eb adres\u00ebn e KU, por sipas udh\u00ebheq\u00ebsis\u00eb nga Tuzi, ato nuk kan\u00eb arritur deri te zyrtar\u00ebt e lart\u00eb t\u00eb k\u00ebsaj komune.<br \/>\nPasi Mugosha lexoi disa shkresa, q\u00eb kishin t\u00eb b\u00ebnin me situat\u00ebn e krijuar n\u00eb Komun\u00eb, pas dor\u00ebheqjes s\u00eb k\u00ebshilltarit t\u00eb PSP-s\u00eb, p\u00ebr \u00e7ka Kuvendi ka k\u00ebrkuar instruksione nga administratori, kryetari i Kuvendit t\u00eb KU t\u00eb Tuzit, Nikoll\u00eb Camaj iu drejtua Kryebashkiakut duke i th\u00ebn\u00eb se shkresa, t\u00eb cil\u00ebn e lexuat dhe konstatoni se e keni d\u00ebrguar m\u00eb 22 shkurt t\u00eb muajit t\u00eb kaluar, te un\u00eb nuk ka mb\u00ebrrijtur.<br \/>\nPjes\u00ebmarr\u00ebsit n\u00eb diskutim m\u00eb s\u00eb tep\u00ebrmi pat\u00ebn v\u00ebrejtje p\u00ebr infrastruktur\u00ebn e dob\u00ebt rrugore, p\u00ebr nevojat e furnizimit me uj\u00eb t\u00eb pijsh\u00ebm, p\u00ebr p\u00ebrforcimin e rrjetit elektrik etj.<br \/>\n(Kohapress)<\/p>\n","protected":false},"excerpt":{"rendered":"<p><img loading=\"lazy\" src=\"http:\/\/www.visit-ulcinj.com\/blog\/wp-content\/uploads\/2008\/03\/nikollcamaj1.thumbnail.jpg\" alt=\"NIKOLL CAMAJ1\" align=\"left\" height=\"140\" width=\"140\" \/><\/p>\n","protected":false},"author":1,"featured_media":0,"comment_status":"open","ping_status":"closed","sticky":false,"template":"","format":"standard","meta":{"spay_email":"","jetpack_publicize_message":"","jetpack_is_tweetstorm":false,"jetpack_publicize_feature_enabled":true},"categories":[6],"tags":[],"jetpack_publicize_connections":[],"yoast_head":"<!-- This site is optimized with the Yoast SEO plugin v19.1 - https:\/\/yoast.com\/wordpress\/plugins\/seo\/ -->\n<title>Debat Publik n\u00eb Tuz - Lajme nga Ulqini<\/title>\n<meta name=\"robots\" content=\"index, follow, max-snippet:-1, max-image-preview:large, max-video-preview:-1\" \/>\n<link rel=\"canonical\" href=\"https:\/\/www.visit-ulcinj.com\/blog\/2008\/03\/18\/debat-publik-ne-tuz\/\" \/>\n<meta property=\"og:locale\" content=\"en_US\" \/>\n<meta property=\"og:type\" content=\"article\" \/>\n<meta property=\"og:title\" content=\"Debat Publik n\u00eb Tuz - Lajme nga Ulqini\" \/>\n<meta property=\"og:url\" content=\"https:\/\/www.visit-ulcinj.com\/blog\/2008\/03\/18\/debat-publik-ne-tuz\/\" \/>\n<meta property=\"og:site_name\" content=\"Lajme nga Ulqini\" \/>\n<meta property=\"article:published_time\" content=\"2008-03-18T17:48:04+00:00\" \/>\n<meta property=\"og:image\" content=\"http:\/\/www.visit-ulcinj.com\/blog\/wp-content\/uploads\/2008\/03\/nikollcamaj1.thumbnail.jpg\" \/>\n<meta name=\"twitter:label1\" content=\"Written by\" \/>\n\t<meta name=\"twitter:data1\" content=\"ulqini\" \/>\n\t<meta name=\"twitter:label2\" content=\"Est. reading time\" \/>\n\t<meta name=\"twitter:data2\" content=\"2 minutes\" \/>\n<script type=\"application\/ld+json\" class=\"yoast-schema-graph\">{\"@context\":\"https:\/\/schema.org\",\"@graph\":[{\"@type\":\"WebSite\",\"@id\":\"https:\/\/www.visit-ulcinj.com\/blog\/#website\",\"url\":\"https:\/\/www.visit-ulcinj.com\/blog\/\",\"name\":\"Lajme nga Ulqini\",\"description\":\"Lajme,Vijesti,Ulqini,Ulqin,Crna Gora,Mali i Zi\",\"potentialAction\":[{\"@type\":\"SearchAction\",\"target\":{\"@type\":\"EntryPoint\",\"urlTemplate\":\"https:\/\/www.visit-ulcinj.com\/blog\/?s={search_term_string}\"},\"query-input\":\"required name=search_term_string\"}],\"inLanguage\":\"en-US\"},{\"@type\":\"ImageObject\",\"inLanguage\":\"en-US\",\"@id\":\"https:\/\/www.visit-ulcinj.com\/blog\/2008\/03\/18\/debat-publik-ne-tuz\/#primaryimage\",\"url\":\"http:\/\/www.visit-ulcinj.com\/blog\/wp-content\/uploads\/2008\/03\/nikollcamaj1.thumbnail.jpg\",\"contentUrl\":\"http:\/\/www.visit-ulcinj.com\/blog\/wp-content\/uploads\/2008\/03\/nikollcamaj1.thumbnail.jpg\"},{\"@type\":\"WebPage\",\"@id\":\"https:\/\/www.visit-ulcinj.com\/blog\/2008\/03\/18\/debat-publik-ne-tuz\/#webpage\",\"url\":\"https:\/\/www.visit-ulcinj.com\/blog\/2008\/03\/18\/debat-publik-ne-tuz\/\",\"name\":\"Debat Publik n\u00eb Tuz - Lajme nga Ulqini\",\"isPartOf\":{\"@id\":\"https:\/\/www.visit-ulcinj.com\/blog\/#website\"},\"primaryImageOfPage\":{\"@id\":\"https:\/\/www.visit-ulcinj.com\/blog\/2008\/03\/18\/debat-publik-ne-tuz\/#primaryimage\"},\"datePublished\":\"2008-03-18T17:48:04+00:00\",\"dateModified\":\"2008-03-18T17:48:04+00:00\",\"author\":{\"@id\":\"https:\/\/www.visit-ulcinj.com\/blog\/#\/schema\/person\/dcab619c614d3038751c63bc2aadc06d\"},\"breadcrumb\":{\"@id\":\"https:\/\/www.visit-ulcinj.com\/blog\/2008\/03\/18\/debat-publik-ne-tuz\/#breadcrumb\"},\"inLanguage\":\"en-US\",\"potentialAction\":[{\"@type\":\"ReadAction\",\"target\":[\"https:\/\/www.visit-ulcinj.com\/blog\/2008\/03\/18\/debat-publik-ne-tuz\/\"]}]},{\"@type\":\"BreadcrumbList\",\"@id\":\"https:\/\/www.visit-ulcinj.com\/blog\/2008\/03\/18\/debat-publik-ne-tuz\/#breadcrumb\",\"itemListElement\":[{\"@type\":\"ListItem\",\"position\":1,\"name\":\"Debat Publik n\u00eb Tuz\"}]},{\"@type\":\"Person\",\"@id\":\"https:\/\/www.visit-ulcinj.com\/blog\/#\/schema\/person\/dcab619c614d3038751c63bc2aadc06d\",\"name\":\"ulqini\",\"sameAs\":[\"http:\/\/www.visit-ulcinj.com\"],\"url\":\"https:\/\/www.visit-ulcinj.com\/blog\/author\/admin\/\"}]}<\/script>\n<!-- \/ Yoast SEO plugin. -->","yoast_head_json":{"title":"Debat Publik n\u00eb Tuz - Lajme nga Ulqini","robots":{"index":"index","follow":"follow","max-snippet":"max-snippet:-1","max-image-preview":"max-image-preview:large","max-video-preview":"max-video-preview:-1"},"canonical":"https:\/\/www.visit-ulcinj.com\/blog\/2008\/03\/18\/debat-publik-ne-tuz\/","og_locale":"en_US","og_type":"article","og_title":"Debat Publik n\u00eb Tuz - Lajme nga Ulqini","og_url":"https:\/\/www.visit-ulcinj.com\/blog\/2008\/03\/18\/debat-publik-ne-tuz\/","og_site_name":"Lajme nga Ulqini","article_published_time":"2008-03-18T17:48:04+00:00","og_image":[{"url":"http:\/\/www.visit-ulcinj.com\/blog\/wp-content\/uploads\/2008\/03\/nikollcamaj1.thumbnail.jpg"}],"twitter_misc":{"Written by":"ulqini","Est. reading time":"2 minutes"},"schema":{"@context":"https:\/\/schema.org","@graph":[{"@type":"WebSite","@id":"https:\/\/www.visit-ulcinj.com\/blog\/#website","url":"https:\/\/www.visit-ulcinj.com\/blog\/","name":"Lajme nga Ulqini","description":"Lajme,Vijesti,Ulqini,Ulqin,Crna Gora,Mali i Zi","potentialAction":[{"@type":"SearchAction","target":{"@type":"EntryPoint","urlTemplate":"https:\/\/www.visit-ulcinj.com\/blog\/?s={search_term_string}"},"query-input":"required name=search_term_string"}],"inLanguage":"en-US"},{"@type":"ImageObject","inLanguage":"en-US","@id":"https:\/\/www.visit-ulcinj.com\/blog\/2008\/03\/18\/debat-publik-ne-tuz\/#primaryimage","url":"http:\/\/www.visit-ulcinj.com\/blog\/wp-content\/uploads\/2008\/03\/nikollcamaj1.thumbnail.jpg","contentUrl":"http:\/\/www.visit-ulcinj.com\/blog\/wp-content\/uploads\/2008\/03\/nikollcamaj1.thumbnail.jpg"},{"@type":"WebPage","@id":"https:\/\/www.visit-ulcinj.com\/blog\/2008\/03\/18\/debat-publik-ne-tuz\/#webpage","url":"https:\/\/www.visit-ulcinj.com\/blog\/2008\/03\/18\/debat-publik-ne-tuz\/","name":"Debat Publik n\u00eb Tuz - Lajme nga Ulqini","isPartOf":{"@id":"https:\/\/www.visit-ulcinj.com\/blog\/#website"},"primaryImageOfPage":{"@id":"https:\/\/www.visit-ulcinj.com\/blog\/2008\/03\/18\/debat-publik-ne-tuz\/#primaryimage"},"datePublished":"2008-03-18T17:48:04+00:00","dateModified":"2008-03-18T17:48:04+00:00","author":{"@id":"https:\/\/www.visit-ulcinj.com\/blog\/#\/schema\/person\/dcab619c614d3038751c63bc2aadc06d"},"breadcrumb":{"@id":"https:\/\/www.visit-ulcinj.com\/blog\/2008\/03\/18\/debat-publik-ne-tuz\/#breadcrumb"},"inLanguage":"en-US","potentialAction":[{"@type":"ReadAction","target":["https:\/\/www.visit-ulcinj.com\/blog\/2008\/03\/18\/debat-publik-ne-tuz\/"]}]},{"@type":"BreadcrumbList","@id":"https:\/\/www.visit-ulcinj.com\/blog\/2008\/03\/18\/debat-publik-ne-tuz\/#breadcrumb","itemListElement":[{"@type":"ListItem","position":1,"name":"Debat Publik n\u00eb Tuz"}]},{"@type":"Person","@id":"https:\/\/www.visit-ulcinj.com\/blog\/#\/schema\/person\/dcab619c614d3038751c63bc2aadc06d","name":"ulqini","sameAs":["http:\/\/www.visit-ulcinj.com"],"url":"https:\/\/www.visit-ulcinj.com\/blog\/author\/admin\/"}]}},"jetpack_featured_media_url":"","jetpack_sharing_enabled":true,"jetpack_shortlink":"https:\/\/wp.me\/pe6lTn-fg","_links":{"self":[{"href":"https:\/\/www.visit-ulcinj.com\/blog\/wp-json\/wp\/v2\/posts\/946"}],"collection":[{"href":"https:\/\/www.visit-ulcinj.com\/blog\/wp-json\/wp\/v2\/posts"}],"about":[{"href":"https:\/\/www.visit-ulcinj.com\/blog\/wp-json\/wp\/v2\/types\/post"}],"author":[{"embeddable":true,"href":"https:\/\/www.visit-ulcinj.com\/blog\/wp-json\/wp\/v2\/users\/1"}],"replies":[{"embeddable":true,"href":"https:\/\/www.visit-ulcinj.com\/blog\/wp-json\/wp\/v2\/comments?post=946"}],"version-history":[{"count":0,"href":"https:\/\/www.visit-ulcinj.com\/blog\/wp-json\/wp\/v2\/posts\/946\/revisions"}],"wp:attachment":[{"href":"https:\/\/www.visit-ulcinj.com\/blog\/wp-json\/wp\/v2\/media?parent=946"}],"wp:term":[{"taxonomy":"category","embeddable":true,"href":"https:\/\/www.visit-ulcinj.com\/blog\/wp-json\/wp\/v2\/categories?post=946"},{"taxonomy":"post_tag","embeddable":true,"href":"https:\/\/www.visit-ulcinj.com\/blog\/wp-json\/wp\/v2\/tags?post=946"}],"curies":[{"name":"wp","href":"https:\/\/api.w.org\/{rel}","templated":true}]}}