{"id":94601,"date":"2016-02-15T19:26:11","date_gmt":"2016-02-15T18:26:11","guid":{"rendered":"http:\/\/www.visit-ulcinj.com\/blog\/?p=94601"},"modified":"2016-02-15T19:26:11","modified_gmt":"2016-02-15T18:26:11","slug":"neser-mbahet-seanca-e-radhes-e-kuvendit-komunal-te-ulqinit","status":"publish","type":"post","link":"https:\/\/www.visit-ulcinj.com\/blog\/2016\/02\/15\/neser-mbahet-seanca-e-radhes-e-kuvendit-komunal-te-ulqinit\/","title":{"rendered":"Nes\u00ebr mbahet seanca e radh\u00ebs e Kuvendit Komunal t\u00eb Ulqinit"},"content":{"rendered":"<div id=\"stcpDiv\"><strong><a href=\"http:\/\/www.visit-ulcinj.com\/blog\/wp-content\/uploads\/2016\/02\/Nes\u00ebr-mbledhja-e-Kuvendit-komunal.jpg\"><img loading=\"lazy\" class=\"alignleft wp-image-94602\" src=\"http:\/\/www.visit-ulcinj.com\/blog\/wp-content\/uploads\/2016\/02\/Nes\u00ebr-mbledhja-e-Kuvendit-komunal.jpg\" alt=\"Kuvendi-komunal-i-Ulqinit\" width=\"508\" height=\"262\" srcset=\"https:\/\/www.visit-ulcinj.com\/blog\/wp-content\/uploads\/2016\/02\/Nes\u00ebr-mbledhja-e-Kuvendit-komunal.jpg 640w, https:\/\/www.visit-ulcinj.com\/blog\/wp-content\/uploads\/2016\/02\/Nes\u00ebr-mbledhja-e-Kuvendit-komunal-300x155.jpg 300w\" sizes=\"(max-width: 508px) 100vw, 508px\" \/><\/a>Si\u00e7 njofton portali\u00a0 TV Teuta nes\u00ebr mbahet seanca e radh\u00ebs e KK t\u00eb Ulqinit, e konvokuar p\u00ebr t\u00eb mart\u00ebn, do t\u00eb pasqyroj\u00eb m\u00eb s\u00eb miri gjendjen aktuale t\u00eb jet\u00ebs institucionale e politike t\u00eb k\u00ebsaj komune.<\/strong><\/div>\n<div><\/div>\n<div>\n<p>Media n\u00eb fjal\u00eb \u00ebsht\u00eb njoftuar nga kryetari i Kuvendit Komunal Fuad Haxhibeti, p\u00ebr nes\u00ebr n\u00eb ora 11.00\u00a0 \u00ebsht\u00eb planifikuar mbajtja e bledhjes s\u00eb dyt\u00eb t\u00eb jasht\u00ebzakonshme t\u00eb Kuvendit t\u00eb Komun\u00ebs s\u00eb Ulqinit.<\/p>\n<p>N\u00eb rend t\u00eb dit\u00ebs para k\u00ebshilltar\u00ebve do t\u00eb ndodhen nj\u00eb s\u00ebr\u00eb pikash sic vijon:<\/p>\n<ol>\n<li>Pyetjet dhe p\u00ebrgjigjet e k\u00ebshilltar\u00ebve;<\/li>\n<li>Propozim Vendimi p\u00ebr caktimin e vler\u00ebs s\u00eb tregut t\u00eb patundshm\u00ebrive p\u00ebr vitin 2016,<\/li>\n<li>Propozim Vendimi p\u00ebr tatimin n\u00eb patundshm\u00ebri,<\/li>\n<li>Propozim Vendimi p\u00ebr ndryshimet dhe plot\u00ebsimet e PDU \u201cUlqini \u2013 qyteti\u201d p\u00ebr lokalitetin Limani 1 n\u00eb Ulqin,<\/li>\n<li>Propozim Vendimi p\u00ebr nxjerrjen e PDU p\u00ebr lokalitetin \u201cKodra 1\u201d n\u00eb Ulqin,<\/li>\n<li>Propozim Vendimi p\u00ebr ndryshimet dhe plot\u00ebsimet p\u00ebr parcelat e caktuara urbanistike e kadastrave n\u00eb PI PDU \u201cUlqini \u2013 qyteti\u201d p\u00ebr lokalitetin \u201cRana\u201d n\u00eb Ulqin,<\/li>\n<li>Propozim Vendimi p\u00ebr sjelljen e ndryshimeve dhe plot\u00ebsimeve p\u00ebr parcela t\u00eb caktuara urbanistike e kadastrave n\u00eb v\u00ebllimin e PI PDU \u201cUlqini \u2013 qyteti\u201d p\u00ebr lokalitetin \u201cPinjeshi 1\u201d n\u00eb Ulqin,<\/li>\n<li>Propozim Vendimi p\u00ebr sjelljen e ndryshimeve dhe plot\u00ebsimeve p\u00ebr parcela t\u00eb caktuara urbanistike e kadastrave n\u00eb v\u00ebllimin e PI PDU \u201cUlqini \u2013 qyteti\u201d p\u00ebr lokalitetin \u201cPinjeshi 2\u201d n\u00eb Ulqin,<\/li>\n<li>Propozim Vendimi p\u00ebr ndryshimet dhe plot\u00ebsimet p\u00ebr parcelat e caktuara urbanistike e kadastrave n\u00eb PI PDU \u201cUlqini \u2013 qyteti\u201d p\u00ebr lokalitetin Meterizi 1 n\u00eb Ulqin,<\/li>\n<li>Propozim Vendimi p\u00ebr nxjerrjen e Ndryshimeve dhe plot\u00ebsimeve t\u00eb PDU \u201cFusha e Ulqinit\u201d n\u00eb kuad\u00ebr t\u00eb zon\u00ebs B, n\u00ebnzona 7 dhe 9 p\u00ebr parcelat urbanistike: nr. 50, 51, 59, 60, 61, 62, 63, 64, 65, 66, 67, 7, 8, 9, 10, 11, 12, 13 dhe 14 t\u00eb bulevardit prej tek udh\u00ebkryqi tek NP Uj\u00ebsjell\u00ebsi e kanalizimi deri te ura e re n\u00eb Port Milen\u00eb dhe n\u00eb kuad\u00ebr t\u00eb zon\u00ebs B, n\u00ebnzona 3 p\u00ebr parcelat urbanistike nr. 9, 10, 11 dhe 12 n\u00eb Ulqin<\/li>\n<li>Propozimi I Planit t\u00eb objekteve t\u00eb p\u00ebrkohshme p\u00ebr vitin 2016 dhe<\/li>\n<li>Propozim Vendimi p\u00ebr dh\u00ebnien e p\u00eblqimit p\u00ebr em\u00ebrimin e kryeadministratorit t\u00eb Komun\u00ebs s\u00eb Ulqinit.<\/li>\n<\/ol>\n<p><strong>Mbledhja do t\u00eb mbahet, m\u00eb 16 (e mart\u00eb), 02. 2016, me fillim n\u00eb or\u00ebn 11,00 n\u00eb sall\u00ebn e\u00a0<\/strong><strong>madhe t\u00eb Kuvendit t\u00eb Komun\u00ebs, kurse transmetimin mund ta p\u00ebrcjellni drejtp\u00ebrdrejt\u00eb n\u00eb TV Teuta.<\/strong><\/p>\n<\/div>\n","protected":false},"excerpt":{"rendered":"<p>Si\u00e7 njofton portali\u00a0 TV Teuta nes\u00ebr mbahet seanca e radh\u00ebs e KK t\u00eb Ulqinit, e konvokuar p\u00ebr t\u00eb mart\u00ebn, do t\u00eb pasqyroj\u00eb m\u00eb s\u00eb miri gjendjen aktuale t\u00eb jet\u00ebs institucionale e politike t\u00eb k\u00ebsaj komune. Media n\u00eb fjal\u00eb \u00ebsht\u00eb njoftuar nga kryetari i Kuvendit Komunal Fuad Haxhibeti, p\u00ebr nes\u00ebr n\u00eb ora 11.00\u00a0 \u00ebsht\u00eb planifikuar mbajtja [&hellip;]<\/p>\n","protected":false},"author":1,"featured_media":0,"comment_status":"closed","ping_status":"closed","sticky":false,"template":"","format":"standard","meta":{"spay_email":"","jetpack_publicize_message":"","jetpack_is_tweetstorm":false,"jetpack_publicize_feature_enabled":true},"categories":[6950],"tags":[],"jetpack_publicize_connections":[],"yoast_head":"<!-- This site is optimized with the Yoast SEO plugin v19.1 - https:\/\/yoast.com\/wordpress\/plugins\/seo\/ -->\n<title>Nes\u00ebr mbahet seanca e radh\u00ebs e Kuvendit Komunal t\u00eb Ulqinit - Lajme nga Ulqini<\/title>\n<meta name=\"description\" content=\"Si\u00e7 njofton portali\u00a0 TV Teuta nes\u00ebr mbahet seanca e radh\u00ebs e KK t\u00eb Ulqinit, e konvokuar p\u00ebr t\u00eb mart\u00ebn, do t\u00eb pasqyroj\u00eb m\u00eb s\u00eb miri gjendjen aktuale t\u00eb\" \/>\n<meta name=\"robots\" content=\"index, follow, max-snippet:-1, max-image-preview:large, max-video-preview:-1\" \/>\n<link rel=\"canonical\" href=\"https:\/\/www.visit-ulcinj.com\/blog\/2016\/02\/15\/neser-mbahet-seanca-e-radhes-e-kuvendit-komunal-te-ulqinit\/\" \/>\n<meta property=\"og:locale\" content=\"en_US\" \/>\n<meta property=\"og:type\" content=\"article\" \/>\n<meta property=\"og:title\" content=\"Nes\u00ebr mbahet seanca e radh\u00ebs e Kuvendit Komunal t\u00eb Ulqinit - Lajme nga Ulqini\" \/>\n<meta property=\"og:description\" content=\"Si\u00e7 njofton portali\u00a0 TV Teuta nes\u00ebr mbahet seanca e radh\u00ebs e KK t\u00eb Ulqinit, e konvokuar p\u00ebr t\u00eb mart\u00ebn, do t\u00eb pasqyroj\u00eb m\u00eb s\u00eb miri gjendjen aktuale t\u00eb\" \/>\n<meta property=\"og:url\" content=\"https:\/\/www.visit-ulcinj.com\/blog\/2016\/02\/15\/neser-mbahet-seanca-e-radhes-e-kuvendit-komunal-te-ulqinit\/\" \/>\n<meta property=\"og:site_name\" content=\"Lajme nga Ulqini\" \/>\n<meta property=\"article:published_time\" content=\"2016-02-15T18:26:11+00:00\" \/>\n<meta name=\"twitter:label1\" content=\"Written by\" \/>\n\t<meta name=\"twitter:data1\" content=\"ulqini\" \/>\n\t<meta name=\"twitter:label2\" content=\"Est. reading time\" \/>\n\t<meta name=\"twitter:data2\" content=\"2 minutes\" \/>\n<script type=\"application\/ld+json\" class=\"yoast-schema-graph\">{\"@context\":\"https:\/\/schema.org\",\"@graph\":[{\"@type\":\"WebSite\",\"@id\":\"https:\/\/www.visit-ulcinj.com\/blog\/#website\",\"url\":\"https:\/\/www.visit-ulcinj.com\/blog\/\",\"name\":\"Lajme nga Ulqini\",\"description\":\"Lajme,Vijesti,Ulqini,Ulqin,Crna Gora,Mali i Zi\",\"potentialAction\":[{\"@type\":\"SearchAction\",\"target\":{\"@type\":\"EntryPoint\",\"urlTemplate\":\"https:\/\/www.visit-ulcinj.com\/blog\/?s={search_term_string}\"},\"query-input\":\"required name=search_term_string\"}],\"inLanguage\":\"en-US\"},{\"@type\":\"WebPage\",\"@id\":\"https:\/\/www.visit-ulcinj.com\/blog\/2016\/02\/15\/neser-mbahet-seanca-e-radhes-e-kuvendit-komunal-te-ulqinit\/#webpage\",\"url\":\"https:\/\/www.visit-ulcinj.com\/blog\/2016\/02\/15\/neser-mbahet-seanca-e-radhes-e-kuvendit-komunal-te-ulqinit\/\",\"name\":\"Nes\u00ebr mbahet seanca e radh\u00ebs e Kuvendit Komunal t\u00eb Ulqinit - Lajme nga Ulqini\",\"isPartOf\":{\"@id\":\"https:\/\/www.visit-ulcinj.com\/blog\/#website\"},\"datePublished\":\"2016-02-15T18:26:11+00:00\",\"dateModified\":\"2016-02-15T18:26:11+00:00\",\"author\":{\"@id\":\"https:\/\/www.visit-ulcinj.com\/blog\/#\/schema\/person\/dcab619c614d3038751c63bc2aadc06d\"},\"description\":\"Si\u00e7 njofton portali\u00a0 TV Teuta nes\u00ebr mbahet seanca e radh\u00ebs e KK t\u00eb Ulqinit, e konvokuar p\u00ebr t\u00eb mart\u00ebn, do t\u00eb pasqyroj\u00eb m\u00eb s\u00eb miri gjendjen aktuale t\u00eb\",\"breadcrumb\":{\"@id\":\"https:\/\/www.visit-ulcinj.com\/blog\/2016\/02\/15\/neser-mbahet-seanca-e-radhes-e-kuvendit-komunal-te-ulqinit\/#breadcrumb\"},\"inLanguage\":\"en-US\",\"potentialAction\":[{\"@type\":\"ReadAction\",\"target\":[\"https:\/\/www.visit-ulcinj.com\/blog\/2016\/02\/15\/neser-mbahet-seanca-e-radhes-e-kuvendit-komunal-te-ulqinit\/\"]}]},{\"@type\":\"BreadcrumbList\",\"@id\":\"https:\/\/www.visit-ulcinj.com\/blog\/2016\/02\/15\/neser-mbahet-seanca-e-radhes-e-kuvendit-komunal-te-ulqinit\/#breadcrumb\",\"itemListElement\":[{\"@type\":\"ListItem\",\"position\":1,\"name\":\"Nes\u00ebr mbahet seanca e radh\u00ebs e Kuvendit Komunal t\u00eb Ulqinit\"}]},{\"@type\":\"Person\",\"@id\":\"https:\/\/www.visit-ulcinj.com\/blog\/#\/schema\/person\/dcab619c614d3038751c63bc2aadc06d\",\"name\":\"ulqini\",\"sameAs\":[\"http:\/\/www.visit-ulcinj.com\"],\"url\":\"https:\/\/www.visit-ulcinj.com\/blog\/author\/admin\/\"}]}<\/script>\n<!-- \/ Yoast SEO plugin. -->","yoast_head_json":{"title":"Nes\u00ebr mbahet seanca e radh\u00ebs e Kuvendit Komunal t\u00eb Ulqinit - Lajme nga Ulqini","description":"Si\u00e7 njofton portali\u00a0 TV Teuta nes\u00ebr mbahet seanca e radh\u00ebs e KK t\u00eb Ulqinit, e konvokuar p\u00ebr t\u00eb mart\u00ebn, do t\u00eb pasqyroj\u00eb m\u00eb s\u00eb miri gjendjen aktuale t\u00eb","robots":{"index":"index","follow":"follow","max-snippet":"max-snippet:-1","max-image-preview":"max-image-preview:large","max-video-preview":"max-video-preview:-1"},"canonical":"https:\/\/www.visit-ulcinj.com\/blog\/2016\/02\/15\/neser-mbahet-seanca-e-radhes-e-kuvendit-komunal-te-ulqinit\/","og_locale":"en_US","og_type":"article","og_title":"Nes\u00ebr mbahet seanca e radh\u00ebs e Kuvendit Komunal t\u00eb Ulqinit - Lajme nga Ulqini","og_description":"Si\u00e7 njofton portali\u00a0 TV Teuta nes\u00ebr mbahet seanca e radh\u00ebs e KK t\u00eb Ulqinit, e konvokuar p\u00ebr t\u00eb mart\u00ebn, do t\u00eb pasqyroj\u00eb m\u00eb s\u00eb miri gjendjen aktuale t\u00eb","og_url":"https:\/\/www.visit-ulcinj.com\/blog\/2016\/02\/15\/neser-mbahet-seanca-e-radhes-e-kuvendit-komunal-te-ulqinit\/","og_site_name":"Lajme nga Ulqini","article_published_time":"2016-02-15T18:26:11+00:00","twitter_misc":{"Written by":"ulqini","Est. reading time":"2 minutes"},"schema":{"@context":"https:\/\/schema.org","@graph":[{"@type":"WebSite","@id":"https:\/\/www.visit-ulcinj.com\/blog\/#website","url":"https:\/\/www.visit-ulcinj.com\/blog\/","name":"Lajme nga Ulqini","description":"Lajme,Vijesti,Ulqini,Ulqin,Crna Gora,Mali i Zi","potentialAction":[{"@type":"SearchAction","target":{"@type":"EntryPoint","urlTemplate":"https:\/\/www.visit-ulcinj.com\/blog\/?s={search_term_string}"},"query-input":"required name=search_term_string"}],"inLanguage":"en-US"},{"@type":"WebPage","@id":"https:\/\/www.visit-ulcinj.com\/blog\/2016\/02\/15\/neser-mbahet-seanca-e-radhes-e-kuvendit-komunal-te-ulqinit\/#webpage","url":"https:\/\/www.visit-ulcinj.com\/blog\/2016\/02\/15\/neser-mbahet-seanca-e-radhes-e-kuvendit-komunal-te-ulqinit\/","name":"Nes\u00ebr mbahet seanca e radh\u00ebs e Kuvendit Komunal t\u00eb Ulqinit - Lajme nga Ulqini","isPartOf":{"@id":"https:\/\/www.visit-ulcinj.com\/blog\/#website"},"datePublished":"2016-02-15T18:26:11+00:00","dateModified":"2016-02-15T18:26:11+00:00","author":{"@id":"https:\/\/www.visit-ulcinj.com\/blog\/#\/schema\/person\/dcab619c614d3038751c63bc2aadc06d"},"description":"Si\u00e7 njofton portali\u00a0 TV Teuta nes\u00ebr mbahet seanca e radh\u00ebs e KK t\u00eb Ulqinit, e konvokuar p\u00ebr t\u00eb mart\u00ebn, do t\u00eb pasqyroj\u00eb m\u00eb s\u00eb miri gjendjen aktuale t\u00eb","breadcrumb":{"@id":"https:\/\/www.visit-ulcinj.com\/blog\/2016\/02\/15\/neser-mbahet-seanca-e-radhes-e-kuvendit-komunal-te-ulqinit\/#breadcrumb"},"inLanguage":"en-US","potentialAction":[{"@type":"ReadAction","target":["https:\/\/www.visit-ulcinj.com\/blog\/2016\/02\/15\/neser-mbahet-seanca-e-radhes-e-kuvendit-komunal-te-ulqinit\/"]}]},{"@type":"BreadcrumbList","@id":"https:\/\/www.visit-ulcinj.com\/blog\/2016\/02\/15\/neser-mbahet-seanca-e-radhes-e-kuvendit-komunal-te-ulqinit\/#breadcrumb","itemListElement":[{"@type":"ListItem","position":1,"name":"Nes\u00ebr mbahet seanca e radh\u00ebs e Kuvendit Komunal t\u00eb Ulqinit"}]},{"@type":"Person","@id":"https:\/\/www.visit-ulcinj.com\/blog\/#\/schema\/person\/dcab619c614d3038751c63bc2aadc06d","name":"ulqini","sameAs":["http:\/\/www.visit-ulcinj.com"],"url":"https:\/\/www.visit-ulcinj.com\/blog\/author\/admin\/"}]}},"jetpack_featured_media_url":"","jetpack_sharing_enabled":true,"jetpack_shortlink":"https:\/\/wp.me\/pe6lTn-oBP","_links":{"self":[{"href":"https:\/\/www.visit-ulcinj.com\/blog\/wp-json\/wp\/v2\/posts\/94601"}],"collection":[{"href":"https:\/\/www.visit-ulcinj.com\/blog\/wp-json\/wp\/v2\/posts"}],"about":[{"href":"https:\/\/www.visit-ulcinj.com\/blog\/wp-json\/wp\/v2\/types\/post"}],"author":[{"embeddable":true,"href":"https:\/\/www.visit-ulcinj.com\/blog\/wp-json\/wp\/v2\/users\/1"}],"replies":[{"embeddable":true,"href":"https:\/\/www.visit-ulcinj.com\/blog\/wp-json\/wp\/v2\/comments?post=94601"}],"version-history":[{"count":1,"href":"https:\/\/www.visit-ulcinj.com\/blog\/wp-json\/wp\/v2\/posts\/94601\/revisions"}],"predecessor-version":[{"id":94603,"href":"https:\/\/www.visit-ulcinj.com\/blog\/wp-json\/wp\/v2\/posts\/94601\/revisions\/94603"}],"wp:attachment":[{"href":"https:\/\/www.visit-ulcinj.com\/blog\/wp-json\/wp\/v2\/media?parent=94601"}],"wp:term":[{"taxonomy":"category","embeddable":true,"href":"https:\/\/www.visit-ulcinj.com\/blog\/wp-json\/wp\/v2\/categories?post=94601"},{"taxonomy":"post_tag","embeddable":true,"href":"https:\/\/www.visit-ulcinj.com\/blog\/wp-json\/wp\/v2\/tags?post=94601"}],"curies":[{"name":"wp","href":"https:\/\/api.w.org\/{rel}","templated":true}]}}