{"id":94622,"date":"2016-02-16T17:48:26","date_gmt":"2016-02-16T16:48:26","guid":{"rendered":"http:\/\/www.visit-ulcinj.com\/blog\/?p=94622"},"modified":"2016-02-17T18:07:15","modified_gmt":"2016-02-17T17:07:15","slug":"lajm-me-gjeka-ben-perpjekjet-per-miratimin-e-planit-te-resulbegoviqit-para-mediteranit","status":"publish","type":"post","link":"https:\/\/www.visit-ulcinj.com\/blog\/2016\/02\/16\/lajm-me-gjeka-ben-perpjekjet-per-miratimin-e-planit-te-resulbegoviqit-para-mediteranit\/","title":{"rendered":"Lajm.me: Gjeka b\u00ebn p\u00ebrpjekjet p\u00ebr miratimin e planit t\u00eb Resulbegoviqit para Mediteranit"},"content":{"rendered":"<p class=\"entry-title\"><strong><a href=\"http:\/\/www.visit-ulcinj.com\/blog\/wp-content\/uploads\/2016\/02\/Plani-Plan-Hotel-Mediteran-Ulqin-Ulcinj.jpg\"><img loading=\"lazy\" class=\"alignleft wp-image-94623\" src=\"http:\/\/www.visit-ulcinj.com\/blog\/wp-content\/uploads\/2016\/02\/Plani-Plan-Hotel-Mediteran-Ulqin-Ulcinj.jpg\" alt=\"Plani-Plan-Hotel-Mediteran-Ulqin-Ulcinj\" width=\"508\" height=\"286\" srcset=\"https:\/\/www.visit-ulcinj.com\/blog\/wp-content\/uploads\/2016\/02\/Plani-Plan-Hotel-Mediteran-Ulqin-Ulcinj.jpg 1100w, https:\/\/www.visit-ulcinj.com\/blog\/wp-content\/uploads\/2016\/02\/Plani-Plan-Hotel-Mediteran-Ulqin-Ulcinj-300x169.jpg 300w, https:\/\/www.visit-ulcinj.com\/blog\/wp-content\/uploads\/2016\/02\/Plani-Plan-Hotel-Mediteran-Ulqin-Ulcinj-1024x576.jpg 1024w\" sizes=\"(max-width: 508px) 100vw, 508px\" \/><\/a>Vazhdojn\u00eb skandalet: Gjeka hedh p\u00ebr miratim planin e Resulbegoviqit para Mediteranit<\/strong><\/p>\n<p class=\"entry-title\">N\u00eb rend t\u00eb dit\u00ebs p\u00ebr mbledhjen e nes\u00ebrme t\u00eb Kuvendit Komunal, do t\u00eb gjendet edhe plani kontrovers p\u00ebr objektin e arkitektit Selim Resulbegoviq para hotelit Mediteran.<br \/>\nKy plan ishte edhe nj\u00eb nga arsyet e shkarkimit t\u00eb Resulbegoviqit nga kryetari i at\u00ebhersh\u00ebm Nazif Cungu.<br \/>\nN\u00eb debatin e ashp\u00ebr n\u00eb televizionin Teuta gjat\u00eb fushat\u00ebs zgjedhore n\u00eb vitin 2014, Resulbegoviq e mohoi k\u00ebt\u00eb plan, por sic duket Cungu kishte t\u00eb drejt\u00eb.<\/p>\n<p class=\"entry-title\"><a href=\"http:\/\/www.visit-ulcinj.com\/blog\/wp-content\/uploads\/2016\/02\/cungu-resulbegoviqit-.jpg\"><img loading=\"lazy\" class=\"alignleft wp-image-94624\" src=\"http:\/\/www.visit-ulcinj.com\/blog\/wp-content\/uploads\/2016\/02\/cungu-resulbegoviqit-.jpg\" alt=\"cungu-resulbegoviqit-\" width=\"508\" height=\"402\" srcset=\"https:\/\/www.visit-ulcinj.com\/blog\/wp-content\/uploads\/2016\/02\/cungu-resulbegoviqit-.jpg 936w, https:\/\/www.visit-ulcinj.com\/blog\/wp-content\/uploads\/2016\/02\/cungu-resulbegoviqit--300x238.jpg 300w\" sizes=\"(max-width: 508px) 100vw, 508px\" \/><\/a><\/p>\n<p>K\u00ebt\u00eb e v\u00ebrteton edhe vendosja e k\u00ebtij plani p\u00ebr miratim nga vet\u00eb kryetari Gjeka, kurse plani p\u00ebr Mediteran nuk miratohet tash 9 vjet ( prej 2007), edhe pse ka paguar 250.000 euro komunali.<br \/>\nPortali yn\u00eb m\u00ebson se hoteli Mediteran ka ngritur akt padi ndaj projektuesit n\u00eb lidhje me k\u00ebt\u00eb plan.<\/p>\n<p><strong>Ja pra edhe rendi dit\u00ebs i mbledhjes t\u00eb jasht\u00ebzakonshme q\u00eb nuk mundi t\u00eb mbahet sot.<\/strong><\/p>\n<p><a href=\"http:\/\/www.visit-ulcinj.com\/blog\/wp-content\/uploads\/2016\/02\/Rendi-dit\u00ebs-i-keshilltareve-te-kuvendit-te-Ulqinit-.jpg\"><img loading=\"lazy\" class=\"alignleft wp-image-94615\" src=\"http:\/\/www.visit-ulcinj.com\/blog\/wp-content\/uploads\/2016\/02\/Rendi-dit\u00ebs-i-keshilltareve-te-kuvendit-te-Ulqinit-.jpg\" alt=\"Rendi-dit\u00ebs-i-keshilltareve-te kuvendit-te-Ulqinit-\" width=\"508\" height=\"702\" srcset=\"https:\/\/www.visit-ulcinj.com\/blog\/wp-content\/uploads\/2016\/02\/Rendi-dit\u00ebs-i-keshilltareve-te-kuvendit-te-Ulqinit-.jpg 627w, https:\/\/www.visit-ulcinj.com\/blog\/wp-content\/uploads\/2016\/02\/Rendi-dit\u00ebs-i-keshilltareve-te-kuvendit-te-Ulqinit--217x300.jpg 217w\" sizes=\"(max-width: 508px) 100vw, 508px\" \/><\/a><\/p>\n<p>&nbsp;<\/p>\n<p>&nbsp;<\/p>\n<ol>\n<li>Pyetjet dhe p\u00ebrgjigjet e k\u00ebshilltar\u00ebve;<\/li>\n<li>Propozim Vendimi p\u00ebr caktimin e vler\u00ebs s\u00eb tregut t\u00eb patundshm\u00ebrive p\u00ebr vitin 2016,<\/li>\n<li>Propozim Vendimi p\u00ebr tatimin n\u00eb patundshm\u00ebri,<\/li>\n<li>Propozim Vendimi p\u00ebr ndryshimet dhe plot\u00ebsimet e PDU \u201cUlqini \u2013 qyteti\u201d p\u00ebr lokalitetin Limani 1 n\u00eb Ulqin,<\/li>\n<li>Propozim Vendimi p\u00ebr nxjerrjen e PDU p\u00ebr lokalitetin \u201cKodra 1\u201d n\u00eb Ulqin,<\/li>\n<li>Propozim Vendimi p\u00ebr ndryshimet dhe plot\u00ebsimet p\u00ebr parcelat e caktuara urbanistike e kadastrave n\u00eb PI PDU \u201cUlqini \u2013 qyteti\u201d p\u00ebr lokalitetin \u201cRana\u201d n\u00eb Ulqin,<\/li>\n<li>Propozim Vendimi p\u00ebr sjelljen e ndryshimeve dhe plot\u00ebsimeve p\u00ebr parcela t\u00eb caktuara urbanistike e kadastrave n\u00eb v\u00ebllimin e PI PDU \u201cUlqini \u2013 qyteti\u201d p\u00ebr lokalitetin \u201cPinjeshi 1\u201d n\u00eb Ulqin,<\/li>\n<li>Propozim Vendimi p\u00ebr sjelljen e ndryshimeve dhe plot\u00ebsimeve p\u00ebr parcela t\u00eb caktuara urbanistike e kadastrave n\u00eb v\u00ebllimin e PI PDU \u201cUlqini \u2013 qyteti\u201d p\u00ebr lokalitetin \u201cPinjeshi 2\u201d n\u00eb Ulqin,<\/li>\n<li>Propozim Vendimi p\u00ebr ndryshimet dhe plot\u00ebsimet p\u00ebr parcelat e caktuara urbanistike e kadastrave n\u00eb PI PDU \u201cUlqini \u2013 qyteti\u201d p\u00ebr lokalitetin Meterizi 1 n\u00eb Ulqin,<\/li>\n<li>Propozim Vendimi p\u00ebr nxjerrjen e Ndryshimeve dhe plot\u00ebsimeve t\u00eb PDU \u201cFusha e Ulqinit\u201d n\u00eb kuad\u00ebr t\u00eb zon\u00ebs B, n\u00ebnzona 7 dhe 9 p\u00ebr parcelat urbanistike: nr. 50, 51, 59, 60, 61, 62, 63, 64, 65, 66, 67, 7, 8, 9, 10, 11, 12, 13 dhe 14 t\u00eb bulevardit prej tek udh\u00ebkryqi tek NP Uj\u00ebsjell\u00ebsi e kanalizimi deri te ura e re n\u00eb Port Milen\u00eb dhe n\u00eb kuad\u00ebr t\u00eb zon\u00ebs B, n\u00ebnzona 3 p\u00ebr parcelat urbanistike nr. 9, 10, 11 dhe 12 n\u00eb Ulqin<\/li>\n<li>Propozimi I Planit t\u00eb objekteve t\u00eb p\u00ebrkohshme p\u00ebr vitin 2016 dhe<\/li>\n<li>Propozim Vendimi p\u00ebr dh\u00ebnien e p\u00eblqimit p\u00ebr em\u00ebrimin e kryeadministratorit t\u00eb Komun\u00ebs s\u00eb Ulqinit.<\/li>\n<\/ol>\n<p><a href=\"http:\/\/www.visit-ulcinj.com\/blog\/wp-content\/uploads\/2016\/02\/Plani-Plan-Hotel-Mediteran-Ulqin-Ulcinj-1.jpg\"><img loading=\"lazy\" class=\"alignleft wp-image-94627\" src=\"http:\/\/www.visit-ulcinj.com\/blog\/wp-content\/uploads\/2016\/02\/Plani-Plan-Hotel-Mediteran-Ulqin-Ulcinj-1.jpg\" alt=\"Plani-Plan-Hotel-Mediteran-Ulqin-Ulcinj-1\" width=\"508\" height=\"331\" srcset=\"https:\/\/www.visit-ulcinj.com\/blog\/wp-content\/uploads\/2016\/02\/Plani-Plan-Hotel-Mediteran-Ulqin-Ulcinj-1.jpg 602w, https:\/\/www.visit-ulcinj.com\/blog\/wp-content\/uploads\/2016\/02\/Plani-Plan-Hotel-Mediteran-Ulqin-Ulcinj-1-300x195.jpg 300w\" sizes=\"(max-width: 508px) 100vw, 508px\" \/><\/a><\/p>\n","protected":false},"excerpt":{"rendered":"<p>Vazhdojn\u00eb skandalet: Gjeka hedh p\u00ebr miratim planin e Resulbegoviqit para Mediteranit N\u00eb rend t\u00eb dit\u00ebs p\u00ebr mbledhjen e nes\u00ebrme t\u00eb Kuvendit Komunal, do t\u00eb gjendet edhe plani kontrovers p\u00ebr objektin e arkitektit Selim Resulbegoviq para hotelit Mediteran. Ky plan ishte edhe nj\u00eb nga arsyet e shkarkimit t\u00eb Resulbegoviqit nga kryetari i at\u00ebhersh\u00ebm Nazif Cungu. N\u00eb [&hellip;]<\/p>\n","protected":false},"author":1,"featured_media":0,"comment_status":"closed","ping_status":"closed","sticky":false,"template":"","format":"standard","meta":{"spay_email":"","jetpack_publicize_message":"","jetpack_is_tweetstorm":false,"jetpack_publicize_feature_enabled":true},"categories":[15],"tags":[],"jetpack_publicize_connections":[],"yoast_head":"<!-- This site is optimized with the Yoast SEO plugin v19.1 - https:\/\/yoast.com\/wordpress\/plugins\/seo\/ -->\n<title>Lajm.me: Gjeka b\u00ebn p\u00ebrpjekjet p\u00ebr miratimin e planit t\u00eb Resulbegoviqit para Mediteranit - Lajme nga Ulqini<\/title>\n<meta name=\"description\" content=\"Vazhdojn\u00eb skandalet: Gjeka hedh p\u00ebr miratim planin e Resulbegoviqit para Mediteranit N\u00eb rend t\u00eb dit\u00ebs p\u00ebr mbledhjen e nes\u00ebrme t\u00eb Kuvendit Komunal, do t\u00eb\" \/>\n<meta name=\"robots\" content=\"index, follow, max-snippet:-1, max-image-preview:large, max-video-preview:-1\" \/>\n<link rel=\"canonical\" href=\"https:\/\/www.visit-ulcinj.com\/blog\/2016\/02\/16\/lajm-me-gjeka-ben-perpjekjet-per-miratimin-e-planit-te-resulbegoviqit-para-mediteranit\/\" \/>\n<meta property=\"og:locale\" content=\"en_US\" \/>\n<meta property=\"og:type\" content=\"article\" \/>\n<meta property=\"og:title\" content=\"Lajm.me: Gjeka b\u00ebn p\u00ebrpjekjet p\u00ebr miratimin e planit t\u00eb Resulbegoviqit para Mediteranit - Lajme nga Ulqini\" \/>\n<meta property=\"og:description\" content=\"Vazhdojn\u00eb skandalet: Gjeka hedh p\u00ebr miratim planin e Resulbegoviqit para Mediteranit N\u00eb rend t\u00eb dit\u00ebs p\u00ebr mbledhjen e nes\u00ebrme t\u00eb Kuvendit Komunal, do t\u00eb\" \/>\n<meta property=\"og:url\" content=\"https:\/\/www.visit-ulcinj.com\/blog\/2016\/02\/16\/lajm-me-gjeka-ben-perpjekjet-per-miratimin-e-planit-te-resulbegoviqit-para-mediteranit\/\" \/>\n<meta property=\"og:site_name\" content=\"Lajme nga Ulqini\" \/>\n<meta property=\"article:published_time\" content=\"2016-02-16T16:48:26+00:00\" \/>\n<meta property=\"article:modified_time\" content=\"2016-02-17T17:07:15+00:00\" \/>\n<meta property=\"og:image\" content=\"http:\/\/www.visit-ulcinj.com\/blog\/wp-content\/uploads\/2016\/02\/Plani-Plan-Hotel-Mediteran-Ulqin-Ulcinj.jpg\" \/>\n<meta name=\"twitter:label1\" content=\"Written by\" \/>\n\t<meta name=\"twitter:data1\" content=\"ulqini\" \/>\n\t<meta name=\"twitter:label2\" content=\"Est. reading time\" \/>\n\t<meta name=\"twitter:data2\" content=\"2 minutes\" \/>\n<script type=\"application\/ld+json\" class=\"yoast-schema-graph\">{\"@context\":\"https:\/\/schema.org\",\"@graph\":[{\"@type\":\"WebSite\",\"@id\":\"https:\/\/www.visit-ulcinj.com\/blog\/#website\",\"url\":\"https:\/\/www.visit-ulcinj.com\/blog\/\",\"name\":\"Lajme nga Ulqini\",\"description\":\"Lajme,Vijesti,Ulqini,Ulqin,Crna Gora,Mali i Zi\",\"potentialAction\":[{\"@type\":\"SearchAction\",\"target\":{\"@type\":\"EntryPoint\",\"urlTemplate\":\"https:\/\/www.visit-ulcinj.com\/blog\/?s={search_term_string}\"},\"query-input\":\"required name=search_term_string\"}],\"inLanguage\":\"en-US\"},{\"@type\":\"ImageObject\",\"inLanguage\":\"en-US\",\"@id\":\"https:\/\/www.visit-ulcinj.com\/blog\/2016\/02\/16\/lajm-me-gjeka-ben-perpjekjet-per-miratimin-e-planit-te-resulbegoviqit-para-mediteranit\/#primaryimage\",\"url\":\"https:\/\/www.visit-ulcinj.com\/blog\/wp-content\/uploads\/2016\/02\/Plani-Plan-Hotel-Mediteran-Ulqin-Ulcinj.jpg\",\"contentUrl\":\"https:\/\/www.visit-ulcinj.com\/blog\/wp-content\/uploads\/2016\/02\/Plani-Plan-Hotel-Mediteran-Ulqin-Ulcinj.jpg\",\"width\":1100,\"height\":619},{\"@type\":\"WebPage\",\"@id\":\"https:\/\/www.visit-ulcinj.com\/blog\/2016\/02\/16\/lajm-me-gjeka-ben-perpjekjet-per-miratimin-e-planit-te-resulbegoviqit-para-mediteranit\/#webpage\",\"url\":\"https:\/\/www.visit-ulcinj.com\/blog\/2016\/02\/16\/lajm-me-gjeka-ben-perpjekjet-per-miratimin-e-planit-te-resulbegoviqit-para-mediteranit\/\",\"name\":\"Lajm.me: Gjeka b\u00ebn p\u00ebrpjekjet p\u00ebr miratimin e planit t\u00eb Resulbegoviqit para Mediteranit - Lajme nga Ulqini\",\"isPartOf\":{\"@id\":\"https:\/\/www.visit-ulcinj.com\/blog\/#website\"},\"primaryImageOfPage\":{\"@id\":\"https:\/\/www.visit-ulcinj.com\/blog\/2016\/02\/16\/lajm-me-gjeka-ben-perpjekjet-per-miratimin-e-planit-te-resulbegoviqit-para-mediteranit\/#primaryimage\"},\"datePublished\":\"2016-02-16T16:48:26+00:00\",\"dateModified\":\"2016-02-17T17:07:15+00:00\",\"author\":{\"@id\":\"https:\/\/www.visit-ulcinj.com\/blog\/#\/schema\/person\/dcab619c614d3038751c63bc2aadc06d\"},\"description\":\"Vazhdojn\u00eb skandalet: Gjeka hedh p\u00ebr miratim planin e Resulbegoviqit para Mediteranit N\u00eb rend t\u00eb dit\u00ebs p\u00ebr mbledhjen e nes\u00ebrme t\u00eb Kuvendit Komunal, do t\u00eb\",\"breadcrumb\":{\"@id\":\"https:\/\/www.visit-ulcinj.com\/blog\/2016\/02\/16\/lajm-me-gjeka-ben-perpjekjet-per-miratimin-e-planit-te-resulbegoviqit-para-mediteranit\/#breadcrumb\"},\"inLanguage\":\"en-US\",\"potentialAction\":[{\"@type\":\"ReadAction\",\"target\":[\"https:\/\/www.visit-ulcinj.com\/blog\/2016\/02\/16\/lajm-me-gjeka-ben-perpjekjet-per-miratimin-e-planit-te-resulbegoviqit-para-mediteranit\/\"]}]},{\"@type\":\"BreadcrumbList\",\"@id\":\"https:\/\/www.visit-ulcinj.com\/blog\/2016\/02\/16\/lajm-me-gjeka-ben-perpjekjet-per-miratimin-e-planit-te-resulbegoviqit-para-mediteranit\/#breadcrumb\",\"itemListElement\":[{\"@type\":\"ListItem\",\"position\":1,\"name\":\"Lajm.me: Gjeka b\u00ebn p\u00ebrpjekjet p\u00ebr miratimin e planit t\u00eb Resulbegoviqit para Mediteranit\"}]},{\"@type\":\"Person\",\"@id\":\"https:\/\/www.visit-ulcinj.com\/blog\/#\/schema\/person\/dcab619c614d3038751c63bc2aadc06d\",\"name\":\"ulqini\",\"sameAs\":[\"http:\/\/www.visit-ulcinj.com\"],\"url\":\"https:\/\/www.visit-ulcinj.com\/blog\/author\/admin\/\"}]}<\/script>\n<!-- \/ Yoast SEO plugin. -->","yoast_head_json":{"title":"Lajm.me: Gjeka b\u00ebn p\u00ebrpjekjet p\u00ebr miratimin e planit t\u00eb Resulbegoviqit para Mediteranit - Lajme nga Ulqini","description":"Vazhdojn\u00eb skandalet: Gjeka hedh p\u00ebr miratim planin e Resulbegoviqit para Mediteranit N\u00eb rend t\u00eb dit\u00ebs p\u00ebr mbledhjen e nes\u00ebrme t\u00eb Kuvendit Komunal, do t\u00eb","robots":{"index":"index","follow":"follow","max-snippet":"max-snippet:-1","max-image-preview":"max-image-preview:large","max-video-preview":"max-video-preview:-1"},"canonical":"https:\/\/www.visit-ulcinj.com\/blog\/2016\/02\/16\/lajm-me-gjeka-ben-perpjekjet-per-miratimin-e-planit-te-resulbegoviqit-para-mediteranit\/","og_locale":"en_US","og_type":"article","og_title":"Lajm.me: Gjeka b\u00ebn p\u00ebrpjekjet p\u00ebr miratimin e planit t\u00eb Resulbegoviqit para Mediteranit - Lajme nga Ulqini","og_description":"Vazhdojn\u00eb skandalet: Gjeka hedh p\u00ebr miratim planin e Resulbegoviqit para Mediteranit N\u00eb rend t\u00eb dit\u00ebs p\u00ebr mbledhjen e nes\u00ebrme t\u00eb Kuvendit Komunal, do t\u00eb","og_url":"https:\/\/www.visit-ulcinj.com\/blog\/2016\/02\/16\/lajm-me-gjeka-ben-perpjekjet-per-miratimin-e-planit-te-resulbegoviqit-para-mediteranit\/","og_site_name":"Lajme nga Ulqini","article_published_time":"2016-02-16T16:48:26+00:00","article_modified_time":"2016-02-17T17:07:15+00:00","og_image":[{"url":"http:\/\/www.visit-ulcinj.com\/blog\/wp-content\/uploads\/2016\/02\/Plani-Plan-Hotel-Mediteran-Ulqin-Ulcinj.jpg"}],"twitter_misc":{"Written by":"ulqini","Est. reading time":"2 minutes"},"schema":{"@context":"https:\/\/schema.org","@graph":[{"@type":"WebSite","@id":"https:\/\/www.visit-ulcinj.com\/blog\/#website","url":"https:\/\/www.visit-ulcinj.com\/blog\/","name":"Lajme nga Ulqini","description":"Lajme,Vijesti,Ulqini,Ulqin,Crna Gora,Mali i Zi","potentialAction":[{"@type":"SearchAction","target":{"@type":"EntryPoint","urlTemplate":"https:\/\/www.visit-ulcinj.com\/blog\/?s={search_term_string}"},"query-input":"required name=search_term_string"}],"inLanguage":"en-US"},{"@type":"ImageObject","inLanguage":"en-US","@id":"https:\/\/www.visit-ulcinj.com\/blog\/2016\/02\/16\/lajm-me-gjeka-ben-perpjekjet-per-miratimin-e-planit-te-resulbegoviqit-para-mediteranit\/#primaryimage","url":"https:\/\/www.visit-ulcinj.com\/blog\/wp-content\/uploads\/2016\/02\/Plani-Plan-Hotel-Mediteran-Ulqin-Ulcinj.jpg","contentUrl":"https:\/\/www.visit-ulcinj.com\/blog\/wp-content\/uploads\/2016\/02\/Plani-Plan-Hotel-Mediteran-Ulqin-Ulcinj.jpg","width":1100,"height":619},{"@type":"WebPage","@id":"https:\/\/www.visit-ulcinj.com\/blog\/2016\/02\/16\/lajm-me-gjeka-ben-perpjekjet-per-miratimin-e-planit-te-resulbegoviqit-para-mediteranit\/#webpage","url":"https:\/\/www.visit-ulcinj.com\/blog\/2016\/02\/16\/lajm-me-gjeka-ben-perpjekjet-per-miratimin-e-planit-te-resulbegoviqit-para-mediteranit\/","name":"Lajm.me: Gjeka b\u00ebn p\u00ebrpjekjet p\u00ebr miratimin e planit t\u00eb Resulbegoviqit para Mediteranit - Lajme nga Ulqini","isPartOf":{"@id":"https:\/\/www.visit-ulcinj.com\/blog\/#website"},"primaryImageOfPage":{"@id":"https:\/\/www.visit-ulcinj.com\/blog\/2016\/02\/16\/lajm-me-gjeka-ben-perpjekjet-per-miratimin-e-planit-te-resulbegoviqit-para-mediteranit\/#primaryimage"},"datePublished":"2016-02-16T16:48:26+00:00","dateModified":"2016-02-17T17:07:15+00:00","author":{"@id":"https:\/\/www.visit-ulcinj.com\/blog\/#\/schema\/person\/dcab619c614d3038751c63bc2aadc06d"},"description":"Vazhdojn\u00eb skandalet: Gjeka hedh p\u00ebr miratim planin e Resulbegoviqit para Mediteranit N\u00eb rend t\u00eb dit\u00ebs p\u00ebr mbledhjen e nes\u00ebrme t\u00eb Kuvendit Komunal, do t\u00eb","breadcrumb":{"@id":"https:\/\/www.visit-ulcinj.com\/blog\/2016\/02\/16\/lajm-me-gjeka-ben-perpjekjet-per-miratimin-e-planit-te-resulbegoviqit-para-mediteranit\/#breadcrumb"},"inLanguage":"en-US","potentialAction":[{"@type":"ReadAction","target":["https:\/\/www.visit-ulcinj.com\/blog\/2016\/02\/16\/lajm-me-gjeka-ben-perpjekjet-per-miratimin-e-planit-te-resulbegoviqit-para-mediteranit\/"]}]},{"@type":"BreadcrumbList","@id":"https:\/\/www.visit-ulcinj.com\/blog\/2016\/02\/16\/lajm-me-gjeka-ben-perpjekjet-per-miratimin-e-planit-te-resulbegoviqit-para-mediteranit\/#breadcrumb","itemListElement":[{"@type":"ListItem","position":1,"name":"Lajm.me: Gjeka b\u00ebn p\u00ebrpjekjet p\u00ebr miratimin e planit t\u00eb Resulbegoviqit para Mediteranit"}]},{"@type":"Person","@id":"https:\/\/www.visit-ulcinj.com\/blog\/#\/schema\/person\/dcab619c614d3038751c63bc2aadc06d","name":"ulqini","sameAs":["http:\/\/www.visit-ulcinj.com"],"url":"https:\/\/www.visit-ulcinj.com\/blog\/author\/admin\/"}]}},"jetpack_featured_media_url":"","jetpack_sharing_enabled":true,"jetpack_shortlink":"https:\/\/wp.me\/pe6lTn-oCa","_links":{"self":[{"href":"https:\/\/www.visit-ulcinj.com\/blog\/wp-json\/wp\/v2\/posts\/94622"}],"collection":[{"href":"https:\/\/www.visit-ulcinj.com\/blog\/wp-json\/wp\/v2\/posts"}],"about":[{"href":"https:\/\/www.visit-ulcinj.com\/blog\/wp-json\/wp\/v2\/types\/post"}],"author":[{"embeddable":true,"href":"https:\/\/www.visit-ulcinj.com\/blog\/wp-json\/wp\/v2\/users\/1"}],"replies":[{"embeddable":true,"href":"https:\/\/www.visit-ulcinj.com\/blog\/wp-json\/wp\/v2\/comments?post=94622"}],"version-history":[{"count":4,"href":"https:\/\/www.visit-ulcinj.com\/blog\/wp-json\/wp\/v2\/posts\/94622\/revisions"}],"predecessor-version":[{"id":94629,"href":"https:\/\/www.visit-ulcinj.com\/blog\/wp-json\/wp\/v2\/posts\/94622\/revisions\/94629"}],"wp:attachment":[{"href":"https:\/\/www.visit-ulcinj.com\/blog\/wp-json\/wp\/v2\/media?parent=94622"}],"wp:term":[{"taxonomy":"category","embeddable":true,"href":"https:\/\/www.visit-ulcinj.com\/blog\/wp-json\/wp\/v2\/categories?post=94622"},{"taxonomy":"post_tag","embeddable":true,"href":"https:\/\/www.visit-ulcinj.com\/blog\/wp-json\/wp\/v2\/tags?post=94622"}],"curies":[{"name":"wp","href":"https:\/\/api.w.org\/{rel}","templated":true}]}}