{"id":94653,"date":"2016-02-17T18:05:38","date_gmt":"2016-02-17T17:05:38","guid":{"rendered":"http:\/\/www.visit-ulcinj.com\/blog\/?p=94653"},"modified":"2016-02-19T08:24:48","modified_gmt":"2016-02-19T07:24:48","slug":"dervishi-ruhet-mbrojtja-e-kripores-ndertimi-dhe-devastimin-e-saj","status":"publish","type":"post","link":"https:\/\/www.visit-ulcinj.com\/blog\/2016\/02\/17\/dervishi-ruhet-mbrojtja-e-kripores-ndertimi-dhe-devastimin-e-saj\/","title":{"rendered":"Dervishi: Do ruhet mbrojtja e Kripores, nd\u00ebrtimi dhe devastimin e saj"},"content":{"rendered":"<p><a href=\"http:\/\/www.visit-ulcinj.com\/blog\/wp-content\/uploads\/2013\/12\/Avdulla-Dervishi.jpg\"><img loading=\"lazy\" class=\"alignleft wp-image-76978\" src=\"http:\/\/www.visit-ulcinj.com\/blog\/wp-content\/uploads\/2013\/12\/Avdulla-Dervishi.jpg\" alt=\"Avdulla Dervishi\" width=\"508\" height=\"351\" srcset=\"https:\/\/www.visit-ulcinj.com\/blog\/wp-content\/uploads\/2013\/12\/Avdulla-Dervishi.jpg 486w, https:\/\/www.visit-ulcinj.com\/blog\/wp-content\/uploads\/2013\/12\/Avdulla-Dervishi-300x207.jpg 300w\" sizes=\"(max-width: 508px) 100vw, 508px\" \/><\/a>Mbrojtja e Kripores \u00ebsht\u00eb obligim i\u00a0 Komun\u00ebs s\u00eb Ulqinit dhe n\u00eb lidhje me k\u00ebt\u00eb Sekretarijati p\u00ebr \u00e7\u00ebshtje komunale dhe mbrojtje t\u00eb ambijentit ka nd\u00ebrmarr\u00eb t\u00eb gjitha aktivitet q\u00eb jan\u00eb n\u00eb kompetencat e tij. \u00c7ka do t\u00eb thot\u00eb q\u00eb Kriporja t\u00eb mbrohet n\u00eb ter\u00ebsi duke p\u00ebrfshir\u00eb k\u00ebtu edhe ndalimin e nd\u00ebrtimit n\u00eb Kripore dhe devastimin e saj.<\/p>\n<p>N\u00eb bashkepunim me Agjensin\u00eb p\u00ebr mbrojten e ambijentit t\u00eb Malit t\u00eb Zi \u00ebsht\u00eb b\u00ebr\u00eb p\u00ebrpilimi i Studimit p\u00ebr mbrojtjen e Kripores dhe hartimi i vendimit p\u00ebr shpalljen e Kripor\u00ebs p\u00ebr P\u00ebrmendore t\u00eb natyr\u00ebs.<\/p>\n<p>N\u00eb lidhje me k\u00ebt\u00eb, Sekretarijati p\u00ebr \u00e7\u00ebshtje komunale ka organizuar dy shqyrtime publike n\u00eb t\u00eb cilat ka marr\u00eb pjes\u00eb nj\u00eb num\u00ebr i madh i qytetar\u00ebve.<\/p>\n<p>N\u00eb baz\u00eb t\u00eb ligjit, Sekretariati i \u00ebsht\u00eb drejtuar Ministris\u00eb me k\u00ebrkes\u00eb q\u00eb ajo t\u00eb jap p\u00eblqimin n\u00eb vendimin e lartp\u00ebrmendur. Ne ftojm\u00eb Ministrin\u00eb q\u00eb t\u00eb jap pelqimin e vet dhe t\u00eb mbrohet me \u00e7do kusht Kriporja, ky lokalitet i ve\u00e7ant\u00eb me p\u00ebrmasa nd\u00ebrkomb\u00ebtare.<\/p>\n<p>Pas k\u00ebsaj mbeten q\u00eb k\u00ebto akte ti dergohen Kuvendit Komunal n\u00eb miratim, dhe un\u00eb besoj se Kuvendi yn\u00eb do t\u00eb jet\u00eb nj\u00ebz\u00ebri n\u00eb mbrojtjen e Kripores.<\/p>\n<p>Sekretarijati p\u00ebr \u00e7\u00ebshtje komunale dhe mbrojtje t\u00eb ambijentit<\/p>\n<p><strong>Sekretari<\/strong><\/p>\n<p>Avdulla Dervishi<\/p>\n<p><iframe loading=\"lazy\" frameborder=\"0\" width=\"508\" height=\"315\" src=\"\/\/www.dailymotion.com\/embed\/video\/x3syf0k?autoPlay=1\" allowfullscreen><\/iframe><\/p>\n","protected":false},"excerpt":{"rendered":"<p>Mbrojtja e Kripores \u00ebsht\u00eb obligim i\u00a0 Komun\u00ebs s\u00eb Ulqinit dhe n\u00eb lidhje me k\u00ebt\u00eb Sekretarijati p\u00ebr \u00e7\u00ebshtje komunale dhe mbrojtje t\u00eb ambijentit ka nd\u00ebrmarr\u00eb t\u00eb gjitha aktivitet q\u00eb jan\u00eb n\u00eb kompetencat e tij. \u00c7ka do t\u00eb thot\u00eb q\u00eb Kriporja t\u00eb mbrohet n\u00eb ter\u00ebsi duke p\u00ebrfshir\u00eb k\u00ebtu edhe ndalimin e nd\u00ebrtimit n\u00eb Kripore dhe devastimin e [&hellip;]<\/p>\n","protected":false},"author":1,"featured_media":0,"comment_status":"closed","ping_status":"closed","sticky":false,"template":"","format":"standard","meta":{"spay_email":"","jetpack_publicize_message":"","jetpack_is_tweetstorm":false,"jetpack_publicize_feature_enabled":true},"categories":[1],"tags":[],"jetpack_publicize_connections":[],"yoast_head":"<!-- This site is optimized with the Yoast SEO plugin v19.1 - https:\/\/yoast.com\/wordpress\/plugins\/seo\/ -->\n<title>Dervishi: Do ruhet mbrojtja e Kripores, nd\u00ebrtimi dhe devastimin e saj - Lajme nga Ulqini<\/title>\n<meta name=\"description\" content=\"Mbrojtja e Kripores \u00ebsht\u00eb obligim i\u00a0 Komun\u00ebs s\u00eb Ulqinit dhe n\u00eb lidhje me k\u00ebt\u00eb Sekretarijati p\u00ebr \u00e7\u00ebshtje komunale dhe mbrojtje t\u00eb ambijentit ka nd\u00ebrmarr\u00eb\" \/>\n<meta name=\"robots\" content=\"index, follow, max-snippet:-1, max-image-preview:large, max-video-preview:-1\" \/>\n<link rel=\"canonical\" href=\"https:\/\/www.visit-ulcinj.com\/blog\/2016\/02\/17\/dervishi-ruhet-mbrojtja-e-kripores-ndertimi-dhe-devastimin-e-saj\/\" \/>\n<meta property=\"og:locale\" content=\"en_US\" \/>\n<meta property=\"og:type\" content=\"article\" \/>\n<meta property=\"og:title\" content=\"Dervishi: Do ruhet mbrojtja e Kripores, nd\u00ebrtimi dhe devastimin e saj - Lajme nga Ulqini\" \/>\n<meta property=\"og:description\" content=\"Mbrojtja e Kripores \u00ebsht\u00eb obligim i\u00a0 Komun\u00ebs s\u00eb Ulqinit dhe n\u00eb lidhje me k\u00ebt\u00eb Sekretarijati p\u00ebr \u00e7\u00ebshtje komunale dhe mbrojtje t\u00eb ambijentit ka nd\u00ebrmarr\u00eb\" \/>\n<meta property=\"og:url\" content=\"https:\/\/www.visit-ulcinj.com\/blog\/2016\/02\/17\/dervishi-ruhet-mbrojtja-e-kripores-ndertimi-dhe-devastimin-e-saj\/\" \/>\n<meta property=\"og:site_name\" content=\"Lajme nga Ulqini\" \/>\n<meta property=\"article:published_time\" content=\"2016-02-17T17:05:38+00:00\" \/>\n<meta property=\"article:modified_time\" content=\"2016-02-19T07:24:48+00:00\" \/>\n<meta property=\"og:image\" content=\"http:\/\/www.visit-ulcinj.com\/blog\/wp-content\/uploads\/2013\/12\/Avdulla-Dervishi.jpg\" \/>\n<meta name=\"twitter:label1\" content=\"Written by\" \/>\n\t<meta name=\"twitter:data1\" content=\"ulqini\" \/>\n\t<meta name=\"twitter:label2\" content=\"Est. reading time\" \/>\n\t<meta name=\"twitter:data2\" content=\"1 minute\" \/>\n<script type=\"application\/ld+json\" class=\"yoast-schema-graph\">{\"@context\":\"https:\/\/schema.org\",\"@graph\":[{\"@type\":\"WebSite\",\"@id\":\"https:\/\/www.visit-ulcinj.com\/blog\/#website\",\"url\":\"https:\/\/www.visit-ulcinj.com\/blog\/\",\"name\":\"Lajme nga Ulqini\",\"description\":\"Lajme,Vijesti,Ulqini,Ulqin,Crna Gora,Mali i Zi\",\"potentialAction\":[{\"@type\":\"SearchAction\",\"target\":{\"@type\":\"EntryPoint\",\"urlTemplate\":\"https:\/\/www.visit-ulcinj.com\/blog\/?s={search_term_string}\"},\"query-input\":\"required name=search_term_string\"}],\"inLanguage\":\"en-US\"},{\"@type\":\"ImageObject\",\"inLanguage\":\"en-US\",\"@id\":\"https:\/\/www.visit-ulcinj.com\/blog\/2016\/02\/17\/dervishi-ruhet-mbrojtja-e-kripores-ndertimi-dhe-devastimin-e-saj\/#primaryimage\",\"url\":\"https:\/\/www.visit-ulcinj.com\/blog\/wp-content\/uploads\/2013\/12\/Avdulla-Dervishi.jpg\",\"contentUrl\":\"https:\/\/www.visit-ulcinj.com\/blog\/wp-content\/uploads\/2013\/12\/Avdulla-Dervishi.jpg\",\"width\":486,\"height\":336},{\"@type\":\"WebPage\",\"@id\":\"https:\/\/www.visit-ulcinj.com\/blog\/2016\/02\/17\/dervishi-ruhet-mbrojtja-e-kripores-ndertimi-dhe-devastimin-e-saj\/#webpage\",\"url\":\"https:\/\/www.visit-ulcinj.com\/blog\/2016\/02\/17\/dervishi-ruhet-mbrojtja-e-kripores-ndertimi-dhe-devastimin-e-saj\/\",\"name\":\"Dervishi: Do ruhet mbrojtja e Kripores, nd\u00ebrtimi dhe devastimin e saj - Lajme nga Ulqini\",\"isPartOf\":{\"@id\":\"https:\/\/www.visit-ulcinj.com\/blog\/#website\"},\"primaryImageOfPage\":{\"@id\":\"https:\/\/www.visit-ulcinj.com\/blog\/2016\/02\/17\/dervishi-ruhet-mbrojtja-e-kripores-ndertimi-dhe-devastimin-e-saj\/#primaryimage\"},\"datePublished\":\"2016-02-17T17:05:38+00:00\",\"dateModified\":\"2016-02-19T07:24:48+00:00\",\"author\":{\"@id\":\"https:\/\/www.visit-ulcinj.com\/blog\/#\/schema\/person\/dcab619c614d3038751c63bc2aadc06d\"},\"description\":\"Mbrojtja e Kripores \u00ebsht\u00eb obligim i\u00a0 Komun\u00ebs s\u00eb Ulqinit dhe n\u00eb lidhje me k\u00ebt\u00eb Sekretarijati p\u00ebr \u00e7\u00ebshtje komunale dhe mbrojtje t\u00eb ambijentit ka nd\u00ebrmarr\u00eb\",\"breadcrumb\":{\"@id\":\"https:\/\/www.visit-ulcinj.com\/blog\/2016\/02\/17\/dervishi-ruhet-mbrojtja-e-kripores-ndertimi-dhe-devastimin-e-saj\/#breadcrumb\"},\"inLanguage\":\"en-US\",\"potentialAction\":[{\"@type\":\"ReadAction\",\"target\":[\"https:\/\/www.visit-ulcinj.com\/blog\/2016\/02\/17\/dervishi-ruhet-mbrojtja-e-kripores-ndertimi-dhe-devastimin-e-saj\/\"]}]},{\"@type\":\"BreadcrumbList\",\"@id\":\"https:\/\/www.visit-ulcinj.com\/blog\/2016\/02\/17\/dervishi-ruhet-mbrojtja-e-kripores-ndertimi-dhe-devastimin-e-saj\/#breadcrumb\",\"itemListElement\":[{\"@type\":\"ListItem\",\"position\":1,\"name\":\"Dervishi: Do ruhet mbrojtja e Kripores, nd\u00ebrtimi dhe devastimin e saj\"}]},{\"@type\":\"Person\",\"@id\":\"https:\/\/www.visit-ulcinj.com\/blog\/#\/schema\/person\/dcab619c614d3038751c63bc2aadc06d\",\"name\":\"ulqini\",\"sameAs\":[\"http:\/\/www.visit-ulcinj.com\"],\"url\":\"https:\/\/www.visit-ulcinj.com\/blog\/author\/admin\/\"}]}<\/script>\n<!-- \/ Yoast SEO plugin. -->","yoast_head_json":{"title":"Dervishi: Do ruhet mbrojtja e Kripores, nd\u00ebrtimi dhe devastimin e saj - Lajme nga Ulqini","description":"Mbrojtja e Kripores \u00ebsht\u00eb obligim i\u00a0 Komun\u00ebs s\u00eb Ulqinit dhe n\u00eb lidhje me k\u00ebt\u00eb Sekretarijati p\u00ebr \u00e7\u00ebshtje komunale dhe mbrojtje t\u00eb ambijentit ka nd\u00ebrmarr\u00eb","robots":{"index":"index","follow":"follow","max-snippet":"max-snippet:-1","max-image-preview":"max-image-preview:large","max-video-preview":"max-video-preview:-1"},"canonical":"https:\/\/www.visit-ulcinj.com\/blog\/2016\/02\/17\/dervishi-ruhet-mbrojtja-e-kripores-ndertimi-dhe-devastimin-e-saj\/","og_locale":"en_US","og_type":"article","og_title":"Dervishi: Do ruhet mbrojtja e Kripores, nd\u00ebrtimi dhe devastimin e saj - Lajme nga Ulqini","og_description":"Mbrojtja e Kripores \u00ebsht\u00eb obligim i\u00a0 Komun\u00ebs s\u00eb Ulqinit dhe n\u00eb lidhje me k\u00ebt\u00eb Sekretarijati p\u00ebr \u00e7\u00ebshtje komunale dhe mbrojtje t\u00eb ambijentit ka nd\u00ebrmarr\u00eb","og_url":"https:\/\/www.visit-ulcinj.com\/blog\/2016\/02\/17\/dervishi-ruhet-mbrojtja-e-kripores-ndertimi-dhe-devastimin-e-saj\/","og_site_name":"Lajme nga Ulqini","article_published_time":"2016-02-17T17:05:38+00:00","article_modified_time":"2016-02-19T07:24:48+00:00","og_image":[{"url":"http:\/\/www.visit-ulcinj.com\/blog\/wp-content\/uploads\/2013\/12\/Avdulla-Dervishi.jpg"}],"twitter_misc":{"Written by":"ulqini","Est. reading time":"1 minute"},"schema":{"@context":"https:\/\/schema.org","@graph":[{"@type":"WebSite","@id":"https:\/\/www.visit-ulcinj.com\/blog\/#website","url":"https:\/\/www.visit-ulcinj.com\/blog\/","name":"Lajme nga Ulqini","description":"Lajme,Vijesti,Ulqini,Ulqin,Crna Gora,Mali i Zi","potentialAction":[{"@type":"SearchAction","target":{"@type":"EntryPoint","urlTemplate":"https:\/\/www.visit-ulcinj.com\/blog\/?s={search_term_string}"},"query-input":"required name=search_term_string"}],"inLanguage":"en-US"},{"@type":"ImageObject","inLanguage":"en-US","@id":"https:\/\/www.visit-ulcinj.com\/blog\/2016\/02\/17\/dervishi-ruhet-mbrojtja-e-kripores-ndertimi-dhe-devastimin-e-saj\/#primaryimage","url":"https:\/\/www.visit-ulcinj.com\/blog\/wp-content\/uploads\/2013\/12\/Avdulla-Dervishi.jpg","contentUrl":"https:\/\/www.visit-ulcinj.com\/blog\/wp-content\/uploads\/2013\/12\/Avdulla-Dervishi.jpg","width":486,"height":336},{"@type":"WebPage","@id":"https:\/\/www.visit-ulcinj.com\/blog\/2016\/02\/17\/dervishi-ruhet-mbrojtja-e-kripores-ndertimi-dhe-devastimin-e-saj\/#webpage","url":"https:\/\/www.visit-ulcinj.com\/blog\/2016\/02\/17\/dervishi-ruhet-mbrojtja-e-kripores-ndertimi-dhe-devastimin-e-saj\/","name":"Dervishi: Do ruhet mbrojtja e Kripores, nd\u00ebrtimi dhe devastimin e saj - Lajme nga Ulqini","isPartOf":{"@id":"https:\/\/www.visit-ulcinj.com\/blog\/#website"},"primaryImageOfPage":{"@id":"https:\/\/www.visit-ulcinj.com\/blog\/2016\/02\/17\/dervishi-ruhet-mbrojtja-e-kripores-ndertimi-dhe-devastimin-e-saj\/#primaryimage"},"datePublished":"2016-02-17T17:05:38+00:00","dateModified":"2016-02-19T07:24:48+00:00","author":{"@id":"https:\/\/www.visit-ulcinj.com\/blog\/#\/schema\/person\/dcab619c614d3038751c63bc2aadc06d"},"description":"Mbrojtja e Kripores \u00ebsht\u00eb obligim i\u00a0 Komun\u00ebs s\u00eb Ulqinit dhe n\u00eb lidhje me k\u00ebt\u00eb Sekretarijati p\u00ebr \u00e7\u00ebshtje komunale dhe mbrojtje t\u00eb ambijentit ka nd\u00ebrmarr\u00eb","breadcrumb":{"@id":"https:\/\/www.visit-ulcinj.com\/blog\/2016\/02\/17\/dervishi-ruhet-mbrojtja-e-kripores-ndertimi-dhe-devastimin-e-saj\/#breadcrumb"},"inLanguage":"en-US","potentialAction":[{"@type":"ReadAction","target":["https:\/\/www.visit-ulcinj.com\/blog\/2016\/02\/17\/dervishi-ruhet-mbrojtja-e-kripores-ndertimi-dhe-devastimin-e-saj\/"]}]},{"@type":"BreadcrumbList","@id":"https:\/\/www.visit-ulcinj.com\/blog\/2016\/02\/17\/dervishi-ruhet-mbrojtja-e-kripores-ndertimi-dhe-devastimin-e-saj\/#breadcrumb","itemListElement":[{"@type":"ListItem","position":1,"name":"Dervishi: Do ruhet mbrojtja e Kripores, nd\u00ebrtimi dhe devastimin e saj"}]},{"@type":"Person","@id":"https:\/\/www.visit-ulcinj.com\/blog\/#\/schema\/person\/dcab619c614d3038751c63bc2aadc06d","name":"ulqini","sameAs":["http:\/\/www.visit-ulcinj.com"],"url":"https:\/\/www.visit-ulcinj.com\/blog\/author\/admin\/"}]}},"jetpack_featured_media_url":"","jetpack_sharing_enabled":true,"jetpack_shortlink":"https:\/\/wp.me\/pe6lTn-oCF","_links":{"self":[{"href":"https:\/\/www.visit-ulcinj.com\/blog\/wp-json\/wp\/v2\/posts\/94653"}],"collection":[{"href":"https:\/\/www.visit-ulcinj.com\/blog\/wp-json\/wp\/v2\/posts"}],"about":[{"href":"https:\/\/www.visit-ulcinj.com\/blog\/wp-json\/wp\/v2\/types\/post"}],"author":[{"embeddable":true,"href":"https:\/\/www.visit-ulcinj.com\/blog\/wp-json\/wp\/v2\/users\/1"}],"replies":[{"embeddable":true,"href":"https:\/\/www.visit-ulcinj.com\/blog\/wp-json\/wp\/v2\/comments?post=94653"}],"version-history":[{"count":2,"href":"https:\/\/www.visit-ulcinj.com\/blog\/wp-json\/wp\/v2\/posts\/94653\/revisions"}],"predecessor-version":[{"id":94696,"href":"https:\/\/www.visit-ulcinj.com\/blog\/wp-json\/wp\/v2\/posts\/94653\/revisions\/94696"}],"wp:attachment":[{"href":"https:\/\/www.visit-ulcinj.com\/blog\/wp-json\/wp\/v2\/media?parent=94653"}],"wp:term":[{"taxonomy":"category","embeddable":true,"href":"https:\/\/www.visit-ulcinj.com\/blog\/wp-json\/wp\/v2\/categories?post=94653"},{"taxonomy":"post_tag","embeddable":true,"href":"https:\/\/www.visit-ulcinj.com\/blog\/wp-json\/wp\/v2\/tags?post=94653"}],"curies":[{"name":"wp","href":"https:\/\/api.w.org\/{rel}","templated":true}]}}