{"id":9466,"date":"2009-01-21T01:09:24","date_gmt":"2009-01-21T00:09:24","guid":{"rendered":"http:\/\/www.visit-ulcinj.com\/blog\/?p=9466"},"modified":"2009-01-21T01:09:28","modified_gmt":"2009-01-21T00:09:28","slug":"ferhat-dinosa-ne-moze-se-biti-albanski-patriota-i-pravoslavni-zet","status":"publish","type":"post","link":"https:\/\/www.visit-ulcinj.com\/blog\/2009\/01\/21\/ferhat-dinosa-ne-moze-se-biti-albanski-patriota-i-pravoslavni-zet\/","title":{"rendered":"Ferhat Dino\u0161a: Ne mo\u017ee se biti albanski patriota i pravoslavni zet"},"content":{"rendered":"<p><a rel=\"attachment wp-att-9468\" href=\"http:\/\/www.visit-ulcinj.com\/blog\/2009\/01\/21\/ferhat-dinosa-ne-moze-se-biti-albanski-patriota-i-pravoslavni-zet\/dinosha_gjeloshaj\/\" target=\"_blank\"><img loading=\"lazy\" class=\"alignleft size-full wp-image-9468\" title=\"dinosha_gjeloshaj\" src=\"http:\/\/www.visit-ulcinj.com\/blog\/wp-content\/uploads\/2009\/01\/dinosha_gjeloshaj.jpg\" alt=\"dinosha_gjeloshaj\" width=\"320\" height=\"206\" srcset=\"https:\/\/www.visit-ulcinj.com\/blog\/wp-content\/uploads\/2009\/01\/dinosha_gjeloshaj.jpg 320w, https:\/\/www.visit-ulcinj.com\/blog\/wp-content\/uploads\/2009\/01\/dinosha_gjeloshaj-300x193.jpg 300w\" sizes=\"(max-width: 320px) 100vw, 320px\" \/><\/a><strong>Ali sada kada ste se o\u017eenili pravoslavkom, pale su maske. Ljubav zna da bude iznad svega, ali nemojte nam vi\u0161e prodavati patriotizam, poru?io je Dino\u0161a u odgovoru Niku ?eljo\u0161aju.<\/strong><br \/>\nLider i poslanik Demokratske unije Albanaca Ferhat Dino\u0161a kazao je da se ne mo\u017ee istovremeno biti i albanski patriota i pravoslavni zet. U prepisci sa ?lanom Albanske alternative Nikom ?eljo\u0161ajem u listu &#8220;Koha javore&#8221; on mu je u tekstu objavljenom u ?etvrtak, 15. januara poru?io da &#8220;djeluje u partiji koja prodaje patriotizam vi\u0161e nego bilo koja druga&#8221;.<br \/>\nZamoljen da prokomentari\u0161e ove konstatacije, Dino\u0161a je saop\u0161tio sino? da ne \u017eeli da daje nikakve izjave.<br \/>\nDio teksta koji je poslanik DUA, partije u koaliciji sa DPS-om i SDP-om, objavio u listu &#8220;Koha javore&#8221;, prenosimo integralno:<br \/>\n&#8211; Vi gospodine ?eljo\u0161aj ka\u017eete da sam \u201eopsesioniran va\u0161om li?no\u0161?u&#8221;. Nemojte se brinuti. Ja se ne opsesioniram i Vi nijeste li?nost. Bili ste jedno vrijeme li?nost, \u0161egrt jednog projekta sli?nog onome Srba s Kosova, prije njegovog osamostaljenja, projekta regionalizacije koji ,hvala Bogu, nije nai\u0161ao na podr\u017eavanje, ali je u?inio da naivni ljudi vjeruju da se pojavio jedan mladi albanski patriota, koji obe?ava. Vi i sada djelujete u partiji koja prodaje patriotizam vi\u0161e nego bilo koja druga. Ali sada kada ste se o\u017eenili sa pravoslavkom, pale su maske. Ljubav zna da bude iznad svega, ali nemojte nam vi\u0161e prodavati patriotizam. Ne mo\u017eete biti i albanski patriota i pravoslavni zet. U ovoj dimenziji ja sam pomenuo samo slovenske zetove, misle?i na Vas i ne u\u0161av\u0161i u Va\u0161 privatni \u017eivot kao \u0161to vi ka\u017eete &#8211; napisao je Dino\u0161a.<br \/>\n?eljo\u0161aj, potvr?uju?i da je o\u017eenjen djevojkom pravoslavne vjere iz Crne Gore saop\u0161tio je da \u017eeli da stavi ta?ku na polemiku sa Dino\u0161om. On ka\u017ee da su u pitanju neke stvari koje su objavljene u listu koji izlazi na albanskom jeziku i da ne misli da je potrebno da se na to detaljnije osvr?e.<br \/>\nFunkcioner AA isti?e da je polemika po?ela nakon razmjenjivanja optu\u017ebi o radu lokalne vlasti u Tuzima.<br \/>\n&#8211; \u0160to se ti?e Dino\u0161e, spadam me?u ljude koji su saop\u0161tavali javnosti ocjene o njegovom radu, ukazivao sam na gre\u0161ke koje je napravio i za\u0161to gra?ani ne treba da glasaju za DUA &#8211; naglasio je ?eljo\u0161aj.<br \/>\nOn je odbacio Dino\u0161ine kritike na ra?un vlasti u Tuzima koju imaju AA i DSA, navode?i da Demokratska unija rukovodi Ministarstvom za manjinska prava koje ne radi ni\u0161ta da bi status manjina bio bolji.<br \/>\nPrethodno je Dino\u0161a kritikovao rad lokalne vlasti u Tuzima, a ?eljo\u0161aj, Nikola Camaj i Mali? ?unmuljaj mu uzvratili kritikama, \u0161to je bio povod za nastavak polemike u ovom listu. Ina?e, u albanskom politi?kom \u017eivotu u Crnoj Gori, DUA je nagla\u0161en rival sa Albanskom alternativom koju vodi ?er? Camaj i Demokratskim savezom Albanaca, ?iji je predsjednik Mehmed Bardhi.<br \/>\n<strong>M.V<br \/>\nIzvor \/ Dan<\/strong><\/p>\n","protected":false},"excerpt":{"rendered":"<p>Ali sada kada ste se o\u017eenili pravoslavkom, pale su maske. Ljubav zna da bude iznad svega, ali nemojte nam vi\u0161e prodavati patriotizam, poru?io je Dino\u0161a u odgovoru Niku ?eljo\u0161aju. Lider i poslanik Demokratske unije Albanaca Ferhat Dino\u0161a kazao je da se ne mo\u017ee istovremeno biti i albanski patriota i pravoslavni zet. U prepisci sa ?lanom [&hellip;]<\/p>\n","protected":false},"author":1,"featured_media":0,"comment_status":"open","ping_status":"closed","sticky":false,"template":"","format":"standard","meta":{"spay_email":"","jetpack_publicize_message":"","jetpack_is_tweetstorm":false,"jetpack_publicize_feature_enabled":true},"categories":[12],"tags":[216,5967,5968,5966,5969,5970],"jetpack_publicize_connections":[],"yoast_head":"<!-- This site is optimized with the Yoast SEO plugin v19.1 - https:\/\/yoast.com\/wordpress\/plugins\/seo\/ -->\n<title>Ferhat Dino\u0161a: Ne mo\u017ee se biti albanski patriota i pravoslavni zet - Lajme nga Ulqini<\/title>\n<meta name=\"description\" content=\"Ali sada kada ste se o\u017eenili pravoslavkom, pale su maske. Ljubav zna da bude iznad svega, ali nemojte nam vi\u0161e prodavati patriotizam, poru?io je Dino\u0161a u\" \/>\n<meta name=\"robots\" content=\"index, follow, max-snippet:-1, max-image-preview:large, max-video-preview:-1\" \/>\n<link rel=\"canonical\" href=\"https:\/\/www.visit-ulcinj.com\/blog\/2009\/01\/21\/ferhat-dinosa-ne-moze-se-biti-albanski-patriota-i-pravoslavni-zet\/\" \/>\n<meta property=\"og:locale\" content=\"en_US\" \/>\n<meta property=\"og:type\" content=\"article\" \/>\n<meta property=\"og:title\" content=\"Ferhat Dino\u0161a: Ne mo\u017ee se biti albanski patriota i pravoslavni zet - Lajme nga Ulqini\" \/>\n<meta property=\"og:description\" content=\"Ali sada kada ste se o\u017eenili pravoslavkom, pale su maske. Ljubav zna da bude iznad svega, ali nemojte nam vi\u0161e prodavati patriotizam, poru?io je Dino\u0161a u\" \/>\n<meta property=\"og:url\" content=\"https:\/\/www.visit-ulcinj.com\/blog\/2009\/01\/21\/ferhat-dinosa-ne-moze-se-biti-albanski-patriota-i-pravoslavni-zet\/\" \/>\n<meta property=\"og:site_name\" content=\"Lajme nga Ulqini\" \/>\n<meta property=\"article:published_time\" content=\"2009-01-21T00:09:24+00:00\" \/>\n<meta property=\"article:modified_time\" content=\"2009-01-21T00:09:28+00:00\" \/>\n<meta property=\"og:image\" content=\"http:\/\/www.visit-ulcinj.com\/blog\/wp-content\/uploads\/2009\/01\/dinosha_gjeloshaj.jpg\" \/>\n<meta name=\"twitter:label1\" content=\"Written by\" \/>\n\t<meta name=\"twitter:data1\" content=\"ulqini\" \/>\n\t<meta name=\"twitter:label2\" content=\"Est. reading time\" \/>\n\t<meta name=\"twitter:data2\" content=\"3 minutes\" \/>\n<script type=\"application\/ld+json\" class=\"yoast-schema-graph\">{\"@context\":\"https:\/\/schema.org\",\"@graph\":[{\"@type\":\"WebSite\",\"@id\":\"https:\/\/www.visit-ulcinj.com\/blog\/#website\",\"url\":\"https:\/\/www.visit-ulcinj.com\/blog\/\",\"name\":\"Lajme nga Ulqini\",\"description\":\"Lajme,Vijesti,Ulqini,Ulqin,Crna Gora,Mali i Zi\",\"potentialAction\":[{\"@type\":\"SearchAction\",\"target\":{\"@type\":\"EntryPoint\",\"urlTemplate\":\"https:\/\/www.visit-ulcinj.com\/blog\/?s={search_term_string}\"},\"query-input\":\"required name=search_term_string\"}],\"inLanguage\":\"en-US\"},{\"@type\":\"ImageObject\",\"inLanguage\":\"en-US\",\"@id\":\"https:\/\/www.visit-ulcinj.com\/blog\/2009\/01\/21\/ferhat-dinosa-ne-moze-se-biti-albanski-patriota-i-pravoslavni-zet\/#primaryimage\",\"url\":\"https:\/\/www.visit-ulcinj.com\/blog\/wp-content\/uploads\/2009\/01\/dinosha_gjeloshaj.jpg\",\"contentUrl\":\"https:\/\/www.visit-ulcinj.com\/blog\/wp-content\/uploads\/2009\/01\/dinosha_gjeloshaj.jpg\",\"width\":\"320\",\"height\":\"206\"},{\"@type\":\"WebPage\",\"@id\":\"https:\/\/www.visit-ulcinj.com\/blog\/2009\/01\/21\/ferhat-dinosa-ne-moze-se-biti-albanski-patriota-i-pravoslavni-zet\/#webpage\",\"url\":\"https:\/\/www.visit-ulcinj.com\/blog\/2009\/01\/21\/ferhat-dinosa-ne-moze-se-biti-albanski-patriota-i-pravoslavni-zet\/\",\"name\":\"Ferhat Dino\u0161a: Ne mo\u017ee se biti albanski patriota i pravoslavni zet - Lajme nga Ulqini\",\"isPartOf\":{\"@id\":\"https:\/\/www.visit-ulcinj.com\/blog\/#website\"},\"primaryImageOfPage\":{\"@id\":\"https:\/\/www.visit-ulcinj.com\/blog\/2009\/01\/21\/ferhat-dinosa-ne-moze-se-biti-albanski-patriota-i-pravoslavni-zet\/#primaryimage\"},\"datePublished\":\"2009-01-21T00:09:24+00:00\",\"dateModified\":\"2009-01-21T00:09:28+00:00\",\"author\":{\"@id\":\"https:\/\/www.visit-ulcinj.com\/blog\/#\/schema\/person\/dcab619c614d3038751c63bc2aadc06d\"},\"description\":\"Ali sada kada ste se o\u017eenili pravoslavkom, pale su maske. Ljubav zna da bude iznad svega, ali nemojte nam vi\u0161e prodavati patriotizam, poru?io je Dino\u0161a u\",\"breadcrumb\":{\"@id\":\"https:\/\/www.visit-ulcinj.com\/blog\/2009\/01\/21\/ferhat-dinosa-ne-moze-se-biti-albanski-patriota-i-pravoslavni-zet\/#breadcrumb\"},\"inLanguage\":\"en-US\",\"potentialAction\":[{\"@type\":\"ReadAction\",\"target\":[\"https:\/\/www.visit-ulcinj.com\/blog\/2009\/01\/21\/ferhat-dinosa-ne-moze-se-biti-albanski-patriota-i-pravoslavni-zet\/\"]}]},{\"@type\":\"BreadcrumbList\",\"@id\":\"https:\/\/www.visit-ulcinj.com\/blog\/2009\/01\/21\/ferhat-dinosa-ne-moze-se-biti-albanski-patriota-i-pravoslavni-zet\/#breadcrumb\",\"itemListElement\":[{\"@type\":\"ListItem\",\"position\":1,\"name\":\"Ferhat Dino\u0161a: Ne mo\u017ee se biti albanski patriota i pravoslavni zet\"}]},{\"@type\":\"Person\",\"@id\":\"https:\/\/www.visit-ulcinj.com\/blog\/#\/schema\/person\/dcab619c614d3038751c63bc2aadc06d\",\"name\":\"ulqini\",\"sameAs\":[\"http:\/\/www.visit-ulcinj.com\"],\"url\":\"https:\/\/www.visit-ulcinj.com\/blog\/author\/admin\/\"}]}<\/script>\n<!-- \/ Yoast SEO plugin. -->","yoast_head_json":{"title":"Ferhat Dino\u0161a: Ne mo\u017ee se biti albanski patriota i pravoslavni zet - Lajme nga Ulqini","description":"Ali sada kada ste se o\u017eenili pravoslavkom, pale su maske. Ljubav zna da bude iznad svega, ali nemojte nam vi\u0161e prodavati patriotizam, poru?io je Dino\u0161a u","robots":{"index":"index","follow":"follow","max-snippet":"max-snippet:-1","max-image-preview":"max-image-preview:large","max-video-preview":"max-video-preview:-1"},"canonical":"https:\/\/www.visit-ulcinj.com\/blog\/2009\/01\/21\/ferhat-dinosa-ne-moze-se-biti-albanski-patriota-i-pravoslavni-zet\/","og_locale":"en_US","og_type":"article","og_title":"Ferhat Dino\u0161a: Ne mo\u017ee se biti albanski patriota i pravoslavni zet - Lajme nga Ulqini","og_description":"Ali sada kada ste se o\u017eenili pravoslavkom, pale su maske. Ljubav zna da bude iznad svega, ali nemojte nam vi\u0161e prodavati patriotizam, poru?io je Dino\u0161a u","og_url":"https:\/\/www.visit-ulcinj.com\/blog\/2009\/01\/21\/ferhat-dinosa-ne-moze-se-biti-albanski-patriota-i-pravoslavni-zet\/","og_site_name":"Lajme nga Ulqini","article_published_time":"2009-01-21T00:09:24+00:00","article_modified_time":"2009-01-21T00:09:28+00:00","og_image":[{"url":"http:\/\/www.visit-ulcinj.com\/blog\/wp-content\/uploads\/2009\/01\/dinosha_gjeloshaj.jpg"}],"twitter_misc":{"Written by":"ulqini","Est. reading time":"3 minutes"},"schema":{"@context":"https:\/\/schema.org","@graph":[{"@type":"WebSite","@id":"https:\/\/www.visit-ulcinj.com\/blog\/#website","url":"https:\/\/www.visit-ulcinj.com\/blog\/","name":"Lajme nga Ulqini","description":"Lajme,Vijesti,Ulqini,Ulqin,Crna Gora,Mali i Zi","potentialAction":[{"@type":"SearchAction","target":{"@type":"EntryPoint","urlTemplate":"https:\/\/www.visit-ulcinj.com\/blog\/?s={search_term_string}"},"query-input":"required name=search_term_string"}],"inLanguage":"en-US"},{"@type":"ImageObject","inLanguage":"en-US","@id":"https:\/\/www.visit-ulcinj.com\/blog\/2009\/01\/21\/ferhat-dinosa-ne-moze-se-biti-albanski-patriota-i-pravoslavni-zet\/#primaryimage","url":"https:\/\/www.visit-ulcinj.com\/blog\/wp-content\/uploads\/2009\/01\/dinosha_gjeloshaj.jpg","contentUrl":"https:\/\/www.visit-ulcinj.com\/blog\/wp-content\/uploads\/2009\/01\/dinosha_gjeloshaj.jpg","width":"320","height":"206"},{"@type":"WebPage","@id":"https:\/\/www.visit-ulcinj.com\/blog\/2009\/01\/21\/ferhat-dinosa-ne-moze-se-biti-albanski-patriota-i-pravoslavni-zet\/#webpage","url":"https:\/\/www.visit-ulcinj.com\/blog\/2009\/01\/21\/ferhat-dinosa-ne-moze-se-biti-albanski-patriota-i-pravoslavni-zet\/","name":"Ferhat Dino\u0161a: Ne mo\u017ee se biti albanski patriota i pravoslavni zet - Lajme nga Ulqini","isPartOf":{"@id":"https:\/\/www.visit-ulcinj.com\/blog\/#website"},"primaryImageOfPage":{"@id":"https:\/\/www.visit-ulcinj.com\/blog\/2009\/01\/21\/ferhat-dinosa-ne-moze-se-biti-albanski-patriota-i-pravoslavni-zet\/#primaryimage"},"datePublished":"2009-01-21T00:09:24+00:00","dateModified":"2009-01-21T00:09:28+00:00","author":{"@id":"https:\/\/www.visit-ulcinj.com\/blog\/#\/schema\/person\/dcab619c614d3038751c63bc2aadc06d"},"description":"Ali sada kada ste se o\u017eenili pravoslavkom, pale su maske. Ljubav zna da bude iznad svega, ali nemojte nam vi\u0161e prodavati patriotizam, poru?io je Dino\u0161a u","breadcrumb":{"@id":"https:\/\/www.visit-ulcinj.com\/blog\/2009\/01\/21\/ferhat-dinosa-ne-moze-se-biti-albanski-patriota-i-pravoslavni-zet\/#breadcrumb"},"inLanguage":"en-US","potentialAction":[{"@type":"ReadAction","target":["https:\/\/www.visit-ulcinj.com\/blog\/2009\/01\/21\/ferhat-dinosa-ne-moze-se-biti-albanski-patriota-i-pravoslavni-zet\/"]}]},{"@type":"BreadcrumbList","@id":"https:\/\/www.visit-ulcinj.com\/blog\/2009\/01\/21\/ferhat-dinosa-ne-moze-se-biti-albanski-patriota-i-pravoslavni-zet\/#breadcrumb","itemListElement":[{"@type":"ListItem","position":1,"name":"Ferhat Dino\u0161a: Ne mo\u017ee se biti albanski patriota i pravoslavni zet"}]},{"@type":"Person","@id":"https:\/\/www.visit-ulcinj.com\/blog\/#\/schema\/person\/dcab619c614d3038751c63bc2aadc06d","name":"ulqini","sameAs":["http:\/\/www.visit-ulcinj.com"],"url":"https:\/\/www.visit-ulcinj.com\/blog\/author\/admin\/"}]}},"jetpack_featured_media_url":"","jetpack_sharing_enabled":true,"jetpack_shortlink":"https:\/\/wp.me\/pe6lTn-2sG","_links":{"self":[{"href":"https:\/\/www.visit-ulcinj.com\/blog\/wp-json\/wp\/v2\/posts\/9466"}],"collection":[{"href":"https:\/\/www.visit-ulcinj.com\/blog\/wp-json\/wp\/v2\/posts"}],"about":[{"href":"https:\/\/www.visit-ulcinj.com\/blog\/wp-json\/wp\/v2\/types\/post"}],"author":[{"embeddable":true,"href":"https:\/\/www.visit-ulcinj.com\/blog\/wp-json\/wp\/v2\/users\/1"}],"replies":[{"embeddable":true,"href":"https:\/\/www.visit-ulcinj.com\/blog\/wp-json\/wp\/v2\/comments?post=9466"}],"version-history":[{"count":0,"href":"https:\/\/www.visit-ulcinj.com\/blog\/wp-json\/wp\/v2\/posts\/9466\/revisions"}],"wp:attachment":[{"href":"https:\/\/www.visit-ulcinj.com\/blog\/wp-json\/wp\/v2\/media?parent=9466"}],"wp:term":[{"taxonomy":"category","embeddable":true,"href":"https:\/\/www.visit-ulcinj.com\/blog\/wp-json\/wp\/v2\/categories?post=9466"},{"taxonomy":"post_tag","embeddable":true,"href":"https:\/\/www.visit-ulcinj.com\/blog\/wp-json\/wp\/v2\/tags?post=9466"}],"curies":[{"name":"wp","href":"https:\/\/api.w.org\/{rel}","templated":true}]}}