{"id":94669,"date":"2016-02-18T11:21:45","date_gmt":"2016-02-18T10:21:45","guid":{"rendered":"http:\/\/www.visit-ulcinj.com\/blog\/?p=94669"},"modified":"2016-02-18T11:21:45","modified_gmt":"2016-02-18T10:21:45","slug":"cetkovic-deka-hadzibeti-da-podnesu-ostavke","status":"publish","type":"post","link":"https:\/\/www.visit-ulcinj.com\/blog\/2016\/02\/18\/cetkovic-deka-hadzibeti-da-podnesu-ostavke\/","title":{"rendered":"\u0106etkovi\u0107: \u0110eka i Had\u017eibeti da podnesu ostavke"},"content":{"rendered":"<p><span class=\"tekstcijeli\"><span class=\"kapital\"><a href=\"http:\/\/www.visit-ulcinj.com\/blog\/wp-content\/uploads\/2016\/02\/Fatmir-Gjeka-Fuad-Haxhibeti-Komuna-Ulqin-.jpg\"><img loading=\"lazy\" class=\"alignleft wp-image-94670\" src=\"http:\/\/www.visit-ulcinj.com\/blog\/wp-content\/uploads\/2016\/02\/Fatmir-Gjeka-Fuad-Haxhibeti-Komuna-Ulqin-.jpg\" alt=\"Fatmir-Gjeka-Fuad-Haxhibeti-Komuna-Ulqin-\" width=\"508\" height=\"339\" srcset=\"https:\/\/www.visit-ulcinj.com\/blog\/wp-content\/uploads\/2016\/02\/Fatmir-Gjeka-Fuad-Haxhibeti-Komuna-Ulqin-.jpg 720w, https:\/\/www.visit-ulcinj.com\/blog\/wp-content\/uploads\/2016\/02\/Fatmir-Gjeka-Fuad-Haxhibeti-Komuna-Ulqin--300x200.jpg 300w\" sizes=\"(max-width: 508px) 100vw, 508px\" \/><\/a>U<\/span>L\u00adCINj- Van\u00adred\u00adna sjed\u00adni\u00adca lo\u00adkal\u00adnog par\u00adla\u00admen\u00adta na ko\u00adjoj je od\u00adbor\u00adni\u00adci tre\u00adba\u00adlo da se iz\u00adja\u00adsne o vi\u00ad\u0161e iz\u00admje\u00adna i do\u00adpu\u00adna de\u00adta\u00adlja\u00adnih ur\u00adba\u00adni\u00adsti\u010d\u00adkih pla\u00adno\u00adva od\u00adlo\u00ad\u017ee\u00adna je za na\u00adred\u00adnu ne\u00addje\u00adlju zbog ne\u00addo\u00adstat\u00adka kvo\u00adru\u00adma. U skup\u00ad\u0161tin\u00adskoj sa\u00adli u za\u00adka\u00adza\u00adno vri\u00adje\u00adme po\u00adja\u00advi\u00adlo se sve\u00adga de\u00adse\u00adtak od\u00adbor\u00adni\u00adka pa pred\u00adsjed\u00adni\u00adku SO ni\u00adje osta\u00adlo ni\u00ad\u0161ta dru\u00adgo ne\u00adgo da sjed\u00adni\u00adcu od\u00adlo\u00ad\u017ei.<br \/>\n\u2013Ne\u00adma\u00admo kvo\u00adrum i ne mo\u00ad\u017ee\u00admo ra\u00addi\u00adti. Sjed\u00adni\u00adcu \u0107e\u00admo odr\u00ad\u017ea\u00adti na\u00adred\u00adne ne\u00addje\u00adlje, a o da\u00adtu\u00admu i vre\u00adme\u00adnu od\u00adbor\u00adni\u00adci \u0107e bi\u00adti na\u00adknad\u00adno oba\u00advi\u00adje\u00ad\u0161te\u00adni. O\u010de\u00adku\u00adjem da do\u00adtad skup\u00ad\u0161tin\u00adski od\u00adbo\u00adri odr\u00ad\u017ee sa\u00adstan\u00adke i da\u00adju mi\u00ad\u0161lje\u00adnje o pred\u00adlo\u00ad\u017ee\u00adnim ta\u010d\u00adka\u00adma, s ob\u00adzi\u00adrom na to da do da\u00adnas ni\u00adsu za\u00adsje\u00adda\u00adli iako je tre\u00adba\u00adlo, ka\u00adzao je pred\u00adsjed\u00adnik SO Fu\u00adad Ha\u00add\u017ei\u00adbe\u00adti. Na dnev\u00adnom re\u00addu na\u00adla\u00adze se pred\u00adlo\u00adzi od\u00adlu\u00adka o iz\u00admje\u00adna\u00adma i do\u00adpu\u00adna\u00adma DUP-a \u201eUl\u00adcinj grad\u201d za lo\u00adka\u00adli\u00adte\u00adte \u201eLi\u00adman 1\u201d, do\u00adno\u00ad\u0161e\u00adnje DUP-a \u201eKo\u00addre 1\u201d te iz\u00admje\u00adne i do\u00adpu\u00adne za od\u00adre\u00ad\u0111e\u00adne ur\u00adba\u00adni\u00adsti\u010d\u00adke i ka\u00adta\u00adstar\u00adske par\u00adce\u00adle u za\u00adhva\u00adtu ID DUP-a \u201eUl\u00adcinj grad\u201d za lo\u00adka\u00adli\u00adte\u00adte: \u201ePri\u00adstan\u201d, \u201ePi\u00adnje\u0161 1\u201d, \u201ePi\u00adnje\u0161 2\u201d, \u201eMe\u00adte\u00adri\u00adzi 1\u201d i \u201eUl\u00adcinj\u00adsko po\u00adlje\u201d. Od\u00adbor\u00adni\u00adci tre\u00adba da ras\u00adpra\u00advlja\u00adju o Pla\u00adnu pri\u00advre\u00adme\u00adnih obje\u00adka\u00adta za 2016. go\u00addi\u00adnu, kao i o da\u00adva\u00adnju sa\u00adgla\u00adsno\u00adsti za iz\u00adbor glav\u00adnog ad\u00admi\u00adni\u00adstra\u00adto\u00adra. Od\u00adbor\u00adnik SNP-a An\u00addri\u00adja \u0106et\u00adko\u00advi\u0107 oci\u00adje\u00adnio je da je po\u00adna\u00ad\u0161a\u00adnje par\u00adti\u00adja ko\u00adje vr\u00ad\u0161e vlast u Ul\u00adci\u00adnju neo\u00adzbilj\u00adno, te da bi pred\u00adsjed\u00adnik Op\u00ad\u0161ti\u00adne Fat\u00admir \u0110e\u00adka i pred\u00adsjed\u00adnik Skup\u00ad\u0161ti\u00adne Fu\u00adad Ha\u00add\u017ei\u00adbe\u00adti tre\u00adba\u00adlo da pod\u00adne\u00adsu ostav\u00adke.<br \/>\n\u2013S ob\u00adzi\u00adrom na to da je \u0110e\u00adka pod\u00adnio ini\u00adci\u00adja\u00adti\u00advu, a Ha\u00add\u017ei\u00adbe\u00adti na\u00adkon ne\u00adko\u00adli\u00adko ko\u00adle\u00adgi\u00adju\u00adma sa\u00adzvao sjed\u00adni\u00adcu ne\u00adshva\u00adtlji\u00advo je da ve\u00ad\u0107i\u00adna od\u00adbor\u00adni\u00adka vla\u00adda\u00adju\u00ad\u0107ih par\u00adti\u00adja boj\u00adko\u00adtu\u00adje sjed\u00adni\u00adcu. To naj\u00adbo\u00adlje po\u00adka\u00adzu\u00adje ka\u00adko se oni od\u00adno\u00adse pre\u00adma in\u00adte\u00adre\u00adsi\u00adma gra\u00ad\u0111a\u00adna i ko\u00adli\u00adko ih oni uop\u00ad\u0161te za\u00adni\u00adma\u00adju, re\u00adkao je \u0106et\u00adko\u00advi\u0107. Ka\u00adko sa\u00adzna\u00adje\u00admo, pred\u00adjed\u00adnik Op\u00ad\u0161ti\u00adne Fat\u00admir \u0110e\u00adka, ko\u00adji je ini\u00adci\u00adrao van\u00adred\u00adnu sjed\u00adni\u00adcu, upu\u00adtio je ini\u00adci\u00adja\u00adti\u00advu za odr\u00ad\u017ea\u00adva\u00adnje jo\u0161 jed\u00adne van\u00adred\u00adne sjed\u00adni\u00adce na ko\u00adjoj bi se ras\u00adpra\u00advlja\u00adlo o do\u00adkom\u00adple\u00adti\u00adra\u00adnju ur\u00adba\u00adni\u00adsti\u010d\u00adkih par\u00adce\u00adla, ko\u00adje \u010de\u00adka ve\u00adli\u00adki broj gra\u00ad\u0111a\u00adna. Pod\u00adsje\u00adti\u00admo, skup\u00ad\u0161tin\u00adska slu\u00ad\u017eba, od\u00adno\u00adsno pred\u00adsjed\u00adnik SO upu\u00adtio je od\u00adbor\u00adni\u00adci\u00adma jo\u0161 kra\u00adjem ja\u00adnu\u00ada\u00adra pred\u00adlog dnev\u00adnog re\u00adda na kom su uglav\u00adnom plan\u00adski do\u00adku\u00admen\u00adti, ko\u00adji su pret\u00adhod\u00adno pro\u00ad\u0161li sve za\u00adkon\u00adske pro\u00adce\u00addu\u00adre i ve\u0107 du\u00ad\u017ee vri\u00adje\u00adme \u010de\u00adka\u00adju na usva\u00adja\u00adnje. Od\u00adbor\u00adni\u010d\u00adki klu\u00adbo\u00advi su u me\u00ad\u0111u\u00advre\u00adme\u00adnu po\u00adsti\u00adgli sa\u00adgla\u00adsnost da se sjed\u00adni\u00adca odr\u00ad\u017ei.<br \/>\n<strong>M.K. <\/strong><\/span><\/p>\n<p><strong>Izvor: DAN<\/strong><\/p>\n","protected":false},"excerpt":{"rendered":"<p>UL\u00adCINj- Van\u00adred\u00adna sjed\u00adni\u00adca lo\u00adkal\u00adnog par\u00adla\u00admen\u00adta na ko\u00adjoj je od\u00adbor\u00adni\u00adci tre\u00adba\u00adlo da se iz\u00adja\u00adsne o vi\u00ad\u0161e iz\u00admje\u00adna i do\u00adpu\u00adna de\u00adta\u00adlja\u00adnih ur\u00adba\u00adni\u00adsti\u010d\u00adkih pla\u00adno\u00adva od\u00adlo\u00ad\u017ee\u00adna je za na\u00adred\u00adnu ne\u00addje\u00adlju zbog ne\u00addo\u00adstat\u00adka kvo\u00adru\u00adma. U skup\u00ad\u0161tin\u00adskoj sa\u00adli u za\u00adka\u00adza\u00adno vri\u00adje\u00adme po\u00adja\u00advi\u00adlo se sve\u00adga de\u00adse\u00adtak od\u00adbor\u00adni\u00adka pa pred\u00adsjed\u00adni\u00adku SO ni\u00adje osta\u00adlo ni\u00ad\u0161ta dru\u00adgo ne\u00adgo da sjed\u00adni\u00adcu od\u00adlo\u00ad\u017ei. \u2013Ne\u00adma\u00admo kvo\u00adrum i ne [&hellip;]<\/p>\n","protected":false},"author":1,"featured_media":0,"comment_status":"closed","ping_status":"closed","sticky":false,"template":"","format":"standard","meta":{"spay_email":"","jetpack_publicize_message":"","jetpack_is_tweetstorm":false,"jetpack_publicize_feature_enabled":true},"categories":[8337],"tags":[],"jetpack_publicize_connections":[],"yoast_head":"<!-- This site is optimized with the Yoast SEO plugin v19.1 - https:\/\/yoast.com\/wordpress\/plugins\/seo\/ -->\n<title>\u0106etkovi\u0107: \u0110eka i Had\u017eibeti da podnesu ostavke - Lajme nga Ulqini<\/title>\n<meta name=\"description\" content=\"UL\u00adCINj- Van\u00adred\u00adna sjed\u00adni\u00adca lo\u00adkal\u00adnog par\u00adla\u00admen\u00adta na ko\u00adjoj je od\u00adbor\u00adni\u00adci tre\u00adba\u00adlo da se iz\u00adja\u00adsne o vi\u00ad\u0161e iz\u00admje\u00adna i do\u00adpu\u00adna de\u00adta\u00adlja\u00adnih\" \/>\n<meta name=\"robots\" content=\"index, follow, max-snippet:-1, max-image-preview:large, max-video-preview:-1\" \/>\n<link rel=\"canonical\" href=\"https:\/\/www.visit-ulcinj.com\/blog\/2016\/02\/18\/cetkovic-deka-hadzibeti-da-podnesu-ostavke\/\" \/>\n<meta property=\"og:locale\" content=\"en_US\" \/>\n<meta property=\"og:type\" content=\"article\" \/>\n<meta property=\"og:title\" content=\"\u0106etkovi\u0107: \u0110eka i Had\u017eibeti da podnesu ostavke - Lajme nga Ulqini\" \/>\n<meta property=\"og:description\" content=\"UL\u00adCINj- Van\u00adred\u00adna sjed\u00adni\u00adca lo\u00adkal\u00adnog par\u00adla\u00admen\u00adta na ko\u00adjoj je od\u00adbor\u00adni\u00adci tre\u00adba\u00adlo da se iz\u00adja\u00adsne o vi\u00ad\u0161e iz\u00admje\u00adna i do\u00adpu\u00adna de\u00adta\u00adlja\u00adnih\" \/>\n<meta property=\"og:url\" content=\"https:\/\/www.visit-ulcinj.com\/blog\/2016\/02\/18\/cetkovic-deka-hadzibeti-da-podnesu-ostavke\/\" \/>\n<meta property=\"og:site_name\" content=\"Lajme nga Ulqini\" \/>\n<meta property=\"article:published_time\" content=\"2016-02-18T10:21:45+00:00\" \/>\n<meta property=\"og:image\" content=\"http:\/\/www.visit-ulcinj.com\/blog\/wp-content\/uploads\/2016\/02\/Fatmir-Gjeka-Fuad-Haxhibeti-Komuna-Ulqin-.jpg\" \/>\n<meta name=\"twitter:label1\" content=\"Written by\" \/>\n\t<meta name=\"twitter:data1\" content=\"ulqini\" \/>\n\t<meta name=\"twitter:label2\" content=\"Est. reading time\" \/>\n\t<meta name=\"twitter:data2\" content=\"4 minutes\" \/>\n<script type=\"application\/ld+json\" class=\"yoast-schema-graph\">{\"@context\":\"https:\/\/schema.org\",\"@graph\":[{\"@type\":\"WebSite\",\"@id\":\"https:\/\/www.visit-ulcinj.com\/blog\/#website\",\"url\":\"https:\/\/www.visit-ulcinj.com\/blog\/\",\"name\":\"Lajme nga Ulqini\",\"description\":\"Lajme,Vijesti,Ulqini,Ulqin,Crna Gora,Mali i Zi\",\"potentialAction\":[{\"@type\":\"SearchAction\",\"target\":{\"@type\":\"EntryPoint\",\"urlTemplate\":\"https:\/\/www.visit-ulcinj.com\/blog\/?s={search_term_string}\"},\"query-input\":\"required name=search_term_string\"}],\"inLanguage\":\"en-US\"},{\"@type\":\"ImageObject\",\"inLanguage\":\"en-US\",\"@id\":\"https:\/\/www.visit-ulcinj.com\/blog\/2016\/02\/18\/cetkovic-deka-hadzibeti-da-podnesu-ostavke\/#primaryimage\",\"url\":\"https:\/\/www.visit-ulcinj.com\/blog\/wp-content\/uploads\/2016\/02\/Fatmir-Gjeka-Fuad-Haxhibeti-Komuna-Ulqin-.jpg\",\"contentUrl\":\"https:\/\/www.visit-ulcinj.com\/blog\/wp-content\/uploads\/2016\/02\/Fatmir-Gjeka-Fuad-Haxhibeti-Komuna-Ulqin-.jpg\",\"width\":720,\"height\":480},{\"@type\":\"WebPage\",\"@id\":\"https:\/\/www.visit-ulcinj.com\/blog\/2016\/02\/18\/cetkovic-deka-hadzibeti-da-podnesu-ostavke\/#webpage\",\"url\":\"https:\/\/www.visit-ulcinj.com\/blog\/2016\/02\/18\/cetkovic-deka-hadzibeti-da-podnesu-ostavke\/\",\"name\":\"\u0106etkovi\u0107: \u0110eka i Had\u017eibeti da podnesu ostavke - Lajme nga Ulqini\",\"isPartOf\":{\"@id\":\"https:\/\/www.visit-ulcinj.com\/blog\/#website\"},\"primaryImageOfPage\":{\"@id\":\"https:\/\/www.visit-ulcinj.com\/blog\/2016\/02\/18\/cetkovic-deka-hadzibeti-da-podnesu-ostavke\/#primaryimage\"},\"datePublished\":\"2016-02-18T10:21:45+00:00\",\"dateModified\":\"2016-02-18T10:21:45+00:00\",\"author\":{\"@id\":\"https:\/\/www.visit-ulcinj.com\/blog\/#\/schema\/person\/dcab619c614d3038751c63bc2aadc06d\"},\"description\":\"UL\u00adCINj- Van\u00adred\u00adna sjed\u00adni\u00adca lo\u00adkal\u00adnog par\u00adla\u00admen\u00adta na ko\u00adjoj je od\u00adbor\u00adni\u00adci tre\u00adba\u00adlo da se iz\u00adja\u00adsne o vi\u00ad\u0161e iz\u00admje\u00adna i do\u00adpu\u00adna de\u00adta\u00adlja\u00adnih\",\"breadcrumb\":{\"@id\":\"https:\/\/www.visit-ulcinj.com\/blog\/2016\/02\/18\/cetkovic-deka-hadzibeti-da-podnesu-ostavke\/#breadcrumb\"},\"inLanguage\":\"en-US\",\"potentialAction\":[{\"@type\":\"ReadAction\",\"target\":[\"https:\/\/www.visit-ulcinj.com\/blog\/2016\/02\/18\/cetkovic-deka-hadzibeti-da-podnesu-ostavke\/\"]}]},{\"@type\":\"BreadcrumbList\",\"@id\":\"https:\/\/www.visit-ulcinj.com\/blog\/2016\/02\/18\/cetkovic-deka-hadzibeti-da-podnesu-ostavke\/#breadcrumb\",\"itemListElement\":[{\"@type\":\"ListItem\",\"position\":1,\"name\":\"\u0106etkovi\u0107: \u0110eka i Had\u017eibeti da podnesu ostavke\"}]},{\"@type\":\"Person\",\"@id\":\"https:\/\/www.visit-ulcinj.com\/blog\/#\/schema\/person\/dcab619c614d3038751c63bc2aadc06d\",\"name\":\"ulqini\",\"sameAs\":[\"http:\/\/www.visit-ulcinj.com\"],\"url\":\"https:\/\/www.visit-ulcinj.com\/blog\/author\/admin\/\"}]}<\/script>\n<!-- \/ Yoast SEO plugin. -->","yoast_head_json":{"title":"\u0106etkovi\u0107: \u0110eka i Had\u017eibeti da podnesu ostavke - Lajme nga Ulqini","description":"UL\u00adCINj- Van\u00adred\u00adna sjed\u00adni\u00adca lo\u00adkal\u00adnog par\u00adla\u00admen\u00adta na ko\u00adjoj je od\u00adbor\u00adni\u00adci tre\u00adba\u00adlo da se iz\u00adja\u00adsne o vi\u00ad\u0161e iz\u00admje\u00adna i do\u00adpu\u00adna de\u00adta\u00adlja\u00adnih","robots":{"index":"index","follow":"follow","max-snippet":"max-snippet:-1","max-image-preview":"max-image-preview:large","max-video-preview":"max-video-preview:-1"},"canonical":"https:\/\/www.visit-ulcinj.com\/blog\/2016\/02\/18\/cetkovic-deka-hadzibeti-da-podnesu-ostavke\/","og_locale":"en_US","og_type":"article","og_title":"\u0106etkovi\u0107: \u0110eka i Had\u017eibeti da podnesu ostavke - Lajme nga Ulqini","og_description":"UL\u00adCINj- Van\u00adred\u00adna sjed\u00adni\u00adca lo\u00adkal\u00adnog par\u00adla\u00admen\u00adta na ko\u00adjoj je od\u00adbor\u00adni\u00adci tre\u00adba\u00adlo da se iz\u00adja\u00adsne o vi\u00ad\u0161e iz\u00admje\u00adna i do\u00adpu\u00adna de\u00adta\u00adlja\u00adnih","og_url":"https:\/\/www.visit-ulcinj.com\/blog\/2016\/02\/18\/cetkovic-deka-hadzibeti-da-podnesu-ostavke\/","og_site_name":"Lajme nga Ulqini","article_published_time":"2016-02-18T10:21:45+00:00","og_image":[{"url":"http:\/\/www.visit-ulcinj.com\/blog\/wp-content\/uploads\/2016\/02\/Fatmir-Gjeka-Fuad-Haxhibeti-Komuna-Ulqin-.jpg"}],"twitter_misc":{"Written by":"ulqini","Est. reading time":"4 minutes"},"schema":{"@context":"https:\/\/schema.org","@graph":[{"@type":"WebSite","@id":"https:\/\/www.visit-ulcinj.com\/blog\/#website","url":"https:\/\/www.visit-ulcinj.com\/blog\/","name":"Lajme nga Ulqini","description":"Lajme,Vijesti,Ulqini,Ulqin,Crna Gora,Mali i Zi","potentialAction":[{"@type":"SearchAction","target":{"@type":"EntryPoint","urlTemplate":"https:\/\/www.visit-ulcinj.com\/blog\/?s={search_term_string}"},"query-input":"required name=search_term_string"}],"inLanguage":"en-US"},{"@type":"ImageObject","inLanguage":"en-US","@id":"https:\/\/www.visit-ulcinj.com\/blog\/2016\/02\/18\/cetkovic-deka-hadzibeti-da-podnesu-ostavke\/#primaryimage","url":"https:\/\/www.visit-ulcinj.com\/blog\/wp-content\/uploads\/2016\/02\/Fatmir-Gjeka-Fuad-Haxhibeti-Komuna-Ulqin-.jpg","contentUrl":"https:\/\/www.visit-ulcinj.com\/blog\/wp-content\/uploads\/2016\/02\/Fatmir-Gjeka-Fuad-Haxhibeti-Komuna-Ulqin-.jpg","width":720,"height":480},{"@type":"WebPage","@id":"https:\/\/www.visit-ulcinj.com\/blog\/2016\/02\/18\/cetkovic-deka-hadzibeti-da-podnesu-ostavke\/#webpage","url":"https:\/\/www.visit-ulcinj.com\/blog\/2016\/02\/18\/cetkovic-deka-hadzibeti-da-podnesu-ostavke\/","name":"\u0106etkovi\u0107: \u0110eka i Had\u017eibeti da podnesu ostavke - Lajme nga Ulqini","isPartOf":{"@id":"https:\/\/www.visit-ulcinj.com\/blog\/#website"},"primaryImageOfPage":{"@id":"https:\/\/www.visit-ulcinj.com\/blog\/2016\/02\/18\/cetkovic-deka-hadzibeti-da-podnesu-ostavke\/#primaryimage"},"datePublished":"2016-02-18T10:21:45+00:00","dateModified":"2016-02-18T10:21:45+00:00","author":{"@id":"https:\/\/www.visit-ulcinj.com\/blog\/#\/schema\/person\/dcab619c614d3038751c63bc2aadc06d"},"description":"UL\u00adCINj- Van\u00adred\u00adna sjed\u00adni\u00adca lo\u00adkal\u00adnog par\u00adla\u00admen\u00adta na ko\u00adjoj je od\u00adbor\u00adni\u00adci tre\u00adba\u00adlo da se iz\u00adja\u00adsne o vi\u00ad\u0161e iz\u00admje\u00adna i do\u00adpu\u00adna de\u00adta\u00adlja\u00adnih","breadcrumb":{"@id":"https:\/\/www.visit-ulcinj.com\/blog\/2016\/02\/18\/cetkovic-deka-hadzibeti-da-podnesu-ostavke\/#breadcrumb"},"inLanguage":"en-US","potentialAction":[{"@type":"ReadAction","target":["https:\/\/www.visit-ulcinj.com\/blog\/2016\/02\/18\/cetkovic-deka-hadzibeti-da-podnesu-ostavke\/"]}]},{"@type":"BreadcrumbList","@id":"https:\/\/www.visit-ulcinj.com\/blog\/2016\/02\/18\/cetkovic-deka-hadzibeti-da-podnesu-ostavke\/#breadcrumb","itemListElement":[{"@type":"ListItem","position":1,"name":"\u0106etkovi\u0107: \u0110eka i Had\u017eibeti da podnesu ostavke"}]},{"@type":"Person","@id":"https:\/\/www.visit-ulcinj.com\/blog\/#\/schema\/person\/dcab619c614d3038751c63bc2aadc06d","name":"ulqini","sameAs":["http:\/\/www.visit-ulcinj.com"],"url":"https:\/\/www.visit-ulcinj.com\/blog\/author\/admin\/"}]}},"jetpack_featured_media_url":"","jetpack_sharing_enabled":true,"jetpack_shortlink":"https:\/\/wp.me\/pe6lTn-oCV","_links":{"self":[{"href":"https:\/\/www.visit-ulcinj.com\/blog\/wp-json\/wp\/v2\/posts\/94669"}],"collection":[{"href":"https:\/\/www.visit-ulcinj.com\/blog\/wp-json\/wp\/v2\/posts"}],"about":[{"href":"https:\/\/www.visit-ulcinj.com\/blog\/wp-json\/wp\/v2\/types\/post"}],"author":[{"embeddable":true,"href":"https:\/\/www.visit-ulcinj.com\/blog\/wp-json\/wp\/v2\/users\/1"}],"replies":[{"embeddable":true,"href":"https:\/\/www.visit-ulcinj.com\/blog\/wp-json\/wp\/v2\/comments?post=94669"}],"version-history":[{"count":1,"href":"https:\/\/www.visit-ulcinj.com\/blog\/wp-json\/wp\/v2\/posts\/94669\/revisions"}],"predecessor-version":[{"id":94671,"href":"https:\/\/www.visit-ulcinj.com\/blog\/wp-json\/wp\/v2\/posts\/94669\/revisions\/94671"}],"wp:attachment":[{"href":"https:\/\/www.visit-ulcinj.com\/blog\/wp-json\/wp\/v2\/media?parent=94669"}],"wp:term":[{"taxonomy":"category","embeddable":true,"href":"https:\/\/www.visit-ulcinj.com\/blog\/wp-json\/wp\/v2\/categories?post=94669"},{"taxonomy":"post_tag","embeddable":true,"href":"https:\/\/www.visit-ulcinj.com\/blog\/wp-json\/wp\/v2\/tags?post=94669"}],"curies":[{"name":"wp","href":"https:\/\/api.w.org\/{rel}","templated":true}]}}