{"id":94697,"date":"2016-02-19T09:06:15","date_gmt":"2016-02-19T08:06:15","guid":{"rendered":"http:\/\/www.visit-ulcinj.com\/blog\/?p=94697"},"modified":"2016-02-19T09:06:15","modified_gmt":"2016-02-19T08:06:15","slug":"frika-nga-zhdukja-e-shqiptareve-ne-male-te-zi","status":"publish","type":"post","link":"https:\/\/www.visit-ulcinj.com\/blog\/2016\/02\/19\/frika-nga-zhdukja-e-shqiptareve-ne-male-te-zi\/","title":{"rendered":"Frika nga zhdukja e shqiptar\u00ebve n\u00eb Mal\u00eb t\u00eb Zi"},"content":{"rendered":"<p><a href=\"http:\/\/www.visit-ulcinj.com\/blog\/wp-content\/uploads\/2016\/02\/Dritan-Abazovic-.jpg\"><img loading=\"lazy\" class=\"alignleft wp-image-94698\" src=\"http:\/\/www.visit-ulcinj.com\/blog\/wp-content\/uploads\/2016\/02\/Dritan-Abazovic-.jpg\" alt=\"Dritan-Abazovic-\" width=\"508\" height=\"338\" srcset=\"https:\/\/www.visit-ulcinj.com\/blog\/wp-content\/uploads\/2016\/02\/Dritan-Abazovic-.jpg 548w, https:\/\/www.visit-ulcinj.com\/blog\/wp-content\/uploads\/2016\/02\/Dritan-Abazovic--300x200.jpg 300w\" sizes=\"(max-width: 508px) 100vw, 508px\" \/><\/a>Ulqinaku Dritan Abazi(ovi\u00e7) \u00ebsht\u00eb deputeti m\u00eb i ri i Kuvendit t\u00eb Malit t\u00eb Zi. Ky politologu i ri me p\u00ebrkat\u00ebsi nacionale shqiptare n\u00eb bankat paralamentare avokon drejtat e pakicave, por edhe t\u00eb Iniciativ\u00ebs Akcioni i bashkuar reformator.<\/p>\n<p>N\u00eb bised\u00eb me banor\u00ebt e Ulqinit, sikur me njer\u00ebzit t\u00eb cilit merren me politik\u00eb apo pun\u00ebt mediale, ashtu edhe me qytetar\u00eb n\u00eb rrug\u00eb, fitohet p\u00ebrshtypja se Ulqini shum\u00eb p\u00ebrpar\u00ebsi t\u00eb vetaq\u00eb i ka nuk i ka shfryt\u00ebzuar. Meqen\u00ebse jeni deputet I Kuvendit, por nga Podgorica rregullisht ktheheni n\u00eb Ulqin, si e shihni jet\u00ebn n\u00eb Ulqin?<\/p>\n<p>-N\u00eb Ulqin nuk jetohet keq, bile jetohet m\u00eb mire se n\u00eb veri t\u00eb vendit, por ne jemi, q\u00eb \u00ebsht\u00eb mjaft paradoksale, komuna m\u00eb e varf\u00ebr n\u00eb bregdetin malazias dhe \u00ebsht\u00eb komuna e vetme e cila sipas parametrave ekonomik \u00ebsht\u00eb e varf\u00ebr n\u00eb bregdet. Kemi edhe rrogat m\u00eb t\u00eb vogla n\u00eb krahasim me t\u00ebr\u00eb vendin, q\u00eb \u00ebsht\u00eb paradoksi i t\u00ebr\u00ebsish\u00ebm duke pas parasysh n\u00eb resurse natyrore q\u00eb i kemi si dhe pasurit\u00eb e m\u00ebdha natyrore. Para se gjithash mendoj n\u00eb bregedet dhe plazhet, lumin Buna, liqenin n\u00eb prapavi, kryporja e cila \u00ebsht\u00eb n\u00eb 15 milion katror rezervat i zogj\u00ebve me r\u00ebnd\u00ebsi evropiane. Shum\u00eb faktor jan\u00eb p\u00ebr situat\u00ebn e v\u00ebshtir\u00eb, por kryesori \u00ebsht\u00eb ai i natyr\u00ebs politike pasi q\u00eb qyteti \u00ebsht\u00eb l\u00ebn\u00eb pas dore nga organet qendrore. N\u00eb ish Jugosllavi nuk ka qen\u00eb aq i l\u00ebn\u00eb pas dore, pasi q\u00eb jan\u00eb nd\u00ebrtuar shum\u00eb hotele dhe kapacitete turistike dhe kan\u00eb qen\u00eb t\u00eb pun\u00ebsuar shum\u00eb njer\u00ebz. Pas rr\u00ebnjes s\u00eb komunizmit p\u00ebr ne kan\u00eb filluar dit\u00ebt e v\u00ebshtira, q\u00eb nuk \u00ebsht\u00eb diq eksluzive, pasi q\u00eb edhe tjet\u00ebrkund \u00ebsht\u00eb v\u00ebshtir. Jemi shmnagur nga tragjedia e luft\u00ebs, por nuk jemi shmangur nga dob\u00ebsimi ekonomik. T\u00eb tjer\u00ebve nuk ka ndodhur n\u00eb bregdet.A \u00ebsht\u00eb kjo p\u00ebr shkak t\u00eb komponet\u00ebs ton\u00eb nacionale, gjegj\u00ebsisht popullsis\u00eb dominante shqiptare?Mendoj se po, dhe se viteve 90-ta ka kusht\u00ebziar q\u00eb t\u00eb shmangen investimet. Gj\u00ebrat nuk jan\u00eb p\u00ebrmir\u00ebsuar gjer sot. T\u00eb gjitha iniciativat q\u00eb kan\u00eb ardhur ishin t\u00eb pafrytshme ku ka ekzistuar dora e shtetit, situate nuk ishte e mire dhe nuk kan\u00eb lul\u00ebzuar trendafilat, hotelet ishin rr\u00ebnuar, privatizimet t\u00eb huqura, asetet t\u00eb cil\u00ebt i kemi k\u00ebrkuar nuk na jan\u00eb kthyer. Iniciativa private ka ekzistuar, posaq\u00ebrisht n\u00eb turiz\u00ebm, pasi q\u00eb jan\u00eb nd\u00ebrtuar kapacietet nga t\u00eb cil\u00ebt jetojm\u00eb. Bujq\u00ebsia \u00ebsht\u00eb plot\u00ebsisht e pashfryt\u00ebzuar, industria nuk ekziston. Jemi qytet me m\u00eb s\u00eb shumti dit\u00eb me diell n\u00eb vit, m\u00eb shum\u00eb se 260 dit\u00eb, dhe p\u00ebr k\u00ebt\u00eb arsye sezonat turistike dikur kan\u00eb zgjat 6 muaj. Tani kjo \u00ebsht\u00eb reduktuar n\u00eb vet\u00ebm 45 dit\u00eb. Jemi b\u00ebr\u00eb destinimi fast food, pasi q\u00eb nuk ka shpenzime t\u00eb m\u00ebdha, as kapacitete hoteliere t\u00eb m\u00ebdha t\u00eb pranojn\u00eb mysafir dhe t\u00eb pun\u00ebsojn\u00eb njer\u00ebz.<\/p>\n<p>Sikurse edhe n\u00eb meset tjera n\u00eb Mal\u00eb t\u00eb Zi, dhe jo vet\u00ebm n\u00eb te, \u00ebsht\u00eb e dukshme se problemet ky\u00e7e jan\u00eb t\u00eb natyr\u00ebs ekonomike. Me \u00e7far\u00eb ka rezultuar?<\/p>\n<p>-Problemet m\u00eb t\u00eb m\u00ebdha jan\u00eb pik\u00ebrisht ekonomike t\u00eb cil\u00ebt gjenerojn\u00eb edhe probemet tjera. Nga kjo pasojn\u00eb edhe ndarjet nacionale, edhe pse ato nuk jan\u00eb diq t\u00eb shprehura posaq\u00ebrisht dhe nuk ka konflikte. Por ekziston tendenca t\u00eb shkuarje s\u00eb njer\u00ebzve ndaj partive nacionale, si dhe animozitet \u00e7do here m\u00eb t\u00eb madh ndaj pushtetit qendror.Krejt kjo \u00ebsht\u00eb pasoj\u00eb e situates s\u00eb v\u00ebshtir\u00eb ekonomike.T\u00eb rinj\u00eb shkojn\u00eb sidomos nga veriu i Malit t\u00eb Zi I cili \u00ebsht\u00eb i njohur p\u00ebr shkak t\u00eb munges\u00ebs s\u00eb persepktiv\u00ebs. Nga veriu zbresin n\u00eb jug, e prej neve nga jugu shkojn\u00eb n\u00eb per\u00ebndim, kryesisht n\u00eb Shtetet e Bashkuara t\u00eb Amerik\u00ebs. Vet\u00ebm n\u00eb policin\u00eb e Nju Jorkut punojn\u00eb m\u00eb shum\u00eb shqiptar\u00eb se n\u00eb policin\u00eb e Malit t\u00eb Zi, dhe kjo \u00ebsht\u00eb informacion tep\u00ebr shqet\u00ebsues.<\/p>\n<p>Duke paraqitur k\u00ebt\u00eb t\u00eb dh\u00ebn\u00eb, sygjeroni n\u00eb marr\u00ebdh\u00ebnien e pushtetit shtet\u00ebror ndaj Ulqinit. Cilat jan\u00eb v\u00ebrejtjet e juaja ky\u00e7e n\u00eb k\u00ebt\u00eb aspekt?<\/p>\n<p>&#8211; Me vite t\u00eb t\u00ebra ekziston problemi me Nd\u00ebrrmarjen publike \u201cE mira e detit\u201d, agjencionin shtet\u00ebror i cila ka juridiksionin me udh\u00ebheqjen e bregdetit, dh\u00ebnjen e plazheve dhe parcelave tok\u00ebsore, e cila me q\u00ebllim t\u00eb ruajtjes s\u00eb pron\u00ebs shtet\u00ebrore i ipet n\u00eb shfrytzim parcelat njer\u00ebzve, Nga sip\u00ebrfaqja e p\u00ebrgjithshme me t\u00eb cilin posedon nd\u00ebrmarrja publike \u201cE mira e detit\u201d, madje 57% \u00ebsht\u00eb n\u00eb territorin e Ulqinit, q\u00eb do t\u00eb thot\u00eb se k\u00ebto jan\u00eb lokalitete m\u00eb atraktive p\u00ebrgjat detit. N\u00eb t\u00ebr\u00eb k\u00ebt\u00eb kurgj\u00eb nuk pyetet komuna dhe nuk posedojm\u00eb me at\u00eb q\u00eb \u00ebsht\u00eb m\u00eb e vlefshme. Mendoj se ata jan\u00eb duke na diskriminuar dhe se ky agjencion shtet\u00ebror na ka rob\u00ebruar dhe kolonizuar. E gjith\u00eb me vler\u00eb q\u00eb \u00ebsht\u00eb e ka marr\u00eb n\u00eb duart e veta. Kurr kjo do t\u00eb ishte zgjidhur, do t\u00eb fitonim mund\u00ebsin\u00eb t\u00eb dalim nga borgjet.Ka t\u00eb b\u00ebj\u00eb me sip\u00ebrfaqe prej 33 miliona metra katror t\u00eb lokacionit m\u00eb atraktiv, gjegj\u00ebsisht tok\u00ebs n\u00eb af\u00ebrsi t\u00eb detit ku metri katror b\u00ebn 1000 euro. Njehsoni vet\u00ebm se sa miliard euro do t\u00eb ishin. Jan\u00eb shuma t\u00eb m\u00ebdha parash .<\/p>\n<p>Qytetar\u00ebt e Ulqinit, e posaq\u00ebrisht poseduesit e ullishtave jan\u00eb t\u00eb pak\u00ebnaqur me moszgjidhjen e statusit t\u00eb Valdanosit. A ka gjasa q\u00eb ky problem m\u00eb n\u00eb fund t\u00eb zgjidhet n\u00eb interes t\u00eb t\u00eb gjith\u00ebve?<\/p>\n<p>-N\u00eb kompleksin ushtarak Valdanos aktualisht po kalben m\u00eb s\u00eb paku 18.000 pem\u00eb ulliri. T\u00eb vetmit jemi n\u00eb vend q\u00eb kemi k\u00ebt\u00eb kompleks t\u00eb madh, e gjith\u00eb kjo po shembet. Shteti ka marr\u00eb k\u00ebt\u00eb ullishte e cila \u00ebsht\u00eb prone e 294 familjeve dhe t\u00eb tri bashk\u00ebsive fetare. P\u00ebr fat t\u00eb mire, nuk \u00ebsht\u00eb nd\u00ebrtuar baza ushtarake, por nuk kemi arrit at\u00eb t\u00eb kthejm\u00eb.Sipas vler\u00ebsimeve tona vet\u00ebm nga shitja e vajit t\u00eb ullirit po humbet dy million euro n\u00eb vit nga vjelja e ullirit.Prandaj pa kurrfar\u00eb p\u00ebrmbajtje turistike. Dhe humbin t\u00eb gjith\u00eb, edhe qytetar\u00ebt edhe bashk\u00ebsit\u00eb fetare.Kjo \u00ebsht\u00eb \u00e7\u00ebshtja e cila e bashkon t\u00ebr\u00eb Ulqinin. Nuk ka t\u00eb b\u00ebj\u00eb vet\u00ebm me tok\u00ebn, por edhe me ullinjt\u00eb t\u00eb cil\u00ebt jan\u00eb shenja mbrojt\u00ebse e jona.<\/p>\n<p>Keni p\u00ebrmendur bashk\u00ebpunimin e qytetar\u00ebve t\u00eb t\u00eb gjith\u00eb nacionaliteteve, si dhe veprimi i p\u00ebrbashk\u00ebt i t\u00eb tri bashk\u00ebsive fetare n\u00eb zgjidhjen e problemit t\u00eb ullishtes n\u00eb Valdanos. Si n\u00eb p\u00ebrgjith\u00ebsi e vler\u00ebsoni bashkjetes\u00ebn, por edhe jet\u00ebn n\u00eb Ulqin?<\/p>\n<p>-Ana optimiste \u00ebsht\u00eb se qyteti me t\u00eb gjitha k\u00ebto v\u00ebsht\u00ebrsi e ka ruajtur shpirtin e vet.Nuk ka tensione t\u00eb m\u00ebdha nacionale dhe fetare, nuk kemi pas kurr\u00eb konflikte t\u00eb natyr\u00ebs fizike. Nj\u00ebkoh\u00ebsisht\u00eb p\u00ebrpiqemi q\u00eb bashkarisht t\u00eb mbrojm\u00eb hap\u00ebsir\u00ebn, dhe se shpresojm\u00eb see gjitha do t\u00eb nis dhe do t\u00eb realizohet ndonj\u00eb p\u00ebrparim. Problem \u00ebsht\u00eb me kuadrot dhe p\u00ebr k\u00ebt\u00eb shkak nuk mund t\u00eb p\u00ebrparojm\u00eb. Njer\u00ebzit e rinj\u00eb mbesin atje ku jan\u00eb duke studjuar apo po ikin n\u00eb Per\u00ebndim. Kemi vet\u00ebm nj\u00eb paralele t\u00eb fakultetit. Nuk kemi spital, por vet\u00ebm sht\u00ebpin\u00eb e sh\u00ebndetit. Mungojn\u00eb ngjarjet kulturore. As festival sipas s\u00eb cil\u00ebs do t\u00eb ishim t\u00eb njohur.<\/p>\n<p>Jeni deputet m\u00eb i ri n\u00eb parlamentin malazias dhe nj\u00ebri nga ata i cili p\u00ebrfaq\u00ebson interest e pakic\u00ebs nacionale shqiptare. Sa deputet shqipatar jan\u00eb dhe p\u00ebr \u00e7far\u00eb konkretisht i paralajm\u00ebroni koleg\u00ebt e juaj n\u00eb bankat parlamentare?<\/p>\n<p>-Kat\u00ebr deputet jan\u00eb shqiptar, dy nga partit nacionale dhe dy nga partit qytetare. Nga kat\u00ebr deputet, tre deputet jan\u00eb pjes\u00eb e pushetit. Kryesisht parardh\u00ebsit e mij\u00eb, e sot koleg\u00ebt e mij\u00eb dhe un\u00eb i p\u00ebrs\u00ebrisim k\u00ebrkesat e nj\u00ebjta 25 vjet me rresht dhe kurrgj\u00eb nuk \u00ebsht\u00eb duke ndodhur. K\u00ebrkesat legjitime t\u00eb Shqiptar\u00ebve po p\u00ebrs\u00ebriten, e k\u00ebto jan\u00eb decentralizimi, p\u00ebrfaq\u00ebsimi n\u00eb institucione shtet\u00ebror, drejtat ekonomike, Nd\u00ebrmarja paublike \u201cE mira e detit\u201d, kthimi I aseteve, arsimim m\u00eb t\u00eb mire. Nuk do t\u00eb them q\u00eb nuk ka progres, por sigurisht nuk \u00ebsht\u00eb nivelin t\u00eb cilin do t\u00eb d\u00ebshironim. Dua t\u00eb them se numri i shqiptar\u00ebve n\u00eb Mal\u00eb t\u00eb Zi \u00ebsht\u00eb rreth 5%, nd\u00ebrsa n\u00eb regjistrimin e vitit 2001 ishim 7%, q\u00eb \u00ebsht\u00eb nj\u00eb ulje e madhe. Frikohem se nuk do t\u00eb mbetet askush, pasi q\u00eb kjo \u00ebsht\u00eb rr\u00ebnje prej 25%, do t\u00eb thot\u00eb \u00e7do i kat\u00ebrti ka shkuar. Ka ndodh shp\u00ebrngulaja, plot 10 vite emigrim, sepse njer\u00ebzit shkojn\u00eb n\u00eb kr\u00ebkim t\u00eb buk\u00ebs. Nga shteti ikin edhe malazez\u00ebt edhe serb\u00ebt. Prandaj nuk ikin nga shkaqet nacionale, por nga shkaqet ekonomike.<\/p>\n<p>www.mediaelire.net<\/p>\n<p><iframe loading=\"lazy\" src=\"\/\/www.dailymotion.com\/embed\/video\/x3syf0k?autoPlay=1\" width=\"508\" height=\"315\" frameborder=\"0\" allowfullscreen=\"allowfullscreen\"><\/iframe><\/p>\n","protected":false},"excerpt":{"rendered":"<p>Ulqinaku Dritan Abazi(ovi\u00e7) \u00ebsht\u00eb deputeti m\u00eb i ri i Kuvendit t\u00eb Malit t\u00eb Zi. Ky politologu i ri me p\u00ebrkat\u00ebsi nacionale shqiptare n\u00eb bankat paralamentare avokon drejtat e pakicave, por edhe t\u00eb Iniciativ\u00ebs Akcioni i bashkuar reformator. N\u00eb bised\u00eb me banor\u00ebt e Ulqinit, sikur me njer\u00ebzit t\u00eb cilit merren me politik\u00eb apo pun\u00ebt mediale, ashtu [&hellip;]<\/p>\n","protected":false},"author":1,"featured_media":0,"comment_status":"closed","ping_status":"closed","sticky":false,"template":"","format":"standard","meta":{"spay_email":"","jetpack_publicize_message":"","jetpack_is_tweetstorm":false,"jetpack_publicize_feature_enabled":true},"categories":[8],"tags":[],"jetpack_publicize_connections":[],"yoast_head":"<!-- This site is optimized with the Yoast SEO plugin v19.1 - https:\/\/yoast.com\/wordpress\/plugins\/seo\/ -->\n<title>Frika nga zhdukja e shqiptar\u00ebve n\u00eb Mal\u00eb t\u00eb Zi - Lajme nga Ulqini<\/title>\n<meta name=\"description\" content=\"Ulqinaku Dritan Abazi(ovi\u00e7) \u00ebsht\u00eb deputeti m\u00eb i ri i Kuvendit t\u00eb Malit t\u00eb Zi. Ky politologu i ri me p\u00ebrkat\u00ebsi nacionale shqiptare n\u00eb bankat paralamentare\" \/>\n<meta name=\"robots\" content=\"index, follow, max-snippet:-1, max-image-preview:large, max-video-preview:-1\" \/>\n<link rel=\"canonical\" href=\"https:\/\/www.visit-ulcinj.com\/blog\/2016\/02\/19\/frika-nga-zhdukja-e-shqiptareve-ne-male-te-zi\/\" \/>\n<meta property=\"og:locale\" content=\"en_US\" \/>\n<meta property=\"og:type\" content=\"article\" \/>\n<meta property=\"og:title\" content=\"Frika nga zhdukja e shqiptar\u00ebve n\u00eb Mal\u00eb t\u00eb Zi - Lajme nga Ulqini\" \/>\n<meta property=\"og:description\" content=\"Ulqinaku Dritan Abazi(ovi\u00e7) \u00ebsht\u00eb deputeti m\u00eb i ri i Kuvendit t\u00eb Malit t\u00eb Zi. Ky politologu i ri me p\u00ebrkat\u00ebsi nacionale shqiptare n\u00eb bankat paralamentare\" \/>\n<meta property=\"og:url\" content=\"https:\/\/www.visit-ulcinj.com\/blog\/2016\/02\/19\/frika-nga-zhdukja-e-shqiptareve-ne-male-te-zi\/\" \/>\n<meta property=\"og:site_name\" content=\"Lajme nga Ulqini\" \/>\n<meta property=\"article:published_time\" content=\"2016-02-19T08:06:15+00:00\" \/>\n<meta property=\"og:image\" content=\"http:\/\/www.visit-ulcinj.com\/blog\/wp-content\/uploads\/2016\/02\/Dritan-Abazovic-.jpg\" \/>\n<meta name=\"twitter:label1\" content=\"Written by\" \/>\n\t<meta name=\"twitter:data1\" content=\"ulqini\" \/>\n\t<meta name=\"twitter:label2\" content=\"Est. reading time\" \/>\n\t<meta name=\"twitter:data2\" content=\"8 minutes\" \/>\n<script type=\"application\/ld+json\" class=\"yoast-schema-graph\">{\"@context\":\"https:\/\/schema.org\",\"@graph\":[{\"@type\":\"WebSite\",\"@id\":\"https:\/\/www.visit-ulcinj.com\/blog\/#website\",\"url\":\"https:\/\/www.visit-ulcinj.com\/blog\/\",\"name\":\"Lajme nga Ulqini\",\"description\":\"Lajme,Vijesti,Ulqini,Ulqin,Crna Gora,Mali i Zi\",\"potentialAction\":[{\"@type\":\"SearchAction\",\"target\":{\"@type\":\"EntryPoint\",\"urlTemplate\":\"https:\/\/www.visit-ulcinj.com\/blog\/?s={search_term_string}\"},\"query-input\":\"required name=search_term_string\"}],\"inLanguage\":\"en-US\"},{\"@type\":\"ImageObject\",\"inLanguage\":\"en-US\",\"@id\":\"https:\/\/www.visit-ulcinj.com\/blog\/2016\/02\/19\/frika-nga-zhdukja-e-shqiptareve-ne-male-te-zi\/#primaryimage\",\"url\":\"https:\/\/www.visit-ulcinj.com\/blog\/wp-content\/uploads\/2016\/02\/Dritan-Abazovic-.jpg\",\"contentUrl\":\"https:\/\/www.visit-ulcinj.com\/blog\/wp-content\/uploads\/2016\/02\/Dritan-Abazovic-.jpg\",\"width\":548,\"height\":365},{\"@type\":\"WebPage\",\"@id\":\"https:\/\/www.visit-ulcinj.com\/blog\/2016\/02\/19\/frika-nga-zhdukja-e-shqiptareve-ne-male-te-zi\/#webpage\",\"url\":\"https:\/\/www.visit-ulcinj.com\/blog\/2016\/02\/19\/frika-nga-zhdukja-e-shqiptareve-ne-male-te-zi\/\",\"name\":\"Frika nga zhdukja e shqiptar\u00ebve n\u00eb Mal\u00eb t\u00eb Zi - Lajme nga Ulqini\",\"isPartOf\":{\"@id\":\"https:\/\/www.visit-ulcinj.com\/blog\/#website\"},\"primaryImageOfPage\":{\"@id\":\"https:\/\/www.visit-ulcinj.com\/blog\/2016\/02\/19\/frika-nga-zhdukja-e-shqiptareve-ne-male-te-zi\/#primaryimage\"},\"datePublished\":\"2016-02-19T08:06:15+00:00\",\"dateModified\":\"2016-02-19T08:06:15+00:00\",\"author\":{\"@id\":\"https:\/\/www.visit-ulcinj.com\/blog\/#\/schema\/person\/dcab619c614d3038751c63bc2aadc06d\"},\"description\":\"Ulqinaku Dritan Abazi(ovi\u00e7) \u00ebsht\u00eb deputeti m\u00eb i ri i Kuvendit t\u00eb Malit t\u00eb Zi. Ky politologu i ri me p\u00ebrkat\u00ebsi nacionale shqiptare n\u00eb bankat paralamentare\",\"breadcrumb\":{\"@id\":\"https:\/\/www.visit-ulcinj.com\/blog\/2016\/02\/19\/frika-nga-zhdukja-e-shqiptareve-ne-male-te-zi\/#breadcrumb\"},\"inLanguage\":\"en-US\",\"potentialAction\":[{\"@type\":\"ReadAction\",\"target\":[\"https:\/\/www.visit-ulcinj.com\/blog\/2016\/02\/19\/frika-nga-zhdukja-e-shqiptareve-ne-male-te-zi\/\"]}]},{\"@type\":\"BreadcrumbList\",\"@id\":\"https:\/\/www.visit-ulcinj.com\/blog\/2016\/02\/19\/frika-nga-zhdukja-e-shqiptareve-ne-male-te-zi\/#breadcrumb\",\"itemListElement\":[{\"@type\":\"ListItem\",\"position\":1,\"name\":\"Frika nga zhdukja e shqiptar\u00ebve n\u00eb Mal\u00eb t\u00eb Zi\"}]},{\"@type\":\"Person\",\"@id\":\"https:\/\/www.visit-ulcinj.com\/blog\/#\/schema\/person\/dcab619c614d3038751c63bc2aadc06d\",\"name\":\"ulqini\",\"sameAs\":[\"http:\/\/www.visit-ulcinj.com\"],\"url\":\"https:\/\/www.visit-ulcinj.com\/blog\/author\/admin\/\"}]}<\/script>\n<!-- \/ Yoast SEO plugin. -->","yoast_head_json":{"title":"Frika nga zhdukja e shqiptar\u00ebve n\u00eb Mal\u00eb t\u00eb Zi - Lajme nga Ulqini","description":"Ulqinaku Dritan Abazi(ovi\u00e7) \u00ebsht\u00eb deputeti m\u00eb i ri i Kuvendit t\u00eb Malit t\u00eb Zi. Ky politologu i ri me p\u00ebrkat\u00ebsi nacionale shqiptare n\u00eb bankat paralamentare","robots":{"index":"index","follow":"follow","max-snippet":"max-snippet:-1","max-image-preview":"max-image-preview:large","max-video-preview":"max-video-preview:-1"},"canonical":"https:\/\/www.visit-ulcinj.com\/blog\/2016\/02\/19\/frika-nga-zhdukja-e-shqiptareve-ne-male-te-zi\/","og_locale":"en_US","og_type":"article","og_title":"Frika nga zhdukja e shqiptar\u00ebve n\u00eb Mal\u00eb t\u00eb Zi - Lajme nga Ulqini","og_description":"Ulqinaku Dritan Abazi(ovi\u00e7) \u00ebsht\u00eb deputeti m\u00eb i ri i Kuvendit t\u00eb Malit t\u00eb Zi. Ky politologu i ri me p\u00ebrkat\u00ebsi nacionale shqiptare n\u00eb bankat paralamentare","og_url":"https:\/\/www.visit-ulcinj.com\/blog\/2016\/02\/19\/frika-nga-zhdukja-e-shqiptareve-ne-male-te-zi\/","og_site_name":"Lajme nga Ulqini","article_published_time":"2016-02-19T08:06:15+00:00","og_image":[{"url":"http:\/\/www.visit-ulcinj.com\/blog\/wp-content\/uploads\/2016\/02\/Dritan-Abazovic-.jpg"}],"twitter_misc":{"Written by":"ulqini","Est. reading time":"8 minutes"},"schema":{"@context":"https:\/\/schema.org","@graph":[{"@type":"WebSite","@id":"https:\/\/www.visit-ulcinj.com\/blog\/#website","url":"https:\/\/www.visit-ulcinj.com\/blog\/","name":"Lajme nga Ulqini","description":"Lajme,Vijesti,Ulqini,Ulqin,Crna Gora,Mali i Zi","potentialAction":[{"@type":"SearchAction","target":{"@type":"EntryPoint","urlTemplate":"https:\/\/www.visit-ulcinj.com\/blog\/?s={search_term_string}"},"query-input":"required name=search_term_string"}],"inLanguage":"en-US"},{"@type":"ImageObject","inLanguage":"en-US","@id":"https:\/\/www.visit-ulcinj.com\/blog\/2016\/02\/19\/frika-nga-zhdukja-e-shqiptareve-ne-male-te-zi\/#primaryimage","url":"https:\/\/www.visit-ulcinj.com\/blog\/wp-content\/uploads\/2016\/02\/Dritan-Abazovic-.jpg","contentUrl":"https:\/\/www.visit-ulcinj.com\/blog\/wp-content\/uploads\/2016\/02\/Dritan-Abazovic-.jpg","width":548,"height":365},{"@type":"WebPage","@id":"https:\/\/www.visit-ulcinj.com\/blog\/2016\/02\/19\/frika-nga-zhdukja-e-shqiptareve-ne-male-te-zi\/#webpage","url":"https:\/\/www.visit-ulcinj.com\/blog\/2016\/02\/19\/frika-nga-zhdukja-e-shqiptareve-ne-male-te-zi\/","name":"Frika nga zhdukja e shqiptar\u00ebve n\u00eb Mal\u00eb t\u00eb Zi - Lajme nga Ulqini","isPartOf":{"@id":"https:\/\/www.visit-ulcinj.com\/blog\/#website"},"primaryImageOfPage":{"@id":"https:\/\/www.visit-ulcinj.com\/blog\/2016\/02\/19\/frika-nga-zhdukja-e-shqiptareve-ne-male-te-zi\/#primaryimage"},"datePublished":"2016-02-19T08:06:15+00:00","dateModified":"2016-02-19T08:06:15+00:00","author":{"@id":"https:\/\/www.visit-ulcinj.com\/blog\/#\/schema\/person\/dcab619c614d3038751c63bc2aadc06d"},"description":"Ulqinaku Dritan Abazi(ovi\u00e7) \u00ebsht\u00eb deputeti m\u00eb i ri i Kuvendit t\u00eb Malit t\u00eb Zi. Ky politologu i ri me p\u00ebrkat\u00ebsi nacionale shqiptare n\u00eb bankat paralamentare","breadcrumb":{"@id":"https:\/\/www.visit-ulcinj.com\/blog\/2016\/02\/19\/frika-nga-zhdukja-e-shqiptareve-ne-male-te-zi\/#breadcrumb"},"inLanguage":"en-US","potentialAction":[{"@type":"ReadAction","target":["https:\/\/www.visit-ulcinj.com\/blog\/2016\/02\/19\/frika-nga-zhdukja-e-shqiptareve-ne-male-te-zi\/"]}]},{"@type":"BreadcrumbList","@id":"https:\/\/www.visit-ulcinj.com\/blog\/2016\/02\/19\/frika-nga-zhdukja-e-shqiptareve-ne-male-te-zi\/#breadcrumb","itemListElement":[{"@type":"ListItem","position":1,"name":"Frika nga zhdukja e shqiptar\u00ebve n\u00eb Mal\u00eb t\u00eb Zi"}]},{"@type":"Person","@id":"https:\/\/www.visit-ulcinj.com\/blog\/#\/schema\/person\/dcab619c614d3038751c63bc2aadc06d","name":"ulqini","sameAs":["http:\/\/www.visit-ulcinj.com"],"url":"https:\/\/www.visit-ulcinj.com\/blog\/author\/admin\/"}]}},"jetpack_featured_media_url":"","jetpack_sharing_enabled":true,"jetpack_shortlink":"https:\/\/wp.me\/pe6lTn-oDn","_links":{"self":[{"href":"https:\/\/www.visit-ulcinj.com\/blog\/wp-json\/wp\/v2\/posts\/94697"}],"collection":[{"href":"https:\/\/www.visit-ulcinj.com\/blog\/wp-json\/wp\/v2\/posts"}],"about":[{"href":"https:\/\/www.visit-ulcinj.com\/blog\/wp-json\/wp\/v2\/types\/post"}],"author":[{"embeddable":true,"href":"https:\/\/www.visit-ulcinj.com\/blog\/wp-json\/wp\/v2\/users\/1"}],"replies":[{"embeddable":true,"href":"https:\/\/www.visit-ulcinj.com\/blog\/wp-json\/wp\/v2\/comments?post=94697"}],"version-history":[{"count":1,"href":"https:\/\/www.visit-ulcinj.com\/blog\/wp-json\/wp\/v2\/posts\/94697\/revisions"}],"predecessor-version":[{"id":94699,"href":"https:\/\/www.visit-ulcinj.com\/blog\/wp-json\/wp\/v2\/posts\/94697\/revisions\/94699"}],"wp:attachment":[{"href":"https:\/\/www.visit-ulcinj.com\/blog\/wp-json\/wp\/v2\/media?parent=94697"}],"wp:term":[{"taxonomy":"category","embeddable":true,"href":"https:\/\/www.visit-ulcinj.com\/blog\/wp-json\/wp\/v2\/categories?post=94697"},{"taxonomy":"post_tag","embeddable":true,"href":"https:\/\/www.visit-ulcinj.com\/blog\/wp-json\/wp\/v2\/tags?post=94697"}],"curies":[{"name":"wp","href":"https:\/\/api.w.org\/{rel}","templated":true}]}}