{"id":94700,"date":"2016-02-19T09:31:47","date_gmt":"2016-02-19T08:31:47","guid":{"rendered":"http:\/\/www.visit-ulcinj.com\/blog\/?p=94700"},"modified":"2016-02-19T11:44:24","modified_gmt":"2016-02-19T10:44:24","slug":"osman-aga-ben-show-ne-kriporen-e-ulqinit-tv-teuta","status":"publish","type":"post","link":"https:\/\/www.visit-ulcinj.com\/blog\/2016\/02\/19\/osman-aga-ben-show-ne-kriporen-e-ulqinit-tv-teuta\/","title":{"rendered":"Osman Aga b\u00ebn show n\u00eb Kriporen e Ulqinit &#8211; Tv Teuta"},"content":{"rendered":"<p><a href=\"http:\/\/www.visit-ulcinj.com\/blog\/wp-content\/uploads\/2016\/02\/Osman-Aga-Show-Suad-Mehmeti-Ulqin.jpg\"><img loading=\"lazy\" class=\"alignleft wp-image-94701\" src=\"http:\/\/www.visit-ulcinj.com\/blog\/wp-content\/uploads\/2016\/02\/Osman-Aga-Show-Suad-Mehmeti-Ulqin.jpg\" alt=\"Osman-Aga-Show-Suad-Mehmeti-Ulqin\" width=\"508\" height=\"286\" srcset=\"https:\/\/www.visit-ulcinj.com\/blog\/wp-content\/uploads\/2016\/02\/Osman-Aga-Show-Suad-Mehmeti-Ulqin.jpg 427w, https:\/\/www.visit-ulcinj.com\/blog\/wp-content\/uploads\/2016\/02\/Osman-Aga-Show-Suad-Mehmeti-Ulqin-300x169.jpg 300w\" sizes=\"(max-width: 508px) 100vw, 508px\" \/><\/a><strong>N\u00eb emisionin \u2018Osman Aga Show\u2019 i udh\u00ebhequr nga Suad Mehmeti, <\/strong>jeni t\u00eb ftuar ta ndiqni ket\u00eb emision ku protagonisti kryesor asht\u00eb Osman Leskovci, ai p\u00ebrve\u00e7 q\u00eb\u00a0 flet p\u00ebr tema politike tregon edhe\u00a0 sens p\u00ebr humor\u00a0 e\u00a0 batuta si dhe muzik\u00eb t\u00eb kenduar nga vet\u00eb ai.<\/p>\n<p><iframe loading=\"lazy\" src=\"\/\/www.dailymotion.com\/embed\/video\/x3syf0k?autoPlay=1\" width=\"508\" height=\"315\" frameborder=\"0\" allowfullscreen=\"allowfullscreen\"><\/iframe><\/p>\n","protected":false},"excerpt":{"rendered":"<p>N\u00eb emisionin \u2018Osman Aga Show\u2019 i udh\u00ebhequr nga Suad Mehmeti, jeni t\u00eb ftuar ta ndiqni ket\u00eb emision ku protagonisti kryesor asht\u00eb Osman Leskovci, ai p\u00ebrve\u00e7 q\u00eb\u00a0 flet p\u00ebr tema politike tregon edhe\u00a0 sens p\u00ebr humor\u00a0 e\u00a0 batuta si dhe muzik\u00eb t\u00eb kenduar nga vet\u00eb ai.<\/p>\n","protected":false},"author":1,"featured_media":0,"comment_status":"closed","ping_status":"closed","sticky":false,"template":"","format":"standard","meta":{"spay_email":"","jetpack_publicize_message":"","jetpack_is_tweetstorm":false,"jetpack_publicize_feature_enabled":true},"categories":[1],"tags":[],"jetpack_publicize_connections":[],"yoast_head":"<!-- This site is optimized with the Yoast SEO plugin v19.1 - https:\/\/yoast.com\/wordpress\/plugins\/seo\/ -->\n<title>Osman Aga b\u00ebn show n\u00eb Kriporen e Ulqinit - Tv Teuta - Lajme nga Ulqini<\/title>\n<meta name=\"description\" content=\"N\u00eb emisionin \u2018Osman Aga Show\u2019 i udh\u00ebhequr nga Suad Mehmeti, jeni t\u00eb ftuar ta ndiqni ket\u00eb emision ku protagonisti kryesor asht\u00eb Osman Leskovci, ai p\u00ebrve\u00e7\" \/>\n<meta name=\"robots\" content=\"index, follow, max-snippet:-1, max-image-preview:large, max-video-preview:-1\" \/>\n<link rel=\"canonical\" href=\"https:\/\/www.visit-ulcinj.com\/blog\/2016\/02\/19\/osman-aga-ben-show-ne-kriporen-e-ulqinit-tv-teuta\/\" \/>\n<meta property=\"og:locale\" content=\"en_US\" \/>\n<meta property=\"og:type\" content=\"article\" \/>\n<meta property=\"og:title\" content=\"Osman Aga b\u00ebn show n\u00eb Kriporen e Ulqinit - Tv Teuta - Lajme nga Ulqini\" \/>\n<meta property=\"og:description\" content=\"N\u00eb emisionin \u2018Osman Aga Show\u2019 i udh\u00ebhequr nga Suad Mehmeti, jeni t\u00eb ftuar ta ndiqni ket\u00eb emision ku protagonisti kryesor asht\u00eb Osman Leskovci, ai p\u00ebrve\u00e7\" \/>\n<meta property=\"og:url\" content=\"https:\/\/www.visit-ulcinj.com\/blog\/2016\/02\/19\/osman-aga-ben-show-ne-kriporen-e-ulqinit-tv-teuta\/\" \/>\n<meta property=\"og:site_name\" content=\"Lajme nga Ulqini\" \/>\n<meta property=\"article:published_time\" content=\"2016-02-19T08:31:47+00:00\" \/>\n<meta property=\"article:modified_time\" content=\"2016-02-19T10:44:24+00:00\" \/>\n<meta property=\"og:image\" content=\"http:\/\/www.visit-ulcinj.com\/blog\/wp-content\/uploads\/2016\/02\/Osman-Aga-Show-Suad-Mehmeti-Ulqin.jpg\" \/>\n<meta name=\"twitter:label1\" content=\"Written by\" \/>\n\t<meta name=\"twitter:data1\" content=\"ulqini\" \/>\n<script type=\"application\/ld+json\" class=\"yoast-schema-graph\">{\"@context\":\"https:\/\/schema.org\",\"@graph\":[{\"@type\":\"WebSite\",\"@id\":\"https:\/\/www.visit-ulcinj.com\/blog\/#website\",\"url\":\"https:\/\/www.visit-ulcinj.com\/blog\/\",\"name\":\"Lajme nga Ulqini\",\"description\":\"Lajme,Vijesti,Ulqini,Ulqin,Crna Gora,Mali i Zi\",\"potentialAction\":[{\"@type\":\"SearchAction\",\"target\":{\"@type\":\"EntryPoint\",\"urlTemplate\":\"https:\/\/www.visit-ulcinj.com\/blog\/?s={search_term_string}\"},\"query-input\":\"required name=search_term_string\"}],\"inLanguage\":\"en-US\"},{\"@type\":\"ImageObject\",\"inLanguage\":\"en-US\",\"@id\":\"https:\/\/www.visit-ulcinj.com\/blog\/2016\/02\/19\/osman-aga-ben-show-ne-kriporen-e-ulqinit-tv-teuta\/#primaryimage\",\"url\":\"https:\/\/www.visit-ulcinj.com\/blog\/wp-content\/uploads\/2016\/02\/Osman-Aga-Show-Suad-Mehmeti-Ulqin.jpg\",\"contentUrl\":\"https:\/\/www.visit-ulcinj.com\/blog\/wp-content\/uploads\/2016\/02\/Osman-Aga-Show-Suad-Mehmeti-Ulqin.jpg\",\"width\":427,\"height\":240},{\"@type\":\"WebPage\",\"@id\":\"https:\/\/www.visit-ulcinj.com\/blog\/2016\/02\/19\/osman-aga-ben-show-ne-kriporen-e-ulqinit-tv-teuta\/#webpage\",\"url\":\"https:\/\/www.visit-ulcinj.com\/blog\/2016\/02\/19\/osman-aga-ben-show-ne-kriporen-e-ulqinit-tv-teuta\/\",\"name\":\"Osman Aga b\u00ebn show n\u00eb Kriporen e Ulqinit - Tv Teuta - Lajme nga Ulqini\",\"isPartOf\":{\"@id\":\"https:\/\/www.visit-ulcinj.com\/blog\/#website\"},\"primaryImageOfPage\":{\"@id\":\"https:\/\/www.visit-ulcinj.com\/blog\/2016\/02\/19\/osman-aga-ben-show-ne-kriporen-e-ulqinit-tv-teuta\/#primaryimage\"},\"datePublished\":\"2016-02-19T08:31:47+00:00\",\"dateModified\":\"2016-02-19T10:44:24+00:00\",\"author\":{\"@id\":\"https:\/\/www.visit-ulcinj.com\/blog\/#\/schema\/person\/dcab619c614d3038751c63bc2aadc06d\"},\"description\":\"N\u00eb emisionin \u2018Osman Aga Show\u2019 i udh\u00ebhequr nga Suad Mehmeti, jeni t\u00eb ftuar ta ndiqni ket\u00eb emision ku protagonisti kryesor asht\u00eb Osman Leskovci, ai p\u00ebrve\u00e7\",\"breadcrumb\":{\"@id\":\"https:\/\/www.visit-ulcinj.com\/blog\/2016\/02\/19\/osman-aga-ben-show-ne-kriporen-e-ulqinit-tv-teuta\/#breadcrumb\"},\"inLanguage\":\"en-US\",\"potentialAction\":[{\"@type\":\"ReadAction\",\"target\":[\"https:\/\/www.visit-ulcinj.com\/blog\/2016\/02\/19\/osman-aga-ben-show-ne-kriporen-e-ulqinit-tv-teuta\/\"]}]},{\"@type\":\"BreadcrumbList\",\"@id\":\"https:\/\/www.visit-ulcinj.com\/blog\/2016\/02\/19\/osman-aga-ben-show-ne-kriporen-e-ulqinit-tv-teuta\/#breadcrumb\",\"itemListElement\":[{\"@type\":\"ListItem\",\"position\":1,\"name\":\"Osman Aga b\u00ebn show n\u00eb Kriporen e Ulqinit &#8211; Tv Teuta\"}]},{\"@type\":\"Person\",\"@id\":\"https:\/\/www.visit-ulcinj.com\/blog\/#\/schema\/person\/dcab619c614d3038751c63bc2aadc06d\",\"name\":\"ulqini\",\"sameAs\":[\"http:\/\/www.visit-ulcinj.com\"],\"url\":\"https:\/\/www.visit-ulcinj.com\/blog\/author\/admin\/\"}]}<\/script>\n<!-- \/ Yoast SEO plugin. -->","yoast_head_json":{"title":"Osman Aga b\u00ebn show n\u00eb Kriporen e Ulqinit - Tv Teuta - Lajme nga Ulqini","description":"N\u00eb emisionin \u2018Osman Aga Show\u2019 i udh\u00ebhequr nga Suad Mehmeti, jeni t\u00eb ftuar ta ndiqni ket\u00eb emision ku protagonisti kryesor asht\u00eb Osman Leskovci, ai p\u00ebrve\u00e7","robots":{"index":"index","follow":"follow","max-snippet":"max-snippet:-1","max-image-preview":"max-image-preview:large","max-video-preview":"max-video-preview:-1"},"canonical":"https:\/\/www.visit-ulcinj.com\/blog\/2016\/02\/19\/osman-aga-ben-show-ne-kriporen-e-ulqinit-tv-teuta\/","og_locale":"en_US","og_type":"article","og_title":"Osman Aga b\u00ebn show n\u00eb Kriporen e Ulqinit - Tv Teuta - Lajme nga Ulqini","og_description":"N\u00eb emisionin \u2018Osman Aga Show\u2019 i udh\u00ebhequr nga Suad Mehmeti, jeni t\u00eb ftuar ta ndiqni ket\u00eb emision ku protagonisti kryesor asht\u00eb Osman Leskovci, ai p\u00ebrve\u00e7","og_url":"https:\/\/www.visit-ulcinj.com\/blog\/2016\/02\/19\/osman-aga-ben-show-ne-kriporen-e-ulqinit-tv-teuta\/","og_site_name":"Lajme nga Ulqini","article_published_time":"2016-02-19T08:31:47+00:00","article_modified_time":"2016-02-19T10:44:24+00:00","og_image":[{"url":"http:\/\/www.visit-ulcinj.com\/blog\/wp-content\/uploads\/2016\/02\/Osman-Aga-Show-Suad-Mehmeti-Ulqin.jpg"}],"twitter_misc":{"Written by":"ulqini"},"schema":{"@context":"https:\/\/schema.org","@graph":[{"@type":"WebSite","@id":"https:\/\/www.visit-ulcinj.com\/blog\/#website","url":"https:\/\/www.visit-ulcinj.com\/blog\/","name":"Lajme nga Ulqini","description":"Lajme,Vijesti,Ulqini,Ulqin,Crna Gora,Mali i Zi","potentialAction":[{"@type":"SearchAction","target":{"@type":"EntryPoint","urlTemplate":"https:\/\/www.visit-ulcinj.com\/blog\/?s={search_term_string}"},"query-input":"required name=search_term_string"}],"inLanguage":"en-US"},{"@type":"ImageObject","inLanguage":"en-US","@id":"https:\/\/www.visit-ulcinj.com\/blog\/2016\/02\/19\/osman-aga-ben-show-ne-kriporen-e-ulqinit-tv-teuta\/#primaryimage","url":"https:\/\/www.visit-ulcinj.com\/blog\/wp-content\/uploads\/2016\/02\/Osman-Aga-Show-Suad-Mehmeti-Ulqin.jpg","contentUrl":"https:\/\/www.visit-ulcinj.com\/blog\/wp-content\/uploads\/2016\/02\/Osman-Aga-Show-Suad-Mehmeti-Ulqin.jpg","width":427,"height":240},{"@type":"WebPage","@id":"https:\/\/www.visit-ulcinj.com\/blog\/2016\/02\/19\/osman-aga-ben-show-ne-kriporen-e-ulqinit-tv-teuta\/#webpage","url":"https:\/\/www.visit-ulcinj.com\/blog\/2016\/02\/19\/osman-aga-ben-show-ne-kriporen-e-ulqinit-tv-teuta\/","name":"Osman Aga b\u00ebn show n\u00eb Kriporen e Ulqinit - Tv Teuta - Lajme nga Ulqini","isPartOf":{"@id":"https:\/\/www.visit-ulcinj.com\/blog\/#website"},"primaryImageOfPage":{"@id":"https:\/\/www.visit-ulcinj.com\/blog\/2016\/02\/19\/osman-aga-ben-show-ne-kriporen-e-ulqinit-tv-teuta\/#primaryimage"},"datePublished":"2016-02-19T08:31:47+00:00","dateModified":"2016-02-19T10:44:24+00:00","author":{"@id":"https:\/\/www.visit-ulcinj.com\/blog\/#\/schema\/person\/dcab619c614d3038751c63bc2aadc06d"},"description":"N\u00eb emisionin \u2018Osman Aga Show\u2019 i udh\u00ebhequr nga Suad Mehmeti, jeni t\u00eb ftuar ta ndiqni ket\u00eb emision ku protagonisti kryesor asht\u00eb Osman Leskovci, ai p\u00ebrve\u00e7","breadcrumb":{"@id":"https:\/\/www.visit-ulcinj.com\/blog\/2016\/02\/19\/osman-aga-ben-show-ne-kriporen-e-ulqinit-tv-teuta\/#breadcrumb"},"inLanguage":"en-US","potentialAction":[{"@type":"ReadAction","target":["https:\/\/www.visit-ulcinj.com\/blog\/2016\/02\/19\/osman-aga-ben-show-ne-kriporen-e-ulqinit-tv-teuta\/"]}]},{"@type":"BreadcrumbList","@id":"https:\/\/www.visit-ulcinj.com\/blog\/2016\/02\/19\/osman-aga-ben-show-ne-kriporen-e-ulqinit-tv-teuta\/#breadcrumb","itemListElement":[{"@type":"ListItem","position":1,"name":"Osman Aga b\u00ebn show n\u00eb Kriporen e Ulqinit &#8211; Tv Teuta"}]},{"@type":"Person","@id":"https:\/\/www.visit-ulcinj.com\/blog\/#\/schema\/person\/dcab619c614d3038751c63bc2aadc06d","name":"ulqini","sameAs":["http:\/\/www.visit-ulcinj.com"],"url":"https:\/\/www.visit-ulcinj.com\/blog\/author\/admin\/"}]}},"jetpack_featured_media_url":"","jetpack_sharing_enabled":true,"jetpack_shortlink":"https:\/\/wp.me\/pe6lTn-oDq","_links":{"self":[{"href":"https:\/\/www.visit-ulcinj.com\/blog\/wp-json\/wp\/v2\/posts\/94700"}],"collection":[{"href":"https:\/\/www.visit-ulcinj.com\/blog\/wp-json\/wp\/v2\/posts"}],"about":[{"href":"https:\/\/www.visit-ulcinj.com\/blog\/wp-json\/wp\/v2\/types\/post"}],"author":[{"embeddable":true,"href":"https:\/\/www.visit-ulcinj.com\/blog\/wp-json\/wp\/v2\/users\/1"}],"replies":[{"embeddable":true,"href":"https:\/\/www.visit-ulcinj.com\/blog\/wp-json\/wp\/v2\/comments?post=94700"}],"version-history":[{"count":3,"href":"https:\/\/www.visit-ulcinj.com\/blog\/wp-json\/wp\/v2\/posts\/94700\/revisions"}],"predecessor-version":[{"id":94704,"href":"https:\/\/www.visit-ulcinj.com\/blog\/wp-json\/wp\/v2\/posts\/94700\/revisions\/94704"}],"wp:attachment":[{"href":"https:\/\/www.visit-ulcinj.com\/blog\/wp-json\/wp\/v2\/media?parent=94700"}],"wp:term":[{"taxonomy":"category","embeddable":true,"href":"https:\/\/www.visit-ulcinj.com\/blog\/wp-json\/wp\/v2\/categories?post=94700"},{"taxonomy":"post_tag","embeddable":true,"href":"https:\/\/www.visit-ulcinj.com\/blog\/wp-json\/wp\/v2\/tags?post=94700"}],"curies":[{"name":"wp","href":"https:\/\/api.w.org\/{rel}","templated":true}]}}