{"id":9471,"date":"2009-01-21T07:33:40","date_gmt":"2009-01-21T06:33:40","guid":{"rendered":"http:\/\/www.visit-ulcinj.com\/blog\/?p=9471"},"modified":"2009-01-21T09:25:33","modified_gmt":"2009-01-21T08:25:33","slug":"jemi-ende-ne-malin-e-ziflet-peshkatari-i-humbur","status":"publish","type":"post","link":"https:\/\/www.visit-ulcinj.com\/blog\/2009\/01\/21\/jemi-ende-ne-malin-e-ziflet-peshkatari-i-humbur\/","title":{"rendered":"SOS..Jemi ende n\u00eb Malin e Zi,Flet peshkatari i humbur"},"content":{"rendered":"<p><span style=\"font-size: 12px; font-weight: normal;\"><strong><a rel=\"attachment wp-att-9472\" href=\"http:\/\/www.visit-ulcinj.com\/blog\/2009\/01\/21\/jemi-ende-ne-malin-e-ziflet-peshkatari-i-humbur\/karta-nautike-e-regionit-adriatik\/\"><img loading=\"lazy\" class=\"alignleft size-full wp-image-9472\" title=\"karta-nautike-e-regionit-adriatik\" src=\"http:\/\/www.visit-ulcinj.com\/blog\/wp-content\/uploads\/2009\/01\/karta-nautike-e-regionit-adriatik.jpg\" alt=\"karta-nautike-e-regionit-adriatik\" width=\"570\" height=\"343\" \/><\/a>T\u00eb af\u00ebrmit e peshkatar\u00ebve kan\u00eb njoftuar n\u00eb redaksin\u00eb e televizionit News24 duke th\u00ebn\u00eb se vet\u00ebm pak minuta m\u00eb par\u00eb kan\u00eb arritur t\u00eb komunikojn\u00eb me t\u00eb humburit t\u00eb cil\u00ebt kan\u00eb b\u00ebr\u00eb thirrje p\u00ebr rifillimin e k\u00ebrkimeve. Sipas t\u00eb dh\u00ebnave nga t\u00eb af\u00ebrmit, peshkatar\u00ebt kan\u00eb b\u00ebr\u00eb t\u00eb ditur se p\u00ebrreth tyre shohin drita, dhe dyshojn\u00eb se ndodhen n\u00eb af\u00ebrsi t\u00eb Sh\u00ebngjinit <\/strong><br \/>\n<a class=\"zgjedhje\" href=\"http:\/\/www.balkanweb.com\/sitev4\/lajme.php?id=32451\"> <strong>POLICIA E SHTETIT :Kliko<br \/>\n<\/strong><\/a><\/span><\/p>\n<p><strong>TIRANE<\/strong>&#8211; Pasi jan\u00eb nd\u00ebrprer\u00eb k\u00ebrkimet p\u00ebr gomonen e humbur, t\u00eb af\u00ebrmit e peshkatar\u00ebve kan\u00eb njoftuar n\u00eb redaksin\u00eb e\u00a0televizionit News24 duke th\u00ebn\u00eb se vet\u00ebm pak minuta m\u00eb par\u00eb kan\u00eb arritur t\u00eb komunikojn\u00eb me t\u00eb humburit t\u00eb cil\u00ebt kan\u00eb b\u00ebr\u00eb thirrje p\u00ebr rifillimin e k\u00ebrkimeve. Sipas t\u00eb dh\u00ebnave q\u00eb t\u00eb af\u00ebrmve, peshkatar\u00ebt kan\u00eb b\u00ebr\u00eb t\u00eb ditur se p\u00ebrreth tyre shohin drita, dhe dyshojn\u00eb se ndoshen n\u00eb af\u00ebrsi t\u00eb Sh\u00ebngjinit.<br \/>\nNd\u00ebr t\u00eb tjera ata kan\u00eb b\u00ebr\u00eb apel p\u00ebr t\u00eb vazhduar k\u00ebrkimet sepse ndodhen n\u00eb v\u00ebshtir\u00ebsi p\u00ebr shkak se rryma i shtyn drejt detit t\u00eb hapur.<br \/>\nBurime nga policia kan\u00eb b\u00ebr\u00eb t\u00eb ditur se k\u00ebrkimet jan\u00eb t\u00eb pamundura n\u00eb kushtet e err\u00ebsir\u00ebs s\u00eb plot\u00eb dhe motit t\u00eb keq.<\/p>\n<p><strong>Ora 19:44 Nd\u00ebrpriten k\u00ebrkimet p\u00ebr gomonen, rifillojn\u00eb nes\u00ebr<\/strong><\/p>\n<p>Nd\u00ebrpriten k\u00ebrkimet p\u00ebr gjetjen e gomones s\u00eb humbur. M\u00ebsohet se prej m\u00eb tep\u00ebr se dy or\u00ebsh, pala shqiptare dhe ajo malazeze kan\u00eb nd\u00ebrprer\u00eb t\u00eb gjitha k\u00ebrkimet p\u00ebr gjetjen e gomones n\u00eb t\u00eb cil\u00ebn ndodhen tre peshkatar\u00eb. Autoritetet policore kan\u00eb b\u00ebr\u00eb t\u00eb ditur se k\u00ebrkimet jan\u00eb mbyllur p\u00ebr dit\u00ebn e sotme p\u00ebr shkak se moti i keq dhe err\u00ebsira e b\u00ebjn\u00eb t\u00eb pamundur vazhdimin e misionit k\u00ebrkues. Nd\u00ebrkoh\u00eb jan\u00eb pezulluar edhe patrullimet nga ajri sepse gjetja e gjurm\u00ebve n\u00eb err\u00ebsir\u00eb \u00ebsht\u00eb e pamundur.<br \/>\nK\u00ebrkimet do t\u00eb rifillojn\u00eb serish nes\u00ebr sapo t\u00eb zbardh\u00eb dita.<br \/>\nTre peshkatar\u00ebt q\u00eb rrezikojn\u00eb jet\u00ebn n\u00eb gomone do t\u00eb jen\u00eb t\u00eb detyruar t\u00eb kalojn\u00eb edhe nj\u00eb nat\u00eb tjet\u00ebr n\u00eb det pasi kan\u00eb dal\u00eb p\u00ebr peshkim q\u00eb dit\u00ebn e djel\u00eb.<\/p>\n<p><strong>(e.n\/News24\/Balkanweb)<\/strong><\/p>\n<p><strong>Ora 17:05 &#8211; Flet peshkatari i humbur: Jemi ende n\u00eb Malin e Zi<\/strong><\/p>\n<p>Nje\u00a0gomone me 3 persona ne te rezulton e zhdukur prej dites se diele. Autoritetet portuale shqiptare jane vene ne levizje per gjetjen dhe shpetimin e peshkatareve qe sinjalizuan personalisht me telefon humbjen ne detin Adriatik.<\/p>\n<p><strong>Policia e Shtetit: Po k\u00ebrkojm\u00eb t\u00eb humburit s\u00eb bashku me homolog\u00ebt malazez\u00eb<\/strong><\/p>\n<p><strong>Ora 17:05<\/strong>-Policia e Shtetit reagon p\u00ebr mjetin lundrues t\u00eb humbur prej dit\u00ebs s\u00eb djeshme n\u00eb ujrat e detit Adriatik. Policia b\u00ebri t\u00eb ditur se \u00ebsht\u00eb kontaktuar me celular me nj\u00eb nga peshkatar\u00ebt, por nga ana e tij nuk ishte e mundur q\u00eb t\u00eb p\u00ebrcaktohej sakt\u00eb vendndodhja, nd\u00ebrkoh\u00eb n\u00eb telefonin celular dilte sinjali i telefonis\u00eb s\u00eb Malit t\u00eb Zi.<br \/>\nP\u00ebr t\u2019ju ardhur n\u00eb ndihm\u00eb 3 peshkatar\u00ebve nga strukturat e Policis\u00eb s\u00eb Shtetit, u mor kontakt menj\u00ebher\u00eb me Policin\u00eb Malazeze p\u00ebr t\u00eb b\u00ebr\u00eb t\u00eb mundur fillimin e k\u00ebrkimeve n\u00eb ujrat e tyre. Po ashtu homolog\u00ebve Malazez\u00eb ju k\u00ebrkua q\u00eb t\u00eb lejonin fluturimet n\u00eb hap\u00ebsir\u00ebn e tyre tok\u00ebsore dhe ujore t\u00eb helikopter\u00ebve t\u00eb Ministris\u00eb son\u00eb t\u00eb Mbrojtjes.<br \/>\nAktualisht po vazhdojn\u00eb k\u00ebrkimet intensive si nga ajri me helikopter, ashtu dhe nga deti me mjete lundruese, nd\u00ebrkoh\u00eb q\u00eb po bashk\u00ebpunohet ngusht\u00eb dhe me pal\u00ebn malazeze p\u00ebr t\u00eb b\u00ebr\u00eb t\u00eb mundur gjetjen e k\u00ebtyre shtetasve.<\/p>\n<p><strong>Peshkatari kontakton Vloren: Jemi ne ujrat malazeze<br \/>\n<\/strong><br \/>\n<strong>Ora 16:50<\/strong>-Nj\u00eb nga peshkatar\u00ebt ka kontaktuar me telefon v\u00ebllan\u00eb e tij q\u00eb ndodhej n\u00eb kapitenerin\u00eb e Vlor\u00ebs. Peshkatari Romeo Pulizi ka folur m\u00eb pas direkt me shefin e kapiteneris\u00eb, Vlor\u00eb, Anastas Goga. Peshkatari ka b\u00ebr\u00eb me dije Gog\u00ebn se ndodhen ende n\u00eb ujrat e Malit t\u00eb Zi dhe se rreth e rrotull tyre ka mjegull. Shefi i kapiteneris\u00eb i siguroi peshkatar\u00ebt se k\u00ebrkimet p\u00ebr gjetjen e tyre po vazhdojn\u00eb. \u201cKa dal\u00eb nj\u00eb helikopter, qe po ju kerkon,\u00a0posa ta shihni b\u00ebjini shenj\u00eb\u201d, u tha Goga<br \/>\nNd\u00ebrkoh\u00eb n\u00eb kapitenerin\u00eb e Vlor\u00ebs ndodhen familjar\u00ebt e pehskatar\u00ebve, Pulizi e Golaj t\u00eb cil\u00ebt po presin ndonj\u00eb p\u00ebrgjigje pozitive nga forcat e ushtris\u00eb q\u00eb jan\u00eb v\u00ebn\u00eb n\u00eb k\u00ebrkim.<\/p>\n<p><strong>Intensifikohen kerkimet<\/strong><\/p>\n<p><strong>Ora 16:15<\/strong>-Operacioni kerkimor per 3 peshkataret eshte intensifikuar me qellim gjetjen e gomones para se te bjere nata. Shtabi i Pergjithshem i Ushtrise shqiptare ka urdheruar brigaden ajrore ne angazhimin e gjetjes se gomones. Per kete qellim nje helikopter ushatarak po lundorn mbi ujrat e Adriatikut per te zbuluar ndonje gjurme. Po keshtu edhe 3 mjete lundruese te ushtrise po hulumtojne ujrat pikerisht ne zonen ku dyshohet se ka humbur gomonia.<\/p>\n<p><strong>Identifikohen emrat e dy peshkatareve\u00a0te humbur<br \/>\n<\/strong><br \/>\n<strong>Ora 16:10<\/strong>-Identifikohen emrat e dy peshkatar\u00ebve t\u00eb tjer\u00eb q\u00eb bashk\u00eb me nj\u00eb person t\u00eb tret\u00eb, emri i t\u00eb cilit \u00ebsht\u00eb b\u00ebr\u00eb i ditur gjate paradites,<br \/>\nrezultojn\u00eb t\u00eb humbur n\u00eb detin Adriatik. P\u00ebrvec Romeo Pulizit q\u00eb telefonoi n\u00eb Portin e Vlor\u00ebs se ka humbur bashk\u00eb me 2 peshkatar\u00eb t\u00eb tjer\u00eb gjat\u00eb lundurmit me gomone, burime nga Porti i Vlor\u00ebs b\u00ebjn\u00eb t\u00eb ditur dhe 2 emrat e tjer\u00eb. Ata quhen Sotir Golaj e Niko Golaj, banor\u00eb t\u00eb qytetti t\u00eb Vlor\u00ebs. Nd\u00ebrkoh\u00eb q\u00eb pala shqiptare dhe ajo malazeze vazhdojn\u00eb intensivisht k\u00ebrkimet p\u00ebr gjetjen e gomones me t\u00eb cil\u00ebn\u00a03 personat nga Vlora\u00a0peshkonin si amator\u00eb.<\/p>\n<p><strong>Humbet ne Adriatik gomonia me 3 peshkatare, amatore. Vazhdojne kerkimet<\/strong><\/p>\n<p><strong>Ora 15:00<\/strong>-Gomonia me\u00a0tre persona n\u00eb bord\u00a0dha \u00a0alarmin &#8220;SOS&#8221;\u00a0n\u00eb ujrat territorial\u00eb t\u00eb\u00a0Malit t\u00eb Zi, n\u00eb detin Adriatik. T\u00eb dh\u00ebnat e fundit nga Kapineteria e portit t\u00eb Durr\u00ebsit ( t\u00eb cilat jan\u00eb mb\u00ebshtetur n\u00eb th\u00ebniet e nj\u00ebrit prej personave n\u00eb bord) b\u00ebjn\u00eb t\u00eb ditur se gomonia mund t\u00eb ndodhet rreth 35 milje larg bregdetit t\u00eb Ulqinit. Policia bregdetare e Malit t\u00eb Zi ka nd\u00ebrrmar\u00eb nj\u00eb operacion kontrolli t\u00eb ujrave territorial\u00eb por deri tani nuk \u00ebsht\u00eb identifikuar vendndodhja e gomones. M\u00ebsohet se ujrat territorial\u00eb po kontrollohen edhe nga lart n\u00ebp\u00ebrmjet nj\u00eb helikopteri. Kapiteneria e Portit t\u00eb Durr\u00ebsit konfirmon se policia bregdetare e Malit t\u00eb Zi vazhdon t\u00eb mbaj\u00eb kontakte telefonike me nj\u00ebrin nga personat n\u00eb bordin e gomones.<\/p>\n<p>Personat q\u00eb ndodhen n\u00eb gomone kan\u00eb njoftuar se\u00a0arrijn\u00eb t\u00eb shikojn\u00eb n\u00eb det trageti &#8220;Riviera del Connero&#8221;, i linj\u00ebs Ankona- Durr\u00ebs. Kapiteneria e portit t\u00eb Durr\u00ebsit i ka dh\u00ebn\u00eb urdhrin kapitenit t\u00eb tragetit t\u00eb nd\u00ebrpres\u00eb udh\u00ebtimin dhe t\u00eb mbikqyr\u00eb zon\u00ebn. Sipas burimeve t\u00eb kapiteneris\u00eb s\u00eb p\u00ebrgjithshme trageti ka vijuar k\u00ebrkimet p\u00ebr rreth tre or\u00eb , por pa rezultat.<br \/>\nDeri tani nuk ka asnj\u00eb shenj\u00eb t\u00eb gomones nd\u00ebrsa ujrat po kontrollohen edhe nga nj\u00eb motovedet\u00eb dhe helikopter malazez. Edhe k\u00ebrkimet me radar\u00eb nuk kan\u00eb dh\u00ebn\u00eb deri tani asnj\u00eb shenj\u00eb p\u00ebr vendndodhjen e gomones<\/p>\n<p>Drejtori i policis\u00eb kufitare t\u00eb Shkodr\u00ebs Besnik Zela n\u00eb nj\u00eb prononcim telefonik p\u00ebr Tv NEWS24 konfirmoi nd\u00ebrmarrjen e operacionit k\u00ebrkim- shp\u00ebtimi . Gomonia mund t\u00eb ket\u00eb p\u00ebsuar defekt ose nuk mund t\u00eb ket\u00eb karburant.<\/p>\n<p><strong>Lajmerohet kapiteneria e Vlores, ka humbur nje gomone me 3 peshkatare<\/strong><\/p>\n<p><strong>Ora 11:20<\/strong>-T\u00eb dh\u00ebnat e fundit flasin p\u00ebr 3 persona n\u00eb bordin e gomones t\u00eb cil\u00ebt kishin dalur p\u00ebr peshkim t\u00eb diel\u00ebn m\u00eb 18 janar. Bashk\u00ebshortja e nj\u00ebrit prej personave q\u00eb ndodhen n\u00eb bordin e gomones, Romeo Pulizi ka njoftuar sot rreth or\u00ebs 12: 30 minuta kapitenerin\u00eb e portit t\u00eb Vlor\u00ebs p\u00ebr moskthimin e bashk\u00ebshortit t\u00eb saj. P\u00ebr shkak t\u00eb motit t\u00eb keq dhe er\u00ebs s\u00eb fort\u00eb gomonia mund t\u00eb ket\u00eb humbur drejtimin dhe t\u00eb ket\u00eb dal\u00eb n\u00eb ujrat territorial\u00eb t\u00eb Malit t\u00eb Zi.\u00a0 Ende nuk dihet\u00a0se kush jan\u00eb dy personat e tjer\u00eb q\u00eb ndodhen s\u00eb bashku me Romeo Pulizin n\u00eb gomonen e humbur.<\/p>\n<p>Deti i trazuar me dallg\u00eb me nj\u00eb forc\u00eb 6-7 ball\u00eb dhe era q\u00eb fryn n\u00eb drejtimin jug- veri rrezikon dyshohet se po zhvendos gomonen duke b\u00ebr\u00eb t\u00eb v\u00ebshtir\u00eb identifikimin e vendndodhjes s\u00eb saj.<br \/>\nNd\u00ebrkoh\u00eb familjar\u00ebt e peshkatar\u00ebve n\u00eb Vlor\u00eb po presin me ankth t\u00eb dh\u00ebna rreth t\u00eb dashurve t\u00eb tyre.<\/p>\n<p><strong>(s.g\/BalkanWeb)<\/strong><\/p>\n<p><strong><object classid=\"clsid:6bf52a52-394a-11d3-b153-00c04f79faa6\" width=\"560\" height=\"400\" codebase=\"http:\/\/activex.microsoft.com\/activex\/controls\/mplayer\/en\/nsmp2inf.cab#Version=5,1,52,701\"><param name=\"url\" value=\"http:\/\/www.balkanweb.com\/sitev4\/upload\/multimedia\/1232481003.wmv\" \/><param name=\"url\" value=\"http:\/\/www.balkanweb.com\/sitev4\/upload\/multimedia\/1232481003.wmv\" \/><\/object><br \/>\n<\/strong><\/p>\n<p><a class=\"zgjedhje\" href=\"http:\/\/www.balkanweb.com\/sitev4\/lajme.php?id=32451\"><\/a><\/p>\n","protected":false},"excerpt":{"rendered":"<p>T\u00eb af\u00ebrmit e peshkatar\u00ebve kan\u00eb njoftuar n\u00eb redaksin\u00eb e televizionit News24 duke th\u00ebn\u00eb se vet\u00ebm pak minuta m\u00eb par\u00eb kan\u00eb arritur t\u00eb komunikojn\u00eb me t\u00eb humburit t\u00eb cil\u00ebt kan\u00eb b\u00ebr\u00eb thirrje p\u00ebr rifillimin e k\u00ebrkimeve. Sipas t\u00eb dh\u00ebnave nga t\u00eb af\u00ebrmit, peshkatar\u00ebt kan\u00eb b\u00ebr\u00eb t\u00eb ditur se p\u00ebrreth tyre shohin drita, dhe dyshojn\u00eb se ndodhen [&hellip;]<\/p>\n","protected":false},"author":1,"featured_media":0,"comment_status":"open","ping_status":"closed","sticky":false,"template":"","format":"standard","meta":{"spay_email":"","jetpack_publicize_message":"","jetpack_is_tweetstorm":false,"jetpack_publicize_feature_enabled":true},"categories":[1],"tags":[5982,5980,5983,5974,5971,5975,5972,5979,5977,5973,5984,5589,2189,5981,5978,5976],"jetpack_publicize_connections":[],"yoast_head":"<!-- This site is optimized with the Yoast SEO plugin v19.1 - https:\/\/yoast.com\/wordpress\/plugins\/seo\/ -->\n<title>SOS..Jemi ende n\u00eb Malin e Zi,Flet peshkatari i humbur - Lajme nga Ulqini<\/title>\n<meta name=\"description\" content=\"T\u00eb af\u00ebrmit e peshkatar\u00ebve kan\u00eb njoftuar n\u00eb redaksin\u00eb e televizionit News24 duke th\u00ebn\u00eb se vet\u00ebm pak minuta m\u00eb par\u00eb kan\u00eb arritur t\u00eb komunikojn\u00eb me t\u00eb\" \/>\n<meta name=\"robots\" content=\"index, follow, max-snippet:-1, max-image-preview:large, max-video-preview:-1\" \/>\n<link rel=\"canonical\" href=\"https:\/\/www.visit-ulcinj.com\/blog\/2009\/01\/21\/jemi-ende-ne-malin-e-ziflet-peshkatari-i-humbur\/\" \/>\n<meta property=\"og:locale\" content=\"en_US\" \/>\n<meta property=\"og:type\" content=\"article\" \/>\n<meta property=\"og:title\" content=\"SOS..Jemi ende n\u00eb Malin e Zi,Flet peshkatari i humbur - Lajme nga Ulqini\" \/>\n<meta property=\"og:description\" content=\"T\u00eb af\u00ebrmit e peshkatar\u00ebve kan\u00eb njoftuar n\u00eb redaksin\u00eb e televizionit News24 duke th\u00ebn\u00eb se vet\u00ebm pak minuta m\u00eb par\u00eb kan\u00eb arritur t\u00eb komunikojn\u00eb me t\u00eb\" \/>\n<meta property=\"og:url\" content=\"https:\/\/www.visit-ulcinj.com\/blog\/2009\/01\/21\/jemi-ende-ne-malin-e-ziflet-peshkatari-i-humbur\/\" \/>\n<meta property=\"og:site_name\" content=\"Lajme nga Ulqini\" \/>\n<meta property=\"article:published_time\" content=\"2009-01-21T06:33:40+00:00\" \/>\n<meta property=\"article:modified_time\" content=\"2009-01-21T08:25:33+00:00\" \/>\n<meta property=\"og:image\" content=\"http:\/\/www.visit-ulcinj.com\/blog\/wp-content\/uploads\/2009\/01\/karta-nautike-e-regionit-adriatik.jpg\" \/>\n<meta name=\"twitter:label1\" content=\"Written by\" \/>\n\t<meta name=\"twitter:data1\" content=\"ulqini\" \/>\n\t<meta name=\"twitter:label2\" content=\"Est. reading time\" \/>\n\t<meta name=\"twitter:data2\" content=\"7 minutes\" \/>\n<script type=\"application\/ld+json\" class=\"yoast-schema-graph\">{\"@context\":\"https:\/\/schema.org\",\"@graph\":[{\"@type\":\"WebSite\",\"@id\":\"https:\/\/www.visit-ulcinj.com\/blog\/#website\",\"url\":\"https:\/\/www.visit-ulcinj.com\/blog\/\",\"name\":\"Lajme nga Ulqini\",\"description\":\"Lajme,Vijesti,Ulqini,Ulqin,Crna Gora,Mali i Zi\",\"potentialAction\":[{\"@type\":\"SearchAction\",\"target\":{\"@type\":\"EntryPoint\",\"urlTemplate\":\"https:\/\/www.visit-ulcinj.com\/blog\/?s={search_term_string}\"},\"query-input\":\"required name=search_term_string\"}],\"inLanguage\":\"en-US\"},{\"@type\":\"ImageObject\",\"inLanguage\":\"en-US\",\"@id\":\"https:\/\/www.visit-ulcinj.com\/blog\/2009\/01\/21\/jemi-ende-ne-malin-e-ziflet-peshkatari-i-humbur\/#primaryimage\",\"url\":\"https:\/\/www.visit-ulcinj.com\/blog\/wp-content\/uploads\/2009\/01\/karta-nautike-e-regionit-adriatik.jpg\",\"contentUrl\":\"https:\/\/www.visit-ulcinj.com\/blog\/wp-content\/uploads\/2009\/01\/karta-nautike-e-regionit-adriatik.jpg\",\"width\":\"409\",\"height\":\"343\"},{\"@type\":\"WebPage\",\"@id\":\"https:\/\/www.visit-ulcinj.com\/blog\/2009\/01\/21\/jemi-ende-ne-malin-e-ziflet-peshkatari-i-humbur\/#webpage\",\"url\":\"https:\/\/www.visit-ulcinj.com\/blog\/2009\/01\/21\/jemi-ende-ne-malin-e-ziflet-peshkatari-i-humbur\/\",\"name\":\"SOS..Jemi ende n\u00eb Malin e Zi,Flet peshkatari i humbur - Lajme nga Ulqini\",\"isPartOf\":{\"@id\":\"https:\/\/www.visit-ulcinj.com\/blog\/#website\"},\"primaryImageOfPage\":{\"@id\":\"https:\/\/www.visit-ulcinj.com\/blog\/2009\/01\/21\/jemi-ende-ne-malin-e-ziflet-peshkatari-i-humbur\/#primaryimage\"},\"datePublished\":\"2009-01-21T06:33:40+00:00\",\"dateModified\":\"2009-01-21T08:25:33+00:00\",\"author\":{\"@id\":\"https:\/\/www.visit-ulcinj.com\/blog\/#\/schema\/person\/dcab619c614d3038751c63bc2aadc06d\"},\"description\":\"T\u00eb af\u00ebrmit e peshkatar\u00ebve kan\u00eb njoftuar n\u00eb redaksin\u00eb e televizionit News24 duke th\u00ebn\u00eb se vet\u00ebm pak minuta m\u00eb par\u00eb kan\u00eb arritur t\u00eb komunikojn\u00eb me t\u00eb\",\"breadcrumb\":{\"@id\":\"https:\/\/www.visit-ulcinj.com\/blog\/2009\/01\/21\/jemi-ende-ne-malin-e-ziflet-peshkatari-i-humbur\/#breadcrumb\"},\"inLanguage\":\"en-US\",\"potentialAction\":[{\"@type\":\"ReadAction\",\"target\":[\"https:\/\/www.visit-ulcinj.com\/blog\/2009\/01\/21\/jemi-ende-ne-malin-e-ziflet-peshkatari-i-humbur\/\"]}]},{\"@type\":\"BreadcrumbList\",\"@id\":\"https:\/\/www.visit-ulcinj.com\/blog\/2009\/01\/21\/jemi-ende-ne-malin-e-ziflet-peshkatari-i-humbur\/#breadcrumb\",\"itemListElement\":[{\"@type\":\"ListItem\",\"position\":1,\"name\":\"SOS..Jemi ende n\u00eb Malin e Zi,Flet peshkatari i humbur\"}]},{\"@type\":\"Person\",\"@id\":\"https:\/\/www.visit-ulcinj.com\/blog\/#\/schema\/person\/dcab619c614d3038751c63bc2aadc06d\",\"name\":\"ulqini\",\"sameAs\":[\"http:\/\/www.visit-ulcinj.com\"],\"url\":\"https:\/\/www.visit-ulcinj.com\/blog\/author\/admin\/\"}]}<\/script>\n<!-- \/ Yoast SEO plugin. -->","yoast_head_json":{"title":"SOS..Jemi ende n\u00eb Malin e Zi,Flet peshkatari i humbur - Lajme nga Ulqini","description":"T\u00eb af\u00ebrmit e peshkatar\u00ebve kan\u00eb njoftuar n\u00eb redaksin\u00eb e televizionit News24 duke th\u00ebn\u00eb se vet\u00ebm pak minuta m\u00eb par\u00eb kan\u00eb arritur t\u00eb komunikojn\u00eb me t\u00eb","robots":{"index":"index","follow":"follow","max-snippet":"max-snippet:-1","max-image-preview":"max-image-preview:large","max-video-preview":"max-video-preview:-1"},"canonical":"https:\/\/www.visit-ulcinj.com\/blog\/2009\/01\/21\/jemi-ende-ne-malin-e-ziflet-peshkatari-i-humbur\/","og_locale":"en_US","og_type":"article","og_title":"SOS..Jemi ende n\u00eb Malin e Zi,Flet peshkatari i humbur - Lajme nga Ulqini","og_description":"T\u00eb af\u00ebrmit e peshkatar\u00ebve kan\u00eb njoftuar n\u00eb redaksin\u00eb e televizionit News24 duke th\u00ebn\u00eb se vet\u00ebm pak minuta m\u00eb par\u00eb kan\u00eb arritur t\u00eb komunikojn\u00eb me t\u00eb","og_url":"https:\/\/www.visit-ulcinj.com\/blog\/2009\/01\/21\/jemi-ende-ne-malin-e-ziflet-peshkatari-i-humbur\/","og_site_name":"Lajme nga Ulqini","article_published_time":"2009-01-21T06:33:40+00:00","article_modified_time":"2009-01-21T08:25:33+00:00","og_image":[{"url":"http:\/\/www.visit-ulcinj.com\/blog\/wp-content\/uploads\/2009\/01\/karta-nautike-e-regionit-adriatik.jpg"}],"twitter_misc":{"Written by":"ulqini","Est. reading time":"7 minutes"},"schema":{"@context":"https:\/\/schema.org","@graph":[{"@type":"WebSite","@id":"https:\/\/www.visit-ulcinj.com\/blog\/#website","url":"https:\/\/www.visit-ulcinj.com\/blog\/","name":"Lajme nga Ulqini","description":"Lajme,Vijesti,Ulqini,Ulqin,Crna Gora,Mali i Zi","potentialAction":[{"@type":"SearchAction","target":{"@type":"EntryPoint","urlTemplate":"https:\/\/www.visit-ulcinj.com\/blog\/?s={search_term_string}"},"query-input":"required name=search_term_string"}],"inLanguage":"en-US"},{"@type":"ImageObject","inLanguage":"en-US","@id":"https:\/\/www.visit-ulcinj.com\/blog\/2009\/01\/21\/jemi-ende-ne-malin-e-ziflet-peshkatari-i-humbur\/#primaryimage","url":"https:\/\/www.visit-ulcinj.com\/blog\/wp-content\/uploads\/2009\/01\/karta-nautike-e-regionit-adriatik.jpg","contentUrl":"https:\/\/www.visit-ulcinj.com\/blog\/wp-content\/uploads\/2009\/01\/karta-nautike-e-regionit-adriatik.jpg","width":"409","height":"343"},{"@type":"WebPage","@id":"https:\/\/www.visit-ulcinj.com\/blog\/2009\/01\/21\/jemi-ende-ne-malin-e-ziflet-peshkatari-i-humbur\/#webpage","url":"https:\/\/www.visit-ulcinj.com\/blog\/2009\/01\/21\/jemi-ende-ne-malin-e-ziflet-peshkatari-i-humbur\/","name":"SOS..Jemi ende n\u00eb Malin e Zi,Flet peshkatari i humbur - Lajme nga Ulqini","isPartOf":{"@id":"https:\/\/www.visit-ulcinj.com\/blog\/#website"},"primaryImageOfPage":{"@id":"https:\/\/www.visit-ulcinj.com\/blog\/2009\/01\/21\/jemi-ende-ne-malin-e-ziflet-peshkatari-i-humbur\/#primaryimage"},"datePublished":"2009-01-21T06:33:40+00:00","dateModified":"2009-01-21T08:25:33+00:00","author":{"@id":"https:\/\/www.visit-ulcinj.com\/blog\/#\/schema\/person\/dcab619c614d3038751c63bc2aadc06d"},"description":"T\u00eb af\u00ebrmit e peshkatar\u00ebve kan\u00eb njoftuar n\u00eb redaksin\u00eb e televizionit News24 duke th\u00ebn\u00eb se vet\u00ebm pak minuta m\u00eb par\u00eb kan\u00eb arritur t\u00eb komunikojn\u00eb me t\u00eb","breadcrumb":{"@id":"https:\/\/www.visit-ulcinj.com\/blog\/2009\/01\/21\/jemi-ende-ne-malin-e-ziflet-peshkatari-i-humbur\/#breadcrumb"},"inLanguage":"en-US","potentialAction":[{"@type":"ReadAction","target":["https:\/\/www.visit-ulcinj.com\/blog\/2009\/01\/21\/jemi-ende-ne-malin-e-ziflet-peshkatari-i-humbur\/"]}]},{"@type":"BreadcrumbList","@id":"https:\/\/www.visit-ulcinj.com\/blog\/2009\/01\/21\/jemi-ende-ne-malin-e-ziflet-peshkatari-i-humbur\/#breadcrumb","itemListElement":[{"@type":"ListItem","position":1,"name":"SOS..Jemi ende n\u00eb Malin e Zi,Flet peshkatari i humbur"}]},{"@type":"Person","@id":"https:\/\/www.visit-ulcinj.com\/blog\/#\/schema\/person\/dcab619c614d3038751c63bc2aadc06d","name":"ulqini","sameAs":["http:\/\/www.visit-ulcinj.com"],"url":"https:\/\/www.visit-ulcinj.com\/blog\/author\/admin\/"}]}},"jetpack_featured_media_url":"","jetpack_sharing_enabled":true,"jetpack_shortlink":"https:\/\/wp.me\/pe6lTn-2sL","_links":{"self":[{"href":"https:\/\/www.visit-ulcinj.com\/blog\/wp-json\/wp\/v2\/posts\/9471"}],"collection":[{"href":"https:\/\/www.visit-ulcinj.com\/blog\/wp-json\/wp\/v2\/posts"}],"about":[{"href":"https:\/\/www.visit-ulcinj.com\/blog\/wp-json\/wp\/v2\/types\/post"}],"author":[{"embeddable":true,"href":"https:\/\/www.visit-ulcinj.com\/blog\/wp-json\/wp\/v2\/users\/1"}],"replies":[{"embeddable":true,"href":"https:\/\/www.visit-ulcinj.com\/blog\/wp-json\/wp\/v2\/comments?post=9471"}],"version-history":[{"count":0,"href":"https:\/\/www.visit-ulcinj.com\/blog\/wp-json\/wp\/v2\/posts\/9471\/revisions"}],"wp:attachment":[{"href":"https:\/\/www.visit-ulcinj.com\/blog\/wp-json\/wp\/v2\/media?parent=9471"}],"wp:term":[{"taxonomy":"category","embeddable":true,"href":"https:\/\/www.visit-ulcinj.com\/blog\/wp-json\/wp\/v2\/categories?post=9471"},{"taxonomy":"post_tag","embeddable":true,"href":"https:\/\/www.visit-ulcinj.com\/blog\/wp-json\/wp\/v2\/tags?post=9471"}],"curies":[{"name":"wp","href":"https:\/\/api.w.org\/{rel}","templated":true}]}}