{"id":94716,"date":"2016-02-19T18:32:09","date_gmt":"2016-02-19T17:32:09","guid":{"rendered":"http:\/\/www.visit-ulcinj.com\/blog\/?p=94716"},"modified":"2016-02-19T18:32:09","modified_gmt":"2016-02-19T17:32:09","slug":"odgovorili-mans-u-za-ulcinjsku-solanu","status":"publish","type":"post","link":"https:\/\/www.visit-ulcinj.com\/blog\/2016\/02\/19\/odgovorili-mans-u-za-ulcinjsku-solanu\/","title":{"rendered":"Odgovorili Mans-u za ulcinjsku solanu"},"content":{"rendered":"<p><strong><a href=\"http:\/\/www.visit-ulcinj.com\/blog\/wp-content\/uploads\/2014\/03\/ulcinjska-solana-kriporja-ulqinit.jpg\"><img loading=\"lazy\" class=\"alignleft wp-image-80357\" src=\"http:\/\/www.visit-ulcinj.com\/blog\/wp-content\/uploads\/2014\/03\/ulcinjska-solana-kriporja-ulqinit.jpg\" alt=\"ulcinjska-solana-kriporja-ulqinit\" width=\"508\" height=\"338\" srcset=\"https:\/\/www.visit-ulcinj.com\/blog\/wp-content\/uploads\/2014\/03\/ulcinjska-solana-kriporja-ulqinit.jpg 720w, https:\/\/www.visit-ulcinj.com\/blog\/wp-content\/uploads\/2014\/03\/ulcinjska-solana-kriporja-ulqinit-300x199.jpg 300w\" sizes=\"(max-width: 508px) 100vw, 508px\" \/><\/a>Iz MANS-a saop\u0161teno je da je zemlji\u0161te ulcinjske Solane u Nacrtu prostornog plana za obalno podru\u010dje progla\u0161eno privatnim, \u0161to potvr\u0111uje da se radi o plja\u010dki dr\u017eavne imovine, kojom \u0107e bud\u017eet biti o\u0161te\u0107en vi\u0161e stotina miliona eura<\/strong><\/p>\n<p><strong><span class=\"credits__author\"> Autor: Mina Business <\/span><\/strong><\/p>\n<p>Prostorni plan posebne namjene za obalno podru\u010dje je planski dokument i ne mo\u017ee odre\u0111ivati svojinska prava, poru\u010deno je iz Ministarstva turizma i odr\u017eivog razvoja.<\/p>\n<p>Iz Mre\u017ee za afirmaciju navladinog sektora saop\u0161teno je da je zemlji\u0161te ulcinjske Solane u Nacrtu prostornog plana za obalno podru\u010dje progla\u0161eno privatnim, \u0161to potvr\u0111uje da se radi o plja\u010dki dr\u017eavne imovine, kojom \u0107e bud\u017eet biti o\u0161te\u0107en vi\u0161e stotina miliona eura.<\/p>\n<p>Direktorica Direktorata za prostorno planiranje u Ministarstvu turizma i odr\u017eivog razvoja, Dragana \u010ceni\u0107, navela je u reagovanju da se sudskom odlukom oko progla\u0161enja neustavnom Odluke o izmjeni i dopuni Prostornog plana Crne Gore do 2020. godine u dijelu za\u0161tite Solane, ne uti\u010de se na proces njene za\u0161tite u planskim dokumentima ni\u017eeg reda.<\/p>\n<p>\u201eUpravo zato je ovaj lokalitet Nacrtom Plana za obalno podru\u010dje jasno ozna\u010den kao za\u0161ti\u0107eno podru\u010dje i u to se mo\u017ee uvjeriti svako ko se detaljnije informisao o ovom dokumentu\u201c, poru\u010dila je \u010ceni\u0107.<\/p>\n<p>Ona je ponovila da je u okviru Solane koja obuhvata 1492 hektara planirano gra\u0111evinsko podru\u010dje u povr\u0161ini od oko \u0161est hektara i na njemu se predla\u017ee organizovanje komplementarnih turisti\u010dkih sadr\u017eaja &#8211; posmatranja flore i faune i eko rizort.<\/p>\n<p>\u010ceni\u0107 je pojasnila da na tom prostoru i sada postoji gra\u0111evinsko podru\u010dje namjenjeno industriji, \u0161to je potvr\u0111eno lokalnom planskom dokumentacijom, tako da Nacrtom prostornog plana za obalno podru\u010dje nije do\u0161lo do pove\u0107anja povr\u0161ine gra\u0111evinskog zemlji\u0161ta.<\/p>\n<p>\u201eRezervna razvojna zona u obuhvatu od 70 hektara odnosi se, osim na ovih \u0161est hektara, i na prostore u zale\u0111u, van granica Solane\u201c, precizirala je ona.<\/p>\n<p>Prema njenim rije\u010dima, taj planski dokument nije ura\u0111en po stihijskim \u017eeljama bilo koga, ve\u0107 po jasno propisanim procedurama i pravilima.<\/p>\n<p>\u201eDonijeta je odluka o njegovoj izradi koju je usvojila Vlada. Kompanije koje su izradile ovaj planski dokument izabrane su u regularnoj, transparetnoj tenderskoj proceduri na koju nije bilo niti jedne \u017ealbe. Kada je Nacrt izra\u0111en i nakon \u0161to je opet sagledan od strane Vlade, stavljen je na uvid javnosti. \u010citav tim planera, arhitekata i drugih stru\u010dnih lica, sagleda\u0107e sve dobijene primjedbe sa ciljem dobijanja najkvalitetnijeg rje\u0161enja\u201c, ukazala je \u010ceni\u0107.<\/p>\n<p>Ona je kontraproduktivnim i zbunjuju\u0107im ocijenila slanje poruka iz MANS-a, jer je ispred Ministarstva nebrojeno puta decidno saop\u0161teno da na tom lokalitetu nije planirana gradnja o kojoj se pri\u010da u javnosti i da je pred doma\u0107om i me\u0111unarodnom zajednicom izlo\u017eeno jasno opredjeljenje za za\u0161titu i odr\u017eivi razvoj Solane od strane te institucije.<\/p>\n<p>\u201e\u0160to se ti\u010de navoda da je u Planu Solana ozna\u010dena kao privatno zemlji\u0161te, nagla\u0161avamo da planski dokument ne odre\u0111uje strukturu vlasni\u0161tva, tako da, i ako je obra\u0111iva\u010d plana naveo neprecizne podatke, jasno je da oni nikako ne mogu uticati na stvarna vlasni\u010dka prava. Ukoliko ne\u0161to nije adekvatno formulisano u Planu &#8211; on je zato i na javnoj raspravi \u2013 da se sve eventualne nejasno\u0107e isprave i otklone\u201c, poru\u010dila je \u010ceni\u0107.<\/p>\n<p>On je vrlo nekorektnim ocijenila kontinuirano povezivanje pri\u010de o odluci Ustavnog suda, kao i pri\u010de o izja\u0161njenju Savjeta za privatizaciju na ovu temu, sa aktivnostima koje u dijelu Solane sprovodi Ministarstvo odr\u017eivog razvoja i turizma.<\/p>\n<p>\u201eRadi se o pitanjima koje apsolutno nijesu u na\u0161oj nadle\u017enosti. Iskreno se nadamo da usmjeravanje te dvije teme na ovo Ministarstvo kroz insinuacije o navodnoj konspiraciji svih dr\u017eavnih struktura sa ciljem degradacije Solane, ne\u0107e zamagliti istinu\u201c, pjasnila je \u010ceni\u0107.<\/p>\n<p>On je ukazala da ta istina glasi da je Ministarstvo odr\u017eivog razvoja opredijeljeno za za\u0161titu Solane i na njoj \u0107e raditi kako treba i onoliko koliko treba, ne ulaze\u0107i brzopleto u ovu va\u017enu pri\u010du zbog naleta javnih optu\u017ebi.<\/p>\n<p>\u201eNaime, kako sistem Solane ne mo\u017ee opstati sam od sebe tj. odr\u017eava se uz \u010dovjekovu pomo\u0107, cijeli postupak njenog progla\u0161enja za\u0161ti\u0107enim zahtijeva dodatne analize sa aspekta upravljanja tim podru\u010djem, uklju\u010duju\u0107i i sredstva za upravljanje, i te analize su u izradi. Samo tako \u0107emo izbje\u0107i da proces za\u0161tite bude optere\u0107en eventualnim od\u0161tetnim zahtjevima (kao \u0161to je to bio slu\u010daj sa Tivatskim solilima) i upravo to je razlog trajanja procedure koja se ti\u010de stavljanja pod za\u0161titu ovog lokaliteta\u201c, rekla je \u010ceni\u0107.<\/p>\n<p>Ona je pozvala MANS i sve druge zainteresovane strane da do kraja javne rasprave dostave konkretne sugestije na Nacrt Prostornog plana posebne namjene za obalno podru\u010dje, kako u dijelu koji se ti\u010de Solane tako i \u0161ire.<\/p>\n<p>\u201eIste \u0107e biti sagledane sa du\u017enom pa\u017enjom i sa jednim ciljem: da dobijemo dokument koji \u0107e ne samo onima koji su radili na njemu, ve\u0107 \u010ditavoj dr\u017eavi, slu\u017eiti na \u010dast\u201c, poru\u010dila je \u010ceni\u0107.<\/p>\n<p><strong>Izvor: Vijesti Online<\/strong><\/p>\n","protected":false},"excerpt":{"rendered":"<p>Iz MANS-a saop\u0161teno je da je zemlji\u0161te ulcinjske Solane u Nacrtu prostornog plana za obalno podru\u010dje progla\u0161eno privatnim, \u0161to potvr\u0111uje da se radi o plja\u010dki dr\u017eavne imovine, kojom \u0107e bud\u017eet biti o\u0161te\u0107en vi\u0161e stotina miliona eura Autor: Mina Business Prostorni plan posebne namjene za obalno podru\u010dje je planski dokument i ne mo\u017ee odre\u0111ivati svojinska prava, [&hellip;]<\/p>\n","protected":false},"author":1,"featured_media":0,"comment_status":"closed","ping_status":"closed","sticky":false,"template":"","format":"standard","meta":{"spay_email":"","jetpack_publicize_message":"","jetpack_is_tweetstorm":false,"jetpack_publicize_feature_enabled":true},"categories":[8337],"tags":[],"jetpack_publicize_connections":[],"yoast_head":"<!-- This site is optimized with the Yoast SEO plugin v19.1 - https:\/\/yoast.com\/wordpress\/plugins\/seo\/ -->\n<title>Odgovorili Mans-u za ulcinjsku solanu - Lajme nga Ulqini<\/title>\n<meta name=\"description\" content=\"Iz MANS-a saop\u0161teno je da je zemlji\u0161te ulcinjske Solane u Nacrtu prostornog plana za obalno podru\u010dje progla\u0161eno privatnim, \u0161to potvr\u0111uje da se radi o\" \/>\n<meta name=\"robots\" content=\"index, follow, max-snippet:-1, max-image-preview:large, max-video-preview:-1\" \/>\n<link rel=\"canonical\" href=\"https:\/\/www.visit-ulcinj.com\/blog\/2016\/02\/19\/odgovorili-mans-u-za-ulcinjsku-solanu\/\" \/>\n<meta property=\"og:locale\" content=\"en_US\" \/>\n<meta property=\"og:type\" content=\"article\" \/>\n<meta property=\"og:title\" content=\"Odgovorili Mans-u za ulcinjsku solanu - Lajme nga Ulqini\" \/>\n<meta property=\"og:description\" content=\"Iz MANS-a saop\u0161teno je da je zemlji\u0161te ulcinjske Solane u Nacrtu prostornog plana za obalno podru\u010dje progla\u0161eno privatnim, \u0161to potvr\u0111uje da se radi o\" \/>\n<meta property=\"og:url\" content=\"https:\/\/www.visit-ulcinj.com\/blog\/2016\/02\/19\/odgovorili-mans-u-za-ulcinjsku-solanu\/\" \/>\n<meta property=\"og:site_name\" content=\"Lajme nga Ulqini\" \/>\n<meta property=\"article:published_time\" content=\"2016-02-19T17:32:09+00:00\" \/>\n<meta property=\"og:image\" content=\"http:\/\/www.visit-ulcinj.com\/blog\/wp-content\/uploads\/2014\/03\/ulcinjska-solana-kriporja-ulqinit.jpg\" \/>\n<meta name=\"twitter:label1\" content=\"Written by\" \/>\n\t<meta name=\"twitter:data1\" content=\"ulqini\" \/>\n\t<meta name=\"twitter:label2\" content=\"Est. reading time\" \/>\n\t<meta name=\"twitter:data2\" content=\"4 minutes\" \/>\n<script type=\"application\/ld+json\" class=\"yoast-schema-graph\">{\"@context\":\"https:\/\/schema.org\",\"@graph\":[{\"@type\":\"WebSite\",\"@id\":\"https:\/\/www.visit-ulcinj.com\/blog\/#website\",\"url\":\"https:\/\/www.visit-ulcinj.com\/blog\/\",\"name\":\"Lajme nga Ulqini\",\"description\":\"Lajme,Vijesti,Ulqini,Ulqin,Crna Gora,Mali i Zi\",\"potentialAction\":[{\"@type\":\"SearchAction\",\"target\":{\"@type\":\"EntryPoint\",\"urlTemplate\":\"https:\/\/www.visit-ulcinj.com\/blog\/?s={search_term_string}\"},\"query-input\":\"required name=search_term_string\"}],\"inLanguage\":\"en-US\"},{\"@type\":\"ImageObject\",\"inLanguage\":\"en-US\",\"@id\":\"https:\/\/www.visit-ulcinj.com\/blog\/2016\/02\/19\/odgovorili-mans-u-za-ulcinjsku-solanu\/#primaryimage\",\"url\":\"https:\/\/www.visit-ulcinj.com\/blog\/wp-content\/uploads\/2014\/03\/ulcinjska-solana-kriporja-ulqinit.jpg\",\"contentUrl\":\"https:\/\/www.visit-ulcinj.com\/blog\/wp-content\/uploads\/2014\/03\/ulcinjska-solana-kriporja-ulqinit.jpg\",\"width\":720,\"height\":479},{\"@type\":\"WebPage\",\"@id\":\"https:\/\/www.visit-ulcinj.com\/blog\/2016\/02\/19\/odgovorili-mans-u-za-ulcinjsku-solanu\/#webpage\",\"url\":\"https:\/\/www.visit-ulcinj.com\/blog\/2016\/02\/19\/odgovorili-mans-u-za-ulcinjsku-solanu\/\",\"name\":\"Odgovorili Mans-u za ulcinjsku solanu - Lajme nga Ulqini\",\"isPartOf\":{\"@id\":\"https:\/\/www.visit-ulcinj.com\/blog\/#website\"},\"primaryImageOfPage\":{\"@id\":\"https:\/\/www.visit-ulcinj.com\/blog\/2016\/02\/19\/odgovorili-mans-u-za-ulcinjsku-solanu\/#primaryimage\"},\"datePublished\":\"2016-02-19T17:32:09+00:00\",\"dateModified\":\"2016-02-19T17:32:09+00:00\",\"author\":{\"@id\":\"https:\/\/www.visit-ulcinj.com\/blog\/#\/schema\/person\/dcab619c614d3038751c63bc2aadc06d\"},\"description\":\"Iz MANS-a saop\u0161teno je da je zemlji\u0161te ulcinjske Solane u Nacrtu prostornog plana za obalno podru\u010dje progla\u0161eno privatnim, \u0161to potvr\u0111uje da se radi o\",\"breadcrumb\":{\"@id\":\"https:\/\/www.visit-ulcinj.com\/blog\/2016\/02\/19\/odgovorili-mans-u-za-ulcinjsku-solanu\/#breadcrumb\"},\"inLanguage\":\"en-US\",\"potentialAction\":[{\"@type\":\"ReadAction\",\"target\":[\"https:\/\/www.visit-ulcinj.com\/blog\/2016\/02\/19\/odgovorili-mans-u-za-ulcinjsku-solanu\/\"]}]},{\"@type\":\"BreadcrumbList\",\"@id\":\"https:\/\/www.visit-ulcinj.com\/blog\/2016\/02\/19\/odgovorili-mans-u-za-ulcinjsku-solanu\/#breadcrumb\",\"itemListElement\":[{\"@type\":\"ListItem\",\"position\":1,\"name\":\"Odgovorili Mans-u za ulcinjsku solanu\"}]},{\"@type\":\"Person\",\"@id\":\"https:\/\/www.visit-ulcinj.com\/blog\/#\/schema\/person\/dcab619c614d3038751c63bc2aadc06d\",\"name\":\"ulqini\",\"sameAs\":[\"http:\/\/www.visit-ulcinj.com\"],\"url\":\"https:\/\/www.visit-ulcinj.com\/blog\/author\/admin\/\"}]}<\/script>\n<!-- \/ Yoast SEO plugin. -->","yoast_head_json":{"title":"Odgovorili Mans-u za ulcinjsku solanu - Lajme nga Ulqini","description":"Iz MANS-a saop\u0161teno je da je zemlji\u0161te ulcinjske Solane u Nacrtu prostornog plana za obalno podru\u010dje progla\u0161eno privatnim, \u0161to potvr\u0111uje da se radi o","robots":{"index":"index","follow":"follow","max-snippet":"max-snippet:-1","max-image-preview":"max-image-preview:large","max-video-preview":"max-video-preview:-1"},"canonical":"https:\/\/www.visit-ulcinj.com\/blog\/2016\/02\/19\/odgovorili-mans-u-za-ulcinjsku-solanu\/","og_locale":"en_US","og_type":"article","og_title":"Odgovorili Mans-u za ulcinjsku solanu - Lajme nga Ulqini","og_description":"Iz MANS-a saop\u0161teno je da je zemlji\u0161te ulcinjske Solane u Nacrtu prostornog plana za obalno podru\u010dje progla\u0161eno privatnim, \u0161to potvr\u0111uje da se radi o","og_url":"https:\/\/www.visit-ulcinj.com\/blog\/2016\/02\/19\/odgovorili-mans-u-za-ulcinjsku-solanu\/","og_site_name":"Lajme nga Ulqini","article_published_time":"2016-02-19T17:32:09+00:00","og_image":[{"url":"http:\/\/www.visit-ulcinj.com\/blog\/wp-content\/uploads\/2014\/03\/ulcinjska-solana-kriporja-ulqinit.jpg"}],"twitter_misc":{"Written by":"ulqini","Est. reading time":"4 minutes"},"schema":{"@context":"https:\/\/schema.org","@graph":[{"@type":"WebSite","@id":"https:\/\/www.visit-ulcinj.com\/blog\/#website","url":"https:\/\/www.visit-ulcinj.com\/blog\/","name":"Lajme nga Ulqini","description":"Lajme,Vijesti,Ulqini,Ulqin,Crna Gora,Mali i Zi","potentialAction":[{"@type":"SearchAction","target":{"@type":"EntryPoint","urlTemplate":"https:\/\/www.visit-ulcinj.com\/blog\/?s={search_term_string}"},"query-input":"required name=search_term_string"}],"inLanguage":"en-US"},{"@type":"ImageObject","inLanguage":"en-US","@id":"https:\/\/www.visit-ulcinj.com\/blog\/2016\/02\/19\/odgovorili-mans-u-za-ulcinjsku-solanu\/#primaryimage","url":"https:\/\/www.visit-ulcinj.com\/blog\/wp-content\/uploads\/2014\/03\/ulcinjska-solana-kriporja-ulqinit.jpg","contentUrl":"https:\/\/www.visit-ulcinj.com\/blog\/wp-content\/uploads\/2014\/03\/ulcinjska-solana-kriporja-ulqinit.jpg","width":720,"height":479},{"@type":"WebPage","@id":"https:\/\/www.visit-ulcinj.com\/blog\/2016\/02\/19\/odgovorili-mans-u-za-ulcinjsku-solanu\/#webpage","url":"https:\/\/www.visit-ulcinj.com\/blog\/2016\/02\/19\/odgovorili-mans-u-za-ulcinjsku-solanu\/","name":"Odgovorili Mans-u za ulcinjsku solanu - Lajme nga Ulqini","isPartOf":{"@id":"https:\/\/www.visit-ulcinj.com\/blog\/#website"},"primaryImageOfPage":{"@id":"https:\/\/www.visit-ulcinj.com\/blog\/2016\/02\/19\/odgovorili-mans-u-za-ulcinjsku-solanu\/#primaryimage"},"datePublished":"2016-02-19T17:32:09+00:00","dateModified":"2016-02-19T17:32:09+00:00","author":{"@id":"https:\/\/www.visit-ulcinj.com\/blog\/#\/schema\/person\/dcab619c614d3038751c63bc2aadc06d"},"description":"Iz MANS-a saop\u0161teno je da je zemlji\u0161te ulcinjske Solane u Nacrtu prostornog plana za obalno podru\u010dje progla\u0161eno privatnim, \u0161to potvr\u0111uje da se radi o","breadcrumb":{"@id":"https:\/\/www.visit-ulcinj.com\/blog\/2016\/02\/19\/odgovorili-mans-u-za-ulcinjsku-solanu\/#breadcrumb"},"inLanguage":"en-US","potentialAction":[{"@type":"ReadAction","target":["https:\/\/www.visit-ulcinj.com\/blog\/2016\/02\/19\/odgovorili-mans-u-za-ulcinjsku-solanu\/"]}]},{"@type":"BreadcrumbList","@id":"https:\/\/www.visit-ulcinj.com\/blog\/2016\/02\/19\/odgovorili-mans-u-za-ulcinjsku-solanu\/#breadcrumb","itemListElement":[{"@type":"ListItem","position":1,"name":"Odgovorili Mans-u za ulcinjsku solanu"}]},{"@type":"Person","@id":"https:\/\/www.visit-ulcinj.com\/blog\/#\/schema\/person\/dcab619c614d3038751c63bc2aadc06d","name":"ulqini","sameAs":["http:\/\/www.visit-ulcinj.com"],"url":"https:\/\/www.visit-ulcinj.com\/blog\/author\/admin\/"}]}},"jetpack_featured_media_url":"","jetpack_sharing_enabled":true,"jetpack_shortlink":"https:\/\/wp.me\/pe6lTn-oDG","_links":{"self":[{"href":"https:\/\/www.visit-ulcinj.com\/blog\/wp-json\/wp\/v2\/posts\/94716"}],"collection":[{"href":"https:\/\/www.visit-ulcinj.com\/blog\/wp-json\/wp\/v2\/posts"}],"about":[{"href":"https:\/\/www.visit-ulcinj.com\/blog\/wp-json\/wp\/v2\/types\/post"}],"author":[{"embeddable":true,"href":"https:\/\/www.visit-ulcinj.com\/blog\/wp-json\/wp\/v2\/users\/1"}],"replies":[{"embeddable":true,"href":"https:\/\/www.visit-ulcinj.com\/blog\/wp-json\/wp\/v2\/comments?post=94716"}],"version-history":[{"count":1,"href":"https:\/\/www.visit-ulcinj.com\/blog\/wp-json\/wp\/v2\/posts\/94716\/revisions"}],"predecessor-version":[{"id":94717,"href":"https:\/\/www.visit-ulcinj.com\/blog\/wp-json\/wp\/v2\/posts\/94716\/revisions\/94717"}],"wp:attachment":[{"href":"https:\/\/www.visit-ulcinj.com\/blog\/wp-json\/wp\/v2\/media?parent=94716"}],"wp:term":[{"taxonomy":"category","embeddable":true,"href":"https:\/\/www.visit-ulcinj.com\/blog\/wp-json\/wp\/v2\/categories?post=94716"},{"taxonomy":"post_tag","embeddable":true,"href":"https:\/\/www.visit-ulcinj.com\/blog\/wp-json\/wp\/v2\/tags?post=94716"}],"curies":[{"name":"wp","href":"https:\/\/api.w.org\/{rel}","templated":true}]}}