{"id":94718,"date":"2016-02-19T19:10:26","date_gmt":"2016-02-19T18:10:26","guid":{"rendered":"http:\/\/www.visit-ulcinj.com\/blog\/?p=94718"},"modified":"2016-02-20T06:54:02","modified_gmt":"2016-02-20T05:54:02","slug":"bregdeti-gjirit-te-valdanosit-prioritet-investimeve-te-planit-hapesinor-video","status":"publish","type":"post","link":"https:\/\/www.visit-ulcinj.com\/blog\/2016\/02\/19\/bregdeti-gjirit-te-valdanosit-prioritet-investimeve-te-planit-hapesinor-video\/","title":{"rendered":"Bregdeti i gjirit t\u00eb Valdanosit , prioritet i investimeve t\u00eb Planit hap\u00ebsinor &#8211; Video"},"content":{"rendered":"<div class=\"entry\">\n<p><a href=\"http:\/\/www.visit-ulcinj.com\/blog\/wp-content\/uploads\/2016\/02\/Planin-hap\u00ebsinor-i-gjirit-te-Valdanosit.jpg\"><img loading=\"lazy\" class=\"alignleft wp-image-94719\" src=\"http:\/\/www.visit-ulcinj.com\/blog\/wp-content\/uploads\/2016\/02\/Planin-hap\u00ebsinor-i-gjirit-te-Valdanosit.jpg\" alt=\"Planin hap\u00ebsinor i gjirit te Valdanosit\" width=\"508\" height=\"468\" srcset=\"https:\/\/www.visit-ulcinj.com\/blog\/wp-content\/uploads\/2016\/02\/Planin-hap\u00ebsinor-i-gjirit-te-Valdanosit.jpg 480w, https:\/\/www.visit-ulcinj.com\/blog\/wp-content\/uploads\/2016\/02\/Planin-hap\u00ebsinor-i-gjirit-te-Valdanosit-300x276.jpg 300w\" sizes=\"(max-width: 508px) 100vw, 508px\" \/><\/a>Me Planin hap\u00ebsinor me dedikim t\u00eb ve\u00e7ant\u00eb p\u00ebr zon\u00ebn bregdetare \u00ebsht\u00eb parapar\u00eb nd\u00ebrtimi i 900 shtret\u00ebrve n\u00eb Valdanos, menj\u00ebher\u00eb nga pas plazhit i cili n\u00eb vitin 1968 u shpall P\u00ebrmendore t\u00eb natyr\u00ebs, raporton portali Ul.info.<\/p>\n<p>P\u00ebrpiluesit e planit kan\u00eb th\u00ebn\u00eb se n\u00eb k\u00ebt\u00eb m\u00ebnyr\u00eb praktikisht \u00ebsht\u00eb anuluar Studimi shtet\u00ebror i lokalitetit, t\u00eb cilin Qeveria e Malit t\u00eb Zi e ka miratuar n\u00eb vitin 2010, e me t\u00eb cilin \u00ebsht\u00eb planifikuar betonimi edhe m\u00eb i madh i k\u00ebtij gjiri unik.<\/p>\n<p>Pra, shumica e objekteve planifikohet t\u00eb nd\u00ebrtohet n\u00eb zem\u00ebr t\u00eb k\u00ebtij gji, e jo n\u00eb shpatet e Mendr\u00ebs, kodr\u00ebs e cila ndodhet n\u00eb pjes\u00ebn jugore t\u00eb gjirit.<\/p>\n<p>Nj\u00eb shikim n\u00eb hart\u00ebn e Planit p\u00ebr zon\u00ebn bregdetare tregon pse me ngulm refuzohet t\u00eb kryhet procesi i restitucionit n\u00eb Valdanos.<\/p>\n<p>Kuvendi komunal i Ulqinit disa her\u00eb ka sjell vendime dhe p\u00ebrfundime q\u00eb n\u00eb Valdanos dhe Kripore nuk duhet parapar\u00eb asnj\u00ebfar\u00eb nd\u00ebrtimit.<\/p>\n<!--YouTube Error: bad URL entered-->\n<\/div>\n","protected":false},"excerpt":{"rendered":"<p>Me Planin hap\u00ebsinor me dedikim t\u00eb ve\u00e7ant\u00eb p\u00ebr zon\u00ebn bregdetare \u00ebsht\u00eb parapar\u00eb nd\u00ebrtimi i 900 shtret\u00ebrve n\u00eb Valdanos, menj\u00ebher\u00eb nga pas plazhit i cili n\u00eb vitin 1968 u shpall P\u00ebrmendore t\u00eb natyr\u00ebs, raporton portali Ul.info. P\u00ebrpiluesit e planit kan\u00eb th\u00ebn\u00eb se n\u00eb k\u00ebt\u00eb m\u00ebnyr\u00eb praktikisht \u00ebsht\u00eb anuluar Studimi shtet\u00ebror i lokalitetit, t\u00eb cilin Qeveria e [&hellip;]<\/p>\n","protected":false},"author":1,"featured_media":0,"comment_status":"closed","ping_status":"closed","sticky":false,"template":"","format":"standard","meta":{"spay_email":"","jetpack_publicize_message":"","jetpack_is_tweetstorm":false,"jetpack_publicize_feature_enabled":true},"categories":[10,1],"tags":[],"jetpack_publicize_connections":[],"yoast_head":"<!-- This site is optimized with the Yoast SEO plugin v19.1 - https:\/\/yoast.com\/wordpress\/plugins\/seo\/ -->\n<title>Bregdeti i gjirit t\u00eb Valdanosit , prioritet i investimeve t\u00eb Planit hap\u00ebsinor - Video - Lajme nga Ulqini<\/title>\n<meta name=\"description\" content=\"Me Planin hap\u00ebsinor me dedikim t\u00eb ve\u00e7ant\u00eb p\u00ebr zon\u00ebn bregdetare \u00ebsht\u00eb parapar\u00eb nd\u00ebrtimi i 900 shtret\u00ebrve n\u00eb Valdanos, menj\u00ebher\u00eb nga pas plazhit i cili n\u00eb\" \/>\n<meta name=\"robots\" content=\"index, follow, max-snippet:-1, max-image-preview:large, max-video-preview:-1\" \/>\n<link rel=\"canonical\" href=\"https:\/\/www.visit-ulcinj.com\/blog\/2016\/02\/19\/bregdeti-gjirit-te-valdanosit-prioritet-investimeve-te-planit-hapesinor-video\/\" \/>\n<meta property=\"og:locale\" content=\"en_US\" \/>\n<meta property=\"og:type\" content=\"article\" \/>\n<meta property=\"og:title\" content=\"Bregdeti i gjirit t\u00eb Valdanosit , prioritet i investimeve t\u00eb Planit hap\u00ebsinor - Video - Lajme nga Ulqini\" \/>\n<meta property=\"og:description\" content=\"Me Planin hap\u00ebsinor me dedikim t\u00eb ve\u00e7ant\u00eb p\u00ebr zon\u00ebn bregdetare \u00ebsht\u00eb parapar\u00eb nd\u00ebrtimi i 900 shtret\u00ebrve n\u00eb Valdanos, menj\u00ebher\u00eb nga pas plazhit i cili n\u00eb\" \/>\n<meta property=\"og:url\" content=\"https:\/\/www.visit-ulcinj.com\/blog\/2016\/02\/19\/bregdeti-gjirit-te-valdanosit-prioritet-investimeve-te-planit-hapesinor-video\/\" \/>\n<meta property=\"og:site_name\" content=\"Lajme nga Ulqini\" \/>\n<meta property=\"article:published_time\" content=\"2016-02-19T18:10:26+00:00\" \/>\n<meta property=\"article:modified_time\" content=\"2016-02-20T05:54:02+00:00\" \/>\n<meta name=\"twitter:label1\" content=\"Written by\" \/>\n\t<meta name=\"twitter:data1\" content=\"ulqini\" \/>\n\t<meta name=\"twitter:label2\" content=\"Est. reading time\" \/>\n\t<meta name=\"twitter:data2\" content=\"1 minute\" \/>\n<script type=\"application\/ld+json\" class=\"yoast-schema-graph\">{\"@context\":\"https:\/\/schema.org\",\"@graph\":[{\"@type\":\"WebSite\",\"@id\":\"https:\/\/www.visit-ulcinj.com\/blog\/#website\",\"url\":\"https:\/\/www.visit-ulcinj.com\/blog\/\",\"name\":\"Lajme nga Ulqini\",\"description\":\"Lajme,Vijesti,Ulqini,Ulqin,Crna Gora,Mali i Zi\",\"potentialAction\":[{\"@type\":\"SearchAction\",\"target\":{\"@type\":\"EntryPoint\",\"urlTemplate\":\"https:\/\/www.visit-ulcinj.com\/blog\/?s={search_term_string}\"},\"query-input\":\"required name=search_term_string\"}],\"inLanguage\":\"en-US\"},{\"@type\":\"WebPage\",\"@id\":\"https:\/\/www.visit-ulcinj.com\/blog\/2016\/02\/19\/bregdeti-gjirit-te-valdanosit-prioritet-investimeve-te-planit-hapesinor-video\/#webpage\",\"url\":\"https:\/\/www.visit-ulcinj.com\/blog\/2016\/02\/19\/bregdeti-gjirit-te-valdanosit-prioritet-investimeve-te-planit-hapesinor-video\/\",\"name\":\"Bregdeti i gjirit t\u00eb Valdanosit , prioritet i investimeve t\u00eb Planit hap\u00ebsinor - Video - Lajme nga Ulqini\",\"isPartOf\":{\"@id\":\"https:\/\/www.visit-ulcinj.com\/blog\/#website\"},\"datePublished\":\"2016-02-19T18:10:26+00:00\",\"dateModified\":\"2016-02-20T05:54:02+00:00\",\"author\":{\"@id\":\"https:\/\/www.visit-ulcinj.com\/blog\/#\/schema\/person\/dcab619c614d3038751c63bc2aadc06d\"},\"description\":\"Me Planin hap\u00ebsinor me dedikim t\u00eb ve\u00e7ant\u00eb p\u00ebr zon\u00ebn bregdetare \u00ebsht\u00eb parapar\u00eb nd\u00ebrtimi i 900 shtret\u00ebrve n\u00eb Valdanos, menj\u00ebher\u00eb nga pas plazhit i cili n\u00eb\",\"breadcrumb\":{\"@id\":\"https:\/\/www.visit-ulcinj.com\/blog\/2016\/02\/19\/bregdeti-gjirit-te-valdanosit-prioritet-investimeve-te-planit-hapesinor-video\/#breadcrumb\"},\"inLanguage\":\"en-US\",\"potentialAction\":[{\"@type\":\"ReadAction\",\"target\":[\"https:\/\/www.visit-ulcinj.com\/blog\/2016\/02\/19\/bregdeti-gjirit-te-valdanosit-prioritet-investimeve-te-planit-hapesinor-video\/\"]}]},{\"@type\":\"BreadcrumbList\",\"@id\":\"https:\/\/www.visit-ulcinj.com\/blog\/2016\/02\/19\/bregdeti-gjirit-te-valdanosit-prioritet-investimeve-te-planit-hapesinor-video\/#breadcrumb\",\"itemListElement\":[{\"@type\":\"ListItem\",\"position\":1,\"name\":\"Bregdeti i gjirit t\u00eb Valdanosit , prioritet i investimeve t\u00eb Planit hap\u00ebsinor &#8211; Video\"}]},{\"@type\":\"Person\",\"@id\":\"https:\/\/www.visit-ulcinj.com\/blog\/#\/schema\/person\/dcab619c614d3038751c63bc2aadc06d\",\"name\":\"ulqini\",\"sameAs\":[\"http:\/\/www.visit-ulcinj.com\"],\"url\":\"https:\/\/www.visit-ulcinj.com\/blog\/author\/admin\/\"}]}<\/script>\n<!-- \/ Yoast SEO plugin. -->","yoast_head_json":{"title":"Bregdeti i gjirit t\u00eb Valdanosit , prioritet i investimeve t\u00eb Planit hap\u00ebsinor - Video - Lajme nga Ulqini","description":"Me Planin hap\u00ebsinor me dedikim t\u00eb ve\u00e7ant\u00eb p\u00ebr zon\u00ebn bregdetare \u00ebsht\u00eb parapar\u00eb nd\u00ebrtimi i 900 shtret\u00ebrve n\u00eb Valdanos, menj\u00ebher\u00eb nga pas plazhit i cili n\u00eb","robots":{"index":"index","follow":"follow","max-snippet":"max-snippet:-1","max-image-preview":"max-image-preview:large","max-video-preview":"max-video-preview:-1"},"canonical":"https:\/\/www.visit-ulcinj.com\/blog\/2016\/02\/19\/bregdeti-gjirit-te-valdanosit-prioritet-investimeve-te-planit-hapesinor-video\/","og_locale":"en_US","og_type":"article","og_title":"Bregdeti i gjirit t\u00eb Valdanosit , prioritet i investimeve t\u00eb Planit hap\u00ebsinor - Video - Lajme nga Ulqini","og_description":"Me Planin hap\u00ebsinor me dedikim t\u00eb ve\u00e7ant\u00eb p\u00ebr zon\u00ebn bregdetare \u00ebsht\u00eb parapar\u00eb nd\u00ebrtimi i 900 shtret\u00ebrve n\u00eb Valdanos, menj\u00ebher\u00eb nga pas plazhit i cili n\u00eb","og_url":"https:\/\/www.visit-ulcinj.com\/blog\/2016\/02\/19\/bregdeti-gjirit-te-valdanosit-prioritet-investimeve-te-planit-hapesinor-video\/","og_site_name":"Lajme nga Ulqini","article_published_time":"2016-02-19T18:10:26+00:00","article_modified_time":"2016-02-20T05:54:02+00:00","twitter_misc":{"Written by":"ulqini","Est. reading time":"1 minute"},"schema":{"@context":"https:\/\/schema.org","@graph":[{"@type":"WebSite","@id":"https:\/\/www.visit-ulcinj.com\/blog\/#website","url":"https:\/\/www.visit-ulcinj.com\/blog\/","name":"Lajme nga Ulqini","description":"Lajme,Vijesti,Ulqini,Ulqin,Crna Gora,Mali i Zi","potentialAction":[{"@type":"SearchAction","target":{"@type":"EntryPoint","urlTemplate":"https:\/\/www.visit-ulcinj.com\/blog\/?s={search_term_string}"},"query-input":"required name=search_term_string"}],"inLanguage":"en-US"},{"@type":"WebPage","@id":"https:\/\/www.visit-ulcinj.com\/blog\/2016\/02\/19\/bregdeti-gjirit-te-valdanosit-prioritet-investimeve-te-planit-hapesinor-video\/#webpage","url":"https:\/\/www.visit-ulcinj.com\/blog\/2016\/02\/19\/bregdeti-gjirit-te-valdanosit-prioritet-investimeve-te-planit-hapesinor-video\/","name":"Bregdeti i gjirit t\u00eb Valdanosit , prioritet i investimeve t\u00eb Planit hap\u00ebsinor - Video - Lajme nga Ulqini","isPartOf":{"@id":"https:\/\/www.visit-ulcinj.com\/blog\/#website"},"datePublished":"2016-02-19T18:10:26+00:00","dateModified":"2016-02-20T05:54:02+00:00","author":{"@id":"https:\/\/www.visit-ulcinj.com\/blog\/#\/schema\/person\/dcab619c614d3038751c63bc2aadc06d"},"description":"Me Planin hap\u00ebsinor me dedikim t\u00eb ve\u00e7ant\u00eb p\u00ebr zon\u00ebn bregdetare \u00ebsht\u00eb parapar\u00eb nd\u00ebrtimi i 900 shtret\u00ebrve n\u00eb Valdanos, menj\u00ebher\u00eb nga pas plazhit i cili n\u00eb","breadcrumb":{"@id":"https:\/\/www.visit-ulcinj.com\/blog\/2016\/02\/19\/bregdeti-gjirit-te-valdanosit-prioritet-investimeve-te-planit-hapesinor-video\/#breadcrumb"},"inLanguage":"en-US","potentialAction":[{"@type":"ReadAction","target":["https:\/\/www.visit-ulcinj.com\/blog\/2016\/02\/19\/bregdeti-gjirit-te-valdanosit-prioritet-investimeve-te-planit-hapesinor-video\/"]}]},{"@type":"BreadcrumbList","@id":"https:\/\/www.visit-ulcinj.com\/blog\/2016\/02\/19\/bregdeti-gjirit-te-valdanosit-prioritet-investimeve-te-planit-hapesinor-video\/#breadcrumb","itemListElement":[{"@type":"ListItem","position":1,"name":"Bregdeti i gjirit t\u00eb Valdanosit , prioritet i investimeve t\u00eb Planit hap\u00ebsinor &#8211; Video"}]},{"@type":"Person","@id":"https:\/\/www.visit-ulcinj.com\/blog\/#\/schema\/person\/dcab619c614d3038751c63bc2aadc06d","name":"ulqini","sameAs":["http:\/\/www.visit-ulcinj.com"],"url":"https:\/\/www.visit-ulcinj.com\/blog\/author\/admin\/"}]}},"jetpack_featured_media_url":"","jetpack_sharing_enabled":true,"jetpack_shortlink":"https:\/\/wp.me\/pe6lTn-oDI","_links":{"self":[{"href":"https:\/\/www.visit-ulcinj.com\/blog\/wp-json\/wp\/v2\/posts\/94718"}],"collection":[{"href":"https:\/\/www.visit-ulcinj.com\/blog\/wp-json\/wp\/v2\/posts"}],"about":[{"href":"https:\/\/www.visit-ulcinj.com\/blog\/wp-json\/wp\/v2\/types\/post"}],"author":[{"embeddable":true,"href":"https:\/\/www.visit-ulcinj.com\/blog\/wp-json\/wp\/v2\/users\/1"}],"replies":[{"embeddable":true,"href":"https:\/\/www.visit-ulcinj.com\/blog\/wp-json\/wp\/v2\/comments?post=94718"}],"version-history":[{"count":1,"href":"https:\/\/www.visit-ulcinj.com\/blog\/wp-json\/wp\/v2\/posts\/94718\/revisions"}],"predecessor-version":[{"id":94720,"href":"https:\/\/www.visit-ulcinj.com\/blog\/wp-json\/wp\/v2\/posts\/94718\/revisions\/94720"}],"wp:attachment":[{"href":"https:\/\/www.visit-ulcinj.com\/blog\/wp-json\/wp\/v2\/media?parent=94718"}],"wp:term":[{"taxonomy":"category","embeddable":true,"href":"https:\/\/www.visit-ulcinj.com\/blog\/wp-json\/wp\/v2\/categories?post=94718"},{"taxonomy":"post_tag","embeddable":true,"href":"https:\/\/www.visit-ulcinj.com\/blog\/wp-json\/wp\/v2\/tags?post=94718"}],"curies":[{"name":"wp","href":"https:\/\/api.w.org\/{rel}","templated":true}]}}