{"id":94721,"date":"2016-02-19T19:17:45","date_gmt":"2016-02-19T18:17:45","guid":{"rendered":"http:\/\/www.visit-ulcinj.com\/blog\/?p=94721"},"modified":"2016-02-19T19:18:48","modified_gmt":"2016-02-19T18:18:48","slug":"mali-zi-dhe-shqiperia-nenshkruan-sot-memorandumin-e-bashkepunimi","status":"publish","type":"post","link":"https:\/\/www.visit-ulcinj.com\/blog\/2016\/02\/19\/mali-zi-dhe-shqiperia-nenshkruan-sot-memorandumin-e-bashkepunimi\/","title":{"rendered":"Mali i Zi  dhe Shqip\u00ebria n\u00ebnshkruan sot Memorandumin e Bashk\u00ebpunimit"},"content":{"rendered":"<p><a href=\"http:\/\/www.visit-ulcinj.com\/blog\/wp-content\/uploads\/2016\/02\/Klajda-Gjosha-Aleksandar-Pejoviq.jpg\"><img loading=\"lazy\" class=\"alignleft wp-image-94722\" src=\"http:\/\/www.visit-ulcinj.com\/blog\/wp-content\/uploads\/2016\/02\/Klajda-Gjosha-Aleksandar-Pejoviq.jpg\" alt=\"Klajda Gjosha -Aleksandar Pejoviq\" width=\"508\" height=\"285\" srcset=\"https:\/\/www.visit-ulcinj.com\/blog\/wp-content\/uploads\/2016\/02\/Klajda-Gjosha-Aleksandar-Pejoviq.jpg 645w, https:\/\/www.visit-ulcinj.com\/blog\/wp-content\/uploads\/2016\/02\/Klajda-Gjosha-Aleksandar-Pejoviq-300x168.jpg 300w\" sizes=\"(max-width: 508px) 100vw, 508px\" \/><\/a>Shqip\u00ebria dhe Mali i Zi n\u00ebnshkruan sot Memorandumin e Bashk\u00ebpunimit p\u00ebr menaxhimin e asistenc\u00ebs teknike, p\u00ebr Programin i ri Nd\u00ebrkufitar IPA 2014-2020. Memorandumi u n\u00ebnshkrua n\u00eb Tiran\u00eb nga Ministrja e Integrimit Europian, Klajda Gjosha dhe Kryenegociatori p\u00ebr Malin e Zi, ambasadori Aleksandar Pejovi\u00e7.<\/p>\n<p>Programi i ri nd\u00ebrkufitar u miratua nga Komisioni Europian n\u00eb dhjetor t\u00eb vitit 2014. Objektivi i p\u00ebrgjithsh\u00ebm i Programit t\u00eb ri nderkufitar IPA 2014-2020 \u00ebsht\u00eb t\u00eb nxis\u00eb nj\u00eb zhvillim m\u00eb t\u00eb ekuilibruar, gjith\u00ebp\u00ebrfshir\u00ebs dhe t\u00eb q\u00ebndruesh\u00ebm social-ekonomik t\u00eb zon\u00ebs nd\u00ebrkufitare. Programi parashikohet t\u00eb kontribuoj\u00eb n\u00eb nxitjen e pun\u00ebsimit, p\u00ebrfshirjen sociale dhe kulturore n\u00eb t\u00eb gjith\u00eb zon\u00ebn e p\u00ebrbashk\u00ebt kufitare.<\/p>\n<p>N\u00eb saj\u00eb t\u00eb marr\u00ebveshjes s\u00eb firmosur, pal\u00ebt marrin p\u00ebrsip\u00ebr bashk\u00ebpunimin p\u00ebr mbar\u00ebvajtjen e programit, n\u00eb m\u00ebnyr\u00eb q\u00eb objektivat e tij t\u00eb p\u00ebrmbushen me nj\u00eb menaxhim efektiv t\u00eb fondeve t\u00eb BE-s\u00eb p\u00ebr zhvillimin e zonave t\u00eb p\u00ebrfshira n\u00eb program dhe p\u00ebrfshirjen e komuniteteve lokale.<\/p>\n<p>Tre dit\u00eb m\u00eb par\u00eb, m\u00eb 15 shkurt, n\u00eb Shkod\u00ebr, n\u00eb prani t\u00eb Ministres Gjosha, p\u00ebrfaq\u00ebsuesve t\u00eb pal\u00ebs malazeze dhe t\u00eb delegacionit t\u00eb Bashkimit Europian, u zhvillua ceremonia e mbydhjes s\u00eb Programit Nd\u00ebrkufitar Shqip\u00ebri-Mali i Zi p\u00ebr vitet 2007-2013. N\u00eb k\u00ebt\u00eb takim, Programi nd\u00ebrkufitar Shqip\u00ebri-Mali i Zi u vler\u00ebsua si nd\u00ebr m\u00eb t\u00eb r\u00ebnd\u00ebsishmit, ku marrin pjes\u00eb t\u00eb dy vendet fqinj\u00eb dhe si pjes\u00eb e p\u00ebrpjekjeve t\u00eb p\u00ebrbashk\u00ebta p\u00ebr an\u00ebtar\u00ebsimin n\u00eb BE.<\/p>\n<p>VAO<\/p>\n","protected":false},"excerpt":{"rendered":"<p>Shqip\u00ebria dhe Mali i Zi n\u00ebnshkruan sot Memorandumin e Bashk\u00ebpunimit p\u00ebr menaxhimin e asistenc\u00ebs teknike, p\u00ebr Programin i ri Nd\u00ebrkufitar IPA 2014-2020. Memorandumi u n\u00ebnshkrua n\u00eb Tiran\u00eb nga Ministrja e Integrimit Europian, Klajda Gjosha dhe Kryenegociatori p\u00ebr Malin e Zi, ambasadori Aleksandar Pejovi\u00e7. Programi i ri nd\u00ebrkufitar u miratua nga Komisioni Europian n\u00eb dhjetor t\u00eb [&hellip;]<\/p>\n","protected":false},"author":1,"featured_media":0,"comment_status":"closed","ping_status":"closed","sticky":false,"template":"","format":"standard","meta":{"spay_email":"","jetpack_publicize_message":"","jetpack_is_tweetstorm":false,"jetpack_publicize_feature_enabled":true},"categories":[14],"tags":[],"jetpack_publicize_connections":[],"yoast_head":"<!-- This site is optimized with the Yoast SEO plugin v19.1 - https:\/\/yoast.com\/wordpress\/plugins\/seo\/ -->\n<title>Mali i Zi dhe Shqip\u00ebria n\u00ebnshkruan sot Memorandumin e Bashk\u00ebpunimit - Lajme nga Ulqini<\/title>\n<meta name=\"description\" content=\"Shqip\u00ebria dhe Mali i Zi n\u00ebnshkruan sot Memorandumin e Bashk\u00ebpunimit p\u00ebr menaxhimin e asistenc\u00ebs teknike, p\u00ebr Programin i ri Nd\u00ebrkufitar IPA 2014-2020.\" \/>\n<meta name=\"robots\" content=\"index, follow, max-snippet:-1, max-image-preview:large, max-video-preview:-1\" \/>\n<link rel=\"canonical\" href=\"https:\/\/www.visit-ulcinj.com\/blog\/2016\/02\/19\/mali-zi-dhe-shqiperia-nenshkruan-sot-memorandumin-e-bashkepunimi\/\" \/>\n<meta property=\"og:locale\" content=\"en_US\" \/>\n<meta property=\"og:type\" content=\"article\" \/>\n<meta property=\"og:title\" content=\"Mali i Zi dhe Shqip\u00ebria n\u00ebnshkruan sot Memorandumin e Bashk\u00ebpunimit - Lajme nga Ulqini\" \/>\n<meta property=\"og:description\" content=\"Shqip\u00ebria dhe Mali i Zi n\u00ebnshkruan sot Memorandumin e Bashk\u00ebpunimit p\u00ebr menaxhimin e asistenc\u00ebs teknike, p\u00ebr Programin i ri Nd\u00ebrkufitar IPA 2014-2020.\" \/>\n<meta property=\"og:url\" content=\"https:\/\/www.visit-ulcinj.com\/blog\/2016\/02\/19\/mali-zi-dhe-shqiperia-nenshkruan-sot-memorandumin-e-bashkepunimi\/\" \/>\n<meta property=\"og:site_name\" content=\"Lajme nga Ulqini\" \/>\n<meta property=\"article:published_time\" content=\"2016-02-19T18:17:45+00:00\" \/>\n<meta property=\"article:modified_time\" content=\"2016-02-19T18:18:48+00:00\" \/>\n<meta property=\"og:image\" content=\"http:\/\/www.visit-ulcinj.com\/blog\/wp-content\/uploads\/2016\/02\/Klajda-Gjosha-Aleksandar-Pejoviq.jpg\" \/>\n<meta name=\"twitter:label1\" content=\"Written by\" \/>\n\t<meta name=\"twitter:data1\" content=\"ulqini\" \/>\n\t<meta name=\"twitter:label2\" content=\"Est. reading time\" \/>\n\t<meta name=\"twitter:data2\" content=\"1 minute\" \/>\n<script type=\"application\/ld+json\" class=\"yoast-schema-graph\">{\"@context\":\"https:\/\/schema.org\",\"@graph\":[{\"@type\":\"WebSite\",\"@id\":\"https:\/\/www.visit-ulcinj.com\/blog\/#website\",\"url\":\"https:\/\/www.visit-ulcinj.com\/blog\/\",\"name\":\"Lajme nga Ulqini\",\"description\":\"Lajme,Vijesti,Ulqini,Ulqin,Crna Gora,Mali i Zi\",\"potentialAction\":[{\"@type\":\"SearchAction\",\"target\":{\"@type\":\"EntryPoint\",\"urlTemplate\":\"https:\/\/www.visit-ulcinj.com\/blog\/?s={search_term_string}\"},\"query-input\":\"required name=search_term_string\"}],\"inLanguage\":\"en-US\"},{\"@type\":\"ImageObject\",\"inLanguage\":\"en-US\",\"@id\":\"https:\/\/www.visit-ulcinj.com\/blog\/2016\/02\/19\/mali-zi-dhe-shqiperia-nenshkruan-sot-memorandumin-e-bashkepunimi\/#primaryimage\",\"url\":\"https:\/\/www.visit-ulcinj.com\/blog\/wp-content\/uploads\/2016\/02\/Klajda-Gjosha-Aleksandar-Pejoviq.jpg\",\"contentUrl\":\"https:\/\/www.visit-ulcinj.com\/blog\/wp-content\/uploads\/2016\/02\/Klajda-Gjosha-Aleksandar-Pejoviq.jpg\",\"width\":645,\"height\":362},{\"@type\":\"WebPage\",\"@id\":\"https:\/\/www.visit-ulcinj.com\/blog\/2016\/02\/19\/mali-zi-dhe-shqiperia-nenshkruan-sot-memorandumin-e-bashkepunimi\/#webpage\",\"url\":\"https:\/\/www.visit-ulcinj.com\/blog\/2016\/02\/19\/mali-zi-dhe-shqiperia-nenshkruan-sot-memorandumin-e-bashkepunimi\/\",\"name\":\"Mali i Zi dhe Shqip\u00ebria n\u00ebnshkruan sot Memorandumin e Bashk\u00ebpunimit - Lajme nga Ulqini\",\"isPartOf\":{\"@id\":\"https:\/\/www.visit-ulcinj.com\/blog\/#website\"},\"primaryImageOfPage\":{\"@id\":\"https:\/\/www.visit-ulcinj.com\/blog\/2016\/02\/19\/mali-zi-dhe-shqiperia-nenshkruan-sot-memorandumin-e-bashkepunimi\/#primaryimage\"},\"datePublished\":\"2016-02-19T18:17:45+00:00\",\"dateModified\":\"2016-02-19T18:18:48+00:00\",\"author\":{\"@id\":\"https:\/\/www.visit-ulcinj.com\/blog\/#\/schema\/person\/dcab619c614d3038751c63bc2aadc06d\"},\"description\":\"Shqip\u00ebria dhe Mali i Zi n\u00ebnshkruan sot Memorandumin e Bashk\u00ebpunimit p\u00ebr menaxhimin e asistenc\u00ebs teknike, p\u00ebr Programin i ri Nd\u00ebrkufitar IPA 2014-2020.\",\"breadcrumb\":{\"@id\":\"https:\/\/www.visit-ulcinj.com\/blog\/2016\/02\/19\/mali-zi-dhe-shqiperia-nenshkruan-sot-memorandumin-e-bashkepunimi\/#breadcrumb\"},\"inLanguage\":\"en-US\",\"potentialAction\":[{\"@type\":\"ReadAction\",\"target\":[\"https:\/\/www.visit-ulcinj.com\/blog\/2016\/02\/19\/mali-zi-dhe-shqiperia-nenshkruan-sot-memorandumin-e-bashkepunimi\/\"]}]},{\"@type\":\"BreadcrumbList\",\"@id\":\"https:\/\/www.visit-ulcinj.com\/blog\/2016\/02\/19\/mali-zi-dhe-shqiperia-nenshkruan-sot-memorandumin-e-bashkepunimi\/#breadcrumb\",\"itemListElement\":[{\"@type\":\"ListItem\",\"position\":1,\"name\":\"Mali i Zi dhe Shqip\u00ebria n\u00ebnshkruan sot Memorandumin e Bashk\u00ebpunimit\"}]},{\"@type\":\"Person\",\"@id\":\"https:\/\/www.visit-ulcinj.com\/blog\/#\/schema\/person\/dcab619c614d3038751c63bc2aadc06d\",\"name\":\"ulqini\",\"sameAs\":[\"http:\/\/www.visit-ulcinj.com\"],\"url\":\"https:\/\/www.visit-ulcinj.com\/blog\/author\/admin\/\"}]}<\/script>\n<!-- \/ Yoast SEO plugin. -->","yoast_head_json":{"title":"Mali i Zi dhe Shqip\u00ebria n\u00ebnshkruan sot Memorandumin e Bashk\u00ebpunimit - Lajme nga Ulqini","description":"Shqip\u00ebria dhe Mali i Zi n\u00ebnshkruan sot Memorandumin e Bashk\u00ebpunimit p\u00ebr menaxhimin e asistenc\u00ebs teknike, p\u00ebr Programin i ri Nd\u00ebrkufitar IPA 2014-2020.","robots":{"index":"index","follow":"follow","max-snippet":"max-snippet:-1","max-image-preview":"max-image-preview:large","max-video-preview":"max-video-preview:-1"},"canonical":"https:\/\/www.visit-ulcinj.com\/blog\/2016\/02\/19\/mali-zi-dhe-shqiperia-nenshkruan-sot-memorandumin-e-bashkepunimi\/","og_locale":"en_US","og_type":"article","og_title":"Mali i Zi dhe Shqip\u00ebria n\u00ebnshkruan sot Memorandumin e Bashk\u00ebpunimit - Lajme nga Ulqini","og_description":"Shqip\u00ebria dhe Mali i Zi n\u00ebnshkruan sot Memorandumin e Bashk\u00ebpunimit p\u00ebr menaxhimin e asistenc\u00ebs teknike, p\u00ebr Programin i ri Nd\u00ebrkufitar IPA 2014-2020.","og_url":"https:\/\/www.visit-ulcinj.com\/blog\/2016\/02\/19\/mali-zi-dhe-shqiperia-nenshkruan-sot-memorandumin-e-bashkepunimi\/","og_site_name":"Lajme nga Ulqini","article_published_time":"2016-02-19T18:17:45+00:00","article_modified_time":"2016-02-19T18:18:48+00:00","og_image":[{"url":"http:\/\/www.visit-ulcinj.com\/blog\/wp-content\/uploads\/2016\/02\/Klajda-Gjosha-Aleksandar-Pejoviq.jpg"}],"twitter_misc":{"Written by":"ulqini","Est. reading time":"1 minute"},"schema":{"@context":"https:\/\/schema.org","@graph":[{"@type":"WebSite","@id":"https:\/\/www.visit-ulcinj.com\/blog\/#website","url":"https:\/\/www.visit-ulcinj.com\/blog\/","name":"Lajme nga Ulqini","description":"Lajme,Vijesti,Ulqini,Ulqin,Crna Gora,Mali i Zi","potentialAction":[{"@type":"SearchAction","target":{"@type":"EntryPoint","urlTemplate":"https:\/\/www.visit-ulcinj.com\/blog\/?s={search_term_string}"},"query-input":"required name=search_term_string"}],"inLanguage":"en-US"},{"@type":"ImageObject","inLanguage":"en-US","@id":"https:\/\/www.visit-ulcinj.com\/blog\/2016\/02\/19\/mali-zi-dhe-shqiperia-nenshkruan-sot-memorandumin-e-bashkepunimi\/#primaryimage","url":"https:\/\/www.visit-ulcinj.com\/blog\/wp-content\/uploads\/2016\/02\/Klajda-Gjosha-Aleksandar-Pejoviq.jpg","contentUrl":"https:\/\/www.visit-ulcinj.com\/blog\/wp-content\/uploads\/2016\/02\/Klajda-Gjosha-Aleksandar-Pejoviq.jpg","width":645,"height":362},{"@type":"WebPage","@id":"https:\/\/www.visit-ulcinj.com\/blog\/2016\/02\/19\/mali-zi-dhe-shqiperia-nenshkruan-sot-memorandumin-e-bashkepunimi\/#webpage","url":"https:\/\/www.visit-ulcinj.com\/blog\/2016\/02\/19\/mali-zi-dhe-shqiperia-nenshkruan-sot-memorandumin-e-bashkepunimi\/","name":"Mali i Zi dhe Shqip\u00ebria n\u00ebnshkruan sot Memorandumin e Bashk\u00ebpunimit - Lajme nga Ulqini","isPartOf":{"@id":"https:\/\/www.visit-ulcinj.com\/blog\/#website"},"primaryImageOfPage":{"@id":"https:\/\/www.visit-ulcinj.com\/blog\/2016\/02\/19\/mali-zi-dhe-shqiperia-nenshkruan-sot-memorandumin-e-bashkepunimi\/#primaryimage"},"datePublished":"2016-02-19T18:17:45+00:00","dateModified":"2016-02-19T18:18:48+00:00","author":{"@id":"https:\/\/www.visit-ulcinj.com\/blog\/#\/schema\/person\/dcab619c614d3038751c63bc2aadc06d"},"description":"Shqip\u00ebria dhe Mali i Zi n\u00ebnshkruan sot Memorandumin e Bashk\u00ebpunimit p\u00ebr menaxhimin e asistenc\u00ebs teknike, p\u00ebr Programin i ri Nd\u00ebrkufitar IPA 2014-2020.","breadcrumb":{"@id":"https:\/\/www.visit-ulcinj.com\/blog\/2016\/02\/19\/mali-zi-dhe-shqiperia-nenshkruan-sot-memorandumin-e-bashkepunimi\/#breadcrumb"},"inLanguage":"en-US","potentialAction":[{"@type":"ReadAction","target":["https:\/\/www.visit-ulcinj.com\/blog\/2016\/02\/19\/mali-zi-dhe-shqiperia-nenshkruan-sot-memorandumin-e-bashkepunimi\/"]}]},{"@type":"BreadcrumbList","@id":"https:\/\/www.visit-ulcinj.com\/blog\/2016\/02\/19\/mali-zi-dhe-shqiperia-nenshkruan-sot-memorandumin-e-bashkepunimi\/#breadcrumb","itemListElement":[{"@type":"ListItem","position":1,"name":"Mali i Zi dhe Shqip\u00ebria n\u00ebnshkruan sot Memorandumin e Bashk\u00ebpunimit"}]},{"@type":"Person","@id":"https:\/\/www.visit-ulcinj.com\/blog\/#\/schema\/person\/dcab619c614d3038751c63bc2aadc06d","name":"ulqini","sameAs":["http:\/\/www.visit-ulcinj.com"],"url":"https:\/\/www.visit-ulcinj.com\/blog\/author\/admin\/"}]}},"jetpack_featured_media_url":"","jetpack_sharing_enabled":true,"jetpack_shortlink":"https:\/\/wp.me\/pe6lTn-oDL","_links":{"self":[{"href":"https:\/\/www.visit-ulcinj.com\/blog\/wp-json\/wp\/v2\/posts\/94721"}],"collection":[{"href":"https:\/\/www.visit-ulcinj.com\/blog\/wp-json\/wp\/v2\/posts"}],"about":[{"href":"https:\/\/www.visit-ulcinj.com\/blog\/wp-json\/wp\/v2\/types\/post"}],"author":[{"embeddable":true,"href":"https:\/\/www.visit-ulcinj.com\/blog\/wp-json\/wp\/v2\/users\/1"}],"replies":[{"embeddable":true,"href":"https:\/\/www.visit-ulcinj.com\/blog\/wp-json\/wp\/v2\/comments?post=94721"}],"version-history":[{"count":2,"href":"https:\/\/www.visit-ulcinj.com\/blog\/wp-json\/wp\/v2\/posts\/94721\/revisions"}],"predecessor-version":[{"id":94724,"href":"https:\/\/www.visit-ulcinj.com\/blog\/wp-json\/wp\/v2\/posts\/94721\/revisions\/94724"}],"wp:attachment":[{"href":"https:\/\/www.visit-ulcinj.com\/blog\/wp-json\/wp\/v2\/media?parent=94721"}],"wp:term":[{"taxonomy":"category","embeddable":true,"href":"https:\/\/www.visit-ulcinj.com\/blog\/wp-json\/wp\/v2\/categories?post=94721"},{"taxonomy":"post_tag","embeddable":true,"href":"https:\/\/www.visit-ulcinj.com\/blog\/wp-json\/wp\/v2\/tags?post=94721"}],"curies":[{"name":"wp","href":"https:\/\/api.w.org\/{rel}","templated":true}]}}