{"id":94725,"date":"2016-02-19T19:34:31","date_gmt":"2016-02-19T18:34:31","guid":{"rendered":"http:\/\/www.visit-ulcinj.com\/blog\/?p=94725"},"modified":"2016-02-19T19:34:31","modified_gmt":"2016-02-19T18:34:31","slug":"unioni-gazetareve-shqiptaredita-e-miqesise-e-gazetareve-shqiptare-shkoder-ulqin","status":"publish","type":"post","link":"https:\/\/www.visit-ulcinj.com\/blog\/2016\/02\/19\/unioni-gazetareve-shqiptaredita-e-miqesise-e-gazetareve-shqiptare-shkoder-ulqin\/","title":{"rendered":"Unioni i Gazetareve Shqiptare:,,Dita  e miq\u00ebsis\u00eb e  gazetar\u00ebve shqiptar\u00eb  Shkod\u00ebr &#8211; Ulqin&#8221;"},"content":{"rendered":"<p><a href=\"http:\/\/www.visit-ulcinj.com\/blog\/wp-content\/uploads\/2016\/02\/Ftes\u00eb-Dita-e-miq\u00ebsis\u00eb-e-gazetar\u00ebve-shqiptar\u00eb-Shkod\u00ebr-Ulqin-.jpg\"><img loading=\"lazy\" class=\"alignleft wp-image-94726\" src=\"http:\/\/www.visit-ulcinj.com\/blog\/wp-content\/uploads\/2016\/02\/Ftes\u00eb-Dita-e-miq\u00ebsis\u00eb-e-gazetar\u00ebve-shqiptar\u00eb-Shkod\u00ebr-Ulqin-.jpg\" alt=\"Ftes\u00eb-Dita  e miq\u00ebsis\u00eb e  gazetar\u00ebve shqiptar\u00eb  Shkod\u00ebr -Ulqin-\" width=\"508\" height=\"677\" srcset=\"https:\/\/www.visit-ulcinj.com\/blog\/wp-content\/uploads\/2016\/02\/Ftes\u00eb-Dita-e-miq\u00ebsis\u00eb-e-gazetar\u00ebve-shqiptar\u00eb-Shkod\u00ebr-Ulqin-.jpg 720w, https:\/\/www.visit-ulcinj.com\/blog\/wp-content\/uploads\/2016\/02\/Ftes\u00eb-Dita-e-miq\u00ebsis\u00eb-e-gazetar\u00ebve-shqiptar\u00eb-Shkod\u00ebr-Ulqin--225x300.jpg 225w\" sizes=\"(max-width: 508px) 100vw, 508px\" \/><\/a>M\u00eb\u00a0 20 dhe 21 shkurt\u00a0 Unioni I Gazetar\u00ebve\u00a0 SHqiptar\u00eb , organizon\u00a0 takimin ,,Dita\u00a0 e miq\u00ebsis\u00eb e\u00a0 gazetar\u00ebve shqiptar\u00eb\u00a0 Shkod\u00ebr -Ulqin,Takimi , fillimisht do t\u00eb nis\u00eb n\u00eb \u00a0qytetin e Shkodr\u00ebs\u00a0\u00a0 ku\u00a0 kryetarja \u00a0e Bashkis\u00eb \u00a0\u00a0Voltana Ademi do t\u00eb \u00a0organizoj\u00eb nj\u00eb pritje\u00a0 p\u00ebr \u00a0Presidentin e vendit Z.Bujar Nishani dhe\u00a0 kryetarin e Ulqinit Z. Fatmir Gjeka .<\/p>\n<p>Ata do ti\u00a0 drejtohen\u00a0 gazetar\u00ebve , nd\u00ebrsa\u00a0 n\u00eb or\u00ebt e pasdites\u00a0 grupi I madh\u00a0 I gazetar\u00ebve\u00a0 t\u00eb cil\u00ebve\u00a0 do ti\u00a0 bashkangjiten dhe\u00a0 gazetar\u00ebt\u00a0 tan\u00eb \u00a0do\u00a0 t\u00eb\u00a0 vijn\u00eb n\u00eb Ulqin, K\u00ebtu , \u00ebsht\u00eb\u00a0 parapar\u00eb nj\u00eb takim\u00a0 n\u00eb sall\u00ebn e\u00a0 Kuvendit, pritje tek\u00a0 kryetari Gjeka\u00a0 dhe vizit\u00eb\u00a0 kalas\u00eb dhe\u00a0 monumenteve t\u00eb tjera\u00a0 kulturo historike\u00a0 t\u00eb qytetit ton\u00eb. Unioni\u00a0 I Gazetar\u00ebve Shqiptar\u00eb \u00a0ka p\u00ebr q\u00ebllim\u00a0 t\u00eb p\u00ebrcoj\u00eb\u00a0 vlerat m\u00eb profesionale t\u00eb\u00a0 Njer\u00ebzve t\u00eb\u00a0 medias\u00a0\u00a0 n\u00eb\u00a0 t\u00eb\u00a0 gjitha\u00a0\u00a0 trojet\u00a0 shqiptare.N\u00eb\u00a0 gjirin\u00a0 e tij,\u00a0 p\u00ebrvec\u00a0 gazetar\u00ebve\u00a0 profesionist\u00eb, Unioni mbledh \u00a0dhe\u00a0\u00a0 dhjetra\u00a0 emra\u00a0\u00a0 t\u00eb spikatur\u00a0 t\u00eb gazetaris\u00eb\u00a0 shqiptare , analist\u00eb , opinionist\u00eb etj. Andaj, ky\u00a0 takim\u00a0 do t\u00eb jet\u00eb dhe\u00a0 nj\u00eb reklam\u00eb\u00a0 e mire p\u00ebr qytetin\u00a0 ton\u00eb\u00a0 n\u00eb\u00a0\u00a0 prag t\u00eb fillim sezonit\u00a0 turistik , sepse jan\u00eb\u00a0 paralajm\u00ebruar\u00a0 intervista\u00a0 dhe\u00a0 materiale\u00a0 t\u00eb tjera q\u00eb do t\u00eb realizojn\u00eb \u00a0perfaqesuesit e mediumeve\u00a0 m\u00eb te njohura nga hapsira mbar\u00ebshqiptare.<\/p>\n<p><a href=\"http:\/\/www.visit-ulcinj.com\/blog\/wp-content\/uploads\/2016\/02\/Ftes\u00eb-Dita-e-miq\u00ebsis\u00eb-e-gazetar\u00ebve-shqiptar\u00eb-Shkod\u00ebr-Ulqin.jpg\"><img loading=\"lazy\" class=\"alignleft wp-image-94727\" src=\"http:\/\/www.visit-ulcinj.com\/blog\/wp-content\/uploads\/2016\/02\/Ftes\u00eb-Dita-e-miq\u00ebsis\u00eb-e-gazetar\u00ebve-shqiptar\u00eb-Shkod\u00ebr-Ulqin.jpg\" alt=\"Ftes\u00eb-Dita  e miq\u00ebsis\u00eb e  gazetar\u00ebve shqiptar\u00eb  Shkod\u00ebr -Ulqin\" width=\"508\" height=\"677\" srcset=\"https:\/\/www.visit-ulcinj.com\/blog\/wp-content\/uploads\/2016\/02\/Ftes\u00eb-Dita-e-miq\u00ebsis\u00eb-e-gazetar\u00ebve-shqiptar\u00eb-Shkod\u00ebr-Ulqin.jpg 720w, https:\/\/www.visit-ulcinj.com\/blog\/wp-content\/uploads\/2016\/02\/Ftes\u00eb-Dita-e-miq\u00ebsis\u00eb-e-gazetar\u00ebve-shqiptar\u00eb-Shkod\u00ebr-Ulqin-225x300.jpg 225w\" sizes=\"(max-width: 508px) 100vw, 508px\" \/><\/a><\/p>\n","protected":false},"excerpt":{"rendered":"<p>M\u00eb\u00a0 20 dhe 21 shkurt\u00a0 Unioni I Gazetar\u00ebve\u00a0 SHqiptar\u00eb , organizon\u00a0 takimin ,,Dita\u00a0 e miq\u00ebsis\u00eb e\u00a0 gazetar\u00ebve shqiptar\u00eb\u00a0 Shkod\u00ebr -Ulqin,Takimi , fillimisht do t\u00eb nis\u00eb n\u00eb \u00a0qytetin e Shkodr\u00ebs\u00a0\u00a0 ku\u00a0 kryetarja \u00a0e Bashkis\u00eb \u00a0\u00a0Voltana Ademi do t\u00eb \u00a0organizoj\u00eb nj\u00eb pritje\u00a0 p\u00ebr \u00a0Presidentin e vendit Z.Bujar Nishani dhe\u00a0 kryetarin e Ulqinit Z. Fatmir Gjeka . Ata [&hellip;]<\/p>\n","protected":false},"author":1,"featured_media":0,"comment_status":"closed","ping_status":"closed","sticky":false,"template":"","format":"standard","meta":{"spay_email":"","jetpack_publicize_message":"","jetpack_is_tweetstorm":false,"jetpack_publicize_feature_enabled":true},"categories":[6950],"tags":[],"jetpack_publicize_connections":[],"yoast_head":"<!-- This site is optimized with the Yoast SEO plugin v19.1 - https:\/\/yoast.com\/wordpress\/plugins\/seo\/ -->\n<title>Unioni i Gazetareve Shqiptare:,,Dita e miq\u00ebsis\u00eb e gazetar\u00ebve shqiptar\u00eb Shkod\u00ebr - Ulqin&quot; - Lajme nga Ulqini<\/title>\n<meta name=\"description\" content=\"M\u00eb\u00a0 20 dhe 21 shkurt\u00a0 Unioni I Gazetar\u00ebve\u00a0 SHqiptar\u00eb , organizon\u00a0 takimin ,,Dita\u00a0 e miq\u00ebsis\u00eb e\u00a0 gazetar\u00ebve shqiptar\u00eb\u00a0 Shkod\u00ebr -Ulqin,Takimi , fillimisht\" \/>\n<meta name=\"robots\" content=\"index, follow, max-snippet:-1, max-image-preview:large, max-video-preview:-1\" \/>\n<link rel=\"canonical\" href=\"https:\/\/www.visit-ulcinj.com\/blog\/2016\/02\/19\/unioni-gazetareve-shqiptaredita-e-miqesise-e-gazetareve-shqiptare-shkoder-ulqin\/\" \/>\n<meta property=\"og:locale\" content=\"en_US\" \/>\n<meta property=\"og:type\" content=\"article\" \/>\n<meta property=\"og:title\" content=\"Unioni i Gazetareve Shqiptare:,,Dita e miq\u00ebsis\u00eb e gazetar\u00ebve shqiptar\u00eb Shkod\u00ebr - Ulqin&quot; - Lajme nga Ulqini\" \/>\n<meta property=\"og:description\" content=\"M\u00eb\u00a0 20 dhe 21 shkurt\u00a0 Unioni I Gazetar\u00ebve\u00a0 SHqiptar\u00eb , organizon\u00a0 takimin ,,Dita\u00a0 e miq\u00ebsis\u00eb e\u00a0 gazetar\u00ebve shqiptar\u00eb\u00a0 Shkod\u00ebr -Ulqin,Takimi , fillimisht\" \/>\n<meta property=\"og:url\" content=\"https:\/\/www.visit-ulcinj.com\/blog\/2016\/02\/19\/unioni-gazetareve-shqiptaredita-e-miqesise-e-gazetareve-shqiptare-shkoder-ulqin\/\" \/>\n<meta property=\"og:site_name\" content=\"Lajme nga Ulqini\" \/>\n<meta property=\"article:published_time\" content=\"2016-02-19T18:34:31+00:00\" \/>\n<meta name=\"twitter:label1\" content=\"Written by\" \/>\n\t<meta name=\"twitter:data1\" content=\"ulqini\" \/>\n\t<meta name=\"twitter:label2\" content=\"Est. reading time\" \/>\n\t<meta name=\"twitter:data2\" content=\"1 minute\" \/>\n<script type=\"application\/ld+json\" class=\"yoast-schema-graph\">{\"@context\":\"https:\/\/schema.org\",\"@graph\":[{\"@type\":\"WebSite\",\"@id\":\"https:\/\/www.visit-ulcinj.com\/blog\/#website\",\"url\":\"https:\/\/www.visit-ulcinj.com\/blog\/\",\"name\":\"Lajme nga Ulqini\",\"description\":\"Lajme,Vijesti,Ulqini,Ulqin,Crna Gora,Mali i Zi\",\"potentialAction\":[{\"@type\":\"SearchAction\",\"target\":{\"@type\":\"EntryPoint\",\"urlTemplate\":\"https:\/\/www.visit-ulcinj.com\/blog\/?s={search_term_string}\"},\"query-input\":\"required name=search_term_string\"}],\"inLanguage\":\"en-US\"},{\"@type\":\"WebPage\",\"@id\":\"https:\/\/www.visit-ulcinj.com\/blog\/2016\/02\/19\/unioni-gazetareve-shqiptaredita-e-miqesise-e-gazetareve-shqiptare-shkoder-ulqin\/#webpage\",\"url\":\"https:\/\/www.visit-ulcinj.com\/blog\/2016\/02\/19\/unioni-gazetareve-shqiptaredita-e-miqesise-e-gazetareve-shqiptare-shkoder-ulqin\/\",\"name\":\"Unioni i Gazetareve Shqiptare:,,Dita e miq\u00ebsis\u00eb e gazetar\u00ebve shqiptar\u00eb Shkod\u00ebr - Ulqin\\\" - Lajme nga Ulqini\",\"isPartOf\":{\"@id\":\"https:\/\/www.visit-ulcinj.com\/blog\/#website\"},\"datePublished\":\"2016-02-19T18:34:31+00:00\",\"dateModified\":\"2016-02-19T18:34:31+00:00\",\"author\":{\"@id\":\"https:\/\/www.visit-ulcinj.com\/blog\/#\/schema\/person\/dcab619c614d3038751c63bc2aadc06d\"},\"description\":\"M\u00eb\u00a0 20 dhe 21 shkurt\u00a0 Unioni I Gazetar\u00ebve\u00a0 SHqiptar\u00eb , organizon\u00a0 takimin ,,Dita\u00a0 e miq\u00ebsis\u00eb e\u00a0 gazetar\u00ebve shqiptar\u00eb\u00a0 Shkod\u00ebr -Ulqin,Takimi , fillimisht\",\"breadcrumb\":{\"@id\":\"https:\/\/www.visit-ulcinj.com\/blog\/2016\/02\/19\/unioni-gazetareve-shqiptaredita-e-miqesise-e-gazetareve-shqiptare-shkoder-ulqin\/#breadcrumb\"},\"inLanguage\":\"en-US\",\"potentialAction\":[{\"@type\":\"ReadAction\",\"target\":[\"https:\/\/www.visit-ulcinj.com\/blog\/2016\/02\/19\/unioni-gazetareve-shqiptaredita-e-miqesise-e-gazetareve-shqiptare-shkoder-ulqin\/\"]}]},{\"@type\":\"BreadcrumbList\",\"@id\":\"https:\/\/www.visit-ulcinj.com\/blog\/2016\/02\/19\/unioni-gazetareve-shqiptaredita-e-miqesise-e-gazetareve-shqiptare-shkoder-ulqin\/#breadcrumb\",\"itemListElement\":[{\"@type\":\"ListItem\",\"position\":1,\"name\":\"Unioni i Gazetareve Shqiptare:,,Dita e miq\u00ebsis\u00eb e gazetar\u00ebve shqiptar\u00eb Shkod\u00ebr &#8211; Ulqin&#8221;\"}]},{\"@type\":\"Person\",\"@id\":\"https:\/\/www.visit-ulcinj.com\/blog\/#\/schema\/person\/dcab619c614d3038751c63bc2aadc06d\",\"name\":\"ulqini\",\"sameAs\":[\"http:\/\/www.visit-ulcinj.com\"],\"url\":\"https:\/\/www.visit-ulcinj.com\/blog\/author\/admin\/\"}]}<\/script>\n<!-- \/ Yoast SEO plugin. -->","yoast_head_json":{"title":"Unioni i Gazetareve Shqiptare:,,Dita e miq\u00ebsis\u00eb e gazetar\u00ebve shqiptar\u00eb Shkod\u00ebr - Ulqin\" - Lajme nga Ulqini","description":"M\u00eb\u00a0 20 dhe 21 shkurt\u00a0 Unioni I Gazetar\u00ebve\u00a0 SHqiptar\u00eb , organizon\u00a0 takimin ,,Dita\u00a0 e miq\u00ebsis\u00eb e\u00a0 gazetar\u00ebve shqiptar\u00eb\u00a0 Shkod\u00ebr -Ulqin,Takimi , fillimisht","robots":{"index":"index","follow":"follow","max-snippet":"max-snippet:-1","max-image-preview":"max-image-preview:large","max-video-preview":"max-video-preview:-1"},"canonical":"https:\/\/www.visit-ulcinj.com\/blog\/2016\/02\/19\/unioni-gazetareve-shqiptaredita-e-miqesise-e-gazetareve-shqiptare-shkoder-ulqin\/","og_locale":"en_US","og_type":"article","og_title":"Unioni i Gazetareve Shqiptare:,,Dita e miq\u00ebsis\u00eb e gazetar\u00ebve shqiptar\u00eb Shkod\u00ebr - Ulqin\" - Lajme nga Ulqini","og_description":"M\u00eb\u00a0 20 dhe 21 shkurt\u00a0 Unioni I Gazetar\u00ebve\u00a0 SHqiptar\u00eb , organizon\u00a0 takimin ,,Dita\u00a0 e miq\u00ebsis\u00eb e\u00a0 gazetar\u00ebve shqiptar\u00eb\u00a0 Shkod\u00ebr -Ulqin,Takimi , fillimisht","og_url":"https:\/\/www.visit-ulcinj.com\/blog\/2016\/02\/19\/unioni-gazetareve-shqiptaredita-e-miqesise-e-gazetareve-shqiptare-shkoder-ulqin\/","og_site_name":"Lajme nga Ulqini","article_published_time":"2016-02-19T18:34:31+00:00","twitter_misc":{"Written by":"ulqini","Est. reading time":"1 minute"},"schema":{"@context":"https:\/\/schema.org","@graph":[{"@type":"WebSite","@id":"https:\/\/www.visit-ulcinj.com\/blog\/#website","url":"https:\/\/www.visit-ulcinj.com\/blog\/","name":"Lajme nga Ulqini","description":"Lajme,Vijesti,Ulqini,Ulqin,Crna Gora,Mali i Zi","potentialAction":[{"@type":"SearchAction","target":{"@type":"EntryPoint","urlTemplate":"https:\/\/www.visit-ulcinj.com\/blog\/?s={search_term_string}"},"query-input":"required name=search_term_string"}],"inLanguage":"en-US"},{"@type":"WebPage","@id":"https:\/\/www.visit-ulcinj.com\/blog\/2016\/02\/19\/unioni-gazetareve-shqiptaredita-e-miqesise-e-gazetareve-shqiptare-shkoder-ulqin\/#webpage","url":"https:\/\/www.visit-ulcinj.com\/blog\/2016\/02\/19\/unioni-gazetareve-shqiptaredita-e-miqesise-e-gazetareve-shqiptare-shkoder-ulqin\/","name":"Unioni i Gazetareve Shqiptare:,,Dita e miq\u00ebsis\u00eb e gazetar\u00ebve shqiptar\u00eb Shkod\u00ebr - Ulqin\" - Lajme nga Ulqini","isPartOf":{"@id":"https:\/\/www.visit-ulcinj.com\/blog\/#website"},"datePublished":"2016-02-19T18:34:31+00:00","dateModified":"2016-02-19T18:34:31+00:00","author":{"@id":"https:\/\/www.visit-ulcinj.com\/blog\/#\/schema\/person\/dcab619c614d3038751c63bc2aadc06d"},"description":"M\u00eb\u00a0 20 dhe 21 shkurt\u00a0 Unioni I Gazetar\u00ebve\u00a0 SHqiptar\u00eb , organizon\u00a0 takimin ,,Dita\u00a0 e miq\u00ebsis\u00eb e\u00a0 gazetar\u00ebve shqiptar\u00eb\u00a0 Shkod\u00ebr -Ulqin,Takimi , fillimisht","breadcrumb":{"@id":"https:\/\/www.visit-ulcinj.com\/blog\/2016\/02\/19\/unioni-gazetareve-shqiptaredita-e-miqesise-e-gazetareve-shqiptare-shkoder-ulqin\/#breadcrumb"},"inLanguage":"en-US","potentialAction":[{"@type":"ReadAction","target":["https:\/\/www.visit-ulcinj.com\/blog\/2016\/02\/19\/unioni-gazetareve-shqiptaredita-e-miqesise-e-gazetareve-shqiptare-shkoder-ulqin\/"]}]},{"@type":"BreadcrumbList","@id":"https:\/\/www.visit-ulcinj.com\/blog\/2016\/02\/19\/unioni-gazetareve-shqiptaredita-e-miqesise-e-gazetareve-shqiptare-shkoder-ulqin\/#breadcrumb","itemListElement":[{"@type":"ListItem","position":1,"name":"Unioni i Gazetareve Shqiptare:,,Dita e miq\u00ebsis\u00eb e gazetar\u00ebve shqiptar\u00eb Shkod\u00ebr &#8211; Ulqin&#8221;"}]},{"@type":"Person","@id":"https:\/\/www.visit-ulcinj.com\/blog\/#\/schema\/person\/dcab619c614d3038751c63bc2aadc06d","name":"ulqini","sameAs":["http:\/\/www.visit-ulcinj.com"],"url":"https:\/\/www.visit-ulcinj.com\/blog\/author\/admin\/"}]}},"jetpack_featured_media_url":"","jetpack_sharing_enabled":true,"jetpack_shortlink":"https:\/\/wp.me\/pe6lTn-oDP","_links":{"self":[{"href":"https:\/\/www.visit-ulcinj.com\/blog\/wp-json\/wp\/v2\/posts\/94725"}],"collection":[{"href":"https:\/\/www.visit-ulcinj.com\/blog\/wp-json\/wp\/v2\/posts"}],"about":[{"href":"https:\/\/www.visit-ulcinj.com\/blog\/wp-json\/wp\/v2\/types\/post"}],"author":[{"embeddable":true,"href":"https:\/\/www.visit-ulcinj.com\/blog\/wp-json\/wp\/v2\/users\/1"}],"replies":[{"embeddable":true,"href":"https:\/\/www.visit-ulcinj.com\/blog\/wp-json\/wp\/v2\/comments?post=94725"}],"version-history":[{"count":1,"href":"https:\/\/www.visit-ulcinj.com\/blog\/wp-json\/wp\/v2\/posts\/94725\/revisions"}],"predecessor-version":[{"id":94728,"href":"https:\/\/www.visit-ulcinj.com\/blog\/wp-json\/wp\/v2\/posts\/94725\/revisions\/94728"}],"wp:attachment":[{"href":"https:\/\/www.visit-ulcinj.com\/blog\/wp-json\/wp\/v2\/media?parent=94725"}],"wp:term":[{"taxonomy":"category","embeddable":true,"href":"https:\/\/www.visit-ulcinj.com\/blog\/wp-json\/wp\/v2\/categories?post=94725"},{"taxonomy":"post_tag","embeddable":true,"href":"https:\/\/www.visit-ulcinj.com\/blog\/wp-json\/wp\/v2\/tags?post=94725"}],"curies":[{"name":"wp","href":"https:\/\/api.w.org\/{rel}","templated":true}]}}