{"id":94734,"date":"2016-02-20T06:57:03","date_gmt":"2016-02-20T05:57:03","guid":{"rendered":"http:\/\/www.visit-ulcinj.com\/blog\/?p=94734"},"modified":"2016-02-20T06:57:03","modified_gmt":"2016-02-20T05:57:03","slug":"ulcinj-u-holiday-world-prag-2016","status":"publish","type":"post","link":"https:\/\/www.visit-ulcinj.com\/blog\/2016\/02\/20\/ulcinj-u-holiday-world-prag-2016\/","title":{"rendered":"TO Ulcinj u Holiday World Prag 2016"},"content":{"rendered":"<p><strong><a href=\"http:\/\/www.visit-ulcinj.com\/blog\/wp-content\/uploads\/2016\/02\/TO-ULCINJ-IN-Holiday-World-Praha-2016.jpg\"><img loading=\"lazy\" class=\"alignleft wp-image-94730\" src=\"http:\/\/www.visit-ulcinj.com\/blog\/wp-content\/uploads\/2016\/02\/TO-ULCINJ-IN-Holiday-World-Praha-2016.jpg\" alt=\"TO-ULCINJ-IN-Holiday World Praha 2016\" width=\"508\" height=\"381\" srcset=\"https:\/\/www.visit-ulcinj.com\/blog\/wp-content\/uploads\/2016\/02\/TO-ULCINJ-IN-Holiday-World-Praha-2016.jpg 663w, https:\/\/www.visit-ulcinj.com\/blog\/wp-content\/uploads\/2016\/02\/TO-ULCINJ-IN-Holiday-World-Praha-2016-300x225.jpg 300w\" sizes=\"(max-width: 508px) 100vw, 508px\" \/><\/a>Prag Holiday World 2016 (18-21.02.2016)<\/strong><\/p>\n<p>&nbsp;<\/p>\n<p>Medjunarodni sajam turizma u Pragu je tradicionalna manifestacija na kojoj se Turisti\u010dka Organizacija Ulcinja uspje\u0161no predstavlja na \u010de\u0161ko tr\u017ei\u0161te, sa kojeg dolazi zna\u010dajan broj turista, a to je izuzetno va\u017eno za uspje\u0161nu turisti\u010dku sezonu. Dobra saradnja me\u0111u primorskim lokalnim turisti\u010dkim organizacijama rezultirala je, organizovanjem zajedni\u010dkog sajamskog nastupa, pa se Turisti\u010dka organizacija Ulcinj u Pragu predstavlja zajedno sa TO Kotor, Tivat, Bar i Budva.<\/p>\n<p>Prvog dana sajma odr\u017eani su brojni poslovni susreti sa predstavnicima turisti\u010dkih agencija i turoperatora uz najavu nastavka dobre saradnje. Posjetiocima na\u0161eg standa je ponu\u0111en raznovrstan materijal uz pomo\u0107 kojeg su se na engleskom i \u010de\u0161kom jeziku posjetioci mogli informisati o ponudi kako Ulcinja tako i cijele Crne Gore u 2016.godini. Najve\u0107e interesovanje turisti su pokazali za privatni i hotelski smje\u0161taj u primorskim op\u0161tinama, kao i za cijene koje su predvi\u0111ene za predstoje\u0107u turisti\u010dku sezonu.<\/p>\n<p><a href=\"http:\/\/www.visit-ulcinj.com\/blog\/wp-content\/uploads\/2016\/02\/TO-ULCINJ-IN-Holiday-World-Praha-2016-2.jpg\"><img loading=\"lazy\" class=\"alignleft wp-image-94731\" src=\"http:\/\/www.visit-ulcinj.com\/blog\/wp-content\/uploads\/2016\/02\/TO-ULCINJ-IN-Holiday-World-Praha-2016-2.jpg\" alt=\"TO-ULCINJ-IN-Holiday World Praha 2016-2\" width=\"508\" height=\"286\" srcset=\"https:\/\/www.visit-ulcinj.com\/blog\/wp-content\/uploads\/2016\/02\/TO-ULCINJ-IN-Holiday-World-Praha-2016-2.jpg 884w, https:\/\/www.visit-ulcinj.com\/blog\/wp-content\/uploads\/2016\/02\/TO-ULCINJ-IN-Holiday-World-Praha-2016-2-300x169.jpg 300w\" sizes=\"(max-width: 508px) 100vw, 508px\" \/><\/a><\/p>\n<p>Od ulcinjskih privrednika na ovom sajmu su prisutni Ulcinjska Rivijera,hotel \u201cAlbatros\u201d I hotel \u201cRiva\u201d.<\/p>\n<p>&nbsp;<\/p>\n<p>Drugog dana sajma, 19. februara, planirana je press konferencija na kojoj ce prisustvovati 15 novinara \u0161tampanih medija I to: Travel Trade Gazette, World Trend, ISpigl, New Europe, The Economist, Gastro Report, Travel Proxy, Ceska komisija za UNESCO, Dorian Press, URFART, Will Shows, CTP, itd<\/p>\n<p>Direktorica TOU Zana Sarvan ce imati nekoliko minuta na raspolaganju da predstavi turisti\u010dku ponuda Ulcinja novinarima iz \u010ce\u0161ke.<\/p>\n<p>&nbsp;<\/p>\n<p>Do kraja 2015.godine Ulcinj je posjetilo 9.125 turista koji su realizovali 73.483 no\u0107enja \u0161to predstavlja pove\u0107anje za \u010dak 16% no\u0107enja u odnosu na 2014.godinu.<\/p>\n<p>Na 25. Me\u0111unarodnom sajmu u Pragu u\u010destvuje preko 70 stranih zemalja sa oko 800 u\u010desnika. Do kraja sajma o\u010dekuje se oko 35.000 posjetilaca.<\/p>\n<p>&nbsp;<\/p>\n<p><strong><em>Stru\u010dna slu\u017eba TO Ulcinj<\/em><\/strong><\/p>\n<p><a href=\"http:\/\/www.visit-ulcinj.com\/blog\/wp-content\/uploads\/2016\/02\/TO-ULCINJ-IN-Holiday-World-Praha-2016-1.jpg\"><img loading=\"lazy\" class=\"alignleft wp-image-94732\" src=\"http:\/\/www.visit-ulcinj.com\/blog\/wp-content\/uploads\/2016\/02\/TO-ULCINJ-IN-Holiday-World-Praha-2016-1.jpg\" alt=\"TO-ULCINJ-IN-Holiday World Praha 2016-1\" width=\"508\" height=\"677\" srcset=\"https:\/\/www.visit-ulcinj.com\/blog\/wp-content\/uploads\/2016\/02\/TO-ULCINJ-IN-Holiday-World-Praha-2016-1.jpg 373w, https:\/\/www.visit-ulcinj.com\/blog\/wp-content\/uploads\/2016\/02\/TO-ULCINJ-IN-Holiday-World-Praha-2016-1-225x300.jpg 225w\" sizes=\"(max-width: 508px) 100vw, 508px\" \/><\/a><\/p>\n","protected":false},"excerpt":{"rendered":"<p>Prag Holiday World 2016 (18-21.02.2016) &nbsp; Medjunarodni sajam turizma u Pragu je tradicionalna manifestacija na kojoj se Turisti\u010dka Organizacija Ulcinja uspje\u0161no predstavlja na \u010de\u0161ko tr\u017ei\u0161te, sa kojeg dolazi zna\u010dajan broj turista, a to je izuzetno va\u017eno za uspje\u0161nu turisti\u010dku sezonu. Dobra saradnja me\u0111u primorskim lokalnim turisti\u010dkim organizacijama rezultirala je, organizovanjem zajedni\u010dkog sajamskog nastupa, pa se [&hellip;]<\/p>\n","protected":false},"author":1,"featured_media":0,"comment_status":"closed","ping_status":"closed","sticky":false,"template":"","format":"standard","meta":{"spay_email":"","jetpack_publicize_message":"","jetpack_is_tweetstorm":false,"jetpack_publicize_feature_enabled":true},"categories":[8337],"tags":[],"jetpack_publicize_connections":[],"yoast_head":"<!-- This site is optimized with the Yoast SEO plugin v19.1 - https:\/\/yoast.com\/wordpress\/plugins\/seo\/ -->\n<title>TO Ulcinj u Holiday World Prag 2016 - Lajme nga Ulqini<\/title>\n<meta name=\"description\" content=\"Prag Holiday World 2016 (18-21.02.2016) &nbsp; Medjunarodni sajam turizma u Pragu je tradicionalna manifestacija na kojoj se Turisti\u010dka Organizacija\" \/>\n<meta name=\"robots\" content=\"index, follow, max-snippet:-1, max-image-preview:large, max-video-preview:-1\" \/>\n<link rel=\"canonical\" href=\"https:\/\/www.visit-ulcinj.com\/blog\/2016\/02\/20\/ulcinj-u-holiday-world-prag-2016\/\" \/>\n<meta property=\"og:locale\" content=\"en_US\" \/>\n<meta property=\"og:type\" content=\"article\" \/>\n<meta property=\"og:title\" content=\"TO Ulcinj u Holiday World Prag 2016 - Lajme nga Ulqini\" \/>\n<meta property=\"og:description\" content=\"Prag Holiday World 2016 (18-21.02.2016) &nbsp; Medjunarodni sajam turizma u Pragu je tradicionalna manifestacija na kojoj se Turisti\u010dka Organizacija\" \/>\n<meta property=\"og:url\" content=\"https:\/\/www.visit-ulcinj.com\/blog\/2016\/02\/20\/ulcinj-u-holiday-world-prag-2016\/\" \/>\n<meta property=\"og:site_name\" content=\"Lajme nga Ulqini\" \/>\n<meta property=\"article:published_time\" content=\"2016-02-20T05:57:03+00:00\" \/>\n<meta property=\"og:image\" content=\"http:\/\/www.visit-ulcinj.com\/blog\/wp-content\/uploads\/2016\/02\/TO-ULCINJ-IN-Holiday-World-Praha-2016.jpg\" \/>\n<meta name=\"twitter:label1\" content=\"Written by\" \/>\n\t<meta name=\"twitter:data1\" content=\"ulqini\" \/>\n\t<meta name=\"twitter:label2\" content=\"Est. reading time\" \/>\n\t<meta name=\"twitter:data2\" content=\"1 minute\" \/>\n<script type=\"application\/ld+json\" class=\"yoast-schema-graph\">{\"@context\":\"https:\/\/schema.org\",\"@graph\":[{\"@type\":\"WebSite\",\"@id\":\"https:\/\/www.visit-ulcinj.com\/blog\/#website\",\"url\":\"https:\/\/www.visit-ulcinj.com\/blog\/\",\"name\":\"Lajme nga Ulqini\",\"description\":\"Lajme,Vijesti,Ulqini,Ulqin,Crna Gora,Mali i Zi\",\"potentialAction\":[{\"@type\":\"SearchAction\",\"target\":{\"@type\":\"EntryPoint\",\"urlTemplate\":\"https:\/\/www.visit-ulcinj.com\/blog\/?s={search_term_string}\"},\"query-input\":\"required name=search_term_string\"}],\"inLanguage\":\"en-US\"},{\"@type\":\"ImageObject\",\"inLanguage\":\"en-US\",\"@id\":\"https:\/\/www.visit-ulcinj.com\/blog\/2016\/02\/20\/ulcinj-u-holiday-world-prag-2016\/#primaryimage\",\"url\":\"https:\/\/www.visit-ulcinj.com\/blog\/wp-content\/uploads\/2016\/02\/TO-ULCINJ-IN-Holiday-World-Praha-2016.jpg\",\"contentUrl\":\"https:\/\/www.visit-ulcinj.com\/blog\/wp-content\/uploads\/2016\/02\/TO-ULCINJ-IN-Holiday-World-Praha-2016.jpg\",\"width\":663,\"height\":497},{\"@type\":\"WebPage\",\"@id\":\"https:\/\/www.visit-ulcinj.com\/blog\/2016\/02\/20\/ulcinj-u-holiday-world-prag-2016\/#webpage\",\"url\":\"https:\/\/www.visit-ulcinj.com\/blog\/2016\/02\/20\/ulcinj-u-holiday-world-prag-2016\/\",\"name\":\"TO Ulcinj u Holiday World Prag 2016 - Lajme nga Ulqini\",\"isPartOf\":{\"@id\":\"https:\/\/www.visit-ulcinj.com\/blog\/#website\"},\"primaryImageOfPage\":{\"@id\":\"https:\/\/www.visit-ulcinj.com\/blog\/2016\/02\/20\/ulcinj-u-holiday-world-prag-2016\/#primaryimage\"},\"datePublished\":\"2016-02-20T05:57:03+00:00\",\"dateModified\":\"2016-02-20T05:57:03+00:00\",\"author\":{\"@id\":\"https:\/\/www.visit-ulcinj.com\/blog\/#\/schema\/person\/dcab619c614d3038751c63bc2aadc06d\"},\"description\":\"Prag Holiday World 2016 (18-21.02.2016) &nbsp; Medjunarodni sajam turizma u Pragu je tradicionalna manifestacija na kojoj se Turisti\u010dka Organizacija\",\"breadcrumb\":{\"@id\":\"https:\/\/www.visit-ulcinj.com\/blog\/2016\/02\/20\/ulcinj-u-holiday-world-prag-2016\/#breadcrumb\"},\"inLanguage\":\"en-US\",\"potentialAction\":[{\"@type\":\"ReadAction\",\"target\":[\"https:\/\/www.visit-ulcinj.com\/blog\/2016\/02\/20\/ulcinj-u-holiday-world-prag-2016\/\"]}]},{\"@type\":\"BreadcrumbList\",\"@id\":\"https:\/\/www.visit-ulcinj.com\/blog\/2016\/02\/20\/ulcinj-u-holiday-world-prag-2016\/#breadcrumb\",\"itemListElement\":[{\"@type\":\"ListItem\",\"position\":1,\"name\":\"TO Ulcinj u Holiday World Prag 2016\"}]},{\"@type\":\"Person\",\"@id\":\"https:\/\/www.visit-ulcinj.com\/blog\/#\/schema\/person\/dcab619c614d3038751c63bc2aadc06d\",\"name\":\"ulqini\",\"sameAs\":[\"http:\/\/www.visit-ulcinj.com\"],\"url\":\"https:\/\/www.visit-ulcinj.com\/blog\/author\/admin\/\"}]}<\/script>\n<!-- \/ Yoast SEO plugin. -->","yoast_head_json":{"title":"TO Ulcinj u Holiday World Prag 2016 - Lajme nga Ulqini","description":"Prag Holiday World 2016 (18-21.02.2016) &nbsp; Medjunarodni sajam turizma u Pragu je tradicionalna manifestacija na kojoj se Turisti\u010dka Organizacija","robots":{"index":"index","follow":"follow","max-snippet":"max-snippet:-1","max-image-preview":"max-image-preview:large","max-video-preview":"max-video-preview:-1"},"canonical":"https:\/\/www.visit-ulcinj.com\/blog\/2016\/02\/20\/ulcinj-u-holiday-world-prag-2016\/","og_locale":"en_US","og_type":"article","og_title":"TO Ulcinj u Holiday World Prag 2016 - Lajme nga Ulqini","og_description":"Prag Holiday World 2016 (18-21.02.2016) &nbsp; Medjunarodni sajam turizma u Pragu je tradicionalna manifestacija na kojoj se Turisti\u010dka Organizacija","og_url":"https:\/\/www.visit-ulcinj.com\/blog\/2016\/02\/20\/ulcinj-u-holiday-world-prag-2016\/","og_site_name":"Lajme nga Ulqini","article_published_time":"2016-02-20T05:57:03+00:00","og_image":[{"url":"http:\/\/www.visit-ulcinj.com\/blog\/wp-content\/uploads\/2016\/02\/TO-ULCINJ-IN-Holiday-World-Praha-2016.jpg"}],"twitter_misc":{"Written by":"ulqini","Est. reading time":"1 minute"},"schema":{"@context":"https:\/\/schema.org","@graph":[{"@type":"WebSite","@id":"https:\/\/www.visit-ulcinj.com\/blog\/#website","url":"https:\/\/www.visit-ulcinj.com\/blog\/","name":"Lajme nga Ulqini","description":"Lajme,Vijesti,Ulqini,Ulqin,Crna Gora,Mali i Zi","potentialAction":[{"@type":"SearchAction","target":{"@type":"EntryPoint","urlTemplate":"https:\/\/www.visit-ulcinj.com\/blog\/?s={search_term_string}"},"query-input":"required name=search_term_string"}],"inLanguage":"en-US"},{"@type":"ImageObject","inLanguage":"en-US","@id":"https:\/\/www.visit-ulcinj.com\/blog\/2016\/02\/20\/ulcinj-u-holiday-world-prag-2016\/#primaryimage","url":"https:\/\/www.visit-ulcinj.com\/blog\/wp-content\/uploads\/2016\/02\/TO-ULCINJ-IN-Holiday-World-Praha-2016.jpg","contentUrl":"https:\/\/www.visit-ulcinj.com\/blog\/wp-content\/uploads\/2016\/02\/TO-ULCINJ-IN-Holiday-World-Praha-2016.jpg","width":663,"height":497},{"@type":"WebPage","@id":"https:\/\/www.visit-ulcinj.com\/blog\/2016\/02\/20\/ulcinj-u-holiday-world-prag-2016\/#webpage","url":"https:\/\/www.visit-ulcinj.com\/blog\/2016\/02\/20\/ulcinj-u-holiday-world-prag-2016\/","name":"TO Ulcinj u Holiday World Prag 2016 - Lajme nga Ulqini","isPartOf":{"@id":"https:\/\/www.visit-ulcinj.com\/blog\/#website"},"primaryImageOfPage":{"@id":"https:\/\/www.visit-ulcinj.com\/blog\/2016\/02\/20\/ulcinj-u-holiday-world-prag-2016\/#primaryimage"},"datePublished":"2016-02-20T05:57:03+00:00","dateModified":"2016-02-20T05:57:03+00:00","author":{"@id":"https:\/\/www.visit-ulcinj.com\/blog\/#\/schema\/person\/dcab619c614d3038751c63bc2aadc06d"},"description":"Prag Holiday World 2016 (18-21.02.2016) &nbsp; Medjunarodni sajam turizma u Pragu je tradicionalna manifestacija na kojoj se Turisti\u010dka Organizacija","breadcrumb":{"@id":"https:\/\/www.visit-ulcinj.com\/blog\/2016\/02\/20\/ulcinj-u-holiday-world-prag-2016\/#breadcrumb"},"inLanguage":"en-US","potentialAction":[{"@type":"ReadAction","target":["https:\/\/www.visit-ulcinj.com\/blog\/2016\/02\/20\/ulcinj-u-holiday-world-prag-2016\/"]}]},{"@type":"BreadcrumbList","@id":"https:\/\/www.visit-ulcinj.com\/blog\/2016\/02\/20\/ulcinj-u-holiday-world-prag-2016\/#breadcrumb","itemListElement":[{"@type":"ListItem","position":1,"name":"TO Ulcinj u Holiday World Prag 2016"}]},{"@type":"Person","@id":"https:\/\/www.visit-ulcinj.com\/blog\/#\/schema\/person\/dcab619c614d3038751c63bc2aadc06d","name":"ulqini","sameAs":["http:\/\/www.visit-ulcinj.com"],"url":"https:\/\/www.visit-ulcinj.com\/blog\/author\/admin\/"}]}},"jetpack_featured_media_url":"","jetpack_sharing_enabled":true,"jetpack_shortlink":"https:\/\/wp.me\/pe6lTn-oDY","_links":{"self":[{"href":"https:\/\/www.visit-ulcinj.com\/blog\/wp-json\/wp\/v2\/posts\/94734"}],"collection":[{"href":"https:\/\/www.visit-ulcinj.com\/blog\/wp-json\/wp\/v2\/posts"}],"about":[{"href":"https:\/\/www.visit-ulcinj.com\/blog\/wp-json\/wp\/v2\/types\/post"}],"author":[{"embeddable":true,"href":"https:\/\/www.visit-ulcinj.com\/blog\/wp-json\/wp\/v2\/users\/1"}],"replies":[{"embeddable":true,"href":"https:\/\/www.visit-ulcinj.com\/blog\/wp-json\/wp\/v2\/comments?post=94734"}],"version-history":[{"count":1,"href":"https:\/\/www.visit-ulcinj.com\/blog\/wp-json\/wp\/v2\/posts\/94734\/revisions"}],"predecessor-version":[{"id":94735,"href":"https:\/\/www.visit-ulcinj.com\/blog\/wp-json\/wp\/v2\/posts\/94734\/revisions\/94735"}],"wp:attachment":[{"href":"https:\/\/www.visit-ulcinj.com\/blog\/wp-json\/wp\/v2\/media?parent=94734"}],"wp:term":[{"taxonomy":"category","embeddable":true,"href":"https:\/\/www.visit-ulcinj.com\/blog\/wp-json\/wp\/v2\/categories?post=94734"},{"taxonomy":"post_tag","embeddable":true,"href":"https:\/\/www.visit-ulcinj.com\/blog\/wp-json\/wp\/v2\/tags?post=94734"}],"curies":[{"name":"wp","href":"https:\/\/api.w.org\/{rel}","templated":true}]}}