{"id":94738,"date":"2016-02-20T07:01:46","date_gmt":"2016-02-20T06:01:46","guid":{"rendered":"http:\/\/www.visit-ulcinj.com\/blog\/?p=94738"},"modified":"2016-02-20T07:01:46","modified_gmt":"2016-02-20T06:01:46","slug":"ot-ulqin-ne-panairin-38-nderkombetar-te-turizmit-ne-beograd-18-21-02-2016","status":"publish","type":"post","link":"https:\/\/www.visit-ulcinj.com\/blog\/2016\/02\/20\/ot-ulqin-ne-panairin-38-nderkombetar-te-turizmit-ne-beograd-18-21-02-2016\/","title":{"rendered":"OT Ulqin n\u00eb Panairin 38. Nd\u00ebrkomb\u00ebtar t\u00eb turizmit ne Beograd 18 -21.02.2016,"},"content":{"rendered":"<p><a href=\"http:\/\/www.visit-ulcinj.com\/blog\/wp-content\/uploads\/2016\/02\/TO-ULCINJ-IN-Holiday-World-Praha-2016-2.jpg\"><img loading=\"lazy\" class=\"alignleft wp-image-94731\" src=\"http:\/\/www.visit-ulcinj.com\/blog\/wp-content\/uploads\/2016\/02\/TO-ULCINJ-IN-Holiday-World-Praha-2016-2.jpg\" alt=\"TO-ULCINJ-IN-Holiday World Praha 2016-2\" width=\"508\" height=\"286\" srcset=\"https:\/\/www.visit-ulcinj.com\/blog\/wp-content\/uploads\/2016\/02\/TO-ULCINJ-IN-Holiday-World-Praha-2016-2.jpg 884w, https:\/\/www.visit-ulcinj.com\/blog\/wp-content\/uploads\/2016\/02\/TO-ULCINJ-IN-Holiday-World-Praha-2016-2-300x169.jpg 300w\" sizes=\"(max-width: 508px) 100vw, 508px\" \/><\/a>Ne panairin e 38. Nd\u00ebrkomb\u00ebtar t\u00eb turizmit ne Beograd qe mbahet prej 18 deri 21.02.2016, Organizata Turistike e Ulqinit \u00ebsht\u00eb duke marr\u00eb pjese ne bashk\u00ebpunim me Organizat\u00ebn Nacionale te MZ si dhe me organizatat lokale ne stend\u00ebn e p\u00ebrbashk\u00ebt ne sall\u00ebn num\u00ebr 1, ku Organizata Turistike e Ulqinit ka rezervuar nj\u00eb hap\u00ebsire p\u00ebr prezantimin e qytetit dhe t\u00eb gjith\u00eb tjer\u00ebve q\u00eb jan\u00eb te interesuar te marrin pjes\u00eb. Ofert\u00ebn e vet turistike p\u00ebr k\u00ebt\u00eb sezone verore jan\u00eb duke e promovuar Riviera e Ulqinit, hoteli Albatros si dhe shum\u00eb agjensione, etj. Delegacionin e Malit t\u00eb Zi e udh\u00ebheqin ministri i turizmit Branimir Gvozdenoviq, drejtoresha e Organizat\u00ebs Nacionale Turistike Zhelka Radak dhe ambasadori i Malit t\u00eb Zi.<\/p>\n<p>P\u00ebrve\u00e7 ofert\u00ebs s\u00eb pasur t\u00eb qendrave turistike t\u00eb Malit t\u00eb Zi, n\u00eb panair promovohen edhe ofertat specifike turistike, si dhe paketat atraktive te akomodimeve q\u00eb jan\u00eb formuar p\u00ebr tregun e Serbis\u00eb gjat\u00eb periudh\u00ebs jasht\u00eb sezonit por edhe gjat\u00eb sezonit turistik. \u00c7mimet do t\u00eb jen\u00eb n\u00eb nivelin e vitit t\u00eb kaluar. Po ashtu b\u00ebhet promovimi i manifestimeve zbavit\u00ebse dhe kulturore, festivalet \u201cSea Dance\u201d ne Budv\u00eb dhe \u201cSouthern Soul\u201d n\u00eb Ulqin. T\u00eb gjith\u00eb vizituesit e stend\u00ebs son\u00eb kan\u00eb mund\u00ebsin\u00eb t\u00eb sprovojn\u00eb specialitet e kuzhin\u00ebs t\u00eb Malit t\u00eb Zi , ver\u00ebrat malazeze si dhe specialitetet tradicional t\u00eb qytetit ton\u00eb \u00ebmb\u00eblsirat bakllav\u00eb, lule sheg\u00eb dhe haxhimakule .<\/p>\n<p>Drejtoresha e Organizat\u00ebs Turistike t\u00eb Ulqinit Zana Sarvan m\u00eb 18 dhe 19 shkurt ka pas disa intervista dhe sot e mban\u00eb konferenc\u00ebn p\u00ebr shtyp. K\u00ebto dy dit\u00eb t\u00eb panairit kan\u00eb kaluar me sukses t\u00eb madh ku \u00ebsht\u00eb treguar interesim p\u00ebr akomodime si dhe p\u00ebr pushim aktiv gjat\u00eb sezonit turistik.<\/p>\n<p>N\u00eb panair jan\u00eb rrath\u00eb 1100 ekspozues nga 55 vende.<br \/>\nT\u00eb dh\u00ebnat statistikore tregojn\u00eb q\u00eb Mali i Zi edhe gjate vitit 2015 ishte destinacioni kryesor p\u00ebr turist\u00ebt nga Serbia, nd\u00ebrsa Ulqinin gjat\u00eb vitit 2015 e kan\u00eb vizituar 21.106 turist\u00eb nga ky vend q\u00eb kan\u00eb realizuar 181.258 fjetje e q\u00eb \u00ebsht\u00eb 52% m\u00eb tep\u00ebr fjetje n\u00eb krahasim me vitin e kaluar.<\/p>\n<p>&nbsp;<\/p>\n","protected":false},"excerpt":{"rendered":"<p>Ne panairin e 38. Nd\u00ebrkomb\u00ebtar t\u00eb turizmit ne Beograd qe mbahet prej 18 deri 21.02.2016, Organizata Turistike e Ulqinit \u00ebsht\u00eb duke marr\u00eb pjese ne bashk\u00ebpunim me Organizat\u00ebn Nacionale te MZ si dhe me organizatat lokale ne stend\u00ebn e p\u00ebrbashk\u00ebt ne sall\u00ebn num\u00ebr 1, ku Organizata Turistike e Ulqinit ka rezervuar nj\u00eb hap\u00ebsire p\u00ebr prezantimin e [&hellip;]<\/p>\n","protected":false},"author":1,"featured_media":0,"comment_status":"closed","ping_status":"closed","sticky":false,"template":"","format":"standard","meta":{"spay_email":"","jetpack_publicize_message":"","jetpack_is_tweetstorm":false,"jetpack_publicize_feature_enabled":true},"categories":[15],"tags":[],"jetpack_publicize_connections":[],"yoast_head":"<!-- This site is optimized with the Yoast SEO plugin v19.1 - https:\/\/yoast.com\/wordpress\/plugins\/seo\/ -->\n<title>OT Ulqin n\u00eb Panairin 38. Nd\u00ebrkomb\u00ebtar t\u00eb turizmit ne Beograd 18 -21.02.2016, - Lajme nga Ulqini<\/title>\n<meta name=\"description\" content=\"Ne panairin e 38. Nd\u00ebrkomb\u00ebtar t\u00eb turizmit ne Beograd qe mbahet prej 18 deri 21.02.2016, Organizata Turistike e Ulqinit \u00ebsht\u00eb duke marr\u00eb pjese ne\" \/>\n<meta name=\"robots\" content=\"index, follow, max-snippet:-1, max-image-preview:large, max-video-preview:-1\" \/>\n<link rel=\"canonical\" href=\"https:\/\/www.visit-ulcinj.com\/blog\/2016\/02\/20\/ot-ulqin-ne-panairin-38-nderkombetar-te-turizmit-ne-beograd-18-21-02-2016\/\" \/>\n<meta property=\"og:locale\" content=\"en_US\" \/>\n<meta property=\"og:type\" content=\"article\" \/>\n<meta property=\"og:title\" content=\"OT Ulqin n\u00eb Panairin 38. Nd\u00ebrkomb\u00ebtar t\u00eb turizmit ne Beograd 18 -21.02.2016, - Lajme nga Ulqini\" \/>\n<meta property=\"og:description\" content=\"Ne panairin e 38. Nd\u00ebrkomb\u00ebtar t\u00eb turizmit ne Beograd qe mbahet prej 18 deri 21.02.2016, Organizata Turistike e Ulqinit \u00ebsht\u00eb duke marr\u00eb pjese ne\" \/>\n<meta property=\"og:url\" content=\"https:\/\/www.visit-ulcinj.com\/blog\/2016\/02\/20\/ot-ulqin-ne-panairin-38-nderkombetar-te-turizmit-ne-beograd-18-21-02-2016\/\" \/>\n<meta property=\"og:site_name\" content=\"Lajme nga Ulqini\" \/>\n<meta property=\"article:published_time\" content=\"2016-02-20T06:01:46+00:00\" \/>\n<meta property=\"og:image\" content=\"http:\/\/www.visit-ulcinj.com\/blog\/wp-content\/uploads\/2016\/02\/TO-ULCINJ-IN-Holiday-World-Praha-2016-2.jpg\" \/>\n<meta name=\"twitter:label1\" content=\"Written by\" \/>\n\t<meta name=\"twitter:data1\" content=\"ulqini\" \/>\n\t<meta name=\"twitter:label2\" content=\"Est. reading time\" \/>\n\t<meta name=\"twitter:data2\" content=\"2 minutes\" \/>\n<script type=\"application\/ld+json\" class=\"yoast-schema-graph\">{\"@context\":\"https:\/\/schema.org\",\"@graph\":[{\"@type\":\"WebSite\",\"@id\":\"https:\/\/www.visit-ulcinj.com\/blog\/#website\",\"url\":\"https:\/\/www.visit-ulcinj.com\/blog\/\",\"name\":\"Lajme nga Ulqini\",\"description\":\"Lajme,Vijesti,Ulqini,Ulqin,Crna Gora,Mali i Zi\",\"potentialAction\":[{\"@type\":\"SearchAction\",\"target\":{\"@type\":\"EntryPoint\",\"urlTemplate\":\"https:\/\/www.visit-ulcinj.com\/blog\/?s={search_term_string}\"},\"query-input\":\"required name=search_term_string\"}],\"inLanguage\":\"en-US\"},{\"@type\":\"ImageObject\",\"inLanguage\":\"en-US\",\"@id\":\"https:\/\/www.visit-ulcinj.com\/blog\/2016\/02\/20\/ot-ulqin-ne-panairin-38-nderkombetar-te-turizmit-ne-beograd-18-21-02-2016\/#primaryimage\",\"url\":\"https:\/\/www.visit-ulcinj.com\/blog\/wp-content\/uploads\/2016\/02\/TO-ULCINJ-IN-Holiday-World-Praha-2016-2.jpg\",\"contentUrl\":\"https:\/\/www.visit-ulcinj.com\/blog\/wp-content\/uploads\/2016\/02\/TO-ULCINJ-IN-Holiday-World-Praha-2016-2.jpg\",\"width\":884,\"height\":497},{\"@type\":\"WebPage\",\"@id\":\"https:\/\/www.visit-ulcinj.com\/blog\/2016\/02\/20\/ot-ulqin-ne-panairin-38-nderkombetar-te-turizmit-ne-beograd-18-21-02-2016\/#webpage\",\"url\":\"https:\/\/www.visit-ulcinj.com\/blog\/2016\/02\/20\/ot-ulqin-ne-panairin-38-nderkombetar-te-turizmit-ne-beograd-18-21-02-2016\/\",\"name\":\"OT Ulqin n\u00eb Panairin 38. Nd\u00ebrkomb\u00ebtar t\u00eb turizmit ne Beograd 18 -21.02.2016, - Lajme nga Ulqini\",\"isPartOf\":{\"@id\":\"https:\/\/www.visit-ulcinj.com\/blog\/#website\"},\"primaryImageOfPage\":{\"@id\":\"https:\/\/www.visit-ulcinj.com\/blog\/2016\/02\/20\/ot-ulqin-ne-panairin-38-nderkombetar-te-turizmit-ne-beograd-18-21-02-2016\/#primaryimage\"},\"datePublished\":\"2016-02-20T06:01:46+00:00\",\"dateModified\":\"2016-02-20T06:01:46+00:00\",\"author\":{\"@id\":\"https:\/\/www.visit-ulcinj.com\/blog\/#\/schema\/person\/dcab619c614d3038751c63bc2aadc06d\"},\"description\":\"Ne panairin e 38. Nd\u00ebrkomb\u00ebtar t\u00eb turizmit ne Beograd qe mbahet prej 18 deri 21.02.2016, Organizata Turistike e Ulqinit \u00ebsht\u00eb duke marr\u00eb pjese ne\",\"breadcrumb\":{\"@id\":\"https:\/\/www.visit-ulcinj.com\/blog\/2016\/02\/20\/ot-ulqin-ne-panairin-38-nderkombetar-te-turizmit-ne-beograd-18-21-02-2016\/#breadcrumb\"},\"inLanguage\":\"en-US\",\"potentialAction\":[{\"@type\":\"ReadAction\",\"target\":[\"https:\/\/www.visit-ulcinj.com\/blog\/2016\/02\/20\/ot-ulqin-ne-panairin-38-nderkombetar-te-turizmit-ne-beograd-18-21-02-2016\/\"]}]},{\"@type\":\"BreadcrumbList\",\"@id\":\"https:\/\/www.visit-ulcinj.com\/blog\/2016\/02\/20\/ot-ulqin-ne-panairin-38-nderkombetar-te-turizmit-ne-beograd-18-21-02-2016\/#breadcrumb\",\"itemListElement\":[{\"@type\":\"ListItem\",\"position\":1,\"name\":\"OT Ulqin n\u00eb Panairin 38. Nd\u00ebrkomb\u00ebtar t\u00eb turizmit ne Beograd 18 -21.02.2016,\"}]},{\"@type\":\"Person\",\"@id\":\"https:\/\/www.visit-ulcinj.com\/blog\/#\/schema\/person\/dcab619c614d3038751c63bc2aadc06d\",\"name\":\"ulqini\",\"sameAs\":[\"http:\/\/www.visit-ulcinj.com\"],\"url\":\"https:\/\/www.visit-ulcinj.com\/blog\/author\/admin\/\"}]}<\/script>\n<!-- \/ Yoast SEO plugin. -->","yoast_head_json":{"title":"OT Ulqin n\u00eb Panairin 38. Nd\u00ebrkomb\u00ebtar t\u00eb turizmit ne Beograd 18 -21.02.2016, - Lajme nga Ulqini","description":"Ne panairin e 38. Nd\u00ebrkomb\u00ebtar t\u00eb turizmit ne Beograd qe mbahet prej 18 deri 21.02.2016, Organizata Turistike e Ulqinit \u00ebsht\u00eb duke marr\u00eb pjese ne","robots":{"index":"index","follow":"follow","max-snippet":"max-snippet:-1","max-image-preview":"max-image-preview:large","max-video-preview":"max-video-preview:-1"},"canonical":"https:\/\/www.visit-ulcinj.com\/blog\/2016\/02\/20\/ot-ulqin-ne-panairin-38-nderkombetar-te-turizmit-ne-beograd-18-21-02-2016\/","og_locale":"en_US","og_type":"article","og_title":"OT Ulqin n\u00eb Panairin 38. Nd\u00ebrkomb\u00ebtar t\u00eb turizmit ne Beograd 18 -21.02.2016, - Lajme nga Ulqini","og_description":"Ne panairin e 38. Nd\u00ebrkomb\u00ebtar t\u00eb turizmit ne Beograd qe mbahet prej 18 deri 21.02.2016, Organizata Turistike e Ulqinit \u00ebsht\u00eb duke marr\u00eb pjese ne","og_url":"https:\/\/www.visit-ulcinj.com\/blog\/2016\/02\/20\/ot-ulqin-ne-panairin-38-nderkombetar-te-turizmit-ne-beograd-18-21-02-2016\/","og_site_name":"Lajme nga Ulqini","article_published_time":"2016-02-20T06:01:46+00:00","og_image":[{"url":"http:\/\/www.visit-ulcinj.com\/blog\/wp-content\/uploads\/2016\/02\/TO-ULCINJ-IN-Holiday-World-Praha-2016-2.jpg"}],"twitter_misc":{"Written by":"ulqini","Est. reading time":"2 minutes"},"schema":{"@context":"https:\/\/schema.org","@graph":[{"@type":"WebSite","@id":"https:\/\/www.visit-ulcinj.com\/blog\/#website","url":"https:\/\/www.visit-ulcinj.com\/blog\/","name":"Lajme nga Ulqini","description":"Lajme,Vijesti,Ulqini,Ulqin,Crna Gora,Mali i Zi","potentialAction":[{"@type":"SearchAction","target":{"@type":"EntryPoint","urlTemplate":"https:\/\/www.visit-ulcinj.com\/blog\/?s={search_term_string}"},"query-input":"required name=search_term_string"}],"inLanguage":"en-US"},{"@type":"ImageObject","inLanguage":"en-US","@id":"https:\/\/www.visit-ulcinj.com\/blog\/2016\/02\/20\/ot-ulqin-ne-panairin-38-nderkombetar-te-turizmit-ne-beograd-18-21-02-2016\/#primaryimage","url":"https:\/\/www.visit-ulcinj.com\/blog\/wp-content\/uploads\/2016\/02\/TO-ULCINJ-IN-Holiday-World-Praha-2016-2.jpg","contentUrl":"https:\/\/www.visit-ulcinj.com\/blog\/wp-content\/uploads\/2016\/02\/TO-ULCINJ-IN-Holiday-World-Praha-2016-2.jpg","width":884,"height":497},{"@type":"WebPage","@id":"https:\/\/www.visit-ulcinj.com\/blog\/2016\/02\/20\/ot-ulqin-ne-panairin-38-nderkombetar-te-turizmit-ne-beograd-18-21-02-2016\/#webpage","url":"https:\/\/www.visit-ulcinj.com\/blog\/2016\/02\/20\/ot-ulqin-ne-panairin-38-nderkombetar-te-turizmit-ne-beograd-18-21-02-2016\/","name":"OT Ulqin n\u00eb Panairin 38. Nd\u00ebrkomb\u00ebtar t\u00eb turizmit ne Beograd 18 -21.02.2016, - Lajme nga Ulqini","isPartOf":{"@id":"https:\/\/www.visit-ulcinj.com\/blog\/#website"},"primaryImageOfPage":{"@id":"https:\/\/www.visit-ulcinj.com\/blog\/2016\/02\/20\/ot-ulqin-ne-panairin-38-nderkombetar-te-turizmit-ne-beograd-18-21-02-2016\/#primaryimage"},"datePublished":"2016-02-20T06:01:46+00:00","dateModified":"2016-02-20T06:01:46+00:00","author":{"@id":"https:\/\/www.visit-ulcinj.com\/blog\/#\/schema\/person\/dcab619c614d3038751c63bc2aadc06d"},"description":"Ne panairin e 38. Nd\u00ebrkomb\u00ebtar t\u00eb turizmit ne Beograd qe mbahet prej 18 deri 21.02.2016, Organizata Turistike e Ulqinit \u00ebsht\u00eb duke marr\u00eb pjese ne","breadcrumb":{"@id":"https:\/\/www.visit-ulcinj.com\/blog\/2016\/02\/20\/ot-ulqin-ne-panairin-38-nderkombetar-te-turizmit-ne-beograd-18-21-02-2016\/#breadcrumb"},"inLanguage":"en-US","potentialAction":[{"@type":"ReadAction","target":["https:\/\/www.visit-ulcinj.com\/blog\/2016\/02\/20\/ot-ulqin-ne-panairin-38-nderkombetar-te-turizmit-ne-beograd-18-21-02-2016\/"]}]},{"@type":"BreadcrumbList","@id":"https:\/\/www.visit-ulcinj.com\/blog\/2016\/02\/20\/ot-ulqin-ne-panairin-38-nderkombetar-te-turizmit-ne-beograd-18-21-02-2016\/#breadcrumb","itemListElement":[{"@type":"ListItem","position":1,"name":"OT Ulqin n\u00eb Panairin 38. Nd\u00ebrkomb\u00ebtar t\u00eb turizmit ne Beograd 18 -21.02.2016,"}]},{"@type":"Person","@id":"https:\/\/www.visit-ulcinj.com\/blog\/#\/schema\/person\/dcab619c614d3038751c63bc2aadc06d","name":"ulqini","sameAs":["http:\/\/www.visit-ulcinj.com"],"url":"https:\/\/www.visit-ulcinj.com\/blog\/author\/admin\/"}]}},"jetpack_featured_media_url":"","jetpack_sharing_enabled":true,"jetpack_shortlink":"https:\/\/wp.me\/pe6lTn-oE2","_links":{"self":[{"href":"https:\/\/www.visit-ulcinj.com\/blog\/wp-json\/wp\/v2\/posts\/94738"}],"collection":[{"href":"https:\/\/www.visit-ulcinj.com\/blog\/wp-json\/wp\/v2\/posts"}],"about":[{"href":"https:\/\/www.visit-ulcinj.com\/blog\/wp-json\/wp\/v2\/types\/post"}],"author":[{"embeddable":true,"href":"https:\/\/www.visit-ulcinj.com\/blog\/wp-json\/wp\/v2\/users\/1"}],"replies":[{"embeddable":true,"href":"https:\/\/www.visit-ulcinj.com\/blog\/wp-json\/wp\/v2\/comments?post=94738"}],"version-history":[{"count":1,"href":"https:\/\/www.visit-ulcinj.com\/blog\/wp-json\/wp\/v2\/posts\/94738\/revisions"}],"predecessor-version":[{"id":94739,"href":"https:\/\/www.visit-ulcinj.com\/blog\/wp-json\/wp\/v2\/posts\/94738\/revisions\/94739"}],"wp:attachment":[{"href":"https:\/\/www.visit-ulcinj.com\/blog\/wp-json\/wp\/v2\/media?parent=94738"}],"wp:term":[{"taxonomy":"category","embeddable":true,"href":"https:\/\/www.visit-ulcinj.com\/blog\/wp-json\/wp\/v2\/categories?post=94738"},{"taxonomy":"post_tag","embeddable":true,"href":"https:\/\/www.visit-ulcinj.com\/blog\/wp-json\/wp\/v2\/tags?post=94738"}],"curies":[{"name":"wp","href":"https:\/\/api.w.org\/{rel}","templated":true}]}}